{"id":97914,"date":"2019-10-19T23:03:35","date_gmt":"2019-10-19T21:03:35","guid":{"rendered":"https:\/\/fr.motocrossmag.be\/?p=97914"},"modified":"2019-10-19T23:03:35","modified_gmt":"2019-10-19T21:03:35","slug":"berck-sur-mer-watson-potisek-et-renaux-remportent-les-premieres-manches","status":"publish","type":"post","link":"https:\/\/fr.motocrossmag.be\/index.php\/2019\/10\/berck-sur-mer-watson-potisek-et-renaux-remportent-les-premieres-manches\/","title":{"rendered":"Berck-sur-Mer : Watson, Potisek et Renaux remportent les premi\u00e8res manches"},"content":{"rendered":"<p><strong>Le championnat de France des Sables s&rsquo;est ouvert ce samedi \u00e0 Berck-sur-Mer dans le cadre de la 16\u00e8me \u00e9dition du Beach-Cross. Un format \u00e0 part sur le championnat puisque l&rsquo;\u00e9preuve est disput\u00e9e selon un sch\u00e9ma motocross classique avec ceci de particulier pour la cat\u00e9gorie \u00ab\u00a0motos\u00a0\u00bb que les pilotes sont vers\u00e9s dans 3 groupes distincts, le classement des deux manches disput\u00e9es dans chacun de ces groupes donnant acc\u00e8s demain en fin de journ\u00e9e \u00e0 la finale \u00ab\u00a0OR\u00a0\u00bb reprenant donc les meilleurs pilotes du week-end et offrant les points pour le championnat.<\/strong><\/p>\n<p>Ce samedi, Quads, Juniors, Espoirs et Motos ont entam\u00e9 les d\u00e9bats. Dans la cat\u00e9gorie reine, les favoris sont au rendez-vous. Nathan Watson s&rsquo;est impos\u00e9 dans le groupe A, Milko Potisek dans le groupe B et Maxime Renaux dans le groupe C.<\/p>\n<p>C\u00f4t\u00e9 belge, J\u00e9r\u00e9my Van Horebeek prend une belle deuxi\u00e8me devant Axel Van De Sande dans le groupe B, tandis que Ramon, Dewulf et Smets font un tir group\u00e9 dans la s\u00e9rie A. Daymond Martens place quant \u00e0 lui sa KTM du team Motoland \u00e0 la 4\u00e8me place dans le groupe C.<\/p>\n<p>Chez les Juniors, on notera les belles 5\u00e8me et 6\u00e8me places de Junior Bal et Alexandre Bours dans chacune des deux manches de cette cat\u00e9gorie pour laquelle trois manches figurent au programme du week-end \u00e0 Berck.<\/p>\n<p>Photo : Dylan Botte<\/p>\n<p>&nbsp;<\/p>\n<p><span style=\"color: #800000;\"><strong>R<\/strong><\/span><span style=\"color: #800000;\"><strong>\u00e9sultats<\/strong><\/span><\/p>\n<p><strong>MOTOS<\/strong><\/p>\n<p>MANCHE 1 &#8211; GROUPE A<\/p>\n<p>1 WATSON Nathan\u00a0 KTM; 2 CHAPELIERE KTM +41.400; 3 KELLETT Todd Yam +44.900; <strong>4 RAMON Steve Yam +1:21.490; 5 DEWULF Jeffrey KTM +1:25.000; 6 SMETS Greg KTM +1:49.210<\/strong>; 7 WATEL Stephane Hon +1:57.280; 8 FLORIN Timothee Kaw +3:23.590; 9 DUMONTIER Romain Hva +3:35.690; 10 HOLYOAKE Robert Yam +3:37.990;&#8230;<\/p>\n<p>MANCHE 1 &#8211; GROUPE B<\/p>\n<p>1 POTISEK Milko Yam; <strong>2 VAN HOREBEEK Jeremy Hon+2.970<\/strong>; <strong>3 VAN DE SANDE Axel Yam +1:27.490<\/strong>; 4 FURA Richard Moto Yam +1:31.230; 5 HAUQUIER Jeremy KTM +2:28.920; 6 BONNEAU Jeremy KTM +2:41.970; 7 SOT Maxime Yam +3:12.220; 8 HOUZET Dan KTM +3:32.500; 9 MOLLON Eddy Hva +3:36.450; <strong>10 PUFFET Matteo KTM +1 Tr.<\/strong>;<\/p>\n<p>MANCHE 1 &#8211; GROUPE C<\/p>\n<p>1 RENAUX Maxime Yam; 2 COLLIGNON Alexis Hva +34.360; 3 PREVOT Damien Kaw +45.050; <strong>4 MARTENS Daymond KTM +46.640; <\/strong>5 MEPLON Marshall Yam +51.570; 6 BOURDON Anthony Hon +1:10.040; 7 DIVALL Jordan Hon +2:20.400; 8 MIOT Matheo KTM +2:28.120; 9 BECKER Florent Hva +2:43.780; 10 LAMOUR Adrien Yam +1 Tr.;&#8230;<\/p>\n<p>QUADS<\/p>\n<p>MANCHE 1<\/p>\n<p>1 COUPRIE Romain; 2 VANGRINSVEN Mike; 3 WARNIA Jeremie; 4 SEAL Sheldon; 5 BRUNEEL Davino; 6 BEROUDIAUX Benoit; 7 BERNEDE Jean Marie; 8 PINCHON Louis; 9 FORESTIER Jeremy; 10 VANDENDIJCK Olivier;&#8230;<\/p>\n<p>JUNIORS<\/p>\n<p>MANCHE 1<\/p>\n<p>1 MIOT Florian; 2 KRAJEWSKI Bogdan; 3 NIEUWENHUIZEN Davey; 4 LEVRAULT Enzo; <strong>5 BAL Junior; 6 BOURS Alexandre;<\/strong> <strong>7 LABIE Cyril; <\/strong>8 KRISMANN Tejy; 9 BOULONNE Jules; 10 BAJEUX Tanel;&#8230;<\/p>\n<p>MANCHE 2<\/p>\n<p>1 MIOT Florian; 2 KRAJEWSKI Bogdan; 3 MADOULAUD Valentin; 4 LEVRAULT Enzo; <strong>5 BAL Junior<\/strong>; <strong>6 BOURS Alexandre<\/strong>; 7 NIEUWENHUIZEN Davey; 8 KRISMANN Tejy; <strong>9 LABIE Cyril<\/strong>; 10 REB Lorris;&#8230;<\/p>\n<p>ESPOIRS<\/p>\n<p>MANCHE 1<\/p>\n<p>1 PREVOST Kylian; 2 CALLENS Tias; 3 VALIN Mathis; 4 ROSSI Marc Antoine; 5 VILTARD Alexandre; 6 PETIT Adrien; 7 HOUQUE Noa; 8 DELAPORTE Jules; 9 VASSEUR Stephane; 10 DE CLERCQ Chad;&#8230;<\/p>\n<div id=\"ConnectiveDocSignExtentionInstalled\" data-extension-version=\"1.0.4\"><\/div>\n","protected":false},"excerpt":{"rendered":"<p>Le championnat de France des Sables s&rsquo;est ouvert ce samedi \u00e0 Berck-sur-Mer dans le cadre de la 16\u00e8me \u00e9dition du Beach-Cross. Un format \u00e0 part sur le championnat puisque l&rsquo;\u00e9preuve [&#8230;]<\/p>\n","protected":false},"author":932,"featured_media":97915,"comment_status":"open","ping_status":"closed","sticky":false,"template":"","format":"standard","meta":{"footnotes":""},"categories":[54,1075,32,44,33,45,55,56,65],"tags":[300,951,490,1178],"class_list":["post-97914","post","type-post","status-publish","format-standard","has-post-thumbnail","hentry","category-actualite","category-courses-de-sable","category-enduro","category-kids","category-news-enduro","category-news-kids","category-news-actualite","category-resultats","category-slideshow","tag-course-sur-sable","tag-enduro","tag-france","tag-sable"],"yoast_head":"<!-- This site is optimized with the Yoast SEO plugin v27.4 - https:\/\/yoast.com\/product\/yoast-seo-wordpress\/ -->\n<title>Berck-sur-Mer : Watson, Potisek et Renaux remportent les premi\u00e8res manches - Motocross - Enduro - Supermoto | MotocrossMag<\/title>\n<meta name=\"robots\" content=\"index, follow, max-snippet:-1, max-image-preview:large, max-video-preview:-1\" \/>\n<link rel=\"canonical\" href=\"https:\/\/fr.motocrossmag.be\/index.php\/2019\/10\/berck-sur-mer-watson-potisek-et-renaux-remportent-les-premieres-manches\/\" \/>\n<meta property=\"og:locale\" content=\"fr_FR\" \/>\n<meta property=\"og:type\" content=\"article\" \/>\n<meta property=\"og:title\" content=\"Berck-sur-Mer : Watson, Potisek et Renaux remportent les premi\u00e8res manches - Motocross - Enduro - Supermoto | MotocrossMag\" \/>\n<meta property=\"og:description\" content=\"Le championnat de France des Sables s&rsquo;est ouvert ce samedi \u00e0 Berck-sur-Mer dans le cadre de la 16\u00e8me \u00e9dition du Beach-Cross. Un format \u00e0 part sur le championnat puisque l&rsquo;\u00e9preuve [...]\" \/>\n<meta property=\"og:url\" content=\"https:\/\/fr.motocrossmag.be\/index.php\/2019\/10\/berck-sur-mer-watson-potisek-et-renaux-remportent-les-premieres-manches\/\" \/>\n<meta property=\"og:site_name\" content=\"Motocross - Enduro - Supermoto | MotocrossMag\" \/>\n<meta property=\"article:published_time\" content=\"2019-10-19T21:03:35+00:00\" \/>\n<meta property=\"og:image\" content=\"https:\/\/fr.motocrossmag.be\/wp-content\/uploads\/2019\/10\/CFS-berck-LRM_EXPORT_293388637475951_20191019_192641430.jpg\" \/>\n\t<meta property=\"og:image:width\" content=\"1000\" \/>\n\t<meta property=\"og:image:height\" content=\"666\" \/>\n\t<meta property=\"og:image:type\" content=\"image\/jpeg\" \/>\n<meta name=\"author\" content=\"oliviere\" \/>\n<meta name=\"twitter:card\" content=\"summary_large_image\" \/>\n<meta name=\"twitter:label1\" content=\"\u00c9crit par\" \/>\n\t<meta name=\"twitter:data1\" content=\"oliviere\" \/>\n\t<meta name=\"twitter:label2\" content=\"Dur\u00e9e de lecture estim\u00e9e\" \/>\n\t<meta name=\"twitter:data2\" content=\"2 minutes\" \/>\n<script type=\"application\/ld+json\" class=\"yoast-schema-graph\">{\"@context\":\"https:\\\/\\\/schema.org\",\"@graph\":[{\"@type\":\"Article\",\"@id\":\"https:\\\/\\\/fr.motocrossmag.be\\\/index.php\\\/2019\\\/10\\\/berck-sur-mer-watson-potisek-et-renaux-remportent-les-premieres-manches\\\/#article\",\"isPartOf\":{\"@id\":\"https:\\\/\\\/fr.motocrossmag.be\\\/index.php\\\/2019\\\/10\\\/berck-sur-mer-watson-potisek-et-renaux-remportent-les-premieres-manches\\\/\"},\"author\":{\"name\":\"oliviere\",\"@id\":\"https:\\\/\\\/fr.motocrossmag.be\\\/#\\\/schema\\\/person\\\/11b47143d9f755babca2c9110e03235c\"},\"headline\":\"Berck-sur-Mer : Watson, Potisek et Renaux remportent les premi\u00e8res manches\",\"datePublished\":\"2019-10-19T21:03:35+00:00\",\"mainEntityOfPage\":{\"@id\":\"https:\\\/\\\/fr.motocrossmag.be\\\/index.php\\\/2019\\\/10\\\/berck-sur-mer-watson-potisek-et-renaux-remportent-les-premieres-manches\\\/\"},\"wordCount\":443,\"commentCount\":0,\"image\":{\"@id\":\"https:\\\/\\\/fr.motocrossmag.be\\\/index.php\\\/2019\\\/10\\\/berck-sur-mer-watson-potisek-et-renaux-remportent-les-premieres-manches\\\/#primaryimage\"},\"thumbnailUrl\":\"https:\\\/\\\/fr.motocrossmag.be\\\/wp-content\\\/uploads\\\/2019\\\/10\\\/CFS-berck-LRM_EXPORT_293388637475951_20191019_192641430.jpg\",\"keywords\":[\"CFS\",\"Enduro\",\"france\",\"sable\"],\"articleSection\":[\"Actualit\u00e9\",\"Courses de sable\",\"Enduro\",\"Kids\",\"News\",\"News\",\"News\",\"R\u00e9sultats\",\"Slideshow\"],\"inLanguage\":\"fr-FR\",\"potentialAction\":[{\"@type\":\"CommentAction\",\"name\":\"Comment\",\"target\":[\"https:\\\/\\\/fr.motocrossmag.be\\\/index.php\\\/2019\\\/10\\\/berck-sur-mer-watson-potisek-et-renaux-remportent-les-premieres-manches\\\/#respond\"]}]},{\"@type\":\"WebPage\",\"@id\":\"https:\\\/\\\/fr.motocrossmag.be\\\/index.php\\\/2019\\\/10\\\/berck-sur-mer-watson-potisek-et-renaux-remportent-les-premieres-manches\\\/\",\"url\":\"https:\\\/\\\/fr.motocrossmag.be\\\/index.php\\\/2019\\\/10\\\/berck-sur-mer-watson-potisek-et-renaux-remportent-les-premieres-manches\\\/\",\"name\":\"Berck-sur-Mer : Watson, Potisek et Renaux remportent les premi\u00e8res manches - Motocross - Enduro - Supermoto | MotocrossMag\",\"isPartOf\":{\"@id\":\"https:\\\/\\\/fr.motocrossmag.be\\\/#website\"},\"primaryImageOfPage\":{\"@id\":\"https:\\\/\\\/fr.motocrossmag.be\\\/index.php\\\/2019\\\/10\\\/berck-sur-mer-watson-potisek-et-renaux-remportent-les-premieres-manches\\\/#primaryimage\"},\"image\":{\"@id\":\"https:\\\/\\\/fr.motocrossmag.be\\\/index.php\\\/2019\\\/10\\\/berck-sur-mer-watson-potisek-et-renaux-remportent-les-premieres-manches\\\/#primaryimage\"},\"thumbnailUrl\":\"https:\\\/\\\/fr.motocrossmag.be\\\/wp-content\\\/uploads\\\/2019\\\/10\\\/CFS-berck-LRM_EXPORT_293388637475951_20191019_192641430.jpg\",\"datePublished\":\"2019-10-19T21:03:35+00:00\",\"author\":{\"@id\":\"https:\\\/\\\/fr.motocrossmag.be\\\/#\\\/schema\\\/person\\\/11b47143d9f755babca2c9110e03235c\"},\"breadcrumb\":{\"@id\":\"https:\\\/\\\/fr.motocrossmag.be\\\/index.php\\\/2019\\\/10\\\/berck-sur-mer-watson-potisek-et-renaux-remportent-les-premieres-manches\\\/#breadcrumb\"},\"inLanguage\":\"fr-FR\",\"potentialAction\":[{\"@type\":\"ReadAction\",\"target\":[\"https:\\\/\\\/fr.motocrossmag.be\\\/index.php\\\/2019\\\/10\\\/berck-sur-mer-watson-potisek-et-renaux-remportent-les-premieres-manches\\\/\"]}]},{\"@type\":\"ImageObject\",\"inLanguage\":\"fr-FR\",\"@id\":\"https:\\\/\\\/fr.motocrossmag.be\\\/index.php\\\/2019\\\/10\\\/berck-sur-mer-watson-potisek-et-renaux-remportent-les-premieres-manches\\\/#primaryimage\",\"url\":\"https:\\\/\\\/fr.motocrossmag.be\\\/wp-content\\\/uploads\\\/2019\\\/10\\\/CFS-berck-LRM_EXPORT_293388637475951_20191019_192641430.jpg\",\"contentUrl\":\"https:\\\/\\\/fr.motocrossmag.be\\\/wp-content\\\/uploads\\\/2019\\\/10\\\/CFS-berck-LRM_EXPORT_293388637475951_20191019_192641430.jpg\",\"width\":1000,\"height\":666},{\"@type\":\"BreadcrumbList\",\"@id\":\"https:\\\/\\\/fr.motocrossmag.be\\\/index.php\\\/2019\\\/10\\\/berck-sur-mer-watson-potisek-et-renaux-remportent-les-premieres-manches\\\/#breadcrumb\",\"itemListElement\":[{\"@type\":\"ListItem\",\"position\":1,\"name\":\"Accueil\",\"item\":\"https:\\\/\\\/fr.motocrossmag.be\\\/\"},{\"@type\":\"ListItem\",\"position\":2,\"name\":\"Berck-sur-Mer : Watson, Potisek et Renaux remportent les premi\u00e8res manches\"}]},{\"@type\":\"WebSite\",\"@id\":\"https:\\\/\\\/fr.motocrossmag.be\\\/#website\",\"url\":\"https:\\\/\\\/fr.motocrossmag.be\\\/\",\"name\":\"Motocross - Enduro - Supermoto | MotocrossMag\",\"description\":\"L&#039;actualit\u00e9 du motocross, de l&#039;enduro et du Supermoto en ligne!\",\"potentialAction\":[{\"@type\":\"SearchAction\",\"target\":{\"@type\":\"EntryPoint\",\"urlTemplate\":\"https:\\\/\\\/fr.motocrossmag.be\\\/?s={search_term_string}\"},\"query-input\":{\"@type\":\"PropertyValueSpecification\",\"valueRequired\":true,\"valueName\":\"search_term_string\"}}],\"inLanguage\":\"fr-FR\"},{\"@type\":\"Person\",\"@id\":\"https:\\\/\\\/fr.motocrossmag.be\\\/#\\\/schema\\\/person\\\/11b47143d9f755babca2c9110e03235c\",\"name\":\"oliviere\",\"image\":{\"@type\":\"ImageObject\",\"inLanguage\":\"fr-FR\",\"@id\":\"https:\\\/\\\/secure.gravatar.com\\\/avatar\\\/907069e0b81d119452040469e4a7501da1100f54f7f80180ce77bfab718288f6?s=96&d=mm&r=g\",\"url\":\"https:\\\/\\\/secure.gravatar.com\\\/avatar\\\/907069e0b81d119452040469e4a7501da1100f54f7f80180ce77bfab718288f6?s=96&d=mm&r=g\",\"contentUrl\":\"https:\\\/\\\/secure.gravatar.com\\\/avatar\\\/907069e0b81d119452040469e4a7501da1100f54f7f80180ce77bfab718288f6?s=96&d=mm&r=g\",\"caption\":\"oliviere\"},\"sameAs\":[\"http:\\\/\\\/www.motocrossmag.be\"],\"url\":\"https:\\\/\\\/fr.motocrossmag.be\\\/index.php\\\/author\\\/oliviere\\\/\"}]}<\/script>\n<!-- \/ Yoast SEO plugin. -->","yoast_head_json":{"title":"Berck-sur-Mer : Watson, Potisek et Renaux remportent les premi\u00e8res manches - Motocross - Enduro - Supermoto | MotocrossMag","robots":{"index":"index","follow":"follow","max-snippet":"max-snippet:-1","max-image-preview":"max-image-preview:large","max-video-preview":"max-video-preview:-1"},"canonical":"https:\/\/fr.motocrossmag.be\/index.php\/2019\/10\/berck-sur-mer-watson-potisek-et-renaux-remportent-les-premieres-manches\/","og_locale":"fr_FR","og_type":"article","og_title":"Berck-sur-Mer : Watson, Potisek et Renaux remportent les premi\u00e8res manches - Motocross - Enduro - Supermoto | MotocrossMag","og_description":"Le championnat de France des Sables s&rsquo;est ouvert ce samedi \u00e0 Berck-sur-Mer dans le cadre de la 16\u00e8me \u00e9dition du Beach-Cross. Un format \u00e0 part sur le championnat puisque l&rsquo;\u00e9preuve [...]","og_url":"https:\/\/fr.motocrossmag.be\/index.php\/2019\/10\/berck-sur-mer-watson-potisek-et-renaux-remportent-les-premieres-manches\/","og_site_name":"Motocross - Enduro - Supermoto | MotocrossMag","article_published_time":"2019-10-19T21:03:35+00:00","og_image":[{"width":1000,"height":666,"url":"https:\/\/fr.motocrossmag.be\/wp-content\/uploads\/2019\/10\/CFS-berck-LRM_EXPORT_293388637475951_20191019_192641430.jpg","type":"image\/jpeg"}],"author":"oliviere","twitter_card":"summary_large_image","twitter_misc":{"\u00c9crit par":"oliviere","Dur\u00e9e de lecture estim\u00e9e":"2 minutes"},"schema":{"@context":"https:\/\/schema.org","@graph":[{"@type":"Article","@id":"https:\/\/fr.motocrossmag.be\/index.php\/2019\/10\/berck-sur-mer-watson-potisek-et-renaux-remportent-les-premieres-manches\/#article","isPartOf":{"@id":"https:\/\/fr.motocrossmag.be\/index.php\/2019\/10\/berck-sur-mer-watson-potisek-et-renaux-remportent-les-premieres-manches\/"},"author":{"name":"oliviere","@id":"https:\/\/fr.motocrossmag.be\/#\/schema\/person\/11b47143d9f755babca2c9110e03235c"},"headline":"Berck-sur-Mer : Watson, Potisek et Renaux remportent les premi\u00e8res manches","datePublished":"2019-10-19T21:03:35+00:00","mainEntityOfPage":{"@id":"https:\/\/fr.motocrossmag.be\/index.php\/2019\/10\/berck-sur-mer-watson-potisek-et-renaux-remportent-les-premieres-manches\/"},"wordCount":443,"commentCount":0,"image":{"@id":"https:\/\/fr.motocrossmag.be\/index.php\/2019\/10\/berck-sur-mer-watson-potisek-et-renaux-remportent-les-premieres-manches\/#primaryimage"},"thumbnailUrl":"https:\/\/fr.motocrossmag.be\/wp-content\/uploads\/2019\/10\/CFS-berck-LRM_EXPORT_293388637475951_20191019_192641430.jpg","keywords":["CFS","Enduro","france","sable"],"articleSection":["Actualit\u00e9","Courses de sable","Enduro","Kids","News","News","News","R\u00e9sultats","Slideshow"],"inLanguage":"fr-FR","potentialAction":[{"@type":"CommentAction","name":"Comment","target":["https:\/\/fr.motocrossmag.be\/index.php\/2019\/10\/berck-sur-mer-watson-potisek-et-renaux-remportent-les-premieres-manches\/#respond"]}]},{"@type":"WebPage","@id":"https:\/\/fr.motocrossmag.be\/index.php\/2019\/10\/berck-sur-mer-watson-potisek-et-renaux-remportent-les-premieres-manches\/","url":"https:\/\/fr.motocrossmag.be\/index.php\/2019\/10\/berck-sur-mer-watson-potisek-et-renaux-remportent-les-premieres-manches\/","name":"Berck-sur-Mer : Watson, Potisek et Renaux remportent les premi\u00e8res manches - Motocross - Enduro - Supermoto | MotocrossMag","isPartOf":{"@id":"https:\/\/fr.motocrossmag.be\/#website"},"primaryImageOfPage":{"@id":"https:\/\/fr.motocrossmag.be\/index.php\/2019\/10\/berck-sur-mer-watson-potisek-et-renaux-remportent-les-premieres-manches\/#primaryimage"},"image":{"@id":"https:\/\/fr.motocrossmag.be\/index.php\/2019\/10\/berck-sur-mer-watson-potisek-et-renaux-remportent-les-premieres-manches\/#primaryimage"},"thumbnailUrl":"https:\/\/fr.motocrossmag.be\/wp-content\/uploads\/2019\/10\/CFS-berck-LRM_EXPORT_293388637475951_20191019_192641430.jpg","datePublished":"2019-10-19T21:03:35+00:00","author":{"@id":"https:\/\/fr.motocrossmag.be\/#\/schema\/person\/11b47143d9f755babca2c9110e03235c"},"breadcrumb":{"@id":"https:\/\/fr.motocrossmag.be\/index.php\/2019\/10\/berck-sur-mer-watson-potisek-et-renaux-remportent-les-premieres-manches\/#breadcrumb"},"inLanguage":"fr-FR","potentialAction":[{"@type":"ReadAction","target":["https:\/\/fr.motocrossmag.be\/index.php\/2019\/10\/berck-sur-mer-watson-potisek-et-renaux-remportent-les-premieres-manches\/"]}]},{"@type":"ImageObject","inLanguage":"fr-FR","@id":"https:\/\/fr.motocrossmag.be\/index.php\/2019\/10\/berck-sur-mer-watson-potisek-et-renaux-remportent-les-premieres-manches\/#primaryimage","url":"https:\/\/fr.motocrossmag.be\/wp-content\/uploads\/2019\/10\/CFS-berck-LRM_EXPORT_293388637475951_20191019_192641430.jpg","contentUrl":"https:\/\/fr.motocrossmag.be\/wp-content\/uploads\/2019\/10\/CFS-berck-LRM_EXPORT_293388637475951_20191019_192641430.jpg","width":1000,"height":666},{"@type":"BreadcrumbList","@id":"https:\/\/fr.motocrossmag.be\/index.php\/2019\/10\/berck-sur-mer-watson-potisek-et-renaux-remportent-les-premieres-manches\/#breadcrumb","itemListElement":[{"@type":"ListItem","position":1,"name":"Accueil","item":"https:\/\/fr.motocrossmag.be\/"},{"@type":"ListItem","position":2,"name":"Berck-sur-Mer : Watson, Potisek et Renaux remportent les premi\u00e8res manches"}]},{"@type":"WebSite","@id":"https:\/\/fr.motocrossmag.be\/#website","url":"https:\/\/fr.motocrossmag.be\/","name":"Motocross - Enduro - Supermoto | MotocrossMag","description":"L&#039;actualit\u00e9 du motocross, de l&#039;enduro et du Supermoto en ligne!","potentialAction":[{"@type":"SearchAction","target":{"@type":"EntryPoint","urlTemplate":"https:\/\/fr.motocrossmag.be\/?s={search_term_string}"},"query-input":{"@type":"PropertyValueSpecification","valueRequired":true,"valueName":"search_term_string"}}],"inLanguage":"fr-FR"},{"@type":"Person","@id":"https:\/\/fr.motocrossmag.be\/#\/schema\/person\/11b47143d9f755babca2c9110e03235c","name":"oliviere","image":{"@type":"ImageObject","inLanguage":"fr-FR","@id":"https:\/\/secure.gravatar.com\/avatar\/907069e0b81d119452040469e4a7501da1100f54f7f80180ce77bfab718288f6?s=96&d=mm&r=g","url":"https:\/\/secure.gravatar.com\/avatar\/907069e0b81d119452040469e4a7501da1100f54f7f80180ce77bfab718288f6?s=96&d=mm&r=g","contentUrl":"https:\/\/secure.gravatar.com\/avatar\/907069e0b81d119452040469e4a7501da1100f54f7f80180ce77bfab718288f6?s=96&d=mm&r=g","caption":"oliviere"},"sameAs":["http:\/\/www.motocrossmag.be"],"url":"https:\/\/fr.motocrossmag.be\/index.php\/author\/oliviere\/"}]}},"_links":{"self":[{"href":"https:\/\/fr.motocrossmag.be\/index.php\/wp-json\/wp\/v2\/posts\/97914","targetHints":{"allow":["GET"]}}],"collection":[{"href":"https:\/\/fr.motocrossmag.be\/index.php\/wp-json\/wp\/v2\/posts"}],"about":[{"href":"https:\/\/fr.motocrossmag.be\/index.php\/wp-json\/wp\/v2\/types\/post"}],"author":[{"embeddable":true,"href":"https:\/\/fr.motocrossmag.be\/index.php\/wp-json\/wp\/v2\/users\/932"}],"replies":[{"embeddable":true,"href":"https:\/\/fr.motocrossmag.be\/index.php\/wp-json\/wp\/v2\/comments?post=97914"}],"version-history":[{"count":0,"href":"https:\/\/fr.motocrossmag.be\/index.php\/wp-json\/wp\/v2\/posts\/97914\/revisions"}],"wp:featuredmedia":[{"embeddable":true,"href":"https:\/\/fr.motocrossmag.be\/index.php\/wp-json\/wp\/v2\/media\/97915"}],"wp:attachment":[{"href":"https:\/\/fr.motocrossmag.be\/index.php\/wp-json\/wp\/v2\/media?parent=97914"}],"wp:term":[{"taxonomy":"category","embeddable":true,"href":"https:\/\/fr.motocrossmag.be\/index.php\/wp-json\/wp\/v2\/categories?post=97914"},{"taxonomy":"post_tag","embeddable":true,"href":"https:\/\/fr.motocrossmag.be\/index.php\/wp-json\/wp\/v2\/tags?post=97914"}],"curies":[{"name":"wp","href":"https:\/\/api.w.org\/{rel}","templated":true}]}}