{"id":97916,"date":"2019-10-19T22:05:52","date_gmt":"2019-10-19T20:05:52","guid":{"rendered":"https:\/\/fr.motocrossmag.be\/?p=97916"},"modified":"2019-10-19T23:10:29","modified_gmt":"2019-10-19T21:10:29","slug":"photos-le-samedi-dans-le-sable-de-berck-sur-mer","status":"publish","type":"post","link":"https:\/\/fr.motocrossmag.be\/index.php\/2019\/10\/photos-le-samedi-dans-le-sable-de-berck-sur-mer\/","title":{"rendered":"Photos : le samedi dans le sable de Berck-sur-Mer"},"content":{"rendered":"<p><strong>Le championnat de France des Sables est d\u00e9sormais lanc\u00e9 ! Retour en images sur la journ\u00e9e du samedi au Beach Cross de Berck-sur-Mer, \u00e9preuve d&rsquo;ouverture de la saison 2020.<\/strong><\/p>\n<p>Photos : Dylan Botte<\/p>\n<p>&nbsp;<\/p>\n<div class=\"rgg-container\" data-rgg-id=\"1\">    <div class=\"rgg-imagegrid captions-title captions-effect-none \" data-rgg-id=\"1\">\n                    <a data-rel=\"iLightbox[postimages]\" data-title=\"CFS-berck-LRM_EXPORT_292329914097785_20191019_190902706\" data-caption=\"\" href=\"https:\/\/fr.motocrossmag.be\/wp-content\/uploads\/2019\/10\/CFS-berck-LRM_EXPORT_292329914097785_20191019_190902706.jpg\" data-rel=\"rgg\" rel=\"rgg\" title=\"\" class=\"rgg-disabled size-medium rgg-img\" data-src=\"https:\/\/fr.motocrossmag.be\/wp-content\/uploads\/2019\/10\/CFS-berck-LRM_EXPORT_292329914097785_20191019_190902706-650x433.jpg\" data-ratio=\"1.5011547344111\" data-height=\"433\" data-width=\"650\" aria-label=\"\">\n                            <\/a>\n                    <a data-rel=\"iLightbox[postimages]\" data-title=\"CFS-berck-LRM_EXPORT_292363003014492_20191019_190935795\" data-caption=\"\" href=\"https:\/\/fr.motocrossmag.be\/wp-content\/uploads\/2019\/10\/CFS-berck-LRM_EXPORT_292363003014492_20191019_190935795.jpg\" data-rel=\"rgg\" rel=\"rgg\" title=\"\" class=\"rgg-disabled size-medium rgg-img\" data-src=\"https:\/\/fr.motocrossmag.be\/wp-content\/uploads\/2019\/10\/CFS-berck-LRM_EXPORT_292363003014492_20191019_190935795-650x433.jpg\" data-ratio=\"1.5011547344111\" data-height=\"433\" data-width=\"650\" aria-label=\"\">\n                            <\/a>\n                    <a data-rel=\"iLightbox[postimages]\" data-title=\"CFS-berck-LRM_EXPORT_292405669877347_20191019_191018462\" data-caption=\"\" href=\"https:\/\/fr.motocrossmag.be\/wp-content\/uploads\/2019\/10\/CFS-berck-LRM_EXPORT_292405669877347_20191019_191018462.jpg\" data-rel=\"rgg\" rel=\"rgg\" title=\"\" class=\"rgg-disabled size-medium rgg-img\" data-src=\"https:\/\/fr.motocrossmag.be\/wp-content\/uploads\/2019\/10\/CFS-berck-LRM_EXPORT_292405669877347_20191019_191018462-650x433.jpg\" data-ratio=\"1.5011547344111\" data-height=\"433\" data-width=\"650\" aria-label=\"\">\n                            <\/a>\n                    <a data-rel=\"iLightbox[postimages]\" data-title=\"CFS-berck-LRM_EXPORT_292484377880444_20191019_191137170\" data-caption=\"\" href=\"https:\/\/fr.motocrossmag.be\/wp-content\/uploads\/2019\/10\/CFS-berck-LRM_EXPORT_292484377880444_20191019_191137170.jpg\" data-rel=\"rgg\" rel=\"rgg\" title=\"\" class=\"rgg-disabled size-medium rgg-img\" data-src=\"https:\/\/fr.motocrossmag.be\/wp-content\/uploads\/2019\/10\/CFS-berck-LRM_EXPORT_292484377880444_20191019_191137170-650x379.jpg\" data-ratio=\"1.7150395778364\" data-height=\"379\" data-width=\"650\" aria-label=\"\">\n                            <\/a>\n                    <a data-rel=\"iLightbox[postimages]\" data-title=\"CFS-berck-LRM_EXPORT_292521808878263_20191019_191214601\" data-caption=\"\" href=\"https:\/\/fr.motocrossmag.be\/wp-content\/uploads\/2019\/10\/CFS-berck-LRM_EXPORT_292521808878263_20191019_191214601.jpg\" data-rel=\"rgg\" rel=\"rgg\" title=\"\" class=\"rgg-disabled size-medium rgg-img\" data-src=\"https:\/\/fr.motocrossmag.be\/wp-content\/uploads\/2019\/10\/CFS-berck-LRM_EXPORT_292521808878263_20191019_191214601-650x433.jpg\" data-ratio=\"1.5011547344111\" data-height=\"433\" data-width=\"650\" aria-label=\"\">\n                            <\/a>\n                    <a data-rel=\"iLightbox[postimages]\" data-title=\"CFS-berck-LRM_EXPORT_292598098807978_20191019_191330891\" data-caption=\"\" href=\"https:\/\/fr.motocrossmag.be\/wp-content\/uploads\/2019\/10\/CFS-berck-LRM_EXPORT_292598098807978_20191019_191330891.jpg\" data-rel=\"rgg\" rel=\"rgg\" title=\"\" class=\"rgg-disabled size-medium rgg-img\" data-src=\"https:\/\/fr.motocrossmag.be\/wp-content\/uploads\/2019\/10\/CFS-berck-LRM_EXPORT_292598098807978_20191019_191330891-650x433.jpg\" data-ratio=\"1.5011547344111\" data-height=\"433\" data-width=\"650\" aria-label=\"\">\n                            <\/a>\n                    <a data-rel=\"iLightbox[postimages]\" data-title=\"CFS-berck-LRM_EXPORT_292636810923720_20191019_191409603\" data-caption=\"\" href=\"https:\/\/fr.motocrossmag.be\/wp-content\/uploads\/2019\/10\/CFS-berck-LRM_EXPORT_292636810923720_20191019_191409603.jpg\" data-rel=\"rgg\" rel=\"rgg\" title=\"\" class=\"rgg-disabled size-medium rgg-img\" data-src=\"https:\/\/fr.motocrossmag.be\/wp-content\/uploads\/2019\/10\/CFS-berck-LRM_EXPORT_292636810923720_20191019_191409603-650x374.jpg\" data-ratio=\"1.7379679144385\" data-height=\"374\" data-width=\"650\" aria-label=\"\">\n                            <\/a>\n                    <a data-rel=\"iLightbox[postimages]\" data-title=\"CFS-berck-LRM_EXPORT_292677386843575_20191019_191450179\" data-caption=\"\" href=\"https:\/\/fr.motocrossmag.be\/wp-content\/uploads\/2019\/10\/CFS-berck-LRM_EXPORT_292677386843575_20191019_191450179.jpg\" data-rel=\"rgg\" rel=\"rgg\" title=\"\" class=\"rgg-disabled size-medium rgg-img\" data-src=\"https:\/\/fr.motocrossmag.be\/wp-content\/uploads\/2019\/10\/CFS-berck-LRM_EXPORT_292677386843575_20191019_191450179-650x433.jpg\" data-ratio=\"1.5011547344111\" data-height=\"433\" data-width=\"650\" aria-label=\"\">\n                            <\/a>\n                    <a data-rel=\"iLightbox[postimages]\" data-title=\"CFS-berck-LRM_EXPORT_292702379125942_20191019_191515172\" data-caption=\"\" href=\"https:\/\/fr.motocrossmag.be\/wp-content\/uploads\/2019\/10\/CFS-berck-LRM_EXPORT_292702379125942_20191019_191515172.jpg\" data-rel=\"rgg\" rel=\"rgg\" title=\"\" class=\"rgg-disabled size-medium rgg-img\" data-src=\"https:\/\/fr.motocrossmag.be\/wp-content\/uploads\/2019\/10\/CFS-berck-LRM_EXPORT_292702379125942_20191019_191515172-650x433.jpg\" data-ratio=\"1.5011547344111\" data-height=\"433\" data-width=\"650\" aria-label=\"\">\n                            <\/a>\n                    <a data-rel=\"iLightbox[postimages]\" data-title=\"CFS-berck-LRM_EXPORT_292758169882364_20191019_191610962\" data-caption=\"\" href=\"https:\/\/fr.motocrossmag.be\/wp-content\/uploads\/2019\/10\/CFS-berck-LRM_EXPORT_292758169882364_20191019_191610962.jpg\" data-rel=\"rgg\" rel=\"rgg\" title=\"\" class=\"rgg-disabled size-medium rgg-img\" data-src=\"https:\/\/fr.motocrossmag.be\/wp-content\/uploads\/2019\/10\/CFS-berck-LRM_EXPORT_292758169882364_20191019_191610962-650x433.jpg\" data-ratio=\"1.5011547344111\" data-height=\"433\" data-width=\"650\" aria-label=\"\">\n                            <\/a>\n                    <a data-rel=\"iLightbox[postimages]\" data-title=\"CFS-berck-LRM_EXPORT_292812866572478_20191019_191705659\" data-caption=\"\" href=\"https:\/\/fr.motocrossmag.be\/wp-content\/uploads\/2019\/10\/CFS-berck-LRM_EXPORT_292812866572478_20191019_191705659.jpg\" data-rel=\"rgg\" rel=\"rgg\" title=\"\" class=\"rgg-disabled size-medium rgg-img\" data-src=\"https:\/\/fr.motocrossmag.be\/wp-content\/uploads\/2019\/10\/CFS-berck-LRM_EXPORT_292812866572478_20191019_191705659-650x415.jpg\" data-ratio=\"1.566265060241\" data-height=\"415\" data-width=\"650\" aria-label=\"\">\n                            <\/a>\n                    <a data-rel=\"iLightbox[postimages]\" data-title=\"CFS-berck-LRM_EXPORT_292884823606735_20191019_191817616\" data-caption=\"\" href=\"https:\/\/fr.motocrossmag.be\/wp-content\/uploads\/2019\/10\/CFS-berck-LRM_EXPORT_292884823606735_20191019_191817616.jpg\" data-rel=\"rgg\" rel=\"rgg\" title=\"\" class=\"rgg-disabled size-medium rgg-img\" data-src=\"https:\/\/fr.motocrossmag.be\/wp-content\/uploads\/2019\/10\/CFS-berck-LRM_EXPORT_292884823606735_20191019_191817616-650x398.jpg\" data-ratio=\"1.6331658291457\" data-height=\"398\" data-width=\"650\" aria-label=\"\">\n                            <\/a>\n                    <a data-rel=\"iLightbox[postimages]\" data-title=\"CFS-berck-LRM_EXPORT_292954650613454_20191019_191927443\" data-caption=\"\" href=\"https:\/\/fr.motocrossmag.be\/wp-content\/uploads\/2019\/10\/CFS-berck-LRM_EXPORT_292954650613454_20191019_191927443.jpg\" data-rel=\"rgg\" rel=\"rgg\" title=\"\" class=\"rgg-disabled size-medium rgg-img\" data-src=\"https:\/\/fr.motocrossmag.be\/wp-content\/uploads\/2019\/10\/CFS-berck-LRM_EXPORT_292954650613454_20191019_191927443-650x433.jpg\" data-ratio=\"1.5011547344111\" data-height=\"433\" data-width=\"650\" aria-label=\"\">\n                            <\/a>\n                    <a data-rel=\"iLightbox[postimages]\" data-title=\"CFS-berck-LRM_EXPORT_292988003419199_20191019_192000796\" data-caption=\"\" href=\"https:\/\/fr.motocrossmag.be\/wp-content\/uploads\/2019\/10\/CFS-berck-LRM_EXPORT_292988003419199_20191019_192000796.jpg\" data-rel=\"rgg\" rel=\"rgg\" title=\"\" class=\"rgg-disabled size-medium rgg-img\" data-src=\"https:\/\/fr.motocrossmag.be\/wp-content\/uploads\/2019\/10\/CFS-berck-LRM_EXPORT_292988003419199_20191019_192000796-650x433.jpg\" data-ratio=\"1.5011547344111\" data-height=\"433\" data-width=\"650\" aria-label=\"\">\n                            <\/a>\n                    <a data-rel=\"iLightbox[postimages]\" data-title=\"CFS-berck-LRM_EXPORT_293045560259389_20191019_192058353\" data-caption=\"\" href=\"https:\/\/fr.motocrossmag.be\/wp-content\/uploads\/2019\/10\/CFS-berck-LRM_EXPORT_293045560259389_20191019_192058353.jpg\" data-rel=\"rgg\" rel=\"rgg\" title=\"\" class=\"rgg-disabled size-medium rgg-img\" data-src=\"https:\/\/fr.motocrossmag.be\/wp-content\/uploads\/2019\/10\/CFS-berck-LRM_EXPORT_293045560259389_20191019_192058353-650x433.jpg\" data-ratio=\"1.5011547344111\" data-height=\"433\" data-width=\"650\" aria-label=\"\">\n                            <\/a>\n                    <a data-rel=\"iLightbox[postimages]\" data-title=\"CFS-berck-LRM_EXPORT_293085172680668_20191019_192137965\" data-caption=\"\" href=\"https:\/\/fr.motocrossmag.be\/wp-content\/uploads\/2019\/10\/CFS-berck-LRM_EXPORT_293085172680668_20191019_192137965.jpg\" data-rel=\"rgg\" rel=\"rgg\" title=\"\" class=\"rgg-disabled size-medium rgg-img\" data-src=\"https:\/\/fr.motocrossmag.be\/wp-content\/uploads\/2019\/10\/CFS-berck-LRM_EXPORT_293085172680668_20191019_192137965-650x433.jpg\" data-ratio=\"1.5011547344111\" data-height=\"433\" data-width=\"650\" aria-label=\"\">\n                            <\/a>\n                    <a data-rel=\"iLightbox[postimages]\" data-title=\"CFS-berck-LRM_EXPORT_293115206975878_20191019_192207999\" data-caption=\"\" href=\"https:\/\/fr.motocrossmag.be\/wp-content\/uploads\/2019\/10\/CFS-berck-LRM_EXPORT_293115206975878_20191019_192207999.jpg\" data-rel=\"rgg\" rel=\"rgg\" title=\"\" class=\"rgg-disabled size-medium rgg-img\" data-src=\"https:\/\/fr.motocrossmag.be\/wp-content\/uploads\/2019\/10\/CFS-berck-LRM_EXPORT_293115206975878_20191019_192207999-650x433.jpg\" data-ratio=\"1.5011547344111\" data-height=\"433\" data-width=\"650\" aria-label=\"\">\n                            <\/a>\n                    <a data-rel=\"iLightbox[postimages]\" data-title=\"CFS-berck-LRM_EXPORT_293172604506798_20191019_192305397\" data-caption=\"\" href=\"https:\/\/fr.motocrossmag.be\/wp-content\/uploads\/2019\/10\/CFS-berck-LRM_EXPORT_293172604506798_20191019_192305397.jpg\" data-rel=\"rgg\" rel=\"rgg\" title=\"\" class=\"rgg-disabled size-medium rgg-img\" data-src=\"https:\/\/fr.motocrossmag.be\/wp-content\/uploads\/2019\/10\/CFS-berck-LRM_EXPORT_293172604506798_20191019_192305397-650x433.jpg\" data-ratio=\"1.5011547344111\" data-height=\"433\" data-width=\"650\" aria-label=\"\">\n                            <\/a>\n                    <a data-rel=\"iLightbox[postimages]\" data-title=\"CFS-berck-LRM_EXPORT_293218301908958_20191019_192351094\" data-caption=\"\" href=\"https:\/\/fr.motocrossmag.be\/wp-content\/uploads\/2019\/10\/CFS-berck-LRM_EXPORT_293218301908958_20191019_192351094.jpg\" data-rel=\"rgg\" rel=\"rgg\" title=\"\" class=\"rgg-disabled size-medium rgg-img\" data-src=\"https:\/\/fr.motocrossmag.be\/wp-content\/uploads\/2019\/10\/CFS-berck-LRM_EXPORT_293218301908958_20191019_192351094-650x403.jpg\" data-ratio=\"1.6129032258065\" data-height=\"403\" data-width=\"650\" aria-label=\"\">\n                            <\/a>\n                    <a data-rel=\"iLightbox[postimages]\" data-title=\"CFS-berck-LRM_EXPORT_293315908107195_20191019_192528700\" data-caption=\"\" href=\"https:\/\/fr.motocrossmag.be\/wp-content\/uploads\/2019\/10\/CFS-berck-LRM_EXPORT_293315908107195_20191019_192528700.jpg\" data-rel=\"rgg\" rel=\"rgg\" title=\"\" class=\"rgg-disabled size-medium rgg-img\" data-src=\"https:\/\/fr.motocrossmag.be\/wp-content\/uploads\/2019\/10\/CFS-berck-LRM_EXPORT_293315908107195_20191019_192528700-650x410.jpg\" data-ratio=\"1.5853658536585\" data-height=\"410\" data-width=\"650\" aria-label=\"\">\n                            <\/a>\n                    <a data-rel=\"iLightbox[postimages]\" data-title=\"CFS-berck-LRM_EXPORT_293362949170354_20191019_192615742\" data-caption=\"\" href=\"https:\/\/fr.motocrossmag.be\/wp-content\/uploads\/2019\/10\/CFS-berck-LRM_EXPORT_293362949170354_20191019_192615742.jpg\" data-rel=\"rgg\" rel=\"rgg\" title=\"\" class=\"rgg-disabled size-medium rgg-img\" data-src=\"https:\/\/fr.motocrossmag.be\/wp-content\/uploads\/2019\/10\/CFS-berck-LRM_EXPORT_293362949170354_20191019_192615742-650x433.jpg\" data-ratio=\"1.5011547344111\" data-height=\"433\" data-width=\"650\" aria-label=\"\">\n                            <\/a>\n                    <a data-rel=\"iLightbox[postimages]\" data-title=\"CFS-berck-LRM_EXPORT_293388637475951_20191019_192641430\" data-caption=\"\" href=\"https:\/\/fr.motocrossmag.be\/wp-content\/uploads\/2019\/10\/CFS-berck-LRM_EXPORT_293388637475951_20191019_192641430-1.jpg\" data-rel=\"rgg\" rel=\"rgg\" title=\"\" class=\"rgg-disabled size-medium rgg-img\" data-src=\"https:\/\/fr.motocrossmag.be\/wp-content\/uploads\/2019\/10\/CFS-berck-LRM_EXPORT_293388637475951_20191019_192641430-1-650x433.jpg\" data-ratio=\"1.5011547344111\" data-height=\"433\" data-width=\"650\" aria-label=\"\">\n                            <\/a>\n                    <a data-rel=\"iLightbox[postimages]\" data-title=\"CFS-berck-LRM_EXPORT_293425656307002_20191019_192718449\" data-caption=\"\" href=\"https:\/\/fr.motocrossmag.be\/wp-content\/uploads\/2019\/10\/CFS-berck-LRM_EXPORT_293425656307002_20191019_192718449.jpg\" data-rel=\"rgg\" rel=\"rgg\" title=\"\" class=\"rgg-disabled size-medium rgg-img\" data-src=\"https:\/\/fr.motocrossmag.be\/wp-content\/uploads\/2019\/10\/CFS-berck-LRM_EXPORT_293425656307002_20191019_192718449-650x433.jpg\" data-ratio=\"1.5011547344111\" data-height=\"433\" data-width=\"650\" aria-label=\"\">\n                            <\/a>\n            <\/div>\n<\/div>\n<div id=\"ConnectiveDocSignExtentionInstalled\" data-extension-version=\"1.0.4\"><\/div>\n","protected":false},"excerpt":{"rendered":"<p>Le championnat de France des Sables est d\u00e9sormais lanc\u00e9 ! Retour en images sur la journ\u00e9e du samedi au Beach Cross de Berck-sur-Mer, \u00e9preuve d&rsquo;ouverture de la saison 2020. Photos [&#8230;]<\/p>\n","protected":false},"author":932,"featured_media":97936,"comment_status":"open","ping_status":"closed","sticky":false,"template":"","format":"standard","meta":{"footnotes":""},"categories":[54,1075,32,33,55,66,65],"tags":[300,951,490,1178],"class_list":["post-97916","post","type-post","status-publish","format-standard","has-post-thumbnail","hentry","category-actualite","category-courses-de-sable","category-enduro","category-news-enduro","category-news-actualite","category-photos","category-slideshow","tag-course-sur-sable","tag-enduro","tag-france","tag-sable"],"yoast_head":"<!-- This site is optimized with the Yoast SEO plugin v27.4 - https:\/\/yoast.com\/product\/yoast-seo-wordpress\/ -->\n<title>Photos : le samedi dans le sable de Berck-sur-Mer - Motocross - Enduro - Supermoto | MotocrossMag<\/title>\n<meta name=\"robots\" content=\"index, follow, max-snippet:-1, max-image-preview:large, max-video-preview:-1\" \/>\n<link rel=\"canonical\" href=\"https:\/\/fr.motocrossmag.be\/index.php\/2019\/10\/photos-le-samedi-dans-le-sable-de-berck-sur-mer\/\" \/>\n<meta property=\"og:locale\" content=\"fr_FR\" \/>\n<meta property=\"og:type\" content=\"article\" \/>\n<meta property=\"og:title\" content=\"Photos : le samedi dans le sable de Berck-sur-Mer - Motocross - Enduro - Supermoto | MotocrossMag\" \/>\n<meta property=\"og:description\" content=\"Le championnat de France des Sables est d\u00e9sormais lanc\u00e9 ! Retour en images sur la journ\u00e9e du samedi au Beach Cross de Berck-sur-Mer, \u00e9preuve d&rsquo;ouverture de la saison 2020. Photos [...]\" \/>\n<meta property=\"og:url\" content=\"https:\/\/fr.motocrossmag.be\/index.php\/2019\/10\/photos-le-samedi-dans-le-sable-de-berck-sur-mer\/\" \/>\n<meta property=\"og:site_name\" content=\"Motocross - Enduro - Supermoto | MotocrossMag\" \/>\n<meta property=\"article:published_time\" content=\"2019-10-19T20:05:52+00:00\" \/>\n<meta property=\"article:modified_time\" content=\"2019-10-19T21:10:29+00:00\" \/>\n<meta property=\"og:image\" content=\"https:\/\/fr.motocrossmag.be\/wp-content\/uploads\/2019\/10\/CFS-berck-LRM_EXPORT_293315908107195_20191019_192528700.jpg\" \/>\n\t<meta property=\"og:image:width\" content=\"1000\" \/>\n\t<meta property=\"og:image:height\" content=\"631\" \/>\n\t<meta property=\"og:image:type\" content=\"image\/jpeg\" \/>\n<meta name=\"author\" content=\"oliviere\" \/>\n<meta name=\"twitter:card\" content=\"summary_large_image\" \/>\n<meta name=\"twitter:label1\" content=\"\u00c9crit par\" \/>\n\t<meta name=\"twitter:data1\" content=\"oliviere\" \/>\n<script type=\"application\/ld+json\" class=\"yoast-schema-graph\">{\"@context\":\"https:\\\/\\\/schema.org\",\"@graph\":[{\"@type\":\"Article\",\"@id\":\"https:\\\/\\\/fr.motocrossmag.be\\\/index.php\\\/2019\\\/10\\\/photos-le-samedi-dans-le-sable-de-berck-sur-mer\\\/#article\",\"isPartOf\":{\"@id\":\"https:\\\/\\\/fr.motocrossmag.be\\\/index.php\\\/2019\\\/10\\\/photos-le-samedi-dans-le-sable-de-berck-sur-mer\\\/\"},\"author\":{\"name\":\"oliviere\",\"@id\":\"https:\\\/\\\/fr.motocrossmag.be\\\/#\\\/schema\\\/person\\\/11b47143d9f755babca2c9110e03235c\"},\"headline\":\"Photos : le samedi dans le sable de Berck-sur-Mer\",\"datePublished\":\"2019-10-19T20:05:52+00:00\",\"dateModified\":\"2019-10-19T21:10:29+00:00\",\"mainEntityOfPage\":{\"@id\":\"https:\\\/\\\/fr.motocrossmag.be\\\/index.php\\\/2019\\\/10\\\/photos-le-samedi-dans-le-sable-de-berck-sur-mer\\\/\"},\"wordCount\":44,\"commentCount\":0,\"image\":{\"@id\":\"https:\\\/\\\/fr.motocrossmag.be\\\/index.php\\\/2019\\\/10\\\/photos-le-samedi-dans-le-sable-de-berck-sur-mer\\\/#primaryimage\"},\"thumbnailUrl\":\"https:\\\/\\\/fr.motocrossmag.be\\\/wp-content\\\/uploads\\\/2019\\\/10\\\/CFS-berck-LRM_EXPORT_293315908107195_20191019_192528700.jpg\",\"keywords\":[\"CFS\",\"Enduro\",\"france\",\"sable\"],\"articleSection\":[\"Actualit\u00e9\",\"Courses de sable\",\"Enduro\",\"News\",\"News\",\"Photos\",\"Slideshow\"],\"inLanguage\":\"fr-FR\",\"potentialAction\":[{\"@type\":\"CommentAction\",\"name\":\"Comment\",\"target\":[\"https:\\\/\\\/fr.motocrossmag.be\\\/index.php\\\/2019\\\/10\\\/photos-le-samedi-dans-le-sable-de-berck-sur-mer\\\/#respond\"]}]},{\"@type\":\"WebPage\",\"@id\":\"https:\\\/\\\/fr.motocrossmag.be\\\/index.php\\\/2019\\\/10\\\/photos-le-samedi-dans-le-sable-de-berck-sur-mer\\\/\",\"url\":\"https:\\\/\\\/fr.motocrossmag.be\\\/index.php\\\/2019\\\/10\\\/photos-le-samedi-dans-le-sable-de-berck-sur-mer\\\/\",\"name\":\"Photos : le samedi dans le sable de Berck-sur-Mer - Motocross - Enduro - Supermoto | MotocrossMag\",\"isPartOf\":{\"@id\":\"https:\\\/\\\/fr.motocrossmag.be\\\/#website\"},\"primaryImageOfPage\":{\"@id\":\"https:\\\/\\\/fr.motocrossmag.be\\\/index.php\\\/2019\\\/10\\\/photos-le-samedi-dans-le-sable-de-berck-sur-mer\\\/#primaryimage\"},\"image\":{\"@id\":\"https:\\\/\\\/fr.motocrossmag.be\\\/index.php\\\/2019\\\/10\\\/photos-le-samedi-dans-le-sable-de-berck-sur-mer\\\/#primaryimage\"},\"thumbnailUrl\":\"https:\\\/\\\/fr.motocrossmag.be\\\/wp-content\\\/uploads\\\/2019\\\/10\\\/CFS-berck-LRM_EXPORT_293315908107195_20191019_192528700.jpg\",\"datePublished\":\"2019-10-19T20:05:52+00:00\",\"dateModified\":\"2019-10-19T21:10:29+00:00\",\"author\":{\"@id\":\"https:\\\/\\\/fr.motocrossmag.be\\\/#\\\/schema\\\/person\\\/11b47143d9f755babca2c9110e03235c\"},\"breadcrumb\":{\"@id\":\"https:\\\/\\\/fr.motocrossmag.be\\\/index.php\\\/2019\\\/10\\\/photos-le-samedi-dans-le-sable-de-berck-sur-mer\\\/#breadcrumb\"},\"inLanguage\":\"fr-FR\",\"potentialAction\":[{\"@type\":\"ReadAction\",\"target\":[\"https:\\\/\\\/fr.motocrossmag.be\\\/index.php\\\/2019\\\/10\\\/photos-le-samedi-dans-le-sable-de-berck-sur-mer\\\/\"]}]},{\"@type\":\"ImageObject\",\"inLanguage\":\"fr-FR\",\"@id\":\"https:\\\/\\\/fr.motocrossmag.be\\\/index.php\\\/2019\\\/10\\\/photos-le-samedi-dans-le-sable-de-berck-sur-mer\\\/#primaryimage\",\"url\":\"https:\\\/\\\/fr.motocrossmag.be\\\/wp-content\\\/uploads\\\/2019\\\/10\\\/CFS-berck-LRM_EXPORT_293315908107195_20191019_192528700.jpg\",\"contentUrl\":\"https:\\\/\\\/fr.motocrossmag.be\\\/wp-content\\\/uploads\\\/2019\\\/10\\\/CFS-berck-LRM_EXPORT_293315908107195_20191019_192528700.jpg\",\"width\":1000,\"height\":631},{\"@type\":\"BreadcrumbList\",\"@id\":\"https:\\\/\\\/fr.motocrossmag.be\\\/index.php\\\/2019\\\/10\\\/photos-le-samedi-dans-le-sable-de-berck-sur-mer\\\/#breadcrumb\",\"itemListElement\":[{\"@type\":\"ListItem\",\"position\":1,\"name\":\"Accueil\",\"item\":\"https:\\\/\\\/fr.motocrossmag.be\\\/\"},{\"@type\":\"ListItem\",\"position\":2,\"name\":\"Photos : le samedi dans le sable de Berck-sur-Mer\"}]},{\"@type\":\"WebSite\",\"@id\":\"https:\\\/\\\/fr.motocrossmag.be\\\/#website\",\"url\":\"https:\\\/\\\/fr.motocrossmag.be\\\/\",\"name\":\"Motocross - Enduro - Supermoto | MotocrossMag\",\"description\":\"L&#039;actualit\u00e9 du motocross, de l&#039;enduro et du Supermoto en ligne!\",\"potentialAction\":[{\"@type\":\"SearchAction\",\"target\":{\"@type\":\"EntryPoint\",\"urlTemplate\":\"https:\\\/\\\/fr.motocrossmag.be\\\/?s={search_term_string}\"},\"query-input\":{\"@type\":\"PropertyValueSpecification\",\"valueRequired\":true,\"valueName\":\"search_term_string\"}}],\"inLanguage\":\"fr-FR\"},{\"@type\":\"Person\",\"@id\":\"https:\\\/\\\/fr.motocrossmag.be\\\/#\\\/schema\\\/person\\\/11b47143d9f755babca2c9110e03235c\",\"name\":\"oliviere\",\"image\":{\"@type\":\"ImageObject\",\"inLanguage\":\"fr-FR\",\"@id\":\"https:\\\/\\\/secure.gravatar.com\\\/avatar\\\/907069e0b81d119452040469e4a7501da1100f54f7f80180ce77bfab718288f6?s=96&d=mm&r=g\",\"url\":\"https:\\\/\\\/secure.gravatar.com\\\/avatar\\\/907069e0b81d119452040469e4a7501da1100f54f7f80180ce77bfab718288f6?s=96&d=mm&r=g\",\"contentUrl\":\"https:\\\/\\\/secure.gravatar.com\\\/avatar\\\/907069e0b81d119452040469e4a7501da1100f54f7f80180ce77bfab718288f6?s=96&d=mm&r=g\",\"caption\":\"oliviere\"},\"sameAs\":[\"http:\\\/\\\/www.motocrossmag.be\"],\"url\":\"https:\\\/\\\/fr.motocrossmag.be\\\/index.php\\\/author\\\/oliviere\\\/\"}]}<\/script>\n<!-- \/ Yoast SEO plugin. -->","yoast_head_json":{"title":"Photos : le samedi dans le sable de Berck-sur-Mer - Motocross - Enduro - Supermoto | MotocrossMag","robots":{"index":"index","follow":"follow","max-snippet":"max-snippet:-1","max-image-preview":"max-image-preview:large","max-video-preview":"max-video-preview:-1"},"canonical":"https:\/\/fr.motocrossmag.be\/index.php\/2019\/10\/photos-le-samedi-dans-le-sable-de-berck-sur-mer\/","og_locale":"fr_FR","og_type":"article","og_title":"Photos : le samedi dans le sable de Berck-sur-Mer - Motocross - Enduro - Supermoto | MotocrossMag","og_description":"Le championnat de France des Sables est d\u00e9sormais lanc\u00e9 ! Retour en images sur la journ\u00e9e du samedi au Beach Cross de Berck-sur-Mer, \u00e9preuve d&rsquo;ouverture de la saison 2020. Photos [...]","og_url":"https:\/\/fr.motocrossmag.be\/index.php\/2019\/10\/photos-le-samedi-dans-le-sable-de-berck-sur-mer\/","og_site_name":"Motocross - Enduro - Supermoto | MotocrossMag","article_published_time":"2019-10-19T20:05:52+00:00","article_modified_time":"2019-10-19T21:10:29+00:00","og_image":[{"width":1000,"height":631,"url":"https:\/\/fr.motocrossmag.be\/wp-content\/uploads\/2019\/10\/CFS-berck-LRM_EXPORT_293315908107195_20191019_192528700.jpg","type":"image\/jpeg"}],"author":"oliviere","twitter_card":"summary_large_image","twitter_misc":{"\u00c9crit par":"oliviere"},"schema":{"@context":"https:\/\/schema.org","@graph":[{"@type":"Article","@id":"https:\/\/fr.motocrossmag.be\/index.php\/2019\/10\/photos-le-samedi-dans-le-sable-de-berck-sur-mer\/#article","isPartOf":{"@id":"https:\/\/fr.motocrossmag.be\/index.php\/2019\/10\/photos-le-samedi-dans-le-sable-de-berck-sur-mer\/"},"author":{"name":"oliviere","@id":"https:\/\/fr.motocrossmag.be\/#\/schema\/person\/11b47143d9f755babca2c9110e03235c"},"headline":"Photos : le samedi dans le sable de Berck-sur-Mer","datePublished":"2019-10-19T20:05:52+00:00","dateModified":"2019-10-19T21:10:29+00:00","mainEntityOfPage":{"@id":"https:\/\/fr.motocrossmag.be\/index.php\/2019\/10\/photos-le-samedi-dans-le-sable-de-berck-sur-mer\/"},"wordCount":44,"commentCount":0,"image":{"@id":"https:\/\/fr.motocrossmag.be\/index.php\/2019\/10\/photos-le-samedi-dans-le-sable-de-berck-sur-mer\/#primaryimage"},"thumbnailUrl":"https:\/\/fr.motocrossmag.be\/wp-content\/uploads\/2019\/10\/CFS-berck-LRM_EXPORT_293315908107195_20191019_192528700.jpg","keywords":["CFS","Enduro","france","sable"],"articleSection":["Actualit\u00e9","Courses de sable","Enduro","News","News","Photos","Slideshow"],"inLanguage":"fr-FR","potentialAction":[{"@type":"CommentAction","name":"Comment","target":["https:\/\/fr.motocrossmag.be\/index.php\/2019\/10\/photos-le-samedi-dans-le-sable-de-berck-sur-mer\/#respond"]}]},{"@type":"WebPage","@id":"https:\/\/fr.motocrossmag.be\/index.php\/2019\/10\/photos-le-samedi-dans-le-sable-de-berck-sur-mer\/","url":"https:\/\/fr.motocrossmag.be\/index.php\/2019\/10\/photos-le-samedi-dans-le-sable-de-berck-sur-mer\/","name":"Photos : le samedi dans le sable de Berck-sur-Mer - Motocross - Enduro - Supermoto | MotocrossMag","isPartOf":{"@id":"https:\/\/fr.motocrossmag.be\/#website"},"primaryImageOfPage":{"@id":"https:\/\/fr.motocrossmag.be\/index.php\/2019\/10\/photos-le-samedi-dans-le-sable-de-berck-sur-mer\/#primaryimage"},"image":{"@id":"https:\/\/fr.motocrossmag.be\/index.php\/2019\/10\/photos-le-samedi-dans-le-sable-de-berck-sur-mer\/#primaryimage"},"thumbnailUrl":"https:\/\/fr.motocrossmag.be\/wp-content\/uploads\/2019\/10\/CFS-berck-LRM_EXPORT_293315908107195_20191019_192528700.jpg","datePublished":"2019-10-19T20:05:52+00:00","dateModified":"2019-10-19T21:10:29+00:00","author":{"@id":"https:\/\/fr.motocrossmag.be\/#\/schema\/person\/11b47143d9f755babca2c9110e03235c"},"breadcrumb":{"@id":"https:\/\/fr.motocrossmag.be\/index.php\/2019\/10\/photos-le-samedi-dans-le-sable-de-berck-sur-mer\/#breadcrumb"},"inLanguage":"fr-FR","potentialAction":[{"@type":"ReadAction","target":["https:\/\/fr.motocrossmag.be\/index.php\/2019\/10\/photos-le-samedi-dans-le-sable-de-berck-sur-mer\/"]}]},{"@type":"ImageObject","inLanguage":"fr-FR","@id":"https:\/\/fr.motocrossmag.be\/index.php\/2019\/10\/photos-le-samedi-dans-le-sable-de-berck-sur-mer\/#primaryimage","url":"https:\/\/fr.motocrossmag.be\/wp-content\/uploads\/2019\/10\/CFS-berck-LRM_EXPORT_293315908107195_20191019_192528700.jpg","contentUrl":"https:\/\/fr.motocrossmag.be\/wp-content\/uploads\/2019\/10\/CFS-berck-LRM_EXPORT_293315908107195_20191019_192528700.jpg","width":1000,"height":631},{"@type":"BreadcrumbList","@id":"https:\/\/fr.motocrossmag.be\/index.php\/2019\/10\/photos-le-samedi-dans-le-sable-de-berck-sur-mer\/#breadcrumb","itemListElement":[{"@type":"ListItem","position":1,"name":"Accueil","item":"https:\/\/fr.motocrossmag.be\/"},{"@type":"ListItem","position":2,"name":"Photos : le samedi dans le sable de Berck-sur-Mer"}]},{"@type":"WebSite","@id":"https:\/\/fr.motocrossmag.be\/#website","url":"https:\/\/fr.motocrossmag.be\/","name":"Motocross - Enduro - Supermoto | MotocrossMag","description":"L&#039;actualit\u00e9 du motocross, de l&#039;enduro et du Supermoto en ligne!","potentialAction":[{"@type":"SearchAction","target":{"@type":"EntryPoint","urlTemplate":"https:\/\/fr.motocrossmag.be\/?s={search_term_string}"},"query-input":{"@type":"PropertyValueSpecification","valueRequired":true,"valueName":"search_term_string"}}],"inLanguage":"fr-FR"},{"@type":"Person","@id":"https:\/\/fr.motocrossmag.be\/#\/schema\/person\/11b47143d9f755babca2c9110e03235c","name":"oliviere","image":{"@type":"ImageObject","inLanguage":"fr-FR","@id":"https:\/\/secure.gravatar.com\/avatar\/907069e0b81d119452040469e4a7501da1100f54f7f80180ce77bfab718288f6?s=96&d=mm&r=g","url":"https:\/\/secure.gravatar.com\/avatar\/907069e0b81d119452040469e4a7501da1100f54f7f80180ce77bfab718288f6?s=96&d=mm&r=g","contentUrl":"https:\/\/secure.gravatar.com\/avatar\/907069e0b81d119452040469e4a7501da1100f54f7f80180ce77bfab718288f6?s=96&d=mm&r=g","caption":"oliviere"},"sameAs":["http:\/\/www.motocrossmag.be"],"url":"https:\/\/fr.motocrossmag.be\/index.php\/author\/oliviere\/"}]}},"_links":{"self":[{"href":"https:\/\/fr.motocrossmag.be\/index.php\/wp-json\/wp\/v2\/posts\/97916","targetHints":{"allow":["GET"]}}],"collection":[{"href":"https:\/\/fr.motocrossmag.be\/index.php\/wp-json\/wp\/v2\/posts"}],"about":[{"href":"https:\/\/fr.motocrossmag.be\/index.php\/wp-json\/wp\/v2\/types\/post"}],"author":[{"embeddable":true,"href":"https:\/\/fr.motocrossmag.be\/index.php\/wp-json\/wp\/v2\/users\/932"}],"replies":[{"embeddable":true,"href":"https:\/\/fr.motocrossmag.be\/index.php\/wp-json\/wp\/v2\/comments?post=97916"}],"version-history":[{"count":0,"href":"https:\/\/fr.motocrossmag.be\/index.php\/wp-json\/wp\/v2\/posts\/97916\/revisions"}],"wp:featuredmedia":[{"embeddable":true,"href":"https:\/\/fr.motocrossmag.be\/index.php\/wp-json\/wp\/v2\/media\/97936"}],"wp:attachment":[{"href":"https:\/\/fr.motocrossmag.be\/index.php\/wp-json\/wp\/v2\/media?parent=97916"}],"wp:term":[{"taxonomy":"category","embeddable":true,"href":"https:\/\/fr.motocrossmag.be\/index.php\/wp-json\/wp\/v2\/categories?post=97916"},{"taxonomy":"post_tag","embeddable":true,"href":"https:\/\/fr.motocrossmag.be\/index.php\/wp-json\/wp\/v2\/tags?post=97916"}],"curies":[{"name":"wp","href":"https:\/\/api.w.org\/{rel}","templated":true}]}}