{"id":97941,"date":"2019-10-20T18:55:29","date_gmt":"2019-10-20T16:55:29","guid":{"rendered":"https:\/\/fr.motocrossmag.be\/?p=97941"},"modified":"2019-10-20T19:01:53","modified_gmt":"2019-10-20T17:01:53","slug":"maxime-renaux-surprend-les-favoris-a-berck-sur-mer","status":"publish","type":"post","link":"https:\/\/fr.motocrossmag.be\/index.php\/2019\/10\/maxime-renaux-surprend-les-favoris-a-berck-sur-mer\/","title":{"rendered":"Maxime Renaux surprend les favoris \u00e0 Berck-sur-Mer"},"content":{"rendered":"<p><strong>Maxime Renaux a remport\u00e9 ce dimanche dans le sable de Berck-sur-Mer l&rsquo;\u00e9preuve d&rsquo;ouverture du championnat de France des Sables. Le pilote Yamaha s&rsquo;impose dans la finale Or de la 16\u00e8me \u00e9dition du Beach Cross en devan\u00e7ant le dernier vainqueur du Touquet Nathan Watson et Jeffrey Dewulf. Todd Kellett et Milko Potisek, qui a men\u00e9 un moment la course, compl\u00e8tent le top-5.<\/strong><\/p>\n<p>&nbsp;<\/p>\n<a href=\"https:\/\/fr.motocrossmag.be\/index.php\/2019\/10\/beach-cross-le-replay-des-finales\/\" class=\"su-button su-button-style-flat\" style=\"color:#FFFFFF;background-color:#e52e17;border-color:#b82513;border-radius:9px\" target=\"_blank\" rel=\"noopener noreferrer\"><span style=\"color:#FFFFFF;padding:8px 24px;font-size:18px;line-height:27px;border-color:#ed6d5d;border-radius:9px;text-shadow:none\"><i class=\"sui sui-video-camera\" style=\"font-size:18px;color:#FFFFFF\"><\/i> Voir le replay des courses<\/span><\/a>\n<p>&nbsp;<\/p>\n<p>Derri\u00e8re eux, on assiste \u00e0 un tir group\u00e9 des Belges avec Jeremy Van Horebeek, qui a remport\u00e9 plus t\u00f4t dans l&rsquo;apr\u00e8s-midi la deuxi\u00e8me manche de sa s\u00e9rie, devant Axel Van De Sande et Steve Ramon. Vainqueur lui aussi d&rsquo;une manche cet apr\u00e8s-midi, Daymond Martens franchit la ligne d&rsquo;arriv\u00e9e \u00e0 la 11\u00e8me place devant Jeremy Hauquier. Quant \u00e0 Matt\u00e9o Puffet, il place sa petite KTM 250 SX-F \u00e0 la 38\u00e8me place du classement scratch.<\/p>\n<p><span style=\"color: #ff0000;\"><strong>Junior Bal dans le top-5 chez les Juniors<\/strong><\/span><\/p>\n<p>Chez les Juniors, un Miot chasse l&rsquo;autre. Apr\u00e8s une saison 2019 domin\u00e9e par Math\u00e9o, c&rsquo;est \u00e0 pr\u00e9sent son fr\u00e8re Florian qui prend les commandes de la cat\u00e9gorie \u00e0 laquelle 3 manches \u00e9taient r\u00e9serv\u00e9es ce week-end \u00e0 Berck. Les Belges jouent la carte de la r\u00e9gularit\u00e9 pour s&rsquo;offrir de belles positions au classement g\u00e9n\u00e9ral, Junior Bal entrant dans le top-5 devant Bours et Labie.<\/p>\n<p>Adrien Petit s&rsquo;impose chez les Espoirs tandis que Romain Couprie monte sur la plus haute marche du podium chez les Quads. Une cat\u00e9gorie dans laquelle on attendait avec impatience le retour de J\u00e9r\u00e9mie Warnia. Vainqueur de la deuxi\u00e8me manche, l&rsquo;ogre de la discipline \u00e9tait cependant contraint \u00e0 l&rsquo;abandon dans la 3\u00e8me et derni\u00e8re course du week-end. Il se contente d&rsquo;une 9\u00e8me place.<\/p>\n<p>La suite du championnat de France des Sables, c&rsquo;est d\u00e8s le week-end prochain avec la fameuse Ronde des Sables sur la piste de Loon-Plage.<\/p>\n<p>Photo : Dylan Botte<\/p>\n<p><span style=\"color: #800000;\"><strong><br \/>\nR\u00e9sultats<\/strong><\/span><\/p>\n<p>FINALE OR<\/p>\n<p>1 RENAUX Maxime; 2 WATSON Nathan +12.550; <strong>3 DEWULF Jeffrey +32.020; <\/strong>4 KELLETT Todd +1:14.350; 5 POTISEK Milko +1:21.590; <strong>6 VAN HOREBEEK Jeremy +1:27.780; <\/strong><strong>7 VAN DE SANDE Axel +1:41.860; <\/strong><strong>8 RAMON Steve +1:43.900; <\/strong>9 COLLIGNON Alexis +1:49.000; 10 FURA Richard +2:02.020; <strong>11 MARTENS Daymond +2:05.080; <\/strong>12 HAUQUIER Jeremy +2:22.340; 13 BONNEAU Jeremy +2:32.000; 14 BOURDON +2:39.260; 15 CHAPELIERE Camille +3:14.350; 16 WATEL Stephane; 17 FLORIN Timothee; 18 SOT Maxime; 19 HOUZET Dan; 20 BECKER Florent; 21 HOLYOAKE Robert; 22 MOREL Pierre; 23 DUMONTIER Romain; 24 MEPLON Marshall; 25 MIOT Matheo; 26 LAMOUR Adrien; 27 JAGU Julien; 28 MOLLON Eddy; 29 DIVALL Jordan; 30 BETHYS Andy; 31 GIBOT David; 32 PREVOT Damien; 33 LAURENT Romain; 34 SERISIER Cyril; 35 JEANNE Maxime; 36 BOIDRAS Benjamin; 37 DULOT Sebastien; <strong>38 PUFFET Matteo; <\/strong>39 CAZAUNAU Benjamin; 40 BRANCO Kilian; 41\u00a0 TOURNESSI Julien; 42 WALICKI Morgan; 43 MALET Brice; 44 THIOLLIER Vincent; 45 CAILLET Alexandre; 46 CAILLY Nicolas; 47 HENRY Lilian; 48 CAMPET Julien; 49 VERON Carl; 50 GAPAIX Enzo;&#8230;<\/p>\n<p>JUNIORS<\/p>\n<p>1 MIOT Florian; 2 KRAJEWSKI Bogdan; 3 LEVRAULT Enzo; 4 NIEUWENHUIZEN Davey; <strong>5 BAL Junior; <\/strong><strong>6 BOURS Alexandre; <\/strong><strong>7 LABIE Cyril;<\/strong> 8 KRISMANN Tejy; 9 BOULONNE Jules; 10 REB Lorris;&#8230;<\/p>\n<p>ESPOIRS<\/p>\n<p>1 PETIT Adrien; 2 PREVOST Kylian; 3 VALIN Mathis; 4 CALLENS Tias; 5 ROSSI Marc Antoine; 6 VILTARD Alexandre; 7 DE CLERCQ Chad; 8 VASSEUR Stephane; 9 MIGAULT Tom; 10 DELCLAUX Stellan;&#8230;<strong>17 DARGENTON Robin<\/strong>;<\/p>\n<p>QUADS<\/p>\n<p>1 COUPRIE Romain; 2 SEAL Sheldon; 3 VANGRINSVEN Mike; 4 BEROUDIAUX Benoit; 5 BERNEDE Jean Marie; 6 BRUNEEL Davino; 7 PINCHON Louis; 8 FORESTIER Jeremy; 9 WARNIA Jeremie; 10 VANDENDIJCK Olivier;&#8230;<\/p>\n<div id=\"ConnectiveDocSignExtentionInstalled\" data-extension-version=\"1.0.4\"><\/div>\n","protected":false},"excerpt":{"rendered":"<p>Maxime Renaux a remport\u00e9 ce dimanche dans le sable de Berck-sur-Mer l&rsquo;\u00e9preuve d&rsquo;ouverture du championnat de France des Sables. Le pilote Yamaha s&rsquo;impose dans la finale Or de la 16\u00e8me [&#8230;]<\/p>\n","protected":false},"author":932,"featured_media":97942,"comment_status":"open","ping_status":"closed","sticky":false,"template":"","format":"standard","meta":{"footnotes":""},"categories":[54,1075,32,33,55,65],"tags":[300,490,1178],"class_list":["post-97941","post","type-post","status-publish","format-standard","has-post-thumbnail","hentry","category-actualite","category-courses-de-sable","category-enduro","category-news-enduro","category-news-actualite","category-slideshow","tag-course-sur-sable","tag-france","tag-sable"],"yoast_head":"<!-- This site is optimized with the Yoast SEO plugin v27.4 - https:\/\/yoast.com\/product\/yoast-seo-wordpress\/ -->\n<title>Maxime Renaux surprend les favoris \u00e0 Berck-sur-Mer - Motocross - Enduro - Supermoto | MotocrossMag<\/title>\n<meta name=\"robots\" content=\"index, follow, max-snippet:-1, max-image-preview:large, max-video-preview:-1\" \/>\n<link rel=\"canonical\" href=\"https:\/\/fr.motocrossmag.be\/index.php\/2019\/10\/maxime-renaux-surprend-les-favoris-a-berck-sur-mer\/\" \/>\n<meta property=\"og:locale\" content=\"fr_FR\" \/>\n<meta property=\"og:type\" content=\"article\" \/>\n<meta property=\"og:title\" content=\"Maxime Renaux surprend les favoris \u00e0 Berck-sur-Mer - Motocross - Enduro - Supermoto | MotocrossMag\" \/>\n<meta property=\"og:description\" content=\"Maxime Renaux a remport\u00e9 ce dimanche dans le sable de Berck-sur-Mer l&rsquo;\u00e9preuve d&rsquo;ouverture du championnat de France des Sables. Le pilote Yamaha s&rsquo;impose dans la finale Or de la 16\u00e8me [...]\" \/>\n<meta property=\"og:url\" content=\"https:\/\/fr.motocrossmag.be\/index.php\/2019\/10\/maxime-renaux-surprend-les-favoris-a-berck-sur-mer\/\" \/>\n<meta property=\"og:site_name\" content=\"Motocross - Enduro - Supermoto | MotocrossMag\" \/>\n<meta property=\"article:published_time\" content=\"2019-10-20T16:55:29+00:00\" \/>\n<meta property=\"article:modified_time\" content=\"2019-10-20T17:01:53+00:00\" \/>\n<meta property=\"og:image\" content=\"https:\/\/fr.motocrossmag.be\/wp-content\/uploads\/2019\/10\/renaux-maxime-berck.jpg\" \/>\n\t<meta property=\"og:image:width\" content=\"767\" \/>\n\t<meta property=\"og:image:height\" content=\"477\" \/>\n\t<meta property=\"og:image:type\" content=\"image\/jpeg\" \/>\n<meta name=\"author\" content=\"oliviere\" \/>\n<meta name=\"twitter:card\" content=\"summary_large_image\" \/>\n<meta name=\"twitter:label1\" content=\"\u00c9crit par\" \/>\n\t<meta name=\"twitter:data1\" content=\"oliviere\" \/>\n\t<meta name=\"twitter:label2\" content=\"Dur\u00e9e de lecture estim\u00e9e\" \/>\n\t<meta name=\"twitter:data2\" content=\"3 minutes\" \/>\n<script type=\"application\/ld+json\" class=\"yoast-schema-graph\">{\"@context\":\"https:\\\/\\\/schema.org\",\"@graph\":[{\"@type\":\"Article\",\"@id\":\"https:\\\/\\\/fr.motocrossmag.be\\\/index.php\\\/2019\\\/10\\\/maxime-renaux-surprend-les-favoris-a-berck-sur-mer\\\/#article\",\"isPartOf\":{\"@id\":\"https:\\\/\\\/fr.motocrossmag.be\\\/index.php\\\/2019\\\/10\\\/maxime-renaux-surprend-les-favoris-a-berck-sur-mer\\\/\"},\"author\":{\"name\":\"oliviere\",\"@id\":\"https:\\\/\\\/fr.motocrossmag.be\\\/#\\\/schema\\\/person\\\/11b47143d9f755babca2c9110e03235c\"},\"headline\":\"Maxime Renaux surprend les favoris \u00e0 Berck-sur-Mer\",\"datePublished\":\"2019-10-20T16:55:29+00:00\",\"dateModified\":\"2019-10-20T17:01:53+00:00\",\"mainEntityOfPage\":{\"@id\":\"https:\\\/\\\/fr.motocrossmag.be\\\/index.php\\\/2019\\\/10\\\/maxime-renaux-surprend-les-favoris-a-berck-sur-mer\\\/\"},\"wordCount\":534,\"commentCount\":0,\"image\":{\"@id\":\"https:\\\/\\\/fr.motocrossmag.be\\\/index.php\\\/2019\\\/10\\\/maxime-renaux-surprend-les-favoris-a-berck-sur-mer\\\/#primaryimage\"},\"thumbnailUrl\":\"https:\\\/\\\/fr.motocrossmag.be\\\/wp-content\\\/uploads\\\/2019\\\/10\\\/renaux-maxime-berck.jpg\",\"keywords\":[\"CFS\",\"france\",\"sable\"],\"articleSection\":[\"Actualit\u00e9\",\"Courses de sable\",\"Enduro\",\"News\",\"News\",\"Slideshow\"],\"inLanguage\":\"fr-FR\",\"potentialAction\":[{\"@type\":\"CommentAction\",\"name\":\"Comment\",\"target\":[\"https:\\\/\\\/fr.motocrossmag.be\\\/index.php\\\/2019\\\/10\\\/maxime-renaux-surprend-les-favoris-a-berck-sur-mer\\\/#respond\"]}]},{\"@type\":\"WebPage\",\"@id\":\"https:\\\/\\\/fr.motocrossmag.be\\\/index.php\\\/2019\\\/10\\\/maxime-renaux-surprend-les-favoris-a-berck-sur-mer\\\/\",\"url\":\"https:\\\/\\\/fr.motocrossmag.be\\\/index.php\\\/2019\\\/10\\\/maxime-renaux-surprend-les-favoris-a-berck-sur-mer\\\/\",\"name\":\"Maxime Renaux surprend les favoris \u00e0 Berck-sur-Mer - Motocross - Enduro - Supermoto | MotocrossMag\",\"isPartOf\":{\"@id\":\"https:\\\/\\\/fr.motocrossmag.be\\\/#website\"},\"primaryImageOfPage\":{\"@id\":\"https:\\\/\\\/fr.motocrossmag.be\\\/index.php\\\/2019\\\/10\\\/maxime-renaux-surprend-les-favoris-a-berck-sur-mer\\\/#primaryimage\"},\"image\":{\"@id\":\"https:\\\/\\\/fr.motocrossmag.be\\\/index.php\\\/2019\\\/10\\\/maxime-renaux-surprend-les-favoris-a-berck-sur-mer\\\/#primaryimage\"},\"thumbnailUrl\":\"https:\\\/\\\/fr.motocrossmag.be\\\/wp-content\\\/uploads\\\/2019\\\/10\\\/renaux-maxime-berck.jpg\",\"datePublished\":\"2019-10-20T16:55:29+00:00\",\"dateModified\":\"2019-10-20T17:01:53+00:00\",\"author\":{\"@id\":\"https:\\\/\\\/fr.motocrossmag.be\\\/#\\\/schema\\\/person\\\/11b47143d9f755babca2c9110e03235c\"},\"breadcrumb\":{\"@id\":\"https:\\\/\\\/fr.motocrossmag.be\\\/index.php\\\/2019\\\/10\\\/maxime-renaux-surprend-les-favoris-a-berck-sur-mer\\\/#breadcrumb\"},\"inLanguage\":\"fr-FR\",\"potentialAction\":[{\"@type\":\"ReadAction\",\"target\":[\"https:\\\/\\\/fr.motocrossmag.be\\\/index.php\\\/2019\\\/10\\\/maxime-renaux-surprend-les-favoris-a-berck-sur-mer\\\/\"]}]},{\"@type\":\"ImageObject\",\"inLanguage\":\"fr-FR\",\"@id\":\"https:\\\/\\\/fr.motocrossmag.be\\\/index.php\\\/2019\\\/10\\\/maxime-renaux-surprend-les-favoris-a-berck-sur-mer\\\/#primaryimage\",\"url\":\"https:\\\/\\\/fr.motocrossmag.be\\\/wp-content\\\/uploads\\\/2019\\\/10\\\/renaux-maxime-berck.jpg\",\"contentUrl\":\"https:\\\/\\\/fr.motocrossmag.be\\\/wp-content\\\/uploads\\\/2019\\\/10\\\/renaux-maxime-berck.jpg\",\"width\":767,\"height\":477},{\"@type\":\"BreadcrumbList\",\"@id\":\"https:\\\/\\\/fr.motocrossmag.be\\\/index.php\\\/2019\\\/10\\\/maxime-renaux-surprend-les-favoris-a-berck-sur-mer\\\/#breadcrumb\",\"itemListElement\":[{\"@type\":\"ListItem\",\"position\":1,\"name\":\"Accueil\",\"item\":\"https:\\\/\\\/fr.motocrossmag.be\\\/\"},{\"@type\":\"ListItem\",\"position\":2,\"name\":\"Maxime Renaux surprend les favoris \u00e0 Berck-sur-Mer\"}]},{\"@type\":\"WebSite\",\"@id\":\"https:\\\/\\\/fr.motocrossmag.be\\\/#website\",\"url\":\"https:\\\/\\\/fr.motocrossmag.be\\\/\",\"name\":\"Motocross - Enduro - Supermoto | MotocrossMag\",\"description\":\"L&#039;actualit\u00e9 du motocross, de l&#039;enduro et du Supermoto en ligne!\",\"potentialAction\":[{\"@type\":\"SearchAction\",\"target\":{\"@type\":\"EntryPoint\",\"urlTemplate\":\"https:\\\/\\\/fr.motocrossmag.be\\\/?s={search_term_string}\"},\"query-input\":{\"@type\":\"PropertyValueSpecification\",\"valueRequired\":true,\"valueName\":\"search_term_string\"}}],\"inLanguage\":\"fr-FR\"},{\"@type\":\"Person\",\"@id\":\"https:\\\/\\\/fr.motocrossmag.be\\\/#\\\/schema\\\/person\\\/11b47143d9f755babca2c9110e03235c\",\"name\":\"oliviere\",\"image\":{\"@type\":\"ImageObject\",\"inLanguage\":\"fr-FR\",\"@id\":\"https:\\\/\\\/secure.gravatar.com\\\/avatar\\\/907069e0b81d119452040469e4a7501da1100f54f7f80180ce77bfab718288f6?s=96&d=mm&r=g\",\"url\":\"https:\\\/\\\/secure.gravatar.com\\\/avatar\\\/907069e0b81d119452040469e4a7501da1100f54f7f80180ce77bfab718288f6?s=96&d=mm&r=g\",\"contentUrl\":\"https:\\\/\\\/secure.gravatar.com\\\/avatar\\\/907069e0b81d119452040469e4a7501da1100f54f7f80180ce77bfab718288f6?s=96&d=mm&r=g\",\"caption\":\"oliviere\"},\"sameAs\":[\"http:\\\/\\\/www.motocrossmag.be\"],\"url\":\"https:\\\/\\\/fr.motocrossmag.be\\\/index.php\\\/author\\\/oliviere\\\/\"}]}<\/script>\n<!-- \/ Yoast SEO plugin. -->","yoast_head_json":{"title":"Maxime Renaux surprend les favoris \u00e0 Berck-sur-Mer - Motocross - Enduro - Supermoto | MotocrossMag","robots":{"index":"index","follow":"follow","max-snippet":"max-snippet:-1","max-image-preview":"max-image-preview:large","max-video-preview":"max-video-preview:-1"},"canonical":"https:\/\/fr.motocrossmag.be\/index.php\/2019\/10\/maxime-renaux-surprend-les-favoris-a-berck-sur-mer\/","og_locale":"fr_FR","og_type":"article","og_title":"Maxime Renaux surprend les favoris \u00e0 Berck-sur-Mer - Motocross - Enduro - Supermoto | MotocrossMag","og_description":"Maxime Renaux a remport\u00e9 ce dimanche dans le sable de Berck-sur-Mer l&rsquo;\u00e9preuve d&rsquo;ouverture du championnat de France des Sables. Le pilote Yamaha s&rsquo;impose dans la finale Or de la 16\u00e8me [...]","og_url":"https:\/\/fr.motocrossmag.be\/index.php\/2019\/10\/maxime-renaux-surprend-les-favoris-a-berck-sur-mer\/","og_site_name":"Motocross - Enduro - Supermoto | MotocrossMag","article_published_time":"2019-10-20T16:55:29+00:00","article_modified_time":"2019-10-20T17:01:53+00:00","og_image":[{"width":767,"height":477,"url":"https:\/\/fr.motocrossmag.be\/wp-content\/uploads\/2019\/10\/renaux-maxime-berck.jpg","type":"image\/jpeg"}],"author":"oliviere","twitter_card":"summary_large_image","twitter_misc":{"\u00c9crit par":"oliviere","Dur\u00e9e de lecture estim\u00e9e":"3 minutes"},"schema":{"@context":"https:\/\/schema.org","@graph":[{"@type":"Article","@id":"https:\/\/fr.motocrossmag.be\/index.php\/2019\/10\/maxime-renaux-surprend-les-favoris-a-berck-sur-mer\/#article","isPartOf":{"@id":"https:\/\/fr.motocrossmag.be\/index.php\/2019\/10\/maxime-renaux-surprend-les-favoris-a-berck-sur-mer\/"},"author":{"name":"oliviere","@id":"https:\/\/fr.motocrossmag.be\/#\/schema\/person\/11b47143d9f755babca2c9110e03235c"},"headline":"Maxime Renaux surprend les favoris \u00e0 Berck-sur-Mer","datePublished":"2019-10-20T16:55:29+00:00","dateModified":"2019-10-20T17:01:53+00:00","mainEntityOfPage":{"@id":"https:\/\/fr.motocrossmag.be\/index.php\/2019\/10\/maxime-renaux-surprend-les-favoris-a-berck-sur-mer\/"},"wordCount":534,"commentCount":0,"image":{"@id":"https:\/\/fr.motocrossmag.be\/index.php\/2019\/10\/maxime-renaux-surprend-les-favoris-a-berck-sur-mer\/#primaryimage"},"thumbnailUrl":"https:\/\/fr.motocrossmag.be\/wp-content\/uploads\/2019\/10\/renaux-maxime-berck.jpg","keywords":["CFS","france","sable"],"articleSection":["Actualit\u00e9","Courses de sable","Enduro","News","News","Slideshow"],"inLanguage":"fr-FR","potentialAction":[{"@type":"CommentAction","name":"Comment","target":["https:\/\/fr.motocrossmag.be\/index.php\/2019\/10\/maxime-renaux-surprend-les-favoris-a-berck-sur-mer\/#respond"]}]},{"@type":"WebPage","@id":"https:\/\/fr.motocrossmag.be\/index.php\/2019\/10\/maxime-renaux-surprend-les-favoris-a-berck-sur-mer\/","url":"https:\/\/fr.motocrossmag.be\/index.php\/2019\/10\/maxime-renaux-surprend-les-favoris-a-berck-sur-mer\/","name":"Maxime Renaux surprend les favoris \u00e0 Berck-sur-Mer - Motocross - Enduro - Supermoto | MotocrossMag","isPartOf":{"@id":"https:\/\/fr.motocrossmag.be\/#website"},"primaryImageOfPage":{"@id":"https:\/\/fr.motocrossmag.be\/index.php\/2019\/10\/maxime-renaux-surprend-les-favoris-a-berck-sur-mer\/#primaryimage"},"image":{"@id":"https:\/\/fr.motocrossmag.be\/index.php\/2019\/10\/maxime-renaux-surprend-les-favoris-a-berck-sur-mer\/#primaryimage"},"thumbnailUrl":"https:\/\/fr.motocrossmag.be\/wp-content\/uploads\/2019\/10\/renaux-maxime-berck.jpg","datePublished":"2019-10-20T16:55:29+00:00","dateModified":"2019-10-20T17:01:53+00:00","author":{"@id":"https:\/\/fr.motocrossmag.be\/#\/schema\/person\/11b47143d9f755babca2c9110e03235c"},"breadcrumb":{"@id":"https:\/\/fr.motocrossmag.be\/index.php\/2019\/10\/maxime-renaux-surprend-les-favoris-a-berck-sur-mer\/#breadcrumb"},"inLanguage":"fr-FR","potentialAction":[{"@type":"ReadAction","target":["https:\/\/fr.motocrossmag.be\/index.php\/2019\/10\/maxime-renaux-surprend-les-favoris-a-berck-sur-mer\/"]}]},{"@type":"ImageObject","inLanguage":"fr-FR","@id":"https:\/\/fr.motocrossmag.be\/index.php\/2019\/10\/maxime-renaux-surprend-les-favoris-a-berck-sur-mer\/#primaryimage","url":"https:\/\/fr.motocrossmag.be\/wp-content\/uploads\/2019\/10\/renaux-maxime-berck.jpg","contentUrl":"https:\/\/fr.motocrossmag.be\/wp-content\/uploads\/2019\/10\/renaux-maxime-berck.jpg","width":767,"height":477},{"@type":"BreadcrumbList","@id":"https:\/\/fr.motocrossmag.be\/index.php\/2019\/10\/maxime-renaux-surprend-les-favoris-a-berck-sur-mer\/#breadcrumb","itemListElement":[{"@type":"ListItem","position":1,"name":"Accueil","item":"https:\/\/fr.motocrossmag.be\/"},{"@type":"ListItem","position":2,"name":"Maxime Renaux surprend les favoris \u00e0 Berck-sur-Mer"}]},{"@type":"WebSite","@id":"https:\/\/fr.motocrossmag.be\/#website","url":"https:\/\/fr.motocrossmag.be\/","name":"Motocross - Enduro - Supermoto | MotocrossMag","description":"L&#039;actualit\u00e9 du motocross, de l&#039;enduro et du Supermoto en ligne!","potentialAction":[{"@type":"SearchAction","target":{"@type":"EntryPoint","urlTemplate":"https:\/\/fr.motocrossmag.be\/?s={search_term_string}"},"query-input":{"@type":"PropertyValueSpecification","valueRequired":true,"valueName":"search_term_string"}}],"inLanguage":"fr-FR"},{"@type":"Person","@id":"https:\/\/fr.motocrossmag.be\/#\/schema\/person\/11b47143d9f755babca2c9110e03235c","name":"oliviere","image":{"@type":"ImageObject","inLanguage":"fr-FR","@id":"https:\/\/secure.gravatar.com\/avatar\/907069e0b81d119452040469e4a7501da1100f54f7f80180ce77bfab718288f6?s=96&d=mm&r=g","url":"https:\/\/secure.gravatar.com\/avatar\/907069e0b81d119452040469e4a7501da1100f54f7f80180ce77bfab718288f6?s=96&d=mm&r=g","contentUrl":"https:\/\/secure.gravatar.com\/avatar\/907069e0b81d119452040469e4a7501da1100f54f7f80180ce77bfab718288f6?s=96&d=mm&r=g","caption":"oliviere"},"sameAs":["http:\/\/www.motocrossmag.be"],"url":"https:\/\/fr.motocrossmag.be\/index.php\/author\/oliviere\/"}]}},"_links":{"self":[{"href":"https:\/\/fr.motocrossmag.be\/index.php\/wp-json\/wp\/v2\/posts\/97941","targetHints":{"allow":["GET"]}}],"collection":[{"href":"https:\/\/fr.motocrossmag.be\/index.php\/wp-json\/wp\/v2\/posts"}],"about":[{"href":"https:\/\/fr.motocrossmag.be\/index.php\/wp-json\/wp\/v2\/types\/post"}],"author":[{"embeddable":true,"href":"https:\/\/fr.motocrossmag.be\/index.php\/wp-json\/wp\/v2\/users\/932"}],"replies":[{"embeddable":true,"href":"https:\/\/fr.motocrossmag.be\/index.php\/wp-json\/wp\/v2\/comments?post=97941"}],"version-history":[{"count":1,"href":"https:\/\/fr.motocrossmag.be\/index.php\/wp-json\/wp\/v2\/posts\/97941\/revisions"}],"predecessor-version":[{"id":97943,"href":"https:\/\/fr.motocrossmag.be\/index.php\/wp-json\/wp\/v2\/posts\/97941\/revisions\/97943"}],"wp:featuredmedia":[{"embeddable":true,"href":"https:\/\/fr.motocrossmag.be\/index.php\/wp-json\/wp\/v2\/media\/97942"}],"wp:attachment":[{"href":"https:\/\/fr.motocrossmag.be\/index.php\/wp-json\/wp\/v2\/media?parent=97941"}],"wp:term":[{"taxonomy":"category","embeddable":true,"href":"https:\/\/fr.motocrossmag.be\/index.php\/wp-json\/wp\/v2\/categories?post=97941"},{"taxonomy":"post_tag","embeddable":true,"href":"https:\/\/fr.motocrossmag.be\/index.php\/wp-json\/wp\/v2\/tags?post=97941"}],"curies":[{"name":"wp","href":"https:\/\/api.w.org\/{rel}","templated":true}]}}