{"id":97945,"date":"2019-10-20T22:07:21","date_gmt":"2019-10-20T20:07:21","guid":{"rendered":"https:\/\/fr.motocrossmag.be\/?p=97945"},"modified":"2019-10-20T22:09:47","modified_gmt":"2019-10-20T20:09:47","slug":"antoine-magain-et-matthew-vanoevelen-imperiaux-sur-le-honville-cross-country","status":"publish","type":"post","link":"https:\/\/fr.motocrossmag.be\/index.php\/2019\/10\/antoine-magain-et-matthew-vanoevelen-imperiaux-sur-le-honville-cross-country\/","title":{"rendered":"Antoine Magain et Matthew Vanoevelen imp\u00e9riaux sur le Honville Cross Country"},"content":{"rendered":"<p><strong>J\u00e9r\u00f4me Martiny n&rsquo;a pas remport\u00e9 de 9\u00e8me succ\u00e8s cons\u00e9cutif sur le Honville Cross Country. La finale du championnat BOXC a sacr\u00e9 ce dimanche le redoutable tandem compos\u00e9 par les deux enduristes belges les plus rapides du moment : Antoine Magain et Matthew Vanoevelen. En t\u00eate du d\u00e9but \u00e0 la fin, les deux Nismois devancent sous le drapeau \u00e0 damiers de la 23\u00e8me \u00e9dition de l&rsquo;\u00e9preuve de Honville Roel Geurts et Dietger Damiaens.<\/strong><\/p>\n<p>Ces deux derniers ont longtemps bataill\u00e9 avec J\u00e9r\u00f4me Martiny et Yerki Janvier pour la deuxi\u00e8me marche du podium. Martiny, huit fois vainqueur \u00e0 Honville (dont 6 fois avec Thierry Klutz), se contente cette ann\u00e9e de la 3\u00e8me marche d&rsquo;un podium au pied duquel on retrouve justement Klutzy associ\u00e9 pour l&rsquo;occasion \u00e0 Jeremy Renkens. Quentin Monfort et Gautier Lillo compl\u00e8tent le top-5.<\/p>\n<p>Bertrand Bailleux se montre le plus rapide des courageux \u00e0 avoir relev\u00e9 le d\u00e9fi d&rsquo;affronter seuls le trac\u00e9 particuli\u00e8rement exigeant de Honville, en particulier cette ann\u00e9e \u00e0 cause des conditions m\u00e9t\u00e9o. Superbe 11\u00e8me du classement scratch, le pilote de Gerpinnes remporte la cat\u00e9gorie \u00ab\u00a0solo\u00a0\u00bb devant Guillaume Toulemonde et Philippe Henrard.<\/p>\n<p>&nbsp;<\/p>\n<p><span style=\"color: #800000;\"><strong>R\u00e9sultats<\/strong><\/span><\/p>\n<table style=\"margin: auto;\" width=\"98%\">\n<tbody>\n<tr>\n<td width=\"39\">1<\/td>\n<td width=\"133\">MAGAIN Antoine<\/td>\n<td width=\"178\">VANOEVELEN Matthew<\/td>\n<td width=\"106\">15 tours<\/td>\n<\/tr>\n<tr>\n<td width=\"39\">2<\/td>\n<td width=\"133\">DAMIAENS Dietger<\/td>\n<td width=\"178\">GEURTS ROEL<\/td>\n<td width=\"106\">07:37.246<\/td>\n<\/tr>\n<tr>\n<td width=\"39\">3<\/td>\n<td width=\"133\">JANVIER yerki<\/td>\n<td width=\"178\">MARTINY JEROME<\/td>\n<td width=\"106\">11:42.178<\/td>\n<\/tr>\n<tr>\n<td width=\"39\">4<\/td>\n<td width=\"133\">KLUTZ THIERRY<\/td>\n<td width=\"178\">RENKENS J\u00e9r\u00e9my<\/td>\n<td width=\"106\">14 tours<\/td>\n<\/tr>\n<tr>\n<td width=\"39\">5<\/td>\n<td width=\"133\">LILLO GAUTHIER<\/td>\n<td width=\"178\">MONFORT QUENTIN<\/td>\n<td width=\"106\">00:42.328<\/td>\n<\/tr>\n<tr>\n<td width=\"39\">6<\/td>\n<td width=\"133\">VAN HOOF MATHIAS<\/td>\n<td width=\"178\">VANDERHEYDEN MIKA<\/td>\n<td width=\"106\">01:39.880<\/td>\n<\/tr>\n<tr>\n<td width=\"39\">7<\/td>\n<td width=\"133\">LILLO aubry<\/td>\n<td width=\"178\">ADAM LUCAS<\/td>\n<td width=\"106\">13 tours<\/td>\n<\/tr>\n<tr>\n<td width=\"39\">8<\/td>\n<td width=\"133\">JANSSENS BART<\/td>\n<td width=\"178\">SCHEYNEN KRISTOF<\/td>\n<td width=\"106\">01:18.752<\/td>\n<\/tr>\n<tr>\n<td width=\"39\">9<\/td>\n<td width=\"133\">BRAL LUDOVIC<\/td>\n<td width=\"178\">VANHAEREN chiel<\/td>\n<td width=\"106\">01:42.477<\/td>\n<\/tr>\n<tr>\n<td width=\"39\">10<\/td>\n<td width=\"133\">ROBERT STEVE<\/td>\n<td width=\"178\">ROBERT MIKE<\/td>\n<td width=\"106\">04:22.571<\/td>\n<\/tr>\n<tr>\n<td width=\"39\">11<\/td>\n<td width=\"133\">xxx-BAILLEUX BERTRAND<\/td>\n<td width=\"178\"><\/td>\n<td width=\"106\">05:18.062<\/td>\n<\/tr>\n<tr>\n<td width=\"39\">12<\/td>\n<td width=\"133\">NIQUE JEREMY<\/td>\n<td width=\"178\">FAUCON GONTRAND<\/td>\n<td width=\"106\">10:01.519<\/td>\n<\/tr>\n<tr>\n<td width=\"39\">13<\/td>\n<td width=\"133\">JAVAUX WILLIAM<\/td>\n<td width=\"178\">DELSEMME PHILIPPE<\/td>\n<td width=\"106\">12 tours<\/td>\n<\/tr>\n<tr>\n<td width=\"39\">14<\/td>\n<td width=\"133\">VANDOOREN QUENTIN<\/td>\n<td width=\"178\">NICOLAS Christophe<\/td>\n<td width=\"106\">01:09.610<\/td>\n<\/tr>\n<tr>\n<td width=\"39\">15<\/td>\n<td width=\"133\">LACASSE VALENTIN<\/td>\n<td width=\"178\">LUDOVIC BREVERS<\/td>\n<td width=\"106\">01:44.332<\/td>\n<\/tr>\n<tr>\n<td width=\"39\">16<\/td>\n<td width=\"133\">CUVELIER david<\/td>\n<td width=\"178\">MONFORT BRUNO<\/td>\n<td width=\"106\">03:24.753<\/td>\n<\/tr>\n<tr>\n<td width=\"39\">17<\/td>\n<td width=\"133\">VANLEEUW ROMAIN<\/td>\n<td width=\"178\">VANLEEUW MARTIN<\/td>\n<td width=\"106\">04:04.011<\/td>\n<\/tr>\n<tr>\n<td width=\"39\">18<\/td>\n<td width=\"133\">LEMOINE CHRISTOPHE<\/td>\n<td width=\"178\">GAILLARD STEVE<\/td>\n<td width=\"106\">06:32.315<\/td>\n<\/tr>\n<tr>\n<td width=\"39\">19<\/td>\n<td width=\"133\">BERLINGIERI PASCAL<\/td>\n<td width=\"178\">TERWINGEN RONNY<\/td>\n<td width=\"106\">06:51.543<\/td>\n<\/tr>\n<tr>\n<td width=\"39\">20<\/td>\n<td width=\"133\">BEBRONNE JEREMY<\/td>\n<td width=\"178\">DELSEMME BASTIEN<\/td>\n<td width=\"106\">06:52.707<\/td>\n<\/tr>\n<tr>\n<td width=\"39\">21<\/td>\n<td width=\"133\">ROBERT JEAN-MICHEL<\/td>\n<td width=\"178\">OLISLAGERS STEPHANE<\/td>\n<td width=\"106\">10:38.814<\/td>\n<\/tr>\n<tr>\n<td width=\"39\">22<\/td>\n<td width=\"133\">LENSSENS KRISTOF<\/td>\n<td width=\"178\">LELY KIM<\/td>\n<td width=\"106\">11:21.900<\/td>\n<\/tr>\n<tr>\n<td width=\"39\">23<\/td>\n<td width=\"133\">TOULEMONDE guillaume<\/td>\n<td width=\"178\"><\/td>\n<td width=\"106\">12:29.746<\/td>\n<\/tr>\n<tr>\n<td width=\"39\">24<\/td>\n<td width=\"133\">MORONE SERGE<\/td>\n<td width=\"178\">MORONE JOHAN<\/td>\n<td width=\"106\">20:11.961<\/td>\n<\/tr>\n<tr>\n<td width=\"39\">25<\/td>\n<td width=\"133\">ROMAIN BASTIEN<\/td>\n<td width=\"178\">RYNEDYCK mathieu<\/td>\n<td width=\"106\">11 tours<\/td>\n<\/tr>\n<tr>\n<td width=\"39\">26<\/td>\n<td width=\"133\">MERCIE franz<\/td>\n<td width=\"178\">MERCIE eric<\/td>\n<td width=\"106\">01:40.521<\/td>\n<\/tr>\n<tr>\n<td width=\"39\">27<\/td>\n<td width=\"133\">DEFRERE Ben<\/td>\n<td width=\"178\">GHEUR JEAN<\/td>\n<td width=\"106\">03:26.773<\/td>\n<\/tr>\n<tr>\n<td width=\"39\">28<\/td>\n<td width=\"133\">DERMINE ARNAUD<\/td>\n<td width=\"178\">LAFORGE MICKAEL<\/td>\n<td width=\"106\">03:59.688<\/td>\n<\/tr>\n<tr>\n<td width=\"39\">29<\/td>\n<td width=\"133\">MOUTON Thomas<\/td>\n<td width=\"178\">MOUTON FRAN\u00c7OIS<\/td>\n<td width=\"106\">04:24.047<\/td>\n<\/tr>\n<tr>\n<td width=\"39\">30<\/td>\n<td width=\"133\">HENRARD PHILIPPE<\/td>\n<td width=\"178\"><\/td>\n<td width=\"106\">05:59.011<\/td>\n<\/tr>\n<tr>\n<td width=\"39\">31<\/td>\n<td width=\"133\">LOUWIES PETER<\/td>\n<td width=\"178\">HUYBRECHT WARD<\/td>\n<td width=\"106\">07:18.273<\/td>\n<\/tr>\n<tr>\n<td width=\"39\">32<\/td>\n<td width=\"133\">LEJEUNE FRED<\/td>\n<td width=\"178\">LEJEUNE Eric<\/td>\n<td width=\"106\">09:13.563<\/td>\n<\/tr>\n<tr>\n<td width=\"39\">33<\/td>\n<td width=\"133\">DUTERME PASCAL<\/td>\n<td width=\"178\">HUBERT DENIS<\/td>\n<td width=\"106\">09:37.040<\/td>\n<\/tr>\n<tr>\n<td width=\"39\">34<\/td>\n<td width=\"133\">LAHAYE MICHEL<\/td>\n<td width=\"178\">SERVAIS ADRIEN<\/td>\n<td width=\"106\">11:46.298<\/td>\n<\/tr>\n<tr>\n<td width=\"39\">35<\/td>\n<td width=\"133\">VAN DOOREN MARC<\/td>\n<td width=\"178\">FOHAL romain<\/td>\n<td width=\"106\">11:47.370<\/td>\n<\/tr>\n<tr>\n<td width=\"39\">36<\/td>\n<td width=\"133\">VAN DUYSEN Sammy<\/td>\n<td width=\"178\">VAN MALDEREN joeri<\/td>\n<td width=\"106\">11:52.666<\/td>\n<\/tr>\n<tr>\n<td width=\"39\">37<\/td>\n<td width=\"133\">BRONSART nicolas<\/td>\n<td width=\"178\">TONELLI sebastien<\/td>\n<td width=\"106\">11:59.291<\/td>\n<\/tr>\n<tr>\n<td width=\"39\">38<\/td>\n<td width=\"133\">DELAFONTAINE NICK<\/td>\n<td width=\"178\">DE FAUW Francis<\/td>\n<td width=\"106\">12:19.141<\/td>\n<\/tr>\n<tr>\n<td width=\"39\">39<\/td>\n<td width=\"133\">BARNICH TOM<\/td>\n<td width=\"178\">BECU CL\u00c9MENT<\/td>\n<td width=\"106\">13:13.205<\/td>\n<\/tr>\n<tr>\n<td width=\"39\">40<\/td>\n<td width=\"133\">DUHAINAUT OLIVIER<\/td>\n<td width=\"178\">PERSYN OLIVIER<\/td>\n<td width=\"106\">17:34.504<\/td>\n<\/tr>\n<tr>\n<td width=\"39\">41<\/td>\n<td width=\"133\">DE KLERK PETER<\/td>\n<td width=\"178\"><\/td>\n<td width=\"106\">19:31.684<\/td>\n<\/tr>\n<tr>\n<td width=\"39\">42<\/td>\n<td width=\"133\">THIENPONDT BENOIT<\/td>\n<td width=\"178\">DE VINCK MICHEL<\/td>\n<td width=\"106\">23:23.592<\/td>\n<\/tr>\n<tr>\n<td width=\"39\">43<\/td>\n<td width=\"133\">RENIERS Laurent<\/td>\n<td width=\"178\">DE VLEESCHOUWER Jean-Paul<\/td>\n<td width=\"106\">10 tours<\/td>\n<\/tr>\n<tr>\n<td width=\"39\">44<\/td>\n<td width=\"133\">SIMAL Denis<\/td>\n<td width=\"178\">BODART Ga\u00ebtan<\/td>\n<td width=\"106\">00:40.464<\/td>\n<\/tr>\n<tr>\n<td width=\"39\">45<\/td>\n<td width=\"133\">SLUSE VINCENT<\/td>\n<td width=\"178\">SLUSE adrien<\/td>\n<td width=\"106\">01:55.099<\/td>\n<\/tr>\n<tr>\n<td width=\"39\">46<\/td>\n<td width=\"133\">THUMILAIRE GILLES<\/td>\n<td width=\"178\">THUMILAIRE BRICE<\/td>\n<td width=\"106\">02:31.054<\/td>\n<\/tr>\n<tr>\n<td width=\"39\">47<\/td>\n<td width=\"133\">BILLEN dylan<\/td>\n<td width=\"178\">BILLEN krisw<\/td>\n<td width=\"106\">04:45.207<\/td>\n<\/tr>\n<tr>\n<td width=\"39\">48<\/td>\n<td width=\"133\">WAUTS SEBASTIAAN<\/td>\n<td width=\"178\">MINNE C\u00c9DRIC<\/td>\n<td width=\"106\">05:24.825<\/td>\n<\/tr>\n<tr>\n<td width=\"39\">49<\/td>\n<td width=\"133\">JUMELLE tony<\/td>\n<td width=\"178\">BURTOMBOY gregory<\/td>\n<td width=\"106\">10:16.104<\/td>\n<\/tr>\n<tr>\n<td width=\"39\">50<\/td>\n<td width=\"133\">VERVONDEL THOMAS<\/td>\n<td width=\"178\"><\/td>\n<td width=\"106\">12:43.483<\/td>\n<\/tr>\n<tr>\n<td width=\"39\">51<\/td>\n<td width=\"133\">VANCOMPERNOLLE filip<\/td>\n<td width=\"178\">VANCOMPERNOLLE lowie<\/td>\n<td width=\"106\">13:31.796<\/td>\n<\/tr>\n<tr>\n<td width=\"39\">52<\/td>\n<td width=\"133\">MIGEOTTE JACQUES<\/td>\n<td width=\"178\">MIGEOTTE DYLAN<\/td>\n<td width=\"106\">13:53.524<\/td>\n<\/tr>\n<tr>\n<td width=\"39\">53<\/td>\n<td width=\"133\">FAUCON OLIVIER<\/td>\n<td width=\"178\">CABU JEAN-FRANCOIS<\/td>\n<td width=\"106\">14:14.145<\/td>\n<\/tr>\n<tr>\n<td width=\"39\">54<\/td>\n<td width=\"133\">DE BAERDEMAEKER Robby<\/td>\n<td width=\"178\">DEFOUR Wannes<\/td>\n<td width=\"106\">20:31.358<\/td>\n<\/tr>\n<tr>\n<td width=\"39\">55<\/td>\n<td width=\"133\">BAELEMANS KIM<\/td>\n<td width=\"178\">VAN DUN Steven<\/td>\n<td width=\"106\">9 tours<\/td>\n<\/tr>\n<tr>\n<td width=\"39\">56<\/td>\n<td width=\"133\">VERHELST Raf<\/td>\n<td width=\"178\"><\/td>\n<td width=\"106\">41:52.383<\/td>\n<\/tr>\n<tr>\n<td width=\"39\">57<\/td>\n<td width=\"133\">LIEVENS BENOIT<\/td>\n<td width=\"178\">OGER Adrien<\/td>\n<td width=\"106\">49:58.126<\/td>\n<\/tr>\n<tr>\n<td width=\"39\">58<\/td>\n<td width=\"133\">POTHIER ROMAIN<\/td>\n<td width=\"178\">FRENDT LOUIS<\/td>\n<td width=\"106\">54:42.598<\/td>\n<\/tr>\n<tr>\n<td width=\"39\">59<\/td>\n<td width=\"133\">VANSTEENKISTE Sam<\/td>\n<td width=\"178\">VERBEKE Benoit<\/td>\n<td width=\"106\">58:59.052<\/td>\n<\/tr>\n<tr>\n<td width=\"39\">60<\/td>\n<td width=\"133\">SCHREURS Olivier<\/td>\n<td width=\"178\">MASSART joey<\/td>\n<td width=\"106\">00:08.644<\/td>\n<\/tr>\n<tr>\n<td width=\"39\">61<\/td>\n<td width=\"133\">TEMMERMAN luc<\/td>\n<td width=\"178\">RAICKMAN Fabrice<\/td>\n<td width=\"106\">11:25.179<\/td>\n<\/tr>\n<tr>\n<td width=\"39\">62<\/td>\n<td width=\"133\">MULLER JEANNOT<\/td>\n<td width=\"178\">MULLER eric<\/td>\n<td width=\"106\">8 tours<\/td>\n<\/tr>\n<tr>\n<td width=\"39\">63<\/td>\n<td width=\"133\">PHILIPS HENDRIK<\/td>\n<td width=\"178\"><\/td>\n<td width=\"106\">28:48.421<\/td>\n<\/tr>\n<tr>\n<td width=\"39\">64<\/td>\n<td width=\"133\">SIMAL jonathan<\/td>\n<td width=\"178\">FRERARD ANTHONY<\/td>\n<td width=\"106\">29:50.352<\/td>\n<\/tr>\n<tr>\n<td width=\"39\">65<\/td>\n<td width=\"133\">NOWAK Aloys<\/td>\n<td width=\"178\">BARBE Aurelien<\/td>\n<td width=\"106\">31:50.832<\/td>\n<\/tr>\n<tr>\n<td width=\"39\">66<\/td>\n<td width=\"133\">REGNIER Bastien<\/td>\n<td width=\"178\"><\/td>\n<td width=\"106\">33:15.981<\/td>\n<\/tr>\n<tr>\n<td width=\"39\">67<\/td>\n<td width=\"133\">DE WILDE NICO<\/td>\n<td width=\"178\">LOTHAR DESMET<\/td>\n<td width=\"106\">34:04.341<\/td>\n<\/tr>\n<tr>\n<td width=\"39\">68<\/td>\n<td width=\"133\">VANSTEENWINCKEL sam<\/td>\n<td width=\"178\">GOVAERT GEERT<\/td>\n<td width=\"106\">34:30.041<\/td>\n<\/tr>\n<tr>\n<td width=\"39\">69<\/td>\n<td width=\"133\">HENSEN Sander<\/td>\n<td width=\"178\">HENSEN robby<\/td>\n<td width=\"106\">35:55.208<\/td>\n<\/tr>\n<tr>\n<td width=\"39\">70<\/td>\n<td width=\"133\">NOWAK Marion<\/td>\n<td width=\"178\">MOUGIN J\u00e9r\u00f4me<\/td>\n<td width=\"106\">38:24.548<\/td>\n<\/tr>\n<tr>\n<td width=\"39\">71<\/td>\n<td width=\"133\">ZUCCHELLI ADRIEN<\/td>\n<td width=\"178\"><\/td>\n<td width=\"106\">38:51.265<\/td>\n<\/tr>\n<tr>\n<td width=\"39\">72<\/td>\n<td width=\"133\">LEMAIRE THEO<\/td>\n<td width=\"178\">POLIN Emile<\/td>\n<td width=\"106\">39:33.112<\/td>\n<\/tr>\n<tr>\n<td width=\"39\">73<\/td>\n<td width=\"133\">DEGOSSELY adrien<\/td>\n<td width=\"178\">COURTIN david<\/td>\n<td width=\"106\">44:30.249<\/td>\n<\/tr>\n<tr>\n<td width=\"39\">74<\/td>\n<td width=\"133\">LEP\u00c8RE GEOFFREY<\/td>\n<td width=\"178\">WYCKMANS Boris<\/td>\n<td width=\"106\">51:05.494<\/td>\n<\/tr>\n<tr>\n<td width=\"39\">75<\/td>\n<td width=\"133\">HAESAERTS ROBERT<\/td>\n<td width=\"178\">HAESAERTS JIM<\/td>\n<td width=\"106\">55:15.779<\/td>\n<\/tr>\n<tr>\n<td width=\"39\">76<\/td>\n<td width=\"133\">CRAENHALS TOM<\/td>\n<td width=\"178\"><\/td>\n<td width=\"106\">7 tours<\/td>\n<\/tr>\n<tr>\n<td width=\"39\">77<\/td>\n<td width=\"133\">GAUDRY CEDRIC<\/td>\n<td width=\"178\">HANNECART CHRISTOPHER<\/td>\n<td width=\"106\">02:15.452<\/td>\n<\/tr>\n<tr>\n<td width=\"39\">78<\/td>\n<td width=\"133\">BASTIN JEREMY<\/td>\n<td width=\"178\"><\/td>\n<td width=\"106\">11:37.136<\/td>\n<\/tr>\n<tr>\n<td width=\"39\">79<\/td>\n<td width=\"133\">MICHEL JONATHAN<\/td>\n<td width=\"178\">MICHEL JORDAN<\/td>\n<td width=\"106\">18:00.413<\/td>\n<\/tr>\n<tr>\n<td width=\"39\">80<\/td>\n<td width=\"133\">MELIS GILLES<\/td>\n<td width=\"178\"><\/td>\n<td width=\"106\">32:23.980<\/td>\n<\/tr>\n<tr>\n<td width=\"39\">81<\/td>\n<td width=\"133\">GRAVELINE DORIAN<\/td>\n<td width=\"178\">GRAVELINE THOMAS<\/td>\n<td width=\"106\">33:48.242<\/td>\n<\/tr>\n<tr>\n<td width=\"39\">82<\/td>\n<td width=\"133\">CZOKOW Andre<\/td>\n<td width=\"178\">CAYZAC JONATHAN<\/td>\n<td width=\"106\">6 tours<\/td>\n<\/tr>\n<tr>\n<td width=\"39\">83<\/td>\n<td width=\"133\">HERMANS nicolas<\/td>\n<td width=\"178\">FRAIPONT stephane<\/td>\n<td width=\"106\">06:47.942<\/td>\n<\/tr>\n<tr>\n<td width=\"39\">84<\/td>\n<td width=\"133\">NICOLAS Endy<\/td>\n<td width=\"178\">MARTELLEUR MICHAEL<\/td>\n<td width=\"106\">07:29.693<\/td>\n<\/tr>\n<tr>\n<td width=\"39\">85<\/td>\n<td width=\"133\">ITTELET BASTIEN<\/td>\n<td width=\"178\">MAUPERTUIS FREDERIC<\/td>\n<td width=\"106\">08:57.445<\/td>\n<\/tr>\n<tr>\n<td width=\"39\">86<\/td>\n<td width=\"133\">CHETIOUI Damien<\/td>\n<td width=\"178\">RENIERS christophe<\/td>\n<td width=\"106\">23:50.603<\/td>\n<\/tr>\n<tr>\n<td width=\"39\">87<\/td>\n<td width=\"133\">TUSSING KEVIN<\/td>\n<td width=\"178\"><\/td>\n<td width=\"106\">24:42.208<\/td>\n<\/tr>\n<tr>\n<td width=\"39\">88<\/td>\n<td width=\"133\">SILVERIO COSTA RUBEN<\/td>\n<td width=\"178\"><\/td>\n<td width=\"106\">27:48.052<\/td>\n<\/tr>\n<tr>\n<td width=\"39\">89<\/td>\n<td width=\"133\">NO\u00cb Guillaume<\/td>\n<td width=\"178\">VAN BOSSTRAETEN Cyriel<\/td>\n<td width=\"106\">33:09.924<\/td>\n<\/tr>\n<tr>\n<td width=\"39\">90<\/td>\n<td width=\"133\">ROGIERS joris<\/td>\n<td width=\"178\">MEERT cedric<\/td>\n<td width=\"106\">35:09.908<\/td>\n<\/tr>\n<tr>\n<td width=\"39\">91<\/td>\n<td width=\"133\">BIJNENS jos<\/td>\n<td width=\"178\"><\/td>\n<td width=\"106\">4 tours<\/td>\n<\/tr>\n<tr>\n<td width=\"39\">92<\/td>\n<td width=\"133\">GALANTE florian<\/td>\n<td width=\"178\">BOUILLON SEB<\/td>\n<td width=\"106\">05:45.815<\/td>\n<\/tr>\n<tr>\n<td width=\"39\">93<\/td>\n<td width=\"133\">GEERTS Frederik<\/td>\n<td width=\"178\">VANSCHAEMELHOUT Stijn<\/td>\n<td width=\"106\">38:51.378<\/td>\n<\/tr>\n<tr>\n<td width=\"39\">94<\/td>\n<td width=\"133\">MINET GILLES<\/td>\n<td width=\"178\">MINIET CYRIL<\/td>\n<td width=\"106\">02:10.299<\/td>\n<\/tr>\n<tr>\n<td width=\"39\">95<\/td>\n<td width=\"133\">GOOSSENS Geert<\/td>\n<td width=\"178\">GABRIELS Erwin<\/td>\n<td width=\"106\">3 tours<\/td>\n<\/tr>\n<tr>\n<td width=\"39\">96<\/td>\n<td width=\"133\">WECKX TOM<\/td>\n<td width=\"178\"><\/td>\n<td width=\"106\">19:30.742<\/td>\n<\/tr>\n<tr>\n<td width=\"39\">97<\/td>\n<td width=\"133\">VERITER DIMITRY<\/td>\n<td width=\"178\">DEHON Vincent<\/td>\n<td width=\"106\">50:29.160<\/td>\n<\/tr>\n<tr>\n<td width=\"39\">98<\/td>\n<td width=\"133\">BAIRIN Jean-Luc<\/td>\n<td width=\"178\">BAIRIN Alexandre<\/td>\n<td width=\"106\">23:15.249<\/td>\n<\/tr>\n<tr>\n<td width=\"39\">99<\/td>\n<td width=\"133\">GOVAERTS SANDER<\/td>\n<td width=\"178\"><\/td>\n<td width=\"106\">2 tours<\/td>\n<\/tr>\n<tr>\n<td width=\"39\">100<\/td>\n<td width=\"133\">RONSMANS Jeffrey<\/td>\n<td width=\"178\">MERTENS NICK<\/td>\n<td width=\"106\">05:45.112<\/td>\n<\/tr>\n<tr>\n<td width=\"39\">101<\/td>\n<td width=\"133\">ARNAUTS JOHNNY<\/td>\n<td width=\"178\">BRUNSON STEPHANE<\/td>\n<td width=\"106\">07:00.832<\/td>\n<\/tr>\n<tr>\n<td width=\"39\">102<\/td>\n<td width=\"133\">KIEFFER Patrick<\/td>\n<td width=\"178\"><\/td>\n<td width=\"106\">11:22.359<\/td>\n<\/tr>\n<tr>\n<td width=\"39\">103<\/td>\n<td width=\"133\">SCHELLINCK VINCENT<\/td>\n<td width=\"178\"><\/td>\n<td width=\"106\">25:27.524<\/td>\n<\/tr>\n<tr>\n<td width=\"39\">104<\/td>\n<td width=\"133\">VERVAEKE Julien<\/td>\n<td width=\"178\">NOEL hugues<\/td>\n<td width=\"106\">29:53.917<\/td>\n<\/tr>\n<tr>\n<td width=\"39\">105<\/td>\n<td width=\"133\">DELHI\u00c8RE Nicolas<\/td>\n<td width=\"178\">FRASELLE Mathieu<\/td>\n<td width=\"106\">03:06.735<\/td>\n<\/tr>\n<tr>\n<td width=\"39\">106<\/td>\n<td width=\"133\">ALEXANDRE FLORENT<\/td>\n<td width=\"178\"><\/td>\n<td width=\"106\">05:33.698<\/td>\n<\/tr>\n<tr>\n<td width=\"39\">107<\/td>\n<td width=\"133\">THOMAS KEVIN<\/td>\n<td width=\"178\">PAPART Julien<\/td>\n<td width=\"106\">1 tour<\/td>\n<\/tr>\n<tr>\n<td width=\"39\">108<\/td>\n<td width=\"133\">NOPPE CEDRIC<\/td>\n<td width=\"178\"><\/td>\n<td width=\"106\">00:19.461<\/td>\n<\/tr>\n<tr>\n<td width=\"39\">109<\/td>\n<td width=\"133\">KIEFFER Serge<\/td>\n<td width=\"178\"><\/td>\n<td width=\"106\">11:55.289<\/td>\n<\/tr>\n<tr>\n<td width=\"39\">110<\/td>\n<td width=\"133\">REGNIER GUILLAUME<\/td>\n<td width=\"178\"><\/td>\n<td width=\"106\">34:06.505<\/td>\n<\/tr>\n<\/tbody>\n<\/table>\n<div id=\"ConnectiveDocSignExtentionInstalled\" data-extension-version=\"1.0.4\"><\/div>\n","protected":false},"excerpt":{"rendered":"<p>J\u00e9r\u00f4me Martiny n&rsquo;a pas remport\u00e9 de 9\u00e8me succ\u00e8s cons\u00e9cutif sur le Honville Cross Country. La finale du championnat BOXC a sacr\u00e9 ce dimanche le redoutable tandem compos\u00e9 par les deux [&#8230;]<\/p>\n","protected":false},"author":932,"featured_media":53548,"comment_status":"open","ping_status":"closed","sticky":false,"template":"","format":"standard","meta":{"footnotes":""},"categories":[54,32,33,55,56,65],"tags":[1167,1168,427,951],"class_list":["post-97945","post","type-post","status-publish","format-standard","has-post-thumbnail","hentry","category-actualite","category-enduro","category-news-enduro","category-news-actualite","category-resultats","category-slideshow","tag-bex","tag-boxc","tag-endurance","tag-enduro"],"yoast_head":"<!-- This site is optimized with the Yoast SEO plugin v27.4 - https:\/\/yoast.com\/product\/yoast-seo-wordpress\/ -->\n<title>Antoine Magain et Matthew Vanoevelen imp\u00e9riaux sur le Honville Cross Country - Motocross - Enduro - Supermoto | MotocrossMag<\/title>\n<meta name=\"robots\" content=\"index, follow, max-snippet:-1, max-image-preview:large, max-video-preview:-1\" \/>\n<link rel=\"canonical\" href=\"https:\/\/fr.motocrossmag.be\/index.php\/2019\/10\/antoine-magain-et-matthew-vanoevelen-imperiaux-sur-le-honville-cross-country\/\" \/>\n<meta property=\"og:locale\" content=\"fr_FR\" \/>\n<meta property=\"og:type\" content=\"article\" \/>\n<meta property=\"og:title\" content=\"Antoine Magain et Matthew Vanoevelen imp\u00e9riaux sur le Honville Cross Country - Motocross - Enduro - Supermoto | MotocrossMag\" \/>\n<meta property=\"og:description\" content=\"J\u00e9r\u00f4me Martiny n&rsquo;a pas remport\u00e9 de 9\u00e8me succ\u00e8s cons\u00e9cutif sur le Honville Cross Country. La finale du championnat BOXC a sacr\u00e9 ce dimanche le redoutable tandem compos\u00e9 par les deux [...]\" \/>\n<meta property=\"og:url\" content=\"https:\/\/fr.motocrossmag.be\/index.php\/2019\/10\/antoine-magain-et-matthew-vanoevelen-imperiaux-sur-le-honville-cross-country\/\" \/>\n<meta property=\"og:site_name\" content=\"Motocross - Enduro - Supermoto | MotocrossMag\" \/>\n<meta property=\"article:published_time\" content=\"2019-10-20T20:07:21+00:00\" \/>\n<meta property=\"article:modified_time\" content=\"2019-10-20T20:09:47+00:00\" \/>\n<meta property=\"og:image\" content=\"https:\/\/fr.motocrossmag.be\/wp-content\/uploads\/2016\/10\/Cross_country_honvilles_lassenceloic-6.jpg\" \/>\n\t<meta property=\"og:image:width\" content=\"1400\" \/>\n\t<meta property=\"og:image:height\" content=\"933\" \/>\n\t<meta property=\"og:image:type\" content=\"image\/jpeg\" \/>\n<meta name=\"author\" content=\"oliviere\" \/>\n<meta name=\"twitter:card\" content=\"summary_large_image\" \/>\n<meta name=\"twitter:label1\" content=\"\u00c9crit par\" \/>\n\t<meta name=\"twitter:data1\" content=\"oliviere\" \/>\n\t<meta name=\"twitter:label2\" content=\"Dur\u00e9e de lecture estim\u00e9e\" \/>\n\t<meta name=\"twitter:data2\" content=\"3 minutes\" \/>\n<script type=\"application\/ld+json\" class=\"yoast-schema-graph\">{\"@context\":\"https:\\\/\\\/schema.org\",\"@graph\":[{\"@type\":\"Article\",\"@id\":\"https:\\\/\\\/fr.motocrossmag.be\\\/index.php\\\/2019\\\/10\\\/antoine-magain-et-matthew-vanoevelen-imperiaux-sur-le-honville-cross-country\\\/#article\",\"isPartOf\":{\"@id\":\"https:\\\/\\\/fr.motocrossmag.be\\\/index.php\\\/2019\\\/10\\\/antoine-magain-et-matthew-vanoevelen-imperiaux-sur-le-honville-cross-country\\\/\"},\"author\":{\"name\":\"oliviere\",\"@id\":\"https:\\\/\\\/fr.motocrossmag.be\\\/#\\\/schema\\\/person\\\/11b47143d9f755babca2c9110e03235c\"},\"headline\":\"Antoine Magain et Matthew Vanoevelen imp\u00e9riaux sur le Honville Cross Country\",\"datePublished\":\"2019-10-20T20:07:21+00:00\",\"dateModified\":\"2019-10-20T20:09:47+00:00\",\"mainEntityOfPage\":{\"@id\":\"https:\\\/\\\/fr.motocrossmag.be\\\/index.php\\\/2019\\\/10\\\/antoine-magain-et-matthew-vanoevelen-imperiaux-sur-le-honville-cross-country\\\/\"},\"wordCount\":643,\"commentCount\":0,\"image\":{\"@id\":\"https:\\\/\\\/fr.motocrossmag.be\\\/index.php\\\/2019\\\/10\\\/antoine-magain-et-matthew-vanoevelen-imperiaux-sur-le-honville-cross-country\\\/#primaryimage\"},\"thumbnailUrl\":\"https:\\\/\\\/fr.motocrossmag.be\\\/wp-content\\\/uploads\\\/2016\\\/10\\\/Cross_country_honvilles_lassenceloic-6.jpg\",\"keywords\":[\"BEX\",\"BOXC\",\"endurance\",\"Enduro\"],\"articleSection\":[\"Actualit\u00e9\",\"Enduro\",\"News\",\"News\",\"R\u00e9sultats\",\"Slideshow\"],\"inLanguage\":\"fr-FR\",\"potentialAction\":[{\"@type\":\"CommentAction\",\"name\":\"Comment\",\"target\":[\"https:\\\/\\\/fr.motocrossmag.be\\\/index.php\\\/2019\\\/10\\\/antoine-magain-et-matthew-vanoevelen-imperiaux-sur-le-honville-cross-country\\\/#respond\"]}]},{\"@type\":\"WebPage\",\"@id\":\"https:\\\/\\\/fr.motocrossmag.be\\\/index.php\\\/2019\\\/10\\\/antoine-magain-et-matthew-vanoevelen-imperiaux-sur-le-honville-cross-country\\\/\",\"url\":\"https:\\\/\\\/fr.motocrossmag.be\\\/index.php\\\/2019\\\/10\\\/antoine-magain-et-matthew-vanoevelen-imperiaux-sur-le-honville-cross-country\\\/\",\"name\":\"Antoine Magain et Matthew Vanoevelen imp\u00e9riaux sur le Honville Cross Country - Motocross - Enduro - Supermoto | MotocrossMag\",\"isPartOf\":{\"@id\":\"https:\\\/\\\/fr.motocrossmag.be\\\/#website\"},\"primaryImageOfPage\":{\"@id\":\"https:\\\/\\\/fr.motocrossmag.be\\\/index.php\\\/2019\\\/10\\\/antoine-magain-et-matthew-vanoevelen-imperiaux-sur-le-honville-cross-country\\\/#primaryimage\"},\"image\":{\"@id\":\"https:\\\/\\\/fr.motocrossmag.be\\\/index.php\\\/2019\\\/10\\\/antoine-magain-et-matthew-vanoevelen-imperiaux-sur-le-honville-cross-country\\\/#primaryimage\"},\"thumbnailUrl\":\"https:\\\/\\\/fr.motocrossmag.be\\\/wp-content\\\/uploads\\\/2016\\\/10\\\/Cross_country_honvilles_lassenceloic-6.jpg\",\"datePublished\":\"2019-10-20T20:07:21+00:00\",\"dateModified\":\"2019-10-20T20:09:47+00:00\",\"author\":{\"@id\":\"https:\\\/\\\/fr.motocrossmag.be\\\/#\\\/schema\\\/person\\\/11b47143d9f755babca2c9110e03235c\"},\"breadcrumb\":{\"@id\":\"https:\\\/\\\/fr.motocrossmag.be\\\/index.php\\\/2019\\\/10\\\/antoine-magain-et-matthew-vanoevelen-imperiaux-sur-le-honville-cross-country\\\/#breadcrumb\"},\"inLanguage\":\"fr-FR\",\"potentialAction\":[{\"@type\":\"ReadAction\",\"target\":[\"https:\\\/\\\/fr.motocrossmag.be\\\/index.php\\\/2019\\\/10\\\/antoine-magain-et-matthew-vanoevelen-imperiaux-sur-le-honville-cross-country\\\/\"]}]},{\"@type\":\"ImageObject\",\"inLanguage\":\"fr-FR\",\"@id\":\"https:\\\/\\\/fr.motocrossmag.be\\\/index.php\\\/2019\\\/10\\\/antoine-magain-et-matthew-vanoevelen-imperiaux-sur-le-honville-cross-country\\\/#primaryimage\",\"url\":\"https:\\\/\\\/fr.motocrossmag.be\\\/wp-content\\\/uploads\\\/2016\\\/10\\\/Cross_country_honvilles_lassenceloic-6.jpg\",\"contentUrl\":\"https:\\\/\\\/fr.motocrossmag.be\\\/wp-content\\\/uploads\\\/2016\\\/10\\\/Cross_country_honvilles_lassenceloic-6.jpg\",\"width\":1400,\"height\":933},{\"@type\":\"BreadcrumbList\",\"@id\":\"https:\\\/\\\/fr.motocrossmag.be\\\/index.php\\\/2019\\\/10\\\/antoine-magain-et-matthew-vanoevelen-imperiaux-sur-le-honville-cross-country\\\/#breadcrumb\",\"itemListElement\":[{\"@type\":\"ListItem\",\"position\":1,\"name\":\"Accueil\",\"item\":\"https:\\\/\\\/fr.motocrossmag.be\\\/\"},{\"@type\":\"ListItem\",\"position\":2,\"name\":\"Antoine Magain et Matthew Vanoevelen imp\u00e9riaux sur le Honville Cross Country\"}]},{\"@type\":\"WebSite\",\"@id\":\"https:\\\/\\\/fr.motocrossmag.be\\\/#website\",\"url\":\"https:\\\/\\\/fr.motocrossmag.be\\\/\",\"name\":\"Motocross - Enduro - Supermoto | MotocrossMag\",\"description\":\"L&#039;actualit\u00e9 du motocross, de l&#039;enduro et du Supermoto en ligne!\",\"potentialAction\":[{\"@type\":\"SearchAction\",\"target\":{\"@type\":\"EntryPoint\",\"urlTemplate\":\"https:\\\/\\\/fr.motocrossmag.be\\\/?s={search_term_string}\"},\"query-input\":{\"@type\":\"PropertyValueSpecification\",\"valueRequired\":true,\"valueName\":\"search_term_string\"}}],\"inLanguage\":\"fr-FR\"},{\"@type\":\"Person\",\"@id\":\"https:\\\/\\\/fr.motocrossmag.be\\\/#\\\/schema\\\/person\\\/11b47143d9f755babca2c9110e03235c\",\"name\":\"oliviere\",\"image\":{\"@type\":\"ImageObject\",\"inLanguage\":\"fr-FR\",\"@id\":\"https:\\\/\\\/secure.gravatar.com\\\/avatar\\\/907069e0b81d119452040469e4a7501da1100f54f7f80180ce77bfab718288f6?s=96&d=mm&r=g\",\"url\":\"https:\\\/\\\/secure.gravatar.com\\\/avatar\\\/907069e0b81d119452040469e4a7501da1100f54f7f80180ce77bfab718288f6?s=96&d=mm&r=g\",\"contentUrl\":\"https:\\\/\\\/secure.gravatar.com\\\/avatar\\\/907069e0b81d119452040469e4a7501da1100f54f7f80180ce77bfab718288f6?s=96&d=mm&r=g\",\"caption\":\"oliviere\"},\"sameAs\":[\"http:\\\/\\\/www.motocrossmag.be\"],\"url\":\"https:\\\/\\\/fr.motocrossmag.be\\\/index.php\\\/author\\\/oliviere\\\/\"}]}<\/script>\n<!-- \/ Yoast SEO plugin. -->","yoast_head_json":{"title":"Antoine Magain et Matthew Vanoevelen imp\u00e9riaux sur le Honville Cross Country - Motocross - Enduro - Supermoto | MotocrossMag","robots":{"index":"index","follow":"follow","max-snippet":"max-snippet:-1","max-image-preview":"max-image-preview:large","max-video-preview":"max-video-preview:-1"},"canonical":"https:\/\/fr.motocrossmag.be\/index.php\/2019\/10\/antoine-magain-et-matthew-vanoevelen-imperiaux-sur-le-honville-cross-country\/","og_locale":"fr_FR","og_type":"article","og_title":"Antoine Magain et Matthew Vanoevelen imp\u00e9riaux sur le Honville Cross Country - Motocross - Enduro - Supermoto | MotocrossMag","og_description":"J\u00e9r\u00f4me Martiny n&rsquo;a pas remport\u00e9 de 9\u00e8me succ\u00e8s cons\u00e9cutif sur le Honville Cross Country. La finale du championnat BOXC a sacr\u00e9 ce dimanche le redoutable tandem compos\u00e9 par les deux [...]","og_url":"https:\/\/fr.motocrossmag.be\/index.php\/2019\/10\/antoine-magain-et-matthew-vanoevelen-imperiaux-sur-le-honville-cross-country\/","og_site_name":"Motocross - Enduro - Supermoto | MotocrossMag","article_published_time":"2019-10-20T20:07:21+00:00","article_modified_time":"2019-10-20T20:09:47+00:00","og_image":[{"width":1400,"height":933,"url":"https:\/\/fr.motocrossmag.be\/wp-content\/uploads\/2016\/10\/Cross_country_honvilles_lassenceloic-6.jpg","type":"image\/jpeg"}],"author":"oliviere","twitter_card":"summary_large_image","twitter_misc":{"\u00c9crit par":"oliviere","Dur\u00e9e de lecture estim\u00e9e":"3 minutes"},"schema":{"@context":"https:\/\/schema.org","@graph":[{"@type":"Article","@id":"https:\/\/fr.motocrossmag.be\/index.php\/2019\/10\/antoine-magain-et-matthew-vanoevelen-imperiaux-sur-le-honville-cross-country\/#article","isPartOf":{"@id":"https:\/\/fr.motocrossmag.be\/index.php\/2019\/10\/antoine-magain-et-matthew-vanoevelen-imperiaux-sur-le-honville-cross-country\/"},"author":{"name":"oliviere","@id":"https:\/\/fr.motocrossmag.be\/#\/schema\/person\/11b47143d9f755babca2c9110e03235c"},"headline":"Antoine Magain et Matthew Vanoevelen imp\u00e9riaux sur le Honville Cross Country","datePublished":"2019-10-20T20:07:21+00:00","dateModified":"2019-10-20T20:09:47+00:00","mainEntityOfPage":{"@id":"https:\/\/fr.motocrossmag.be\/index.php\/2019\/10\/antoine-magain-et-matthew-vanoevelen-imperiaux-sur-le-honville-cross-country\/"},"wordCount":643,"commentCount":0,"image":{"@id":"https:\/\/fr.motocrossmag.be\/index.php\/2019\/10\/antoine-magain-et-matthew-vanoevelen-imperiaux-sur-le-honville-cross-country\/#primaryimage"},"thumbnailUrl":"https:\/\/fr.motocrossmag.be\/wp-content\/uploads\/2016\/10\/Cross_country_honvilles_lassenceloic-6.jpg","keywords":["BEX","BOXC","endurance","Enduro"],"articleSection":["Actualit\u00e9","Enduro","News","News","R\u00e9sultats","Slideshow"],"inLanguage":"fr-FR","potentialAction":[{"@type":"CommentAction","name":"Comment","target":["https:\/\/fr.motocrossmag.be\/index.php\/2019\/10\/antoine-magain-et-matthew-vanoevelen-imperiaux-sur-le-honville-cross-country\/#respond"]}]},{"@type":"WebPage","@id":"https:\/\/fr.motocrossmag.be\/index.php\/2019\/10\/antoine-magain-et-matthew-vanoevelen-imperiaux-sur-le-honville-cross-country\/","url":"https:\/\/fr.motocrossmag.be\/index.php\/2019\/10\/antoine-magain-et-matthew-vanoevelen-imperiaux-sur-le-honville-cross-country\/","name":"Antoine Magain et Matthew Vanoevelen imp\u00e9riaux sur le Honville Cross Country - Motocross - Enduro - Supermoto | MotocrossMag","isPartOf":{"@id":"https:\/\/fr.motocrossmag.be\/#website"},"primaryImageOfPage":{"@id":"https:\/\/fr.motocrossmag.be\/index.php\/2019\/10\/antoine-magain-et-matthew-vanoevelen-imperiaux-sur-le-honville-cross-country\/#primaryimage"},"image":{"@id":"https:\/\/fr.motocrossmag.be\/index.php\/2019\/10\/antoine-magain-et-matthew-vanoevelen-imperiaux-sur-le-honville-cross-country\/#primaryimage"},"thumbnailUrl":"https:\/\/fr.motocrossmag.be\/wp-content\/uploads\/2016\/10\/Cross_country_honvilles_lassenceloic-6.jpg","datePublished":"2019-10-20T20:07:21+00:00","dateModified":"2019-10-20T20:09:47+00:00","author":{"@id":"https:\/\/fr.motocrossmag.be\/#\/schema\/person\/11b47143d9f755babca2c9110e03235c"},"breadcrumb":{"@id":"https:\/\/fr.motocrossmag.be\/index.php\/2019\/10\/antoine-magain-et-matthew-vanoevelen-imperiaux-sur-le-honville-cross-country\/#breadcrumb"},"inLanguage":"fr-FR","potentialAction":[{"@type":"ReadAction","target":["https:\/\/fr.motocrossmag.be\/index.php\/2019\/10\/antoine-magain-et-matthew-vanoevelen-imperiaux-sur-le-honville-cross-country\/"]}]},{"@type":"ImageObject","inLanguage":"fr-FR","@id":"https:\/\/fr.motocrossmag.be\/index.php\/2019\/10\/antoine-magain-et-matthew-vanoevelen-imperiaux-sur-le-honville-cross-country\/#primaryimage","url":"https:\/\/fr.motocrossmag.be\/wp-content\/uploads\/2016\/10\/Cross_country_honvilles_lassenceloic-6.jpg","contentUrl":"https:\/\/fr.motocrossmag.be\/wp-content\/uploads\/2016\/10\/Cross_country_honvilles_lassenceloic-6.jpg","width":1400,"height":933},{"@type":"BreadcrumbList","@id":"https:\/\/fr.motocrossmag.be\/index.php\/2019\/10\/antoine-magain-et-matthew-vanoevelen-imperiaux-sur-le-honville-cross-country\/#breadcrumb","itemListElement":[{"@type":"ListItem","position":1,"name":"Accueil","item":"https:\/\/fr.motocrossmag.be\/"},{"@type":"ListItem","position":2,"name":"Antoine Magain et Matthew Vanoevelen imp\u00e9riaux sur le Honville Cross Country"}]},{"@type":"WebSite","@id":"https:\/\/fr.motocrossmag.be\/#website","url":"https:\/\/fr.motocrossmag.be\/","name":"Motocross - Enduro - Supermoto | MotocrossMag","description":"L&#039;actualit\u00e9 du motocross, de l&#039;enduro et du Supermoto en ligne!","potentialAction":[{"@type":"SearchAction","target":{"@type":"EntryPoint","urlTemplate":"https:\/\/fr.motocrossmag.be\/?s={search_term_string}"},"query-input":{"@type":"PropertyValueSpecification","valueRequired":true,"valueName":"search_term_string"}}],"inLanguage":"fr-FR"},{"@type":"Person","@id":"https:\/\/fr.motocrossmag.be\/#\/schema\/person\/11b47143d9f755babca2c9110e03235c","name":"oliviere","image":{"@type":"ImageObject","inLanguage":"fr-FR","@id":"https:\/\/secure.gravatar.com\/avatar\/907069e0b81d119452040469e4a7501da1100f54f7f80180ce77bfab718288f6?s=96&d=mm&r=g","url":"https:\/\/secure.gravatar.com\/avatar\/907069e0b81d119452040469e4a7501da1100f54f7f80180ce77bfab718288f6?s=96&d=mm&r=g","contentUrl":"https:\/\/secure.gravatar.com\/avatar\/907069e0b81d119452040469e4a7501da1100f54f7f80180ce77bfab718288f6?s=96&d=mm&r=g","caption":"oliviere"},"sameAs":["http:\/\/www.motocrossmag.be"],"url":"https:\/\/fr.motocrossmag.be\/index.php\/author\/oliviere\/"}]}},"_links":{"self":[{"href":"https:\/\/fr.motocrossmag.be\/index.php\/wp-json\/wp\/v2\/posts\/97945","targetHints":{"allow":["GET"]}}],"collection":[{"href":"https:\/\/fr.motocrossmag.be\/index.php\/wp-json\/wp\/v2\/posts"}],"about":[{"href":"https:\/\/fr.motocrossmag.be\/index.php\/wp-json\/wp\/v2\/types\/post"}],"author":[{"embeddable":true,"href":"https:\/\/fr.motocrossmag.be\/index.php\/wp-json\/wp\/v2\/users\/932"}],"replies":[{"embeddable":true,"href":"https:\/\/fr.motocrossmag.be\/index.php\/wp-json\/wp\/v2\/comments?post=97945"}],"version-history":[{"count":0,"href":"https:\/\/fr.motocrossmag.be\/index.php\/wp-json\/wp\/v2\/posts\/97945\/revisions"}],"wp:featuredmedia":[{"embeddable":true,"href":"https:\/\/fr.motocrossmag.be\/index.php\/wp-json\/wp\/v2\/media\/53548"}],"wp:attachment":[{"href":"https:\/\/fr.motocrossmag.be\/index.php\/wp-json\/wp\/v2\/media?parent=97945"}],"wp:term":[{"taxonomy":"category","embeddable":true,"href":"https:\/\/fr.motocrossmag.be\/index.php\/wp-json\/wp\/v2\/categories?post=97945"},{"taxonomy":"post_tag","embeddable":true,"href":"https:\/\/fr.motocrossmag.be\/index.php\/wp-json\/wp\/v2\/tags?post=97945"}],"curies":[{"name":"wp","href":"https:\/\/api.w.org\/{rel}","templated":true}]}}