{"id":98005,"date":"2019-10-24T16:38:00","date_gmt":"2019-10-24T14:38:00","guid":{"rendered":"https:\/\/fr.motocrossmag.be\/?p=98005"},"modified":"2019-10-25T14:58:22","modified_gmt":"2019-10-25T12:58:22","slug":"des-ktm-en-edition-limitee-la-250-sx-f-prado-et-la-450-sx-f-cairoli","status":"publish","type":"post","link":"https:\/\/fr.motocrossmag.be\/index.php\/2019\/10\/des-ktm-en-edition-limitee-la-250-sx-f-prado-et-la-450-sx-f-cairoli\/","title":{"rendered":"Des KTM en \u00e9dition limit\u00e9e : la 250 SX-F Prado et la 450 SX-F Cairoli"},"content":{"rendered":"<p><strong>KTM vient de pr\u00e9senter ses deux mod\u00e8les \u00ab\u00a0Factory Edition\u00a0\u00bb 2020. Deux machines aux couleurs du presitgieux team Red Bull KTM Factory Racing qui rendent hommage \u00e0 deux grands champions de la famille de la marque autrichienne : Jorge Prado et Antonio Cairoli.<\/strong><\/p>\n<p>Ces machines pens\u00e9es dans la philosophie \u00ab\u00a0Ready to Race\u00a0\u00bb ch\u00e8re \u00e0 KTM sont \u00e9quip\u00e9es de composants de haute qualit\u00e9 comme les t\u00e9s de fourche Factory anodis\u00e9s en orange, un sabot de protection en composite et une selle Factory Selle Dalla Valle, un cadre orange, un disque avant semi-flottant, une protection de disque de frein avant, une couronne orange, une cha\u00eene dor\u00e9e Regina et bien s\u00fbr le fameux kit d\u00e9co Red Bull KTM Factory Racing !<\/p><div class=\"nvelt6a983666725bf\" ><!-- \/91277017\/Inline-articles-mobile -->\n<div style=\"margin:auto; text-align:center !important\">\n<div id='div-gpt-ad-1784982661365-0' style='min-width: 250px; min-height: 75px;'>\n  <script>\n    googletag.cmd.push(function() { googletag.display('div-gpt-ad-1784982661365-0'); });\n  <\/script>\n<\/div><\/div><\/div><style type=\"text\/css\">\r\n.nvelt6a983666725bf {\r\nmargin-bottom:30px;margin-top:20px\r\n}\r\n@media screen and (min-width: 1201px) {\r\n.nvelt6a983666725bf {\r\ndisplay: block;\r\n}\r\n}\r\n@media screen and (min-width: 993px) and (max-width: 1200px) {\r\n.nvelt6a983666725bf {\r\ndisplay: block;\r\n}\r\n}\r\n@media screen and (min-width: 769px) and (max-width: 992px) {\r\n.nvelt6a983666725bf {\r\ndisplay: block;\r\n}\r\n}\r\n@media screen and (min-width: 768px) and (max-width: 768px) {\r\n.nvelt6a983666725bf {\r\ndisplay: block;\r\n}\r\n}\r\n@media screen and (max-width: 767px) {\r\n.nvelt6a983666725bf {\r\ndisplay: block;\r\n}\r\n}\r\n<\/style>\r\n\n<div id='gallery-1' class='gallery galleryid-98005 gallery-columns-3 gallery-size-thumbnail'><figure class='gallery-item'>\n\t\t\t<div class='gallery-icon landscape'>\n\t\t\t\t<a href='https:\/\/fr.motocrossmag.be\/index.php\/2019\/10\/des-ktm-en-edition-limitee-la-250-sx-f-prado-et-la-450-sx-f-cairoli\/315891_450-sxf-cairoli-2020\/'><img decoding=\"async\" width=\"150\" height=\"150\" src=\"https:\/\/fr.motocrossmag.be\/wp-content\/uploads\/2019\/10\/315891_450-SXF-Cairoli-2020-150x150.jpg\" class=\"attachment-thumbnail size-thumbnail\" alt=\"\" srcset=\"https:\/\/fr.motocrossmag.be\/wp-content\/uploads\/2019\/10\/315891_450-SXF-Cairoli-2020-150x150.jpg 150w, https:\/\/fr.motocrossmag.be\/wp-content\/uploads\/2019\/10\/315891_450-SXF-Cairoli-2020-50x50.jpg 50w\" sizes=\"(max-width: 150px) 100vw, 150px\" \/><\/a>\n\t\t\t<\/div><\/figure><figure class='gallery-item'>\n\t\t\t<div class='gallery-icon landscape'>\n\t\t\t\t<a href='https:\/\/fr.motocrossmag.be\/index.php\/2019\/10\/des-ktm-en-edition-limitee-la-250-sx-f-prado-et-la-450-sx-f-cairoli\/315890_450-sxf-cairoli-2020\/'><img decoding=\"async\" width=\"150\" height=\"150\" src=\"https:\/\/fr.motocrossmag.be\/wp-content\/uploads\/2019\/10\/315890_450-SXF-Cairoli-2020-150x150.jpg\" class=\"attachment-thumbnail size-thumbnail\" alt=\"\" srcset=\"https:\/\/fr.motocrossmag.be\/wp-content\/uploads\/2019\/10\/315890_450-SXF-Cairoli-2020-150x150.jpg 150w, https:\/\/fr.motocrossmag.be\/wp-content\/uploads\/2019\/10\/315890_450-SXF-Cairoli-2020-50x50.jpg 50w\" sizes=\"(max-width: 150px) 100vw, 150px\" \/><\/a>\n\t\t\t<\/div><\/figure><figure class='gallery-item'>\n\t\t\t<div class='gallery-icon portrait'>\n\t\t\t\t<a href='https:\/\/fr.motocrossmag.be\/index.php\/2019\/10\/des-ktm-en-edition-limitee-la-250-sx-f-prado-et-la-450-sx-f-cairoli\/315889_450-sxf-cairoli-2020\/'><img decoding=\"async\" width=\"150\" height=\"150\" src=\"https:\/\/fr.motocrossmag.be\/wp-content\/uploads\/2019\/10\/315889_450-SXF-Cairoli-2020-150x150.jpg\" class=\"attachment-thumbnail size-thumbnail\" alt=\"\" srcset=\"https:\/\/fr.motocrossmag.be\/wp-content\/uploads\/2019\/10\/315889_450-SXF-Cairoli-2020-150x150.jpg 150w, https:\/\/fr.motocrossmag.be\/wp-content\/uploads\/2019\/10\/315889_450-SXF-Cairoli-2020-650x654.jpg 650w, https:\/\/fr.motocrossmag.be\/wp-content\/uploads\/2019\/10\/315889_450-SXF-Cairoli-2020-768x773.jpg 768w, https:\/\/fr.motocrossmag.be\/wp-content\/uploads\/2019\/10\/315889_450-SXF-Cairoli-2020-50x50.jpg 50w, https:\/\/fr.motocrossmag.be\/wp-content\/uploads\/2019\/10\/315889_450-SXF-Cairoli-2020.jpg 795w\" sizes=\"(max-width: 150px) 100vw, 150px\" \/><\/a>\n\t\t\t<\/div><\/figure><figure class='gallery-item'>\n\t\t\t<div class='gallery-icon landscape'>\n\t\t\t\t<a href='https:\/\/fr.motocrossmag.be\/index.php\/2019\/10\/des-ktm-en-edition-limitee-la-250-sx-f-prado-et-la-450-sx-f-cairoli\/315887_250-sxf-prado-2020\/'><img decoding=\"async\" width=\"150\" height=\"150\" src=\"https:\/\/fr.motocrossmag.be\/wp-content\/uploads\/2019\/10\/315887_250-SXF-Prado-2020-150x150.jpg\" class=\"attachment-thumbnail size-thumbnail\" alt=\"\" srcset=\"https:\/\/fr.motocrossmag.be\/wp-content\/uploads\/2019\/10\/315887_250-SXF-Prado-2020-150x150.jpg 150w, https:\/\/fr.motocrossmag.be\/wp-content\/uploads\/2019\/10\/315887_250-SXF-Prado-2020-50x50.jpg 50w\" sizes=\"(max-width: 150px) 100vw, 150px\" \/><\/a>\n\t\t\t<\/div><\/figure><figure class='gallery-item'>\n\t\t\t<div class='gallery-icon landscape'>\n\t\t\t\t<a href='https:\/\/fr.motocrossmag.be\/index.php\/2019\/10\/des-ktm-en-edition-limitee-la-250-sx-f-prado-et-la-450-sx-f-cairoli\/315886_250-sxf-prado-2020\/'><img decoding=\"async\" width=\"150\" height=\"150\" src=\"https:\/\/fr.motocrossmag.be\/wp-content\/uploads\/2019\/10\/315886_250-SXF-Prado-2020-150x150.jpg\" class=\"attachment-thumbnail size-thumbnail\" alt=\"\" srcset=\"https:\/\/fr.motocrossmag.be\/wp-content\/uploads\/2019\/10\/315886_250-SXF-Prado-2020-150x150.jpg 150w, https:\/\/fr.motocrossmag.be\/wp-content\/uploads\/2019\/10\/315886_250-SXF-Prado-2020-50x50.jpg 50w\" sizes=\"(max-width: 150px) 100vw, 150px\" \/><\/a>\n\t\t\t<\/div><\/figure><figure class='gallery-item'>\n\t\t\t<div class='gallery-icon landscape'>\n\t\t\t\t<a href='https:\/\/fr.motocrossmag.be\/index.php\/2019\/10\/des-ktm-en-edition-limitee-la-250-sx-f-prado-et-la-450-sx-f-cairoli\/315885_250-sxf-prado-2020\/'><img decoding=\"async\" width=\"150\" height=\"150\" src=\"https:\/\/fr.motocrossmag.be\/wp-content\/uploads\/2019\/10\/315885_250-SXF-Prado-2020-150x150.jpg\" class=\"attachment-thumbnail size-thumbnail\" alt=\"\" srcset=\"https:\/\/fr.motocrossmag.be\/wp-content\/uploads\/2019\/10\/315885_250-SXF-Prado-2020-150x150.jpg 150w, https:\/\/fr.motocrossmag.be\/wp-content\/uploads\/2019\/10\/315885_250-SXF-Prado-2020-50x50.jpg 50w\" sizes=\"(max-width: 150px) 100vw, 150px\" \/><\/a>\n\t\t\t<\/div><\/figure>\n\t\t<\/div>\n\n<p>La KTM 450 SX-F \u00ab\u00a0Cairoli\u00a0\u00bb arrivera en concession d\u00e8s la fin du mois d\u2019octobre tandis que la KTM 250 SX-F \u00ab\u00a0Prado\u00a0\u00bb se fera attendre jusqu&rsquo;en d\u00e9cembre. Comme toutes les versions \u00ab\u00a0Factory Edition\u00a0\u00bb avant elles, les deux machines seront produites en s\u00e9rie limit\u00e9e. Il n&rsquo;y en aura donc pas pour tout le monde&#8230;<\/p>\n<p><span style=\"color: #ff0000;\"><strong>Les prix pour la Belgique<\/strong><\/span><\/p>\n<p>&nbsp;<\/p><div class=\"ghqhl6a983666725e5\" ><!-- \/91277017\/articles-inline-2 -->\n<div style=\"margin: 20px auto; text-align:center !important\">\n<div id='div-gpt-ad-1785021530385-0' style='min-width: 300px; min-height: 75px;'>\n  <script>\n    googletag.cmd.push(function() { googletag.display('div-gpt-ad-1785021530385-0'); });\n  <\/script>\n<\/div><\/div><\/div><style type=\"text\/css\">\r\n@media screen and (min-width: 1201px) {\r\n.ghqhl6a983666725e5 {\r\ndisplay: block;\r\n}\r\n}\r\n@media screen and (min-width: 993px) and (max-width: 1200px) {\r\n.ghqhl6a983666725e5 {\r\ndisplay: block;\r\n}\r\n}\r\n@media screen and (min-width: 769px) and (max-width: 992px) {\r\n.ghqhl6a983666725e5 {\r\ndisplay: block;\r\n}\r\n}\r\n@media screen and (min-width: 768px) and (max-width: 768px) {\r\n.ghqhl6a983666725e5 {\r\ndisplay: block;\r\n}\r\n}\r\n@media screen and (max-width: 767px) {\r\n.ghqhl6a983666725e5 {\r\ndisplay: block;\r\n}\r\n}\r\n<\/style>\r\n\n<ul>\n<li class=\"m_1035388826433274486MsoListParagraph\">S\u00e9rie sp\u00e9ciale SX-F 250 \u00ab\u00a0Prado\u00a0\u00bb : 10.519\u20ac<u><\/u><u><\/u><\/li>\n<li class=\"m_1035388826433274486MsoListParagraph\">S\u00e9rie sp\u00e9ciale SX-F 450 &lsquo;Cairoli&rsquo; : 11.269\u20ac<\/li>\n<\/ul>\n<p>&nbsp;<\/p>\n<div id=\"ConnectiveDocSignExtentionInstalled\" data-extension-version=\"1.0.4\"><\/div>\n","protected":false},"excerpt":{"rendered":"<p>KTM vient de pr\u00e9senter ses deux mod\u00e8les \u00ab\u00a0Factory Edition\u00a0\u00bb 2020. Deux machines aux couleurs du presitgieux team Red Bull KTM Factory Racing qui rendent hommage \u00e0 deux grands champions de la famille de la marque autrichienne : Jorge Prado et Antonio Cairoli. Ces machines pens\u00e9es dans la philosophie \u00ab\u00a0Ready to Race\u00a0\u00bb ch\u00e8re \u00e0 KTM sont [&hellip;]<\/p>\n","protected":false},"author":932,"featured_media":98011,"comment_status":"open","ping_status":"closed","sticky":false,"template":"","format":"standard","meta":{"tdm_status":"","tdm_grid_status":"","footnotes":""},"categories":[54,4,6,5,55,61,65],"tags":[947],"class_list":["post-98005","post","type-post","status-publish","format-standard","has-post-thumbnail","category-actualite","category-motocross","category-mx1mx2","category-news","category-news-actualite","category-shopping","category-slideshow","tag-motocross"],"yoast_head":"<!-- This site is optimized with the Yoast SEO plugin v28.4 - https:\/\/yoast.com\/product\/yoast-seo-wordpress\/ -->\n<title>Des KTM en \u00e9dition limit\u00e9e : la 250 SX-F Prado et la 450 SX-F Cairoli - Motocross - Enduro - Supermoto | MotocrossMag<\/title>\n<meta name=\"robots\" content=\"index, follow, max-snippet:-1, max-image-preview:large, max-video-preview:-1\" \/>\n<link rel=\"canonical\" href=\"https:\/\/fr.motocrossmag.be\/index.php\/2019\/10\/des-ktm-en-edition-limitee-la-250-sx-f-prado-et-la-450-sx-f-cairoli\/\" \/>\n<meta property=\"og:locale\" content=\"fr_FR\" \/>\n<meta property=\"og:type\" content=\"article\" \/>\n<meta property=\"og:title\" content=\"Des KTM en \u00e9dition limit\u00e9e : la 250 SX-F Prado et la 450 SX-F Cairoli - Motocross - Enduro - Supermoto | MotocrossMag\" \/>\n<meta property=\"og:description\" content=\"KTM vient de pr\u00e9senter ses deux mod\u00e8les \u00ab\u00a0Factory Edition\u00a0\u00bb 2020. Deux machines aux couleurs du presitgieux team Red Bull KTM Factory Racing qui rendent hommage \u00e0 deux grands champions de la famille de la marque autrichienne : Jorge Prado et Antonio Cairoli. Ces machines pens\u00e9es dans la philosophie \u00ab\u00a0Ready to Race\u00a0\u00bb ch\u00e8re \u00e0 KTM sont [&hellip;]\" \/>\n<meta property=\"og:url\" content=\"https:\/\/fr.motocrossmag.be\/index.php\/2019\/10\/des-ktm-en-edition-limitee-la-250-sx-f-prado-et-la-450-sx-f-cairoli\/\" \/>\n<meta property=\"og:site_name\" content=\"Motocross - Enduro - Supermoto | MotocrossMag\" \/>\n<meta property=\"article:published_time\" content=\"2019-10-24T14:38:00+00:00\" \/>\n<meta property=\"article:modified_time\" content=\"2019-10-25T12:58:22+00:00\" \/>\n<meta property=\"og:image\" content=\"https:\/\/fr.motocrossmag.be\/wp-content\/uploads\/2019\/10\/315891_450-SXF-Cairoli-2020.jpg\" \/>\n\t<meta property=\"og:image:width\" content=\"1000\" \/>\n\t<meta property=\"og:image:height\" content=\"681\" \/>\n\t<meta property=\"og:image:type\" content=\"image\/jpeg\" \/>\n<meta name=\"author\" content=\"oliviere\" \/>\n<meta name=\"twitter:card\" content=\"summary_large_image\" \/>\n<meta name=\"twitter:label1\" content=\"\u00c9crit par\" \/>\n\t<meta name=\"twitter:data1\" content=\"oliviere\" \/>\n\t<meta name=\"twitter:label2\" content=\"Dur\u00e9e de lecture estim\u00e9e\" \/>\n\t<meta name=\"twitter:data2\" content=\"1 minute\" \/>\n<script type=\"application\/ld+json\" class=\"yoast-schema-graph\">{\"@context\":\"https:\\\/\\\/schema.org\",\"@graph\":[{\"@type\":\"Article\",\"@id\":\"https:\\\/\\\/fr.motocrossmag.be\\\/index.php\\\/2019\\\/10\\\/des-ktm-en-edition-limitee-la-250-sx-f-prado-et-la-450-sx-f-cairoli\\\/#article\",\"isPartOf\":{\"@id\":\"https:\\\/\\\/fr.motocrossmag.be\\\/index.php\\\/2019\\\/10\\\/des-ktm-en-edition-limitee-la-250-sx-f-prado-et-la-450-sx-f-cairoli\\\/\"},\"author\":{\"name\":\"oliviere\",\"@id\":\"https:\\\/\\\/fr.motocrossmag.be\\\/#\\\/schema\\\/person\\\/11b47143d9f755babca2c9110e03235c\"},\"headline\":\"Des KTM en \u00e9dition limit\u00e9e : la 250 SX-F Prado et la 450 SX-F Cairoli\",\"datePublished\":\"2019-10-24T14:38:00+00:00\",\"dateModified\":\"2019-10-25T12:58:22+00:00\",\"mainEntityOfPage\":{\"@id\":\"https:\\\/\\\/fr.motocrossmag.be\\\/index.php\\\/2019\\\/10\\\/des-ktm-en-edition-limitee-la-250-sx-f-prado-et-la-450-sx-f-cairoli\\\/\"},\"wordCount\":214,\"commentCount\":0,\"image\":{\"@id\":\"https:\\\/\\\/fr.motocrossmag.be\\\/index.php\\\/2019\\\/10\\\/des-ktm-en-edition-limitee-la-250-sx-f-prado-et-la-450-sx-f-cairoli\\\/#primaryimage\"},\"thumbnailUrl\":\"https:\\\/\\\/fr.motocrossmag.be\\\/wp-content\\\/uploads\\\/2019\\\/10\\\/315891_450-SXF-Cairoli-2020.jpg\",\"keywords\":[\"Motocross\"],\"articleSection\":[\"Actualit\u00e9\",\"Motocross\",\"Motocross MXGP\",\"News\",\"News\",\"Produits\",\"Slideshow\"],\"inLanguage\":\"fr-FR\",\"potentialAction\":[{\"@type\":\"CommentAction\",\"name\":\"Comment\",\"target\":[\"https:\\\/\\\/fr.motocrossmag.be\\\/index.php\\\/2019\\\/10\\\/des-ktm-en-edition-limitee-la-250-sx-f-prado-et-la-450-sx-f-cairoli\\\/#respond\"]}]},{\"@type\":\"WebPage\",\"@id\":\"https:\\\/\\\/fr.motocrossmag.be\\\/index.php\\\/2019\\\/10\\\/des-ktm-en-edition-limitee-la-250-sx-f-prado-et-la-450-sx-f-cairoli\\\/\",\"url\":\"https:\\\/\\\/fr.motocrossmag.be\\\/index.php\\\/2019\\\/10\\\/des-ktm-en-edition-limitee-la-250-sx-f-prado-et-la-450-sx-f-cairoli\\\/\",\"name\":\"Des KTM en \u00e9dition limit\u00e9e : la 250 SX-F Prado et la 450 SX-F Cairoli - Motocross - Enduro - Supermoto | MotocrossMag\",\"isPartOf\":{\"@id\":\"https:\\\/\\\/fr.motocrossmag.be\\\/#website\"},\"primaryImageOfPage\":{\"@id\":\"https:\\\/\\\/fr.motocrossmag.be\\\/index.php\\\/2019\\\/10\\\/des-ktm-en-edition-limitee-la-250-sx-f-prado-et-la-450-sx-f-cairoli\\\/#primaryimage\"},\"image\":{\"@id\":\"https:\\\/\\\/fr.motocrossmag.be\\\/index.php\\\/2019\\\/10\\\/des-ktm-en-edition-limitee-la-250-sx-f-prado-et-la-450-sx-f-cairoli\\\/#primaryimage\"},\"thumbnailUrl\":\"https:\\\/\\\/fr.motocrossmag.be\\\/wp-content\\\/uploads\\\/2019\\\/10\\\/315891_450-SXF-Cairoli-2020.jpg\",\"datePublished\":\"2019-10-24T14:38:00+00:00\",\"dateModified\":\"2019-10-25T12:58:22+00:00\",\"author\":{\"@id\":\"https:\\\/\\\/fr.motocrossmag.be\\\/#\\\/schema\\\/person\\\/11b47143d9f755babca2c9110e03235c\"},\"breadcrumb\":{\"@id\":\"https:\\\/\\\/fr.motocrossmag.be\\\/index.php\\\/2019\\\/10\\\/des-ktm-en-edition-limitee-la-250-sx-f-prado-et-la-450-sx-f-cairoli\\\/#breadcrumb\"},\"inLanguage\":\"fr-FR\",\"potentialAction\":[{\"@type\":\"ReadAction\",\"target\":[\"https:\\\/\\\/fr.motocrossmag.be\\\/index.php\\\/2019\\\/10\\\/des-ktm-en-edition-limitee-la-250-sx-f-prado-et-la-450-sx-f-cairoli\\\/\"]}]},{\"@type\":\"ImageObject\",\"inLanguage\":\"fr-FR\",\"@id\":\"https:\\\/\\\/fr.motocrossmag.be\\\/index.php\\\/2019\\\/10\\\/des-ktm-en-edition-limitee-la-250-sx-f-prado-et-la-450-sx-f-cairoli\\\/#primaryimage\",\"url\":\"https:\\\/\\\/fr.motocrossmag.be\\\/wp-content\\\/uploads\\\/2019\\\/10\\\/315891_450-SXF-Cairoli-2020.jpg\",\"contentUrl\":\"https:\\\/\\\/fr.motocrossmag.be\\\/wp-content\\\/uploads\\\/2019\\\/10\\\/315891_450-SXF-Cairoli-2020.jpg\",\"width\":1000,\"height\":681},{\"@type\":\"BreadcrumbList\",\"@id\":\"https:\\\/\\\/fr.motocrossmag.be\\\/index.php\\\/2019\\\/10\\\/des-ktm-en-edition-limitee-la-250-sx-f-prado-et-la-450-sx-f-cairoli\\\/#breadcrumb\",\"itemListElement\":[{\"@type\":\"ListItem\",\"position\":1,\"name\":\"Accueil\",\"item\":\"https:\\\/\\\/fr.motocrossmag.be\\\/\"},{\"@type\":\"ListItem\",\"position\":2,\"name\":\"Des KTM en \u00e9dition limit\u00e9e : la 250 SX-F Prado et la 450 SX-F Cairoli\"}]},{\"@type\":\"WebSite\",\"@id\":\"https:\\\/\\\/fr.motocrossmag.be\\\/#website\",\"url\":\"https:\\\/\\\/fr.motocrossmag.be\\\/\",\"name\":\"Motocross - Enduro - Supermoto | MotocrossMag\",\"description\":\"L&#039;actualit\u00e9 du motocross, de l&#039;enduro et du Supermoto en ligne!\",\"potentialAction\":[{\"@type\":\"SearchAction\",\"target\":{\"@type\":\"EntryPoint\",\"urlTemplate\":\"https:\\\/\\\/fr.motocrossmag.be\\\/?s={search_term_string}\"},\"query-input\":{\"@type\":\"PropertyValueSpecification\",\"valueRequired\":true,\"valueName\":\"search_term_string\"}}],\"inLanguage\":\"fr-FR\"},{\"@type\":\"Person\",\"@id\":\"https:\\\/\\\/fr.motocrossmag.be\\\/#\\\/schema\\\/person\\\/11b47143d9f755babca2c9110e03235c\",\"name\":\"oliviere\",\"image\":{\"@type\":\"ImageObject\",\"inLanguage\":\"fr-FR\",\"@id\":\"https:\\\/\\\/secure.gravatar.com\\\/avatar\\\/907069e0b81d119452040469e4a7501da1100f54f7f80180ce77bfab718288f6?s=96&d=mm&r=g\",\"url\":\"https:\\\/\\\/secure.gravatar.com\\\/avatar\\\/907069e0b81d119452040469e4a7501da1100f54f7f80180ce77bfab718288f6?s=96&d=mm&r=g\",\"contentUrl\":\"https:\\\/\\\/secure.gravatar.com\\\/avatar\\\/907069e0b81d119452040469e4a7501da1100f54f7f80180ce77bfab718288f6?s=96&d=mm&r=g\",\"caption\":\"oliviere\"},\"sameAs\":[\"http:\\\/\\\/www.motocrossmag.be\"],\"url\":\"https:\\\/\\\/fr.motocrossmag.be\\\/index.php\\\/author\\\/oliviere\\\/\"}]}<\/script>\n<!-- \/ Yoast SEO plugin. -->","yoast_head_json":{"title":"Des KTM en \u00e9dition limit\u00e9e : la 250 SX-F Prado et la 450 SX-F Cairoli - Motocross - Enduro - Supermoto | MotocrossMag","robots":{"index":"index","follow":"follow","max-snippet":"max-snippet:-1","max-image-preview":"max-image-preview:large","max-video-preview":"max-video-preview:-1"},"canonical":"https:\/\/fr.motocrossmag.be\/index.php\/2019\/10\/des-ktm-en-edition-limitee-la-250-sx-f-prado-et-la-450-sx-f-cairoli\/","og_locale":"fr_FR","og_type":"article","og_title":"Des KTM en \u00e9dition limit\u00e9e : la 250 SX-F Prado et la 450 SX-F Cairoli - Motocross - Enduro - Supermoto | MotocrossMag","og_description":"KTM vient de pr\u00e9senter ses deux mod\u00e8les \u00ab\u00a0Factory Edition\u00a0\u00bb 2020. Deux machines aux couleurs du presitgieux team Red Bull KTM Factory Racing qui rendent hommage \u00e0 deux grands champions de la famille de la marque autrichienne : Jorge Prado et Antonio Cairoli. Ces machines pens\u00e9es dans la philosophie \u00ab\u00a0Ready to Race\u00a0\u00bb ch\u00e8re \u00e0 KTM sont [&hellip;]","og_url":"https:\/\/fr.motocrossmag.be\/index.php\/2019\/10\/des-ktm-en-edition-limitee-la-250-sx-f-prado-et-la-450-sx-f-cairoli\/","og_site_name":"Motocross - Enduro - Supermoto | MotocrossMag","article_published_time":"2019-10-24T14:38:00+00:00","article_modified_time":"2019-10-25T12:58:22+00:00","og_image":[{"width":1000,"height":681,"url":"https:\/\/fr.motocrossmag.be\/wp-content\/uploads\/2019\/10\/315891_450-SXF-Cairoli-2020.jpg","type":"image\/jpeg"}],"author":"oliviere","twitter_card":"summary_large_image","twitter_misc":{"\u00c9crit par":"oliviere","Dur\u00e9e de lecture estim\u00e9e":"1 minute"},"schema":{"@context":"https:\/\/schema.org","@graph":[{"@type":"Article","@id":"https:\/\/fr.motocrossmag.be\/index.php\/2019\/10\/des-ktm-en-edition-limitee-la-250-sx-f-prado-et-la-450-sx-f-cairoli\/#article","isPartOf":{"@id":"https:\/\/fr.motocrossmag.be\/index.php\/2019\/10\/des-ktm-en-edition-limitee-la-250-sx-f-prado-et-la-450-sx-f-cairoli\/"},"author":{"name":"oliviere","@id":"https:\/\/fr.motocrossmag.be\/#\/schema\/person\/11b47143d9f755babca2c9110e03235c"},"headline":"Des KTM en \u00e9dition limit\u00e9e : la 250 SX-F Prado et la 450 SX-F Cairoli","datePublished":"2019-10-24T14:38:00+00:00","dateModified":"2019-10-25T12:58:22+00:00","mainEntityOfPage":{"@id":"https:\/\/fr.motocrossmag.be\/index.php\/2019\/10\/des-ktm-en-edition-limitee-la-250-sx-f-prado-et-la-450-sx-f-cairoli\/"},"wordCount":214,"commentCount":0,"image":{"@id":"https:\/\/fr.motocrossmag.be\/index.php\/2019\/10\/des-ktm-en-edition-limitee-la-250-sx-f-prado-et-la-450-sx-f-cairoli\/#primaryimage"},"thumbnailUrl":"https:\/\/fr.motocrossmag.be\/wp-content\/uploads\/2019\/10\/315891_450-SXF-Cairoli-2020.jpg","keywords":["Motocross"],"articleSection":["Actualit\u00e9","Motocross","Motocross MXGP","News","News","Produits","Slideshow"],"inLanguage":"fr-FR","potentialAction":[{"@type":"CommentAction","name":"Comment","target":["https:\/\/fr.motocrossmag.be\/index.php\/2019\/10\/des-ktm-en-edition-limitee-la-250-sx-f-prado-et-la-450-sx-f-cairoli\/#respond"]}]},{"@type":"WebPage","@id":"https:\/\/fr.motocrossmag.be\/index.php\/2019\/10\/des-ktm-en-edition-limitee-la-250-sx-f-prado-et-la-450-sx-f-cairoli\/","url":"https:\/\/fr.motocrossmag.be\/index.php\/2019\/10\/des-ktm-en-edition-limitee-la-250-sx-f-prado-et-la-450-sx-f-cairoli\/","name":"Des KTM en \u00e9dition limit\u00e9e : la 250 SX-F Prado et la 450 SX-F Cairoli - Motocross - Enduro - Supermoto | MotocrossMag","isPartOf":{"@id":"https:\/\/fr.motocrossmag.be\/#website"},"primaryImageOfPage":{"@id":"https:\/\/fr.motocrossmag.be\/index.php\/2019\/10\/des-ktm-en-edition-limitee-la-250-sx-f-prado-et-la-450-sx-f-cairoli\/#primaryimage"},"image":{"@id":"https:\/\/fr.motocrossmag.be\/index.php\/2019\/10\/des-ktm-en-edition-limitee-la-250-sx-f-prado-et-la-450-sx-f-cairoli\/#primaryimage"},"thumbnailUrl":"https:\/\/fr.motocrossmag.be\/wp-content\/uploads\/2019\/10\/315891_450-SXF-Cairoli-2020.jpg","datePublished":"2019-10-24T14:38:00+00:00","dateModified":"2019-10-25T12:58:22+00:00","author":{"@id":"https:\/\/fr.motocrossmag.be\/#\/schema\/person\/11b47143d9f755babca2c9110e03235c"},"breadcrumb":{"@id":"https:\/\/fr.motocrossmag.be\/index.php\/2019\/10\/des-ktm-en-edition-limitee-la-250-sx-f-prado-et-la-450-sx-f-cairoli\/#breadcrumb"},"inLanguage":"fr-FR","potentialAction":[{"@type":"ReadAction","target":["https:\/\/fr.motocrossmag.be\/index.php\/2019\/10\/des-ktm-en-edition-limitee-la-250-sx-f-prado-et-la-450-sx-f-cairoli\/"]}]},{"@type":"ImageObject","inLanguage":"fr-FR","@id":"https:\/\/fr.motocrossmag.be\/index.php\/2019\/10\/des-ktm-en-edition-limitee-la-250-sx-f-prado-et-la-450-sx-f-cairoli\/#primaryimage","url":"https:\/\/fr.motocrossmag.be\/wp-content\/uploads\/2019\/10\/315891_450-SXF-Cairoli-2020.jpg","contentUrl":"https:\/\/fr.motocrossmag.be\/wp-content\/uploads\/2019\/10\/315891_450-SXF-Cairoli-2020.jpg","width":1000,"height":681},{"@type":"BreadcrumbList","@id":"https:\/\/fr.motocrossmag.be\/index.php\/2019\/10\/des-ktm-en-edition-limitee-la-250-sx-f-prado-et-la-450-sx-f-cairoli\/#breadcrumb","itemListElement":[{"@type":"ListItem","position":1,"name":"Accueil","item":"https:\/\/fr.motocrossmag.be\/"},{"@type":"ListItem","position":2,"name":"Des KTM en \u00e9dition limit\u00e9e : la 250 SX-F Prado et la 450 SX-F Cairoli"}]},{"@type":"WebSite","@id":"https:\/\/fr.motocrossmag.be\/#website","url":"https:\/\/fr.motocrossmag.be\/","name":"Motocross - Enduro - Supermoto | MotocrossMag","description":"L&#039;actualit\u00e9 du motocross, de l&#039;enduro et du Supermoto en ligne!","potentialAction":[{"@type":"SearchAction","target":{"@type":"EntryPoint","urlTemplate":"https:\/\/fr.motocrossmag.be\/?s={search_term_string}"},"query-input":{"@type":"PropertyValueSpecification","valueRequired":true,"valueName":"search_term_string"}}],"inLanguage":"fr-FR"},{"@type":"Person","@id":"https:\/\/fr.motocrossmag.be\/#\/schema\/person\/11b47143d9f755babca2c9110e03235c","name":"oliviere","image":{"@type":"ImageObject","inLanguage":"fr-FR","@id":"https:\/\/secure.gravatar.com\/avatar\/907069e0b81d119452040469e4a7501da1100f54f7f80180ce77bfab718288f6?s=96&d=mm&r=g","url":"https:\/\/secure.gravatar.com\/avatar\/907069e0b81d119452040469e4a7501da1100f54f7f80180ce77bfab718288f6?s=96&d=mm&r=g","contentUrl":"https:\/\/secure.gravatar.com\/avatar\/907069e0b81d119452040469e4a7501da1100f54f7f80180ce77bfab718288f6?s=96&d=mm&r=g","caption":"oliviere"},"sameAs":["http:\/\/www.motocrossmag.be"],"url":"https:\/\/fr.motocrossmag.be\/index.php\/author\/oliviere\/"}]}},"_links":{"self":[{"href":"https:\/\/fr.motocrossmag.be\/index.php\/wp-json\/wp\/v2\/posts\/98005","targetHints":{"allow":["GET"]}}],"collection":[{"href":"https:\/\/fr.motocrossmag.be\/index.php\/wp-json\/wp\/v2\/posts"}],"about":[{"href":"https:\/\/fr.motocrossmag.be\/index.php\/wp-json\/wp\/v2\/types\/post"}],"author":[{"embeddable":true,"href":"https:\/\/fr.motocrossmag.be\/index.php\/wp-json\/wp\/v2\/users\/932"}],"replies":[{"embeddable":true,"href":"https:\/\/fr.motocrossmag.be\/index.php\/wp-json\/wp\/v2\/comments?post=98005"}],"version-history":[{"count":1,"href":"https:\/\/fr.motocrossmag.be\/index.php\/wp-json\/wp\/v2\/posts\/98005\/revisions"}],"predecessor-version":[{"id":98020,"href":"https:\/\/fr.motocrossmag.be\/index.php\/wp-json\/wp\/v2\/posts\/98005\/revisions\/98020"}],"wp:featuredmedia":[{"embeddable":true,"href":"https:\/\/fr.motocrossmag.be\/index.php\/wp-json\/wp\/v2\/media\/98011"}],"wp:attachment":[{"href":"https:\/\/fr.motocrossmag.be\/index.php\/wp-json\/wp\/v2\/media?parent=98005"}],"wp:term":[{"taxonomy":"category","embeddable":true,"href":"https:\/\/fr.motocrossmag.be\/index.php\/wp-json\/wp\/v2\/categories?post=98005"},{"taxonomy":"post_tag","embeddable":true,"href":"https:\/\/fr.motocrossmag.be\/index.php\/wp-json\/wp\/v2\/tags?post=98005"}],"curies":[{"name":"wp","href":"https:\/\/api.w.org\/{rel}","templated":true}]}}