{"id":98023,"date":"2019-10-25T12:41:58","date_gmt":"2019-10-25T10:41:58","guid":{"rendered":"https:\/\/fr.motocrossmag.be\/?p=98023"},"modified":"2019-10-25T23:54:32","modified_gmt":"2019-10-25T21:54:32","slug":"thierry-klutz-vous-attend-ce-week-end-a-lierneux-2","status":"publish","type":"post","link":"https:\/\/fr.motocrossmag.be\/index.php\/2019\/10\/thierry-klutz-vous-attend-ce-week-end-a-lierneux-2\/","title":{"rendered":"Thierry Klutz vous attend ce week-end \u00e0 Lierneux"},"content":{"rendered":"<p><strong>Thierry Klutz vous attend ces samedi 26 et dimanche 27 octobre pour un week-end d\u2019entrainement sur le circuit Lierneux. Un week-end moto en toute\u00a0<\/strong><strong>convivialit\u00e9 sur un parcours allong\u00e9 de plus de 2 kms et typ\u00e9 cross-country tout en restant accessible \u00e0 tous les niveaux de pilotage.<\/strong><\/p>\n<p>Accessible aux machines de cross et d&rsquo;enduro. Inscriptions sur place.<\/p>\n<p><strong><span style=\"color: #ff0000;\">Programme du week-end<\/span><br \/>\n<\/strong><br \/>\n<strong>Samedi et dimanche<\/strong><br \/>\n9h-11h : 50, 65, 85 cc et enfants d\u00e9butants<br \/>\n11h15-17h30 : toutes les autres cylindr\u00e9es<\/p>\n<p>Chapiteau et petite restauration.<\/p>\n<p>Initiation \u00e0 la moto tout terrain pour les enfants et les ados.<br \/>\nPossibilit\u00e9 aux mobilhomes et caravanes de rester sur place.<\/p>\n<p><strong>Adresse<\/strong><\/p>\n<p>Rue des Marcad\u00e8nes 6690 Regn\u00e9\/Lierneux<\/p>\n<p><strong>Entr\u00e9e<\/strong>\u00a0: 20 euros\/jour<\/p>\n<p>&nbsp;<\/p>\n<div class=\"rgg-container\" data-rgg-id=\"1\">    <div class=\"rgg-imagegrid captions-title captions-effect-none \" data-rgg-id=\"1\">\n                    <a data-rel=\"iLightbox[postimages]\" data-title=\"IMG_1513\" data-caption=\"\" href=\"https:\/\/fr.motocrossmag.be\/wp-content\/uploads\/2019\/10\/IMG_1513.jpg\" data-rel=\"rgg\" rel=\"rgg\" title=\"\" class=\"rgg-disabled size-medium rgg-img\" data-src=\"https:\/\/fr.motocrossmag.be\/wp-content\/uploads\/2019\/10\/IMG_1513-600x800.jpg\" data-ratio=\"0.75\" data-height=\"800\" data-width=\"600\" aria-label=\"\">\n                            <\/a>\n                    <a data-rel=\"iLightbox[postimages]\" data-title=\"IMG_1512\" data-caption=\"\" href=\"https:\/\/fr.motocrossmag.be\/wp-content\/uploads\/2019\/10\/IMG_1512.jpg\" data-rel=\"rgg\" rel=\"rgg\" title=\"\" class=\"rgg-disabled size-medium rgg-img\" data-src=\"https:\/\/fr.motocrossmag.be\/wp-content\/uploads\/2019\/10\/IMG_1512-600x800.jpg\" data-ratio=\"0.75\" data-height=\"800\" data-width=\"600\" aria-label=\"\">\n                            <\/a>\n                    <a data-rel=\"iLightbox[postimages]\" data-title=\"IMG_1511\" data-caption=\"\" href=\"https:\/\/fr.motocrossmag.be\/wp-content\/uploads\/2019\/10\/IMG_1511.jpg\" data-rel=\"rgg\" rel=\"rgg\" title=\"\" class=\"rgg-disabled size-medium rgg-img\" data-src=\"https:\/\/fr.motocrossmag.be\/wp-content\/uploads\/2019\/10\/IMG_1511-600x800.jpg\" data-ratio=\"0.75\" data-height=\"800\" data-width=\"600\" aria-label=\"\">\n                            <\/a>\n                    <a data-rel=\"iLightbox[postimages]\" data-title=\"IMG_1510\" data-caption=\"\" href=\"https:\/\/fr.motocrossmag.be\/wp-content\/uploads\/2019\/10\/IMG_1510.jpg\" data-rel=\"rgg\" rel=\"rgg\" title=\"\" class=\"rgg-disabled size-medium rgg-img\" data-src=\"https:\/\/fr.motocrossmag.be\/wp-content\/uploads\/2019\/10\/IMG_1510-600x800.jpg\" data-ratio=\"0.75\" data-height=\"800\" data-width=\"600\" aria-label=\"\">\n                            <\/a>\n                    <a data-rel=\"iLightbox[postimages]\" data-title=\"IMG_1508\" data-caption=\"\" href=\"https:\/\/fr.motocrossmag.be\/wp-content\/uploads\/2019\/10\/IMG_1508.jpg\" data-rel=\"rgg\" rel=\"rgg\" title=\"\" class=\"rgg-disabled size-medium rgg-img\" data-src=\"https:\/\/fr.motocrossmag.be\/wp-content\/uploads\/2019\/10\/IMG_1508-600x800.jpg\" data-ratio=\"0.75\" data-height=\"800\" data-width=\"600\" aria-label=\"\">\n                            <\/a>\n            <\/div>\n<\/div>\n<div id=\"ConnectiveDocSignExtentionInstalled\" data-extension-version=\"1.0.4\"><\/div>\n","protected":false},"excerpt":{"rendered":"<p>Thierry Klutz vous attend ces samedi 26 et dimanche 27 octobre pour un week-end d\u2019entrainement sur le circuit Lierneux. Un week-end moto en toute\u00a0convivialit\u00e9 sur un parcours allong\u00e9 de plus [&#8230;]<\/p>\n","protected":false},"author":932,"featured_media":98029,"comment_status":"open","ping_status":"closed","sticky":false,"template":"","format":"standard","meta":{"footnotes":""},"categories":[54,32,33,55,65],"tags":[951,947],"class_list":["post-98023","post","type-post","status-publish","format-standard","has-post-thumbnail","hentry","category-actualite","category-enduro","category-news-enduro","category-news-actualite","category-slideshow","tag-enduro","tag-motocross"],"yoast_head":"<!-- This site is optimized with the Yoast SEO plugin v27.4 - https:\/\/yoast.com\/product\/yoast-seo-wordpress\/ -->\n<title>Thierry Klutz vous attend ce week-end \u00e0 Lierneux - Motocross - Enduro - Supermoto | MotocrossMag<\/title>\n<meta name=\"robots\" content=\"index, follow, max-snippet:-1, max-image-preview:large, max-video-preview:-1\" \/>\n<link rel=\"canonical\" href=\"https:\/\/fr.motocrossmag.be\/index.php\/2019\/10\/thierry-klutz-vous-attend-ce-week-end-a-lierneux-2\/\" \/>\n<meta property=\"og:locale\" content=\"fr_FR\" \/>\n<meta property=\"og:type\" content=\"article\" \/>\n<meta property=\"og:title\" content=\"Thierry Klutz vous attend ce week-end \u00e0 Lierneux - Motocross - Enduro - Supermoto | MotocrossMag\" \/>\n<meta property=\"og:description\" content=\"Thierry Klutz vous attend ces samedi 26 et dimanche 27 octobre pour un week-end d\u2019entrainement sur le circuit Lierneux. Un week-end moto en toute\u00a0convivialit\u00e9 sur un parcours allong\u00e9 de plus [...]\" \/>\n<meta property=\"og:url\" content=\"https:\/\/fr.motocrossmag.be\/index.php\/2019\/10\/thierry-klutz-vous-attend-ce-week-end-a-lierneux-2\/\" \/>\n<meta property=\"og:site_name\" content=\"Motocross - Enduro - Supermoto | MotocrossMag\" \/>\n<meta property=\"article:published_time\" content=\"2019-10-25T10:41:58+00:00\" \/>\n<meta property=\"article:modified_time\" content=\"2019-10-25T21:54:32+00:00\" \/>\n<meta property=\"og:image\" content=\"https:\/\/fr.motocrossmag.be\/wp-content\/uploads\/2019\/10\/lierneux-klutz.jpg\" \/>\n\t<meta property=\"og:image:width\" content=\"1000\" \/>\n\t<meta property=\"og:image:height\" content=\"740\" \/>\n\t<meta property=\"og:image:type\" content=\"image\/jpeg\" \/>\n<meta name=\"author\" content=\"oliviere\" \/>\n<meta name=\"twitter:card\" content=\"summary_large_image\" \/>\n<meta name=\"twitter:label1\" content=\"\u00c9crit par\" \/>\n\t<meta name=\"twitter:data1\" content=\"oliviere\" \/>\n\t<meta name=\"twitter:label2\" content=\"Dur\u00e9e de lecture estim\u00e9e\" \/>\n\t<meta name=\"twitter:data2\" content=\"1 minute\" \/>\n<script type=\"application\/ld+json\" class=\"yoast-schema-graph\">{\"@context\":\"https:\\\/\\\/schema.org\",\"@graph\":[{\"@type\":\"Article\",\"@id\":\"https:\\\/\\\/fr.motocrossmag.be\\\/index.php\\\/2019\\\/10\\\/thierry-klutz-vous-attend-ce-week-end-a-lierneux-2\\\/#article\",\"isPartOf\":{\"@id\":\"https:\\\/\\\/fr.motocrossmag.be\\\/index.php\\\/2019\\\/10\\\/thierry-klutz-vous-attend-ce-week-end-a-lierneux-2\\\/\"},\"author\":{\"name\":\"oliviere\",\"@id\":\"https:\\\/\\\/fr.motocrossmag.be\\\/#\\\/schema\\\/person\\\/11b47143d9f755babca2c9110e03235c\"},\"headline\":\"Thierry Klutz vous attend ce week-end \u00e0 Lierneux\",\"datePublished\":\"2019-10-25T10:41:58+00:00\",\"dateModified\":\"2019-10-25T21:54:32+00:00\",\"mainEntityOfPage\":{\"@id\":\"https:\\\/\\\/fr.motocrossmag.be\\\/index.php\\\/2019\\\/10\\\/thierry-klutz-vous-attend-ce-week-end-a-lierneux-2\\\/\"},\"wordCount\":121,\"commentCount\":0,\"image\":{\"@id\":\"https:\\\/\\\/fr.motocrossmag.be\\\/index.php\\\/2019\\\/10\\\/thierry-klutz-vous-attend-ce-week-end-a-lierneux-2\\\/#primaryimage\"},\"thumbnailUrl\":\"https:\\\/\\\/fr.motocrossmag.be\\\/wp-content\\\/uploads\\\/2019\\\/10\\\/lierneux-klutz.jpg\",\"keywords\":[\"Enduro\",\"Motocross\"],\"articleSection\":[\"Actualit\u00e9\",\"Enduro\",\"News\",\"News\",\"Slideshow\"],\"inLanguage\":\"fr-FR\",\"potentialAction\":[{\"@type\":\"CommentAction\",\"name\":\"Comment\",\"target\":[\"https:\\\/\\\/fr.motocrossmag.be\\\/index.php\\\/2019\\\/10\\\/thierry-klutz-vous-attend-ce-week-end-a-lierneux-2\\\/#respond\"]}]},{\"@type\":\"WebPage\",\"@id\":\"https:\\\/\\\/fr.motocrossmag.be\\\/index.php\\\/2019\\\/10\\\/thierry-klutz-vous-attend-ce-week-end-a-lierneux-2\\\/\",\"url\":\"https:\\\/\\\/fr.motocrossmag.be\\\/index.php\\\/2019\\\/10\\\/thierry-klutz-vous-attend-ce-week-end-a-lierneux-2\\\/\",\"name\":\"Thierry Klutz vous attend ce week-end \u00e0 Lierneux - Motocross - Enduro - Supermoto | MotocrossMag\",\"isPartOf\":{\"@id\":\"https:\\\/\\\/fr.motocrossmag.be\\\/#website\"},\"primaryImageOfPage\":{\"@id\":\"https:\\\/\\\/fr.motocrossmag.be\\\/index.php\\\/2019\\\/10\\\/thierry-klutz-vous-attend-ce-week-end-a-lierneux-2\\\/#primaryimage\"},\"image\":{\"@id\":\"https:\\\/\\\/fr.motocrossmag.be\\\/index.php\\\/2019\\\/10\\\/thierry-klutz-vous-attend-ce-week-end-a-lierneux-2\\\/#primaryimage\"},\"thumbnailUrl\":\"https:\\\/\\\/fr.motocrossmag.be\\\/wp-content\\\/uploads\\\/2019\\\/10\\\/lierneux-klutz.jpg\",\"datePublished\":\"2019-10-25T10:41:58+00:00\",\"dateModified\":\"2019-10-25T21:54:32+00:00\",\"author\":{\"@id\":\"https:\\\/\\\/fr.motocrossmag.be\\\/#\\\/schema\\\/person\\\/11b47143d9f755babca2c9110e03235c\"},\"breadcrumb\":{\"@id\":\"https:\\\/\\\/fr.motocrossmag.be\\\/index.php\\\/2019\\\/10\\\/thierry-klutz-vous-attend-ce-week-end-a-lierneux-2\\\/#breadcrumb\"},\"inLanguage\":\"fr-FR\",\"potentialAction\":[{\"@type\":\"ReadAction\",\"target\":[\"https:\\\/\\\/fr.motocrossmag.be\\\/index.php\\\/2019\\\/10\\\/thierry-klutz-vous-attend-ce-week-end-a-lierneux-2\\\/\"]}]},{\"@type\":\"ImageObject\",\"inLanguage\":\"fr-FR\",\"@id\":\"https:\\\/\\\/fr.motocrossmag.be\\\/index.php\\\/2019\\\/10\\\/thierry-klutz-vous-attend-ce-week-end-a-lierneux-2\\\/#primaryimage\",\"url\":\"https:\\\/\\\/fr.motocrossmag.be\\\/wp-content\\\/uploads\\\/2019\\\/10\\\/lierneux-klutz.jpg\",\"contentUrl\":\"https:\\\/\\\/fr.motocrossmag.be\\\/wp-content\\\/uploads\\\/2019\\\/10\\\/lierneux-klutz.jpg\",\"width\":1000,\"height\":740,\"caption\":\"Le circuit de Lierneux a \u00e9t\u00e9 ferm\u00e9 \u00e0 la fin de l'\u00e9t\u00e9 suite \u00e0 la plainte d'un seul riverain.\"},{\"@type\":\"BreadcrumbList\",\"@id\":\"https:\\\/\\\/fr.motocrossmag.be\\\/index.php\\\/2019\\\/10\\\/thierry-klutz-vous-attend-ce-week-end-a-lierneux-2\\\/#breadcrumb\",\"itemListElement\":[{\"@type\":\"ListItem\",\"position\":1,\"name\":\"Accueil\",\"item\":\"https:\\\/\\\/fr.motocrossmag.be\\\/\"},{\"@type\":\"ListItem\",\"position\":2,\"name\":\"Thierry Klutz vous attend ce week-end \u00e0 Lierneux\"}]},{\"@type\":\"WebSite\",\"@id\":\"https:\\\/\\\/fr.motocrossmag.be\\\/#website\",\"url\":\"https:\\\/\\\/fr.motocrossmag.be\\\/\",\"name\":\"Motocross - Enduro - Supermoto | MotocrossMag\",\"description\":\"L&#039;actualit\u00e9 du motocross, de l&#039;enduro et du Supermoto en ligne!\",\"potentialAction\":[{\"@type\":\"SearchAction\",\"target\":{\"@type\":\"EntryPoint\",\"urlTemplate\":\"https:\\\/\\\/fr.motocrossmag.be\\\/?s={search_term_string}\"},\"query-input\":{\"@type\":\"PropertyValueSpecification\",\"valueRequired\":true,\"valueName\":\"search_term_string\"}}],\"inLanguage\":\"fr-FR\"},{\"@type\":\"Person\",\"@id\":\"https:\\\/\\\/fr.motocrossmag.be\\\/#\\\/schema\\\/person\\\/11b47143d9f755babca2c9110e03235c\",\"name\":\"oliviere\",\"image\":{\"@type\":\"ImageObject\",\"inLanguage\":\"fr-FR\",\"@id\":\"https:\\\/\\\/secure.gravatar.com\\\/avatar\\\/907069e0b81d119452040469e4a7501da1100f54f7f80180ce77bfab718288f6?s=96&d=mm&r=g\",\"url\":\"https:\\\/\\\/secure.gravatar.com\\\/avatar\\\/907069e0b81d119452040469e4a7501da1100f54f7f80180ce77bfab718288f6?s=96&d=mm&r=g\",\"contentUrl\":\"https:\\\/\\\/secure.gravatar.com\\\/avatar\\\/907069e0b81d119452040469e4a7501da1100f54f7f80180ce77bfab718288f6?s=96&d=mm&r=g\",\"caption\":\"oliviere\"},\"sameAs\":[\"http:\\\/\\\/www.motocrossmag.be\"],\"url\":\"https:\\\/\\\/fr.motocrossmag.be\\\/index.php\\\/author\\\/oliviere\\\/\"}]}<\/script>\n<!-- \/ Yoast SEO plugin. -->","yoast_head_json":{"title":"Thierry Klutz vous attend ce week-end \u00e0 Lierneux - Motocross - Enduro - Supermoto | MotocrossMag","robots":{"index":"index","follow":"follow","max-snippet":"max-snippet:-1","max-image-preview":"max-image-preview:large","max-video-preview":"max-video-preview:-1"},"canonical":"https:\/\/fr.motocrossmag.be\/index.php\/2019\/10\/thierry-klutz-vous-attend-ce-week-end-a-lierneux-2\/","og_locale":"fr_FR","og_type":"article","og_title":"Thierry Klutz vous attend ce week-end \u00e0 Lierneux - Motocross - Enduro - Supermoto | MotocrossMag","og_description":"Thierry Klutz vous attend ces samedi 26 et dimanche 27 octobre pour un week-end d\u2019entrainement sur le circuit Lierneux. Un week-end moto en toute\u00a0convivialit\u00e9 sur un parcours allong\u00e9 de plus [...]","og_url":"https:\/\/fr.motocrossmag.be\/index.php\/2019\/10\/thierry-klutz-vous-attend-ce-week-end-a-lierneux-2\/","og_site_name":"Motocross - Enduro - Supermoto | MotocrossMag","article_published_time":"2019-10-25T10:41:58+00:00","article_modified_time":"2019-10-25T21:54:32+00:00","og_image":[{"width":1000,"height":740,"url":"https:\/\/fr.motocrossmag.be\/wp-content\/uploads\/2019\/10\/lierneux-klutz.jpg","type":"image\/jpeg"}],"author":"oliviere","twitter_card":"summary_large_image","twitter_misc":{"\u00c9crit par":"oliviere","Dur\u00e9e de lecture estim\u00e9e":"1 minute"},"schema":{"@context":"https:\/\/schema.org","@graph":[{"@type":"Article","@id":"https:\/\/fr.motocrossmag.be\/index.php\/2019\/10\/thierry-klutz-vous-attend-ce-week-end-a-lierneux-2\/#article","isPartOf":{"@id":"https:\/\/fr.motocrossmag.be\/index.php\/2019\/10\/thierry-klutz-vous-attend-ce-week-end-a-lierneux-2\/"},"author":{"name":"oliviere","@id":"https:\/\/fr.motocrossmag.be\/#\/schema\/person\/11b47143d9f755babca2c9110e03235c"},"headline":"Thierry Klutz vous attend ce week-end \u00e0 Lierneux","datePublished":"2019-10-25T10:41:58+00:00","dateModified":"2019-10-25T21:54:32+00:00","mainEntityOfPage":{"@id":"https:\/\/fr.motocrossmag.be\/index.php\/2019\/10\/thierry-klutz-vous-attend-ce-week-end-a-lierneux-2\/"},"wordCount":121,"commentCount":0,"image":{"@id":"https:\/\/fr.motocrossmag.be\/index.php\/2019\/10\/thierry-klutz-vous-attend-ce-week-end-a-lierneux-2\/#primaryimage"},"thumbnailUrl":"https:\/\/fr.motocrossmag.be\/wp-content\/uploads\/2019\/10\/lierneux-klutz.jpg","keywords":["Enduro","Motocross"],"articleSection":["Actualit\u00e9","Enduro","News","News","Slideshow"],"inLanguage":"fr-FR","potentialAction":[{"@type":"CommentAction","name":"Comment","target":["https:\/\/fr.motocrossmag.be\/index.php\/2019\/10\/thierry-klutz-vous-attend-ce-week-end-a-lierneux-2\/#respond"]}]},{"@type":"WebPage","@id":"https:\/\/fr.motocrossmag.be\/index.php\/2019\/10\/thierry-klutz-vous-attend-ce-week-end-a-lierneux-2\/","url":"https:\/\/fr.motocrossmag.be\/index.php\/2019\/10\/thierry-klutz-vous-attend-ce-week-end-a-lierneux-2\/","name":"Thierry Klutz vous attend ce week-end \u00e0 Lierneux - Motocross - Enduro - Supermoto | MotocrossMag","isPartOf":{"@id":"https:\/\/fr.motocrossmag.be\/#website"},"primaryImageOfPage":{"@id":"https:\/\/fr.motocrossmag.be\/index.php\/2019\/10\/thierry-klutz-vous-attend-ce-week-end-a-lierneux-2\/#primaryimage"},"image":{"@id":"https:\/\/fr.motocrossmag.be\/index.php\/2019\/10\/thierry-klutz-vous-attend-ce-week-end-a-lierneux-2\/#primaryimage"},"thumbnailUrl":"https:\/\/fr.motocrossmag.be\/wp-content\/uploads\/2019\/10\/lierneux-klutz.jpg","datePublished":"2019-10-25T10:41:58+00:00","dateModified":"2019-10-25T21:54:32+00:00","author":{"@id":"https:\/\/fr.motocrossmag.be\/#\/schema\/person\/11b47143d9f755babca2c9110e03235c"},"breadcrumb":{"@id":"https:\/\/fr.motocrossmag.be\/index.php\/2019\/10\/thierry-klutz-vous-attend-ce-week-end-a-lierneux-2\/#breadcrumb"},"inLanguage":"fr-FR","potentialAction":[{"@type":"ReadAction","target":["https:\/\/fr.motocrossmag.be\/index.php\/2019\/10\/thierry-klutz-vous-attend-ce-week-end-a-lierneux-2\/"]}]},{"@type":"ImageObject","inLanguage":"fr-FR","@id":"https:\/\/fr.motocrossmag.be\/index.php\/2019\/10\/thierry-klutz-vous-attend-ce-week-end-a-lierneux-2\/#primaryimage","url":"https:\/\/fr.motocrossmag.be\/wp-content\/uploads\/2019\/10\/lierneux-klutz.jpg","contentUrl":"https:\/\/fr.motocrossmag.be\/wp-content\/uploads\/2019\/10\/lierneux-klutz.jpg","width":1000,"height":740,"caption":"Le circuit de Lierneux a \u00e9t\u00e9 ferm\u00e9 \u00e0 la fin de l'\u00e9t\u00e9 suite \u00e0 la plainte d'un seul riverain."},{"@type":"BreadcrumbList","@id":"https:\/\/fr.motocrossmag.be\/index.php\/2019\/10\/thierry-klutz-vous-attend-ce-week-end-a-lierneux-2\/#breadcrumb","itemListElement":[{"@type":"ListItem","position":1,"name":"Accueil","item":"https:\/\/fr.motocrossmag.be\/"},{"@type":"ListItem","position":2,"name":"Thierry Klutz vous attend ce week-end \u00e0 Lierneux"}]},{"@type":"WebSite","@id":"https:\/\/fr.motocrossmag.be\/#website","url":"https:\/\/fr.motocrossmag.be\/","name":"Motocross - Enduro - Supermoto | MotocrossMag","description":"L&#039;actualit\u00e9 du motocross, de l&#039;enduro et du Supermoto en ligne!","potentialAction":[{"@type":"SearchAction","target":{"@type":"EntryPoint","urlTemplate":"https:\/\/fr.motocrossmag.be\/?s={search_term_string}"},"query-input":{"@type":"PropertyValueSpecification","valueRequired":true,"valueName":"search_term_string"}}],"inLanguage":"fr-FR"},{"@type":"Person","@id":"https:\/\/fr.motocrossmag.be\/#\/schema\/person\/11b47143d9f755babca2c9110e03235c","name":"oliviere","image":{"@type":"ImageObject","inLanguage":"fr-FR","@id":"https:\/\/secure.gravatar.com\/avatar\/907069e0b81d119452040469e4a7501da1100f54f7f80180ce77bfab718288f6?s=96&d=mm&r=g","url":"https:\/\/secure.gravatar.com\/avatar\/907069e0b81d119452040469e4a7501da1100f54f7f80180ce77bfab718288f6?s=96&d=mm&r=g","contentUrl":"https:\/\/secure.gravatar.com\/avatar\/907069e0b81d119452040469e4a7501da1100f54f7f80180ce77bfab718288f6?s=96&d=mm&r=g","caption":"oliviere"},"sameAs":["http:\/\/www.motocrossmag.be"],"url":"https:\/\/fr.motocrossmag.be\/index.php\/author\/oliviere\/"}]}},"_links":{"self":[{"href":"https:\/\/fr.motocrossmag.be\/index.php\/wp-json\/wp\/v2\/posts\/98023","targetHints":{"allow":["GET"]}}],"collection":[{"href":"https:\/\/fr.motocrossmag.be\/index.php\/wp-json\/wp\/v2\/posts"}],"about":[{"href":"https:\/\/fr.motocrossmag.be\/index.php\/wp-json\/wp\/v2\/types\/post"}],"author":[{"embeddable":true,"href":"https:\/\/fr.motocrossmag.be\/index.php\/wp-json\/wp\/v2\/users\/932"}],"replies":[{"embeddable":true,"href":"https:\/\/fr.motocrossmag.be\/index.php\/wp-json\/wp\/v2\/comments?post=98023"}],"version-history":[{"count":0,"href":"https:\/\/fr.motocrossmag.be\/index.php\/wp-json\/wp\/v2\/posts\/98023\/revisions"}],"wp:featuredmedia":[{"embeddable":true,"href":"https:\/\/fr.motocrossmag.be\/index.php\/wp-json\/wp\/v2\/media\/98029"}],"wp:attachment":[{"href":"https:\/\/fr.motocrossmag.be\/index.php\/wp-json\/wp\/v2\/media?parent=98023"}],"wp:term":[{"taxonomy":"category","embeddable":true,"href":"https:\/\/fr.motocrossmag.be\/index.php\/wp-json\/wp\/v2\/categories?post=98023"},{"taxonomy":"post_tag","embeddable":true,"href":"https:\/\/fr.motocrossmag.be\/index.php\/wp-json\/wp\/v2\/tags?post=98023"}],"curies":[{"name":"wp","href":"https:\/\/api.w.org\/{rel}","templated":true}]}}