{"id":98030,"date":"2019-10-26T16:59:42","date_gmt":"2019-10-26T14:59:42","guid":{"rendered":"https:\/\/fr.motocrossmag.be\/?p=98030"},"modified":"2019-10-26T16:59:42","modified_gmt":"2019-10-26T14:59:42","slug":"ronde-des-sables-a-loon-plage-kylian-prevost-simpose-et-prend-la-tete-du-championnat-de-france-des-sables-chez-les-espoirs","status":"publish","type":"post","link":"https:\/\/fr.motocrossmag.be\/index.php\/2019\/10\/ronde-des-sables-a-loon-plage-kylian-prevost-simpose-et-prend-la-tete-du-championnat-de-france-des-sables-chez-les-espoirs\/","title":{"rendered":"Ronde des Sables \u00e0 Loon-Plage : Kylian Prevost s&rsquo;impose et prend la t\u00eate du championnat de France des Sables chez les Espoirs"},"content":{"rendered":"<p><strong>Deuxi\u00e8me de l&rsquo;\u00e9preuve d&rsquo;ouverture \u00e0 Berck-sur-Mer le week-end pass\u00e9, Kylian Prevost a sign\u00e9 ce samedi \u00e0 Loon-Plage sa premi\u00e8re victoire de la saison. Il s&rsquo;installe aux commandes du championnat de France des Sables dans la cat\u00e9gorie Espoirs.<\/strong><\/p>\n<p>Derri\u00e8re lui, Alexandre Viltard et Marc Antoine Rossi terminent dans un mouchoir pour compl\u00e9ter le podium devant Chad De Clercq et Adrien Petit. Leader en arrivant \u00e0 Loon, Petit conserve la 2\u00e8me place du provisoire devant Viltard et Rossi.<\/p>\n<p>Le Belge Tias Callens prend la 6\u00e8me place et reste dans le top-5 du classement provisoire Espoirs pour partir sur la 3\u00e8me \u00e9preuve de la saison les 16 et 17 novembre prochains \u00e0 Magescq, dans le sud.<\/p>\n<p>Photo : Xavier Leporcher<\/p>\n<p><span style=\"color: #800000;\"><strong>R\u00e9sultats<\/strong><\/span><\/p>\n<p>1 PREVOST Kylian Moto Club Crillon Ktm 19 tours; 2 VILTARD Alexandre Association Sportive de Maricourt KTM 19 tours; 3 ROSSI Marc Antoine MOTO CLUB VALINCO KTM 19 tours; 4 DE CLERCQ Chad Moto Club des Hautes Vall\u00e9es KTM 19 tours; 5 PETIT Adrien Moto Club des trois Vall\u00e9es Yamaha 19 tours; <strong>6 CALLENS Tias Moto Club du Pays des Olonnes Husqvarna 19 tours<\/strong>; 7 DELAPORTE Jules Bourges Racing Team Husqvarna 19 tours; 8 SIMONINI Joey Vero Moto Club de Corse KTM 18 tours; 9 DEMEESTER Evan Touquet Auto Moto Husqvarna 18 tours; 10 SATABIN Tom Moto Club Evasion 55 Husqvarna 18 tours&#8230;<strong>25 VERBRUGH Troy KTM 17 tours<\/strong>;&#8230;<\/p>\n<p>CLASSEMENT PROVISOIRE ESPOIRS<\/p>\n<p>1 PREVOST Kylian Moto Club Crillon KTM 285 pts; 2 PETIT Adrien Moto Club des trois Vall\u00e9es Yamaha 260 pts; 3 VILTARD Alexandre Association Sportive de Maricourt KTM 240 pts; 4 ROSSI Marc Antoine MOTO CLUB VALINCO KTM 235 pts; <strong>5 CALLENS Tias Moto Club du Pays des Olonnes Husqvarna 220 pts;<\/strong> 6 DE CLERCQ Chad Moto Club des Hautes Vall\u00e9es KTM 215 pts; 7 MIGAULT Tom Moto Club Presqu&rsquo;ile D&rsquo;Arvert Husqvarna 182 pts; 8 DEMEESTER Evan Touquet Auto Moto Husqvarna 180 pts; 9 SATABIN Tom Moto Club Evasion 55 Husqvarna 180 pts; 10 DUBRECQ Aaron Moto Club de Conde sur Escaut KTM 180 pts;&#8230;<\/p>\n<p>&nbsp;<\/p>\n<div id=\"ConnectiveDocSignExtentionInstalled\" data-extension-version=\"1.0.4\"><\/div>\n","protected":false},"excerpt":{"rendered":"<p>Deuxi\u00e8me de l&rsquo;\u00e9preuve d&rsquo;ouverture \u00e0 Berck-sur-Mer le week-end pass\u00e9, Kylian Prevost a sign\u00e9 ce samedi \u00e0 Loon-Plage sa premi\u00e8re victoire de la saison. Il s&rsquo;installe aux commandes du championnat de [&#8230;]<\/p>\n","protected":false},"author":932,"featured_media":98034,"comment_status":"open","ping_status":"closed","sticky":false,"template":"","format":"standard","meta":{"footnotes":""},"categories":[54,1075,32,44,33,45,55,65],"tags":[300,490,1178],"class_list":["post-98030","post","type-post","status-publish","format-standard","has-post-thumbnail","hentry","category-actualite","category-courses-de-sable","category-enduro","category-kids","category-news-enduro","category-news-kids","category-news-actualite","category-slideshow","tag-course-sur-sable","tag-france","tag-sable"],"yoast_head":"<!-- This site is optimized with the Yoast SEO plugin v27.4 - https:\/\/yoast.com\/product\/yoast-seo-wordpress\/ -->\n<title>Ronde des Sables \u00e0 Loon-Plage : Kylian Prevost s&#039;impose et prend la t\u00eate du championnat de France des Sables chez les Espoirs - Motocross - Enduro - Supermoto | MotocrossMag<\/title>\n<meta name=\"robots\" content=\"index, follow, max-snippet:-1, max-image-preview:large, max-video-preview:-1\" \/>\n<link rel=\"canonical\" href=\"https:\/\/fr.motocrossmag.be\/index.php\/2019\/10\/ronde-des-sables-a-loon-plage-kylian-prevost-simpose-et-prend-la-tete-du-championnat-de-france-des-sables-chez-les-espoirs\/\" \/>\n<meta property=\"og:locale\" content=\"fr_FR\" \/>\n<meta property=\"og:type\" content=\"article\" \/>\n<meta property=\"og:title\" content=\"Ronde des Sables \u00e0 Loon-Plage : Kylian Prevost s&#039;impose et prend la t\u00eate du championnat de France des Sables chez les Espoirs - Motocross - Enduro - Supermoto | MotocrossMag\" \/>\n<meta property=\"og:description\" content=\"Deuxi\u00e8me de l&rsquo;\u00e9preuve d&rsquo;ouverture \u00e0 Berck-sur-Mer le week-end pass\u00e9, Kylian Prevost a sign\u00e9 ce samedi \u00e0 Loon-Plage sa premi\u00e8re victoire de la saison. Il s&rsquo;installe aux commandes du championnat de [...]\" \/>\n<meta property=\"og:url\" content=\"https:\/\/fr.motocrossmag.be\/index.php\/2019\/10\/ronde-des-sables-a-loon-plage-kylian-prevost-simpose-et-prend-la-tete-du-championnat-de-france-des-sables-chez-les-espoirs\/\" \/>\n<meta property=\"og:site_name\" content=\"Motocross - Enduro - Supermoto | MotocrossMag\" \/>\n<meta property=\"article:published_time\" content=\"2019-10-26T14:59:42+00:00\" \/>\n<meta property=\"og:image\" content=\"https:\/\/fr.motocrossmag.be\/wp-content\/uploads\/2019\/10\/Kylian-Prevost-espoirs-cfs.jpg\" \/>\n\t<meta property=\"og:image:width\" content=\"1000\" \/>\n\t<meta property=\"og:image:height\" content=\"667\" \/>\n\t<meta property=\"og:image:type\" content=\"image\/jpeg\" \/>\n<meta name=\"author\" content=\"oliviere\" \/>\n<meta name=\"twitter:card\" content=\"summary_large_image\" \/>\n<meta name=\"twitter:label1\" content=\"\u00c9crit par\" \/>\n\t<meta name=\"twitter:data1\" content=\"oliviere\" \/>\n\t<meta name=\"twitter:label2\" content=\"Dur\u00e9e de lecture estim\u00e9e\" \/>\n\t<meta name=\"twitter:data2\" content=\"1 minute\" \/>\n<script type=\"application\/ld+json\" class=\"yoast-schema-graph\">{\"@context\":\"https:\\\/\\\/schema.org\",\"@graph\":[{\"@type\":\"Article\",\"@id\":\"https:\\\/\\\/fr.motocrossmag.be\\\/index.php\\\/2019\\\/10\\\/ronde-des-sables-a-loon-plage-kylian-prevost-simpose-et-prend-la-tete-du-championnat-de-france-des-sables-chez-les-espoirs\\\/#article\",\"isPartOf\":{\"@id\":\"https:\\\/\\\/fr.motocrossmag.be\\\/index.php\\\/2019\\\/10\\\/ronde-des-sables-a-loon-plage-kylian-prevost-simpose-et-prend-la-tete-du-championnat-de-france-des-sables-chez-les-espoirs\\\/\"},\"author\":{\"name\":\"oliviere\",\"@id\":\"https:\\\/\\\/fr.motocrossmag.be\\\/#\\\/schema\\\/person\\\/11b47143d9f755babca2c9110e03235c\"},\"headline\":\"Ronde des Sables \u00e0 Loon-Plage : Kylian Prevost s&rsquo;impose et prend la t\u00eate du championnat de France des Sables chez les Espoirs\",\"datePublished\":\"2019-10-26T14:59:42+00:00\",\"mainEntityOfPage\":{\"@id\":\"https:\\\/\\\/fr.motocrossmag.be\\\/index.php\\\/2019\\\/10\\\/ronde-des-sables-a-loon-plage-kylian-prevost-simpose-et-prend-la-tete-du-championnat-de-france-des-sables-chez-les-espoirs\\\/\"},\"wordCount\":322,\"commentCount\":0,\"image\":{\"@id\":\"https:\\\/\\\/fr.motocrossmag.be\\\/index.php\\\/2019\\\/10\\\/ronde-des-sables-a-loon-plage-kylian-prevost-simpose-et-prend-la-tete-du-championnat-de-france-des-sables-chez-les-espoirs\\\/#primaryimage\"},\"thumbnailUrl\":\"https:\\\/\\\/fr.motocrossmag.be\\\/wp-content\\\/uploads\\\/2019\\\/10\\\/Kylian-Prevost-espoirs-cfs.jpg\",\"keywords\":[\"CFS\",\"france\",\"sable\"],\"articleSection\":[\"Actualit\u00e9\",\"Courses de sable\",\"Enduro\",\"Kids\",\"News\",\"News\",\"News\",\"Slideshow\"],\"inLanguage\":\"fr-FR\",\"potentialAction\":[{\"@type\":\"CommentAction\",\"name\":\"Comment\",\"target\":[\"https:\\\/\\\/fr.motocrossmag.be\\\/index.php\\\/2019\\\/10\\\/ronde-des-sables-a-loon-plage-kylian-prevost-simpose-et-prend-la-tete-du-championnat-de-france-des-sables-chez-les-espoirs\\\/#respond\"]}]},{\"@type\":\"WebPage\",\"@id\":\"https:\\\/\\\/fr.motocrossmag.be\\\/index.php\\\/2019\\\/10\\\/ronde-des-sables-a-loon-plage-kylian-prevost-simpose-et-prend-la-tete-du-championnat-de-france-des-sables-chez-les-espoirs\\\/\",\"url\":\"https:\\\/\\\/fr.motocrossmag.be\\\/index.php\\\/2019\\\/10\\\/ronde-des-sables-a-loon-plage-kylian-prevost-simpose-et-prend-la-tete-du-championnat-de-france-des-sables-chez-les-espoirs\\\/\",\"name\":\"Ronde des Sables \u00e0 Loon-Plage : Kylian Prevost s'impose et prend la t\u00eate du championnat de France des Sables chez les Espoirs - Motocross - Enduro - Supermoto | MotocrossMag\",\"isPartOf\":{\"@id\":\"https:\\\/\\\/fr.motocrossmag.be\\\/#website\"},\"primaryImageOfPage\":{\"@id\":\"https:\\\/\\\/fr.motocrossmag.be\\\/index.php\\\/2019\\\/10\\\/ronde-des-sables-a-loon-plage-kylian-prevost-simpose-et-prend-la-tete-du-championnat-de-france-des-sables-chez-les-espoirs\\\/#primaryimage\"},\"image\":{\"@id\":\"https:\\\/\\\/fr.motocrossmag.be\\\/index.php\\\/2019\\\/10\\\/ronde-des-sables-a-loon-plage-kylian-prevost-simpose-et-prend-la-tete-du-championnat-de-france-des-sables-chez-les-espoirs\\\/#primaryimage\"},\"thumbnailUrl\":\"https:\\\/\\\/fr.motocrossmag.be\\\/wp-content\\\/uploads\\\/2019\\\/10\\\/Kylian-Prevost-espoirs-cfs.jpg\",\"datePublished\":\"2019-10-26T14:59:42+00:00\",\"author\":{\"@id\":\"https:\\\/\\\/fr.motocrossmag.be\\\/#\\\/schema\\\/person\\\/11b47143d9f755babca2c9110e03235c\"},\"breadcrumb\":{\"@id\":\"https:\\\/\\\/fr.motocrossmag.be\\\/index.php\\\/2019\\\/10\\\/ronde-des-sables-a-loon-plage-kylian-prevost-simpose-et-prend-la-tete-du-championnat-de-france-des-sables-chez-les-espoirs\\\/#breadcrumb\"},\"inLanguage\":\"fr-FR\",\"potentialAction\":[{\"@type\":\"ReadAction\",\"target\":[\"https:\\\/\\\/fr.motocrossmag.be\\\/index.php\\\/2019\\\/10\\\/ronde-des-sables-a-loon-plage-kylian-prevost-simpose-et-prend-la-tete-du-championnat-de-france-des-sables-chez-les-espoirs\\\/\"]}]},{\"@type\":\"ImageObject\",\"inLanguage\":\"fr-FR\",\"@id\":\"https:\\\/\\\/fr.motocrossmag.be\\\/index.php\\\/2019\\\/10\\\/ronde-des-sables-a-loon-plage-kylian-prevost-simpose-et-prend-la-tete-du-championnat-de-france-des-sables-chez-les-espoirs\\\/#primaryimage\",\"url\":\"https:\\\/\\\/fr.motocrossmag.be\\\/wp-content\\\/uploads\\\/2019\\\/10\\\/Kylian-Prevost-espoirs-cfs.jpg\",\"contentUrl\":\"https:\\\/\\\/fr.motocrossmag.be\\\/wp-content\\\/uploads\\\/2019\\\/10\\\/Kylian-Prevost-espoirs-cfs.jpg\",\"width\":1000,\"height\":667},{\"@type\":\"BreadcrumbList\",\"@id\":\"https:\\\/\\\/fr.motocrossmag.be\\\/index.php\\\/2019\\\/10\\\/ronde-des-sables-a-loon-plage-kylian-prevost-simpose-et-prend-la-tete-du-championnat-de-france-des-sables-chez-les-espoirs\\\/#breadcrumb\",\"itemListElement\":[{\"@type\":\"ListItem\",\"position\":1,\"name\":\"Accueil\",\"item\":\"https:\\\/\\\/fr.motocrossmag.be\\\/\"},{\"@type\":\"ListItem\",\"position\":2,\"name\":\"Ronde des Sables \u00e0 Loon-Plage : Kylian Prevost s&rsquo;impose et prend la t\u00eate du championnat de France des Sables chez les Espoirs\"}]},{\"@type\":\"WebSite\",\"@id\":\"https:\\\/\\\/fr.motocrossmag.be\\\/#website\",\"url\":\"https:\\\/\\\/fr.motocrossmag.be\\\/\",\"name\":\"Motocross - Enduro - Supermoto | MotocrossMag\",\"description\":\"L&#039;actualit\u00e9 du motocross, de l&#039;enduro et du Supermoto en ligne!\",\"potentialAction\":[{\"@type\":\"SearchAction\",\"target\":{\"@type\":\"EntryPoint\",\"urlTemplate\":\"https:\\\/\\\/fr.motocrossmag.be\\\/?s={search_term_string}\"},\"query-input\":{\"@type\":\"PropertyValueSpecification\",\"valueRequired\":true,\"valueName\":\"search_term_string\"}}],\"inLanguage\":\"fr-FR\"},{\"@type\":\"Person\",\"@id\":\"https:\\\/\\\/fr.motocrossmag.be\\\/#\\\/schema\\\/person\\\/11b47143d9f755babca2c9110e03235c\",\"name\":\"oliviere\",\"image\":{\"@type\":\"ImageObject\",\"inLanguage\":\"fr-FR\",\"@id\":\"https:\\\/\\\/secure.gravatar.com\\\/avatar\\\/907069e0b81d119452040469e4a7501da1100f54f7f80180ce77bfab718288f6?s=96&d=mm&r=g\",\"url\":\"https:\\\/\\\/secure.gravatar.com\\\/avatar\\\/907069e0b81d119452040469e4a7501da1100f54f7f80180ce77bfab718288f6?s=96&d=mm&r=g\",\"contentUrl\":\"https:\\\/\\\/secure.gravatar.com\\\/avatar\\\/907069e0b81d119452040469e4a7501da1100f54f7f80180ce77bfab718288f6?s=96&d=mm&r=g\",\"caption\":\"oliviere\"},\"sameAs\":[\"http:\\\/\\\/www.motocrossmag.be\"],\"url\":\"https:\\\/\\\/fr.motocrossmag.be\\\/index.php\\\/author\\\/oliviere\\\/\"}]}<\/script>\n<!-- \/ Yoast SEO plugin. -->","yoast_head_json":{"title":"Ronde des Sables \u00e0 Loon-Plage : Kylian Prevost s'impose et prend la t\u00eate du championnat de France des Sables chez les Espoirs - Motocross - Enduro - Supermoto | MotocrossMag","robots":{"index":"index","follow":"follow","max-snippet":"max-snippet:-1","max-image-preview":"max-image-preview:large","max-video-preview":"max-video-preview:-1"},"canonical":"https:\/\/fr.motocrossmag.be\/index.php\/2019\/10\/ronde-des-sables-a-loon-plage-kylian-prevost-simpose-et-prend-la-tete-du-championnat-de-france-des-sables-chez-les-espoirs\/","og_locale":"fr_FR","og_type":"article","og_title":"Ronde des Sables \u00e0 Loon-Plage : Kylian Prevost s'impose et prend la t\u00eate du championnat de France des Sables chez les Espoirs - Motocross - Enduro - Supermoto | MotocrossMag","og_description":"Deuxi\u00e8me de l&rsquo;\u00e9preuve d&rsquo;ouverture \u00e0 Berck-sur-Mer le week-end pass\u00e9, Kylian Prevost a sign\u00e9 ce samedi \u00e0 Loon-Plage sa premi\u00e8re victoire de la saison. Il s&rsquo;installe aux commandes du championnat de [...]","og_url":"https:\/\/fr.motocrossmag.be\/index.php\/2019\/10\/ronde-des-sables-a-loon-plage-kylian-prevost-simpose-et-prend-la-tete-du-championnat-de-france-des-sables-chez-les-espoirs\/","og_site_name":"Motocross - Enduro - Supermoto | MotocrossMag","article_published_time":"2019-10-26T14:59:42+00:00","og_image":[{"width":1000,"height":667,"url":"https:\/\/fr.motocrossmag.be\/wp-content\/uploads\/2019\/10\/Kylian-Prevost-espoirs-cfs.jpg","type":"image\/jpeg"}],"author":"oliviere","twitter_card":"summary_large_image","twitter_misc":{"\u00c9crit par":"oliviere","Dur\u00e9e de lecture estim\u00e9e":"1 minute"},"schema":{"@context":"https:\/\/schema.org","@graph":[{"@type":"Article","@id":"https:\/\/fr.motocrossmag.be\/index.php\/2019\/10\/ronde-des-sables-a-loon-plage-kylian-prevost-simpose-et-prend-la-tete-du-championnat-de-france-des-sables-chez-les-espoirs\/#article","isPartOf":{"@id":"https:\/\/fr.motocrossmag.be\/index.php\/2019\/10\/ronde-des-sables-a-loon-plage-kylian-prevost-simpose-et-prend-la-tete-du-championnat-de-france-des-sables-chez-les-espoirs\/"},"author":{"name":"oliviere","@id":"https:\/\/fr.motocrossmag.be\/#\/schema\/person\/11b47143d9f755babca2c9110e03235c"},"headline":"Ronde des Sables \u00e0 Loon-Plage : Kylian Prevost s&rsquo;impose et prend la t\u00eate du championnat de France des Sables chez les Espoirs","datePublished":"2019-10-26T14:59:42+00:00","mainEntityOfPage":{"@id":"https:\/\/fr.motocrossmag.be\/index.php\/2019\/10\/ronde-des-sables-a-loon-plage-kylian-prevost-simpose-et-prend-la-tete-du-championnat-de-france-des-sables-chez-les-espoirs\/"},"wordCount":322,"commentCount":0,"image":{"@id":"https:\/\/fr.motocrossmag.be\/index.php\/2019\/10\/ronde-des-sables-a-loon-plage-kylian-prevost-simpose-et-prend-la-tete-du-championnat-de-france-des-sables-chez-les-espoirs\/#primaryimage"},"thumbnailUrl":"https:\/\/fr.motocrossmag.be\/wp-content\/uploads\/2019\/10\/Kylian-Prevost-espoirs-cfs.jpg","keywords":["CFS","france","sable"],"articleSection":["Actualit\u00e9","Courses de sable","Enduro","Kids","News","News","News","Slideshow"],"inLanguage":"fr-FR","potentialAction":[{"@type":"CommentAction","name":"Comment","target":["https:\/\/fr.motocrossmag.be\/index.php\/2019\/10\/ronde-des-sables-a-loon-plage-kylian-prevost-simpose-et-prend-la-tete-du-championnat-de-france-des-sables-chez-les-espoirs\/#respond"]}]},{"@type":"WebPage","@id":"https:\/\/fr.motocrossmag.be\/index.php\/2019\/10\/ronde-des-sables-a-loon-plage-kylian-prevost-simpose-et-prend-la-tete-du-championnat-de-france-des-sables-chez-les-espoirs\/","url":"https:\/\/fr.motocrossmag.be\/index.php\/2019\/10\/ronde-des-sables-a-loon-plage-kylian-prevost-simpose-et-prend-la-tete-du-championnat-de-france-des-sables-chez-les-espoirs\/","name":"Ronde des Sables \u00e0 Loon-Plage : Kylian Prevost s'impose et prend la t\u00eate du championnat de France des Sables chez les Espoirs - Motocross - Enduro - Supermoto | MotocrossMag","isPartOf":{"@id":"https:\/\/fr.motocrossmag.be\/#website"},"primaryImageOfPage":{"@id":"https:\/\/fr.motocrossmag.be\/index.php\/2019\/10\/ronde-des-sables-a-loon-plage-kylian-prevost-simpose-et-prend-la-tete-du-championnat-de-france-des-sables-chez-les-espoirs\/#primaryimage"},"image":{"@id":"https:\/\/fr.motocrossmag.be\/index.php\/2019\/10\/ronde-des-sables-a-loon-plage-kylian-prevost-simpose-et-prend-la-tete-du-championnat-de-france-des-sables-chez-les-espoirs\/#primaryimage"},"thumbnailUrl":"https:\/\/fr.motocrossmag.be\/wp-content\/uploads\/2019\/10\/Kylian-Prevost-espoirs-cfs.jpg","datePublished":"2019-10-26T14:59:42+00:00","author":{"@id":"https:\/\/fr.motocrossmag.be\/#\/schema\/person\/11b47143d9f755babca2c9110e03235c"},"breadcrumb":{"@id":"https:\/\/fr.motocrossmag.be\/index.php\/2019\/10\/ronde-des-sables-a-loon-plage-kylian-prevost-simpose-et-prend-la-tete-du-championnat-de-france-des-sables-chez-les-espoirs\/#breadcrumb"},"inLanguage":"fr-FR","potentialAction":[{"@type":"ReadAction","target":["https:\/\/fr.motocrossmag.be\/index.php\/2019\/10\/ronde-des-sables-a-loon-plage-kylian-prevost-simpose-et-prend-la-tete-du-championnat-de-france-des-sables-chez-les-espoirs\/"]}]},{"@type":"ImageObject","inLanguage":"fr-FR","@id":"https:\/\/fr.motocrossmag.be\/index.php\/2019\/10\/ronde-des-sables-a-loon-plage-kylian-prevost-simpose-et-prend-la-tete-du-championnat-de-france-des-sables-chez-les-espoirs\/#primaryimage","url":"https:\/\/fr.motocrossmag.be\/wp-content\/uploads\/2019\/10\/Kylian-Prevost-espoirs-cfs.jpg","contentUrl":"https:\/\/fr.motocrossmag.be\/wp-content\/uploads\/2019\/10\/Kylian-Prevost-espoirs-cfs.jpg","width":1000,"height":667},{"@type":"BreadcrumbList","@id":"https:\/\/fr.motocrossmag.be\/index.php\/2019\/10\/ronde-des-sables-a-loon-plage-kylian-prevost-simpose-et-prend-la-tete-du-championnat-de-france-des-sables-chez-les-espoirs\/#breadcrumb","itemListElement":[{"@type":"ListItem","position":1,"name":"Accueil","item":"https:\/\/fr.motocrossmag.be\/"},{"@type":"ListItem","position":2,"name":"Ronde des Sables \u00e0 Loon-Plage : Kylian Prevost s&rsquo;impose et prend la t\u00eate du championnat de France des Sables chez les Espoirs"}]},{"@type":"WebSite","@id":"https:\/\/fr.motocrossmag.be\/#website","url":"https:\/\/fr.motocrossmag.be\/","name":"Motocross - Enduro - Supermoto | MotocrossMag","description":"L&#039;actualit\u00e9 du motocross, de l&#039;enduro et du Supermoto en ligne!","potentialAction":[{"@type":"SearchAction","target":{"@type":"EntryPoint","urlTemplate":"https:\/\/fr.motocrossmag.be\/?s={search_term_string}"},"query-input":{"@type":"PropertyValueSpecification","valueRequired":true,"valueName":"search_term_string"}}],"inLanguage":"fr-FR"},{"@type":"Person","@id":"https:\/\/fr.motocrossmag.be\/#\/schema\/person\/11b47143d9f755babca2c9110e03235c","name":"oliviere","image":{"@type":"ImageObject","inLanguage":"fr-FR","@id":"https:\/\/secure.gravatar.com\/avatar\/907069e0b81d119452040469e4a7501da1100f54f7f80180ce77bfab718288f6?s=96&d=mm&r=g","url":"https:\/\/secure.gravatar.com\/avatar\/907069e0b81d119452040469e4a7501da1100f54f7f80180ce77bfab718288f6?s=96&d=mm&r=g","contentUrl":"https:\/\/secure.gravatar.com\/avatar\/907069e0b81d119452040469e4a7501da1100f54f7f80180ce77bfab718288f6?s=96&d=mm&r=g","caption":"oliviere"},"sameAs":["http:\/\/www.motocrossmag.be"],"url":"https:\/\/fr.motocrossmag.be\/index.php\/author\/oliviere\/"}]}},"_links":{"self":[{"href":"https:\/\/fr.motocrossmag.be\/index.php\/wp-json\/wp\/v2\/posts\/98030","targetHints":{"allow":["GET"]}}],"collection":[{"href":"https:\/\/fr.motocrossmag.be\/index.php\/wp-json\/wp\/v2\/posts"}],"about":[{"href":"https:\/\/fr.motocrossmag.be\/index.php\/wp-json\/wp\/v2\/types\/post"}],"author":[{"embeddable":true,"href":"https:\/\/fr.motocrossmag.be\/index.php\/wp-json\/wp\/v2\/users\/932"}],"replies":[{"embeddable":true,"href":"https:\/\/fr.motocrossmag.be\/index.php\/wp-json\/wp\/v2\/comments?post=98030"}],"version-history":[{"count":0,"href":"https:\/\/fr.motocrossmag.be\/index.php\/wp-json\/wp\/v2\/posts\/98030\/revisions"}],"wp:featuredmedia":[{"embeddable":true,"href":"https:\/\/fr.motocrossmag.be\/index.php\/wp-json\/wp\/v2\/media\/98034"}],"wp:attachment":[{"href":"https:\/\/fr.motocrossmag.be\/index.php\/wp-json\/wp\/v2\/media?parent=98030"}],"wp:term":[{"taxonomy":"category","embeddable":true,"href":"https:\/\/fr.motocrossmag.be\/index.php\/wp-json\/wp\/v2\/categories?post=98030"},{"taxonomy":"post_tag","embeddable":true,"href":"https:\/\/fr.motocrossmag.be\/index.php\/wp-json\/wp\/v2\/tags?post=98030"}],"curies":[{"name":"wp","href":"https:\/\/api.w.org\/{rel}","templated":true}]}}