{"id":98037,"date":"2019-10-27T16:18:21","date_gmt":"2019-10-27T15:18:21","guid":{"rendered":"https:\/\/fr.motocrossmag.be\/?p=98037"},"modified":"2019-10-27T16:41:45","modified_gmt":"2019-10-27T15:41:45","slug":"jeffrey-dewulf-sincline-face-a-nathan-watson-a-loon-plage","status":"publish","type":"post","link":"https:\/\/fr.motocrossmag.be\/index.php\/2019\/10\/jeffrey-dewulf-sincline-face-a-nathan-watson-a-loon-plage\/","title":{"rendered":"Jeffrey Dewulf s&rsquo;incline face \u00e0 Nathan Watson \u00e0 Loon-Plage"},"content":{"rendered":"<p><strong>Avec plus de 850 engag\u00e9s sur le week-end, la 23\u00e8me ronde des Sables \u00e0 fait le plein de participants. Pour sa deuxi\u00e8me \u00e9tape de la saison, le championnat de France des Sables retrouvait son format de pr\u00e9dilection. Une semaine apr\u00e8s le format \u00ab\u00a0cross\u00a0\u00bb de Berck-sur-Mer, c&rsquo;est en effet une course de 2h30 qui attendaient les t\u00e9nors des courses de sable sur l&rsquo;organisation d&rsquo;Isabelle Andrieux et son \u00e9quipe du MC du Littoral \u00e0 Loon-Plage.<\/strong><\/p>\n<p>&nbsp;<\/p>\n<a href=\"https:\/\/fr.motocrossmag.be\/index.php\/2019\/10\/live-video-suivez-en-direct-la-ronde-des-sables\/#.XbW6F_lKiUk\" class=\"su-button su-button-style-flat\" style=\"color:#FFFFFF;background-color:#e52e17;border-color:#b82513;border-radius:9px\" target=\"_blank\" rel=\"noopener noreferrer\"><span style=\"color:#FFFFFF;padding:8px 24px;font-size:18px;line-height:27px;border-color:#ed6d5d;border-radius:9px;text-shadow:none\"><i class=\"sui sui-video-camera\" style=\"font-size:18px;color:#FFFFFF\"><\/i> Voir le replay vid\u00e9o<\/span><\/a>\n<p>&nbsp;<\/p>\n<p>Dans des conditions de course id\u00e9ales, notamment gr\u00e2ce \u00e0 une m\u00e9t\u00e9o bien plus cl\u00e9mente que le samedi, les pr\u00e8s de 300 inscrits dans la cat\u00e9gorie \u00ab\u00a0moto\u00a0\u00bb se sont \u00e9lanc\u00e9s en d\u00e9but d&rsquo;apr\u00e8s-midi pour 2h30 de course dans le sable impitoyable de Loon-Plage. Un sable que la plupart des t\u00e9nors du championnat connaissent bien pour y passer souvent un nombre incalculable d&rsquo;heures \u00e0 l&rsquo;entra\u00eenement.<\/p>\n<p>D\u00e9j\u00e0 sur la 3\u00e8me marche du podium \u00e0 Berck-sur-Mer, Jeffrey Dewulf a une nouvelle fois \u00e9t\u00e9 l&rsquo;un des grands animateurs du week-end \u00e0 Loon-Plage. La victoire s&rsquo;est jou\u00e9e ce dimanche apr\u00e8s-midi entre le Belge, Milko Potisek et le champion de France en titre Nathan Watson.<\/p>\n<p>En t\u00eate avant le deuxi\u00e8me ravitaillement apr\u00e8s \u00eatre tr\u00e8s vite revenu d&rsquo;un d\u00e9part en 15\u00e8me position, Dewulf a \u00e9t\u00e9 le premier \u00e0 rentrer pour la deuxi\u00e8me fois aux stands. Reparti troisi\u00e8me derri\u00e8re Potisek et Watson, il est le seul \u00e0 \u00eatre encore en lutte avec Watson au moment d&rsquo;entrer dans le dernier quart d&rsquo;heure de course. Les deux pilotes KTM repassent ensemble dans les stands pour le 3\u00e8me passage obligatoire mais ne s&rsquo;arr\u00eatent pas.<\/p>\n<p><span style=\"color: #ff0000;\"><strong>Watson au finish<\/strong><\/span><\/p>\n<p>C&rsquo;est alors que Nathan Watson jette ses derni\u00e8res forces dans la bataille et s&rsquo;est construit plus de 20 secondes d&rsquo;avance sur Dewulf au moment d&rsquo;entrer dans le dernier des 25 tours de course. Le Britannique file alors vers sa premi\u00e8re victoire de la saison et s&rsquo;impose devant Dewulf et Potisek qui l&rsquo;accompagnent sur le podium de cette 23\u00e8me Ronde des Sables. Un trio qui est aussi le trio de t\u00eate du classement provisoire du CFS au moment de mettre le cap au sud pour la 3\u00e8me \u00e9preuve de la saison \u00e0 Magescq les 16 et 17 novembre.<\/p>\n<p>Daymond Martens est le deuxi\u00e8me meilleur Belge \u00e0 Loon puisqu&rsquo;il place sa KTM \u00e0 une tr\u00e8s belle 6\u00e8me position. J\u00e9r\u00e9my Van Horebeek a pour sa part d\u00fb abandonner sur ennuis m\u00e9caniques dans la premi\u00e8re demi-heure de course.<\/p>\n<p>Matt\u00e9o Puffet place sa petite KTM 250 SX-F \u00e0 la 23\u00e8me place.<\/p>\n<p>Notons enfin qu&rsquo;Adrien Van Beveren passe le drapeau \u00e0 damiers en 14\u00e8me position au guidon de sa Yamaha de rallye-raid.<\/p>\n<p>Photo : Dylan Botte<\/p>\n<p>&nbsp;<\/p>\n<p><span style=\"color: #800000;\"><strong>R\u00e9sultats<\/strong><\/span><\/p>\n<table style=\"margin: auto;\" width=\"97%\">\n<tbody>\n<tr>\n<td width=\"80\">1<\/td>\n<td width=\"80\">WATSON Nathan<\/td>\n<td width=\"80\">KTM<\/td>\n<td width=\"80\">25<\/td>\n<td width=\"80\">\u00a0tours<\/td>\n<\/tr>\n<tr>\n<td width=\"80\">2<\/td>\n<td width=\"80\">DEWULF Jeffrey<\/td>\n<td width=\"80\">KTM<\/td>\n<td width=\"80\">25<\/td>\n<td>\u00a0tours<\/td>\n<\/tr>\n<tr>\n<td width=\"80\">3<\/td>\n<td width=\"80\">POTISEK Milko<\/td>\n<td width=\"80\">Yamaha<\/td>\n<td width=\"80\">25<\/td>\n<td>\u00a0tours<\/td>\n<\/tr>\n<tr>\n<td width=\"80\">4<\/td>\n<td width=\"80\">CHAPELIERE Camille<\/td>\n<td width=\"80\">KTM<\/td>\n<td width=\"80\">25<\/td>\n<td>\u00a0tours<\/td>\n<\/tr>\n<tr>\n<td width=\"80\">5<\/td>\n<td width=\"80\">KELLETT Todd<\/td>\n<td width=\"80\">Yamaha<\/td>\n<td width=\"80\">25<\/td>\n<td>\u00a0tours<\/td>\n<\/tr>\n<tr>\n<td width=\"80\">6<\/td>\n<td width=\"80\">MARTENS Daymond<\/td>\n<td width=\"80\">KTM<\/td>\n<td width=\"80\">24<\/td>\n<td>\u00a0tours<\/td>\n<\/tr>\n<tr>\n<td width=\"80\">7<\/td>\n<td width=\"80\">FURA Richard<\/td>\n<td width=\"80\">Yamaha<\/td>\n<td width=\"80\">24<\/td>\n<td>\u00a0tours<\/td>\n<\/tr>\n<tr>\n<td width=\"80\">8<\/td>\n<td width=\"80\">PREVOT Damien<\/td>\n<td width=\"80\">Kawasaki<\/td>\n<td width=\"80\">24<\/td>\n<td>\u00a0tours<\/td>\n<\/tr>\n<tr>\n<td width=\"80\">9<\/td>\n<td width=\"80\">COLLIGNON Alexis<\/td>\n<td width=\"80\">Husqvarna<\/td>\n<td width=\"80\">24<\/td>\n<td>\u00a0tours<\/td>\n<\/tr>\n<tr>\n<td width=\"80\">10<\/td>\n<td width=\"80\">BROSSIER Victor<\/td>\n<td width=\"80\">Yamaha<\/td>\n<td width=\"80\">24<\/td>\n<td>\u00a0tours<\/td>\n<\/tr>\n<tr>\n<td width=\"80\">11<\/td>\n<td width=\"80\">WATEL Stephane<\/td>\n<td width=\"80\">Honda<\/td>\n<td width=\"80\">23<\/td>\n<td>\u00a0tours<\/td>\n<\/tr>\n<tr>\n<td width=\"80\">12<\/td>\n<td width=\"80\">HAUQUIER Jeremy<\/td>\n<td width=\"80\">KTM<\/td>\n<td width=\"80\">23<\/td>\n<td>\u00a0tours<\/td>\n<\/tr>\n<tr>\n<td width=\"80\">13<\/td>\n<td width=\"80\">DIVALL Jordan<\/td>\n<td width=\"80\">Honda<\/td>\n<td width=\"80\">23<\/td>\n<td>\u00a0tours<\/td>\n<\/tr>\n<tr>\n<td width=\"80\">14<\/td>\n<td width=\"80\">VAN BEVEREN Adrien<\/td>\n<td width=\"80\">Yamaha<\/td>\n<td width=\"80\">23<\/td>\n<td>\u00a0tours<\/td>\n<\/tr>\n<tr>\n<td width=\"80\">15<\/td>\n<td width=\"80\">MEPLON Marshall<\/td>\n<td width=\"80\">Yamaha<\/td>\n<td width=\"80\">23<\/td>\n<td>\u00a0tours<\/td>\n<\/tr>\n<\/tbody>\n<\/table>\n<p>&nbsp;<\/p>\n<a href=\"https:\/\/fr.motocrossmag.be\/index.php\/2019\/10\/ronde-des-sables-a-loon-plage-le-classement-complet\/#.XbW5C_lKiUk\" class=\"su-button su-button-style-flat\" style=\"color:#FFFFFF;background-color:#e52e17;border-color:#b82513;border-radius:9px\" target=\"_blank\" rel=\"noopener noreferrer\"><span style=\"color:#FFFFFF;padding:8px 24px;font-size:18px;line-height:27px;border-color:#ed6d5d;border-radius:9px;text-shadow:none\"><i class=\"sui sui-external-link\" style=\"font-size:18px;color:#FFFFFF\"><\/i> Voir le classement complet<\/span><\/a>\n<div id=\"ConnectiveDocSignExtentionInstalled\" data-extension-version=\"1.0.4\"><\/div>\n","protected":false},"excerpt":{"rendered":"<p>Avec plus de 850 engag\u00e9s sur le week-end, la 23\u00e8me ronde des Sables \u00e0 fait le plein de participants. Pour sa deuxi\u00e8me \u00e9tape de la saison, le championnat de France [&#8230;]<\/p>\n","protected":false},"author":932,"featured_media":98043,"comment_status":"open","ping_status":"closed","sticky":false,"template":"","format":"standard","meta":{"footnotes":""},"categories":[54,1075,32,33,55,65],"tags":[300,951,490,1178],"class_list":["post-98037","post","type-post","status-publish","format-standard","has-post-thumbnail","hentry","category-actualite","category-courses-de-sable","category-enduro","category-news-enduro","category-news-actualite","category-slideshow","tag-course-sur-sable","tag-enduro","tag-france","tag-sable"],"yoast_head":"<!-- This site is optimized with the Yoast SEO plugin v27.4 - https:\/\/yoast.com\/product\/yoast-seo-wordpress\/ -->\n<title>Jeffrey Dewulf s&#039;incline face \u00e0 Nathan Watson \u00e0 Loon-Plage - Motocross - Enduro - Supermoto | MotocrossMag<\/title>\n<meta name=\"robots\" content=\"index, follow, max-snippet:-1, max-image-preview:large, max-video-preview:-1\" \/>\n<link rel=\"canonical\" href=\"https:\/\/fr.motocrossmag.be\/index.php\/2019\/10\/jeffrey-dewulf-sincline-face-a-nathan-watson-a-loon-plage\/\" \/>\n<meta property=\"og:locale\" content=\"fr_FR\" \/>\n<meta property=\"og:type\" content=\"article\" \/>\n<meta property=\"og:title\" content=\"Jeffrey Dewulf s&#039;incline face \u00e0 Nathan Watson \u00e0 Loon-Plage - Motocross - Enduro - Supermoto | MotocrossMag\" \/>\n<meta property=\"og:description\" content=\"Avec plus de 850 engag\u00e9s sur le week-end, la 23\u00e8me ronde des Sables \u00e0 fait le plein de participants. Pour sa deuxi\u00e8me \u00e9tape de la saison, le championnat de France [...]\" \/>\n<meta property=\"og:url\" content=\"https:\/\/fr.motocrossmag.be\/index.php\/2019\/10\/jeffrey-dewulf-sincline-face-a-nathan-watson-a-loon-plage\/\" \/>\n<meta property=\"og:site_name\" content=\"Motocross - Enduro - Supermoto | MotocrossMag\" \/>\n<meta property=\"article:published_time\" content=\"2019-10-27T15:18:21+00:00\" \/>\n<meta property=\"article:modified_time\" content=\"2019-10-27T15:41:45+00:00\" \/>\n<meta property=\"og:image\" content=\"https:\/\/fr.motocrossmag.be\/wp-content\/uploads\/2019\/10\/podium-loon-cfs-2019.jpg\" \/>\n\t<meta property=\"og:image:width\" content=\"720\" \/>\n\t<meta property=\"og:image:height\" content=\"480\" \/>\n\t<meta property=\"og:image:type\" content=\"image\/jpeg\" \/>\n<meta name=\"author\" content=\"oliviere\" \/>\n<meta name=\"twitter:card\" content=\"summary_large_image\" \/>\n<meta name=\"twitter:label1\" content=\"\u00c9crit par\" \/>\n\t<meta name=\"twitter:data1\" content=\"oliviere\" \/>\n\t<meta name=\"twitter:label2\" content=\"Dur\u00e9e de lecture estim\u00e9e\" \/>\n\t<meta name=\"twitter:data2\" content=\"3 minutes\" \/>\n<script type=\"application\/ld+json\" class=\"yoast-schema-graph\">{\"@context\":\"https:\\\/\\\/schema.org\",\"@graph\":[{\"@type\":\"Article\",\"@id\":\"https:\\\/\\\/fr.motocrossmag.be\\\/index.php\\\/2019\\\/10\\\/jeffrey-dewulf-sincline-face-a-nathan-watson-a-loon-plage\\\/#article\",\"isPartOf\":{\"@id\":\"https:\\\/\\\/fr.motocrossmag.be\\\/index.php\\\/2019\\\/10\\\/jeffrey-dewulf-sincline-face-a-nathan-watson-a-loon-plage\\\/\"},\"author\":{\"name\":\"oliviere\",\"@id\":\"https:\\\/\\\/fr.motocrossmag.be\\\/#\\\/schema\\\/person\\\/11b47143d9f755babca2c9110e03235c\"},\"headline\":\"Jeffrey Dewulf s&rsquo;incline face \u00e0 Nathan Watson \u00e0 Loon-Plage\",\"datePublished\":\"2019-10-27T15:18:21+00:00\",\"dateModified\":\"2019-10-27T15:41:45+00:00\",\"mainEntityOfPage\":{\"@id\":\"https:\\\/\\\/fr.motocrossmag.be\\\/index.php\\\/2019\\\/10\\\/jeffrey-dewulf-sincline-face-a-nathan-watson-a-loon-plage\\\/\"},\"wordCount\":602,\"commentCount\":0,\"image\":{\"@id\":\"https:\\\/\\\/fr.motocrossmag.be\\\/index.php\\\/2019\\\/10\\\/jeffrey-dewulf-sincline-face-a-nathan-watson-a-loon-plage\\\/#primaryimage\"},\"thumbnailUrl\":\"https:\\\/\\\/fr.motocrossmag.be\\\/wp-content\\\/uploads\\\/2019\\\/10\\\/podium-loon-cfs-2019.jpg\",\"keywords\":[\"CFS\",\"Enduro\",\"france\",\"sable\"],\"articleSection\":[\"Actualit\u00e9\",\"Courses de sable\",\"Enduro\",\"News\",\"News\",\"Slideshow\"],\"inLanguage\":\"fr-FR\",\"potentialAction\":[{\"@type\":\"CommentAction\",\"name\":\"Comment\",\"target\":[\"https:\\\/\\\/fr.motocrossmag.be\\\/index.php\\\/2019\\\/10\\\/jeffrey-dewulf-sincline-face-a-nathan-watson-a-loon-plage\\\/#respond\"]}]},{\"@type\":\"WebPage\",\"@id\":\"https:\\\/\\\/fr.motocrossmag.be\\\/index.php\\\/2019\\\/10\\\/jeffrey-dewulf-sincline-face-a-nathan-watson-a-loon-plage\\\/\",\"url\":\"https:\\\/\\\/fr.motocrossmag.be\\\/index.php\\\/2019\\\/10\\\/jeffrey-dewulf-sincline-face-a-nathan-watson-a-loon-plage\\\/\",\"name\":\"Jeffrey Dewulf s'incline face \u00e0 Nathan Watson \u00e0 Loon-Plage - Motocross - Enduro - Supermoto | MotocrossMag\",\"isPartOf\":{\"@id\":\"https:\\\/\\\/fr.motocrossmag.be\\\/#website\"},\"primaryImageOfPage\":{\"@id\":\"https:\\\/\\\/fr.motocrossmag.be\\\/index.php\\\/2019\\\/10\\\/jeffrey-dewulf-sincline-face-a-nathan-watson-a-loon-plage\\\/#primaryimage\"},\"image\":{\"@id\":\"https:\\\/\\\/fr.motocrossmag.be\\\/index.php\\\/2019\\\/10\\\/jeffrey-dewulf-sincline-face-a-nathan-watson-a-loon-plage\\\/#primaryimage\"},\"thumbnailUrl\":\"https:\\\/\\\/fr.motocrossmag.be\\\/wp-content\\\/uploads\\\/2019\\\/10\\\/podium-loon-cfs-2019.jpg\",\"datePublished\":\"2019-10-27T15:18:21+00:00\",\"dateModified\":\"2019-10-27T15:41:45+00:00\",\"author\":{\"@id\":\"https:\\\/\\\/fr.motocrossmag.be\\\/#\\\/schema\\\/person\\\/11b47143d9f755babca2c9110e03235c\"},\"breadcrumb\":{\"@id\":\"https:\\\/\\\/fr.motocrossmag.be\\\/index.php\\\/2019\\\/10\\\/jeffrey-dewulf-sincline-face-a-nathan-watson-a-loon-plage\\\/#breadcrumb\"},\"inLanguage\":\"fr-FR\",\"potentialAction\":[{\"@type\":\"ReadAction\",\"target\":[\"https:\\\/\\\/fr.motocrossmag.be\\\/index.php\\\/2019\\\/10\\\/jeffrey-dewulf-sincline-face-a-nathan-watson-a-loon-plage\\\/\"]}]},{\"@type\":\"ImageObject\",\"inLanguage\":\"fr-FR\",\"@id\":\"https:\\\/\\\/fr.motocrossmag.be\\\/index.php\\\/2019\\\/10\\\/jeffrey-dewulf-sincline-face-a-nathan-watson-a-loon-plage\\\/#primaryimage\",\"url\":\"https:\\\/\\\/fr.motocrossmag.be\\\/wp-content\\\/uploads\\\/2019\\\/10\\\/podium-loon-cfs-2019.jpg\",\"contentUrl\":\"https:\\\/\\\/fr.motocrossmag.be\\\/wp-content\\\/uploads\\\/2019\\\/10\\\/podium-loon-cfs-2019.jpg\",\"width\":720,\"height\":480},{\"@type\":\"BreadcrumbList\",\"@id\":\"https:\\\/\\\/fr.motocrossmag.be\\\/index.php\\\/2019\\\/10\\\/jeffrey-dewulf-sincline-face-a-nathan-watson-a-loon-plage\\\/#breadcrumb\",\"itemListElement\":[{\"@type\":\"ListItem\",\"position\":1,\"name\":\"Accueil\",\"item\":\"https:\\\/\\\/fr.motocrossmag.be\\\/\"},{\"@type\":\"ListItem\",\"position\":2,\"name\":\"Jeffrey Dewulf s&rsquo;incline face \u00e0 Nathan Watson \u00e0 Loon-Plage\"}]},{\"@type\":\"WebSite\",\"@id\":\"https:\\\/\\\/fr.motocrossmag.be\\\/#website\",\"url\":\"https:\\\/\\\/fr.motocrossmag.be\\\/\",\"name\":\"Motocross - Enduro - Supermoto | MotocrossMag\",\"description\":\"L&#039;actualit\u00e9 du motocross, de l&#039;enduro et du Supermoto en ligne!\",\"potentialAction\":[{\"@type\":\"SearchAction\",\"target\":{\"@type\":\"EntryPoint\",\"urlTemplate\":\"https:\\\/\\\/fr.motocrossmag.be\\\/?s={search_term_string}\"},\"query-input\":{\"@type\":\"PropertyValueSpecification\",\"valueRequired\":true,\"valueName\":\"search_term_string\"}}],\"inLanguage\":\"fr-FR\"},{\"@type\":\"Person\",\"@id\":\"https:\\\/\\\/fr.motocrossmag.be\\\/#\\\/schema\\\/person\\\/11b47143d9f755babca2c9110e03235c\",\"name\":\"oliviere\",\"image\":{\"@type\":\"ImageObject\",\"inLanguage\":\"fr-FR\",\"@id\":\"https:\\\/\\\/secure.gravatar.com\\\/avatar\\\/907069e0b81d119452040469e4a7501da1100f54f7f80180ce77bfab718288f6?s=96&d=mm&r=g\",\"url\":\"https:\\\/\\\/secure.gravatar.com\\\/avatar\\\/907069e0b81d119452040469e4a7501da1100f54f7f80180ce77bfab718288f6?s=96&d=mm&r=g\",\"contentUrl\":\"https:\\\/\\\/secure.gravatar.com\\\/avatar\\\/907069e0b81d119452040469e4a7501da1100f54f7f80180ce77bfab718288f6?s=96&d=mm&r=g\",\"caption\":\"oliviere\"},\"sameAs\":[\"http:\\\/\\\/www.motocrossmag.be\"],\"url\":\"https:\\\/\\\/fr.motocrossmag.be\\\/index.php\\\/author\\\/oliviere\\\/\"}]}<\/script>\n<!-- \/ Yoast SEO plugin. -->","yoast_head_json":{"title":"Jeffrey Dewulf s'incline face \u00e0 Nathan Watson \u00e0 Loon-Plage - Motocross - Enduro - Supermoto | MotocrossMag","robots":{"index":"index","follow":"follow","max-snippet":"max-snippet:-1","max-image-preview":"max-image-preview:large","max-video-preview":"max-video-preview:-1"},"canonical":"https:\/\/fr.motocrossmag.be\/index.php\/2019\/10\/jeffrey-dewulf-sincline-face-a-nathan-watson-a-loon-plage\/","og_locale":"fr_FR","og_type":"article","og_title":"Jeffrey Dewulf s'incline face \u00e0 Nathan Watson \u00e0 Loon-Plage - Motocross - Enduro - Supermoto | MotocrossMag","og_description":"Avec plus de 850 engag\u00e9s sur le week-end, la 23\u00e8me ronde des Sables \u00e0 fait le plein de participants. Pour sa deuxi\u00e8me \u00e9tape de la saison, le championnat de France [...]","og_url":"https:\/\/fr.motocrossmag.be\/index.php\/2019\/10\/jeffrey-dewulf-sincline-face-a-nathan-watson-a-loon-plage\/","og_site_name":"Motocross - Enduro - Supermoto | MotocrossMag","article_published_time":"2019-10-27T15:18:21+00:00","article_modified_time":"2019-10-27T15:41:45+00:00","og_image":[{"width":720,"height":480,"url":"https:\/\/fr.motocrossmag.be\/wp-content\/uploads\/2019\/10\/podium-loon-cfs-2019.jpg","type":"image\/jpeg"}],"author":"oliviere","twitter_card":"summary_large_image","twitter_misc":{"\u00c9crit par":"oliviere","Dur\u00e9e de lecture estim\u00e9e":"3 minutes"},"schema":{"@context":"https:\/\/schema.org","@graph":[{"@type":"Article","@id":"https:\/\/fr.motocrossmag.be\/index.php\/2019\/10\/jeffrey-dewulf-sincline-face-a-nathan-watson-a-loon-plage\/#article","isPartOf":{"@id":"https:\/\/fr.motocrossmag.be\/index.php\/2019\/10\/jeffrey-dewulf-sincline-face-a-nathan-watson-a-loon-plage\/"},"author":{"name":"oliviere","@id":"https:\/\/fr.motocrossmag.be\/#\/schema\/person\/11b47143d9f755babca2c9110e03235c"},"headline":"Jeffrey Dewulf s&rsquo;incline face \u00e0 Nathan Watson \u00e0 Loon-Plage","datePublished":"2019-10-27T15:18:21+00:00","dateModified":"2019-10-27T15:41:45+00:00","mainEntityOfPage":{"@id":"https:\/\/fr.motocrossmag.be\/index.php\/2019\/10\/jeffrey-dewulf-sincline-face-a-nathan-watson-a-loon-plage\/"},"wordCount":602,"commentCount":0,"image":{"@id":"https:\/\/fr.motocrossmag.be\/index.php\/2019\/10\/jeffrey-dewulf-sincline-face-a-nathan-watson-a-loon-plage\/#primaryimage"},"thumbnailUrl":"https:\/\/fr.motocrossmag.be\/wp-content\/uploads\/2019\/10\/podium-loon-cfs-2019.jpg","keywords":["CFS","Enduro","france","sable"],"articleSection":["Actualit\u00e9","Courses de sable","Enduro","News","News","Slideshow"],"inLanguage":"fr-FR","potentialAction":[{"@type":"CommentAction","name":"Comment","target":["https:\/\/fr.motocrossmag.be\/index.php\/2019\/10\/jeffrey-dewulf-sincline-face-a-nathan-watson-a-loon-plage\/#respond"]}]},{"@type":"WebPage","@id":"https:\/\/fr.motocrossmag.be\/index.php\/2019\/10\/jeffrey-dewulf-sincline-face-a-nathan-watson-a-loon-plage\/","url":"https:\/\/fr.motocrossmag.be\/index.php\/2019\/10\/jeffrey-dewulf-sincline-face-a-nathan-watson-a-loon-plage\/","name":"Jeffrey Dewulf s'incline face \u00e0 Nathan Watson \u00e0 Loon-Plage - Motocross - Enduro - Supermoto | MotocrossMag","isPartOf":{"@id":"https:\/\/fr.motocrossmag.be\/#website"},"primaryImageOfPage":{"@id":"https:\/\/fr.motocrossmag.be\/index.php\/2019\/10\/jeffrey-dewulf-sincline-face-a-nathan-watson-a-loon-plage\/#primaryimage"},"image":{"@id":"https:\/\/fr.motocrossmag.be\/index.php\/2019\/10\/jeffrey-dewulf-sincline-face-a-nathan-watson-a-loon-plage\/#primaryimage"},"thumbnailUrl":"https:\/\/fr.motocrossmag.be\/wp-content\/uploads\/2019\/10\/podium-loon-cfs-2019.jpg","datePublished":"2019-10-27T15:18:21+00:00","dateModified":"2019-10-27T15:41:45+00:00","author":{"@id":"https:\/\/fr.motocrossmag.be\/#\/schema\/person\/11b47143d9f755babca2c9110e03235c"},"breadcrumb":{"@id":"https:\/\/fr.motocrossmag.be\/index.php\/2019\/10\/jeffrey-dewulf-sincline-face-a-nathan-watson-a-loon-plage\/#breadcrumb"},"inLanguage":"fr-FR","potentialAction":[{"@type":"ReadAction","target":["https:\/\/fr.motocrossmag.be\/index.php\/2019\/10\/jeffrey-dewulf-sincline-face-a-nathan-watson-a-loon-plage\/"]}]},{"@type":"ImageObject","inLanguage":"fr-FR","@id":"https:\/\/fr.motocrossmag.be\/index.php\/2019\/10\/jeffrey-dewulf-sincline-face-a-nathan-watson-a-loon-plage\/#primaryimage","url":"https:\/\/fr.motocrossmag.be\/wp-content\/uploads\/2019\/10\/podium-loon-cfs-2019.jpg","contentUrl":"https:\/\/fr.motocrossmag.be\/wp-content\/uploads\/2019\/10\/podium-loon-cfs-2019.jpg","width":720,"height":480},{"@type":"BreadcrumbList","@id":"https:\/\/fr.motocrossmag.be\/index.php\/2019\/10\/jeffrey-dewulf-sincline-face-a-nathan-watson-a-loon-plage\/#breadcrumb","itemListElement":[{"@type":"ListItem","position":1,"name":"Accueil","item":"https:\/\/fr.motocrossmag.be\/"},{"@type":"ListItem","position":2,"name":"Jeffrey Dewulf s&rsquo;incline face \u00e0 Nathan Watson \u00e0 Loon-Plage"}]},{"@type":"WebSite","@id":"https:\/\/fr.motocrossmag.be\/#website","url":"https:\/\/fr.motocrossmag.be\/","name":"Motocross - Enduro - Supermoto | MotocrossMag","description":"L&#039;actualit\u00e9 du motocross, de l&#039;enduro et du Supermoto en ligne!","potentialAction":[{"@type":"SearchAction","target":{"@type":"EntryPoint","urlTemplate":"https:\/\/fr.motocrossmag.be\/?s={search_term_string}"},"query-input":{"@type":"PropertyValueSpecification","valueRequired":true,"valueName":"search_term_string"}}],"inLanguage":"fr-FR"},{"@type":"Person","@id":"https:\/\/fr.motocrossmag.be\/#\/schema\/person\/11b47143d9f755babca2c9110e03235c","name":"oliviere","image":{"@type":"ImageObject","inLanguage":"fr-FR","@id":"https:\/\/secure.gravatar.com\/avatar\/907069e0b81d119452040469e4a7501da1100f54f7f80180ce77bfab718288f6?s=96&d=mm&r=g","url":"https:\/\/secure.gravatar.com\/avatar\/907069e0b81d119452040469e4a7501da1100f54f7f80180ce77bfab718288f6?s=96&d=mm&r=g","contentUrl":"https:\/\/secure.gravatar.com\/avatar\/907069e0b81d119452040469e4a7501da1100f54f7f80180ce77bfab718288f6?s=96&d=mm&r=g","caption":"oliviere"},"sameAs":["http:\/\/www.motocrossmag.be"],"url":"https:\/\/fr.motocrossmag.be\/index.php\/author\/oliviere\/"}]}},"_links":{"self":[{"href":"https:\/\/fr.motocrossmag.be\/index.php\/wp-json\/wp\/v2\/posts\/98037","targetHints":{"allow":["GET"]}}],"collection":[{"href":"https:\/\/fr.motocrossmag.be\/index.php\/wp-json\/wp\/v2\/posts"}],"about":[{"href":"https:\/\/fr.motocrossmag.be\/index.php\/wp-json\/wp\/v2\/types\/post"}],"author":[{"embeddable":true,"href":"https:\/\/fr.motocrossmag.be\/index.php\/wp-json\/wp\/v2\/users\/932"}],"replies":[{"embeddable":true,"href":"https:\/\/fr.motocrossmag.be\/index.php\/wp-json\/wp\/v2\/comments?post=98037"}],"version-history":[{"count":1,"href":"https:\/\/fr.motocrossmag.be\/index.php\/wp-json\/wp\/v2\/posts\/98037\/revisions"}],"predecessor-version":[{"id":98040,"href":"https:\/\/fr.motocrossmag.be\/index.php\/wp-json\/wp\/v2\/posts\/98037\/revisions\/98040"}],"wp:featuredmedia":[{"embeddable":true,"href":"https:\/\/fr.motocrossmag.be\/index.php\/wp-json\/wp\/v2\/media\/98043"}],"wp:attachment":[{"href":"https:\/\/fr.motocrossmag.be\/index.php\/wp-json\/wp\/v2\/media?parent=98037"}],"wp:term":[{"taxonomy":"category","embeddable":true,"href":"https:\/\/fr.motocrossmag.be\/index.php\/wp-json\/wp\/v2\/categories?post=98037"},{"taxonomy":"post_tag","embeddable":true,"href":"https:\/\/fr.motocrossmag.be\/index.php\/wp-json\/wp\/v2\/tags?post=98037"}],"curies":[{"name":"wp","href":"https:\/\/api.w.org\/{rel}","templated":true}]}}