{"id":98076,"date":"2019-10-29T13:49:47","date_gmt":"2019-10-29T12:49:47","guid":{"rendered":"https:\/\/fr.motocrossmag.be\/?p=98076"},"modified":"2019-10-29T13:50:22","modified_gmt":"2019-10-29T12:50:22","slug":"scott-fury","status":"publish","type":"post","link":"https:\/\/fr.motocrossmag.be\/index.php\/2019\/10\/scott-fury\/","title":{"rendered":"SCOTT Fury : concentr\u00e9 de technologie"},"content":{"rendered":"<p><strong>Marchant sur les traces du mod\u00e8le SCOTT Prospect, le masque Fury est le petit dernier de la gamme SCOTT. Le fabricant nous promet un champ de vision extra-large, un confort exceptionnel et un syst\u00e8me innovant de maintien d\u2019\u00e9cran pour un mod\u00e8le sans doute appel\u00e9 \u00e0 se faire rapidement une place au soleil sur le march\u00e9 des masques tout-terrain.<\/strong><\/p>\n<p><!--more--><\/p><div class=\"dgneg6a983677a41fa\" ><!-- \/91277017\/Inline-articles-mobile -->\n<div style=\"margin:auto; text-align:center !important\">\n<div id='div-gpt-ad-1784982661365-0' style='min-width: 250px; min-height: 75px;'>\n  <script>\n    googletag.cmd.push(function() { googletag.display('div-gpt-ad-1784982661365-0'); });\n  <\/script>\n<\/div><\/div><\/div><style type=\"text\/css\">\r\n.dgneg6a983677a41fa {\r\nmargin-bottom:30px;margin-top:20px\r\n}\r\n@media screen and (min-width: 1201px) {\r\n.dgneg6a983677a41fa {\r\ndisplay: block;\r\n}\r\n}\r\n@media screen and (min-width: 993px) and (max-width: 1200px) {\r\n.dgneg6a983677a41fa {\r\ndisplay: block;\r\n}\r\n}\r\n@media screen and (min-width: 769px) and (max-width: 992px) {\r\n.dgneg6a983677a41fa {\r\ndisplay: block;\r\n}\r\n}\r\n@media screen and (min-width: 768px) and (max-width: 768px) {\r\n.dgneg6a983677a41fa {\r\ndisplay: block;\r\n}\r\n}\r\n@media screen and (max-width: 767px) {\r\n.dgneg6a983677a41fa {\r\ndisplay: block;\r\n}\r\n}\r\n<\/style>\r\n\n<p><iframe src=\"https:\/\/www.youtube.com\/embed\/0AnduREPrq0\" width=\"650\" height=\"366\" frameborder=\"0\" allowfullscreen=\"allowfullscreen\"><\/iframe><\/p>\n<p><strong><span style=\"color: #ff0000;\">Champ de vision extra-large<\/span><\/strong><\/p>\n<p>Dot\u00e9 du m\u00eame \u00e9cran que le masque Prospect, le Fury vous offre un champ de vision optimal. Son \u00e9cran extra-large plac\u00e9 sur une monture fine se tient au plus pr\u00e8s de vos yeux afin d&rsquo;offrir un champ de vision optimis\u00e9.<\/p><div class=\"rzwjs6a983677a4212\" ><!-- \/91277017\/articles-inline-2 -->\n<div style=\"margin: 20px auto; text-align:center !important\">\n<div id='div-gpt-ad-1785021530385-0' style='min-width: 300px; min-height: 75px;'>\n  <script>\n    googletag.cmd.push(function() { googletag.display('div-gpt-ad-1785021530385-0'); });\n  <\/script>\n<\/div><\/div><\/div><style type=\"text\/css\">\r\n@media screen and (min-width: 1201px) {\r\n.rzwjs6a983677a4212 {\r\ndisplay: block;\r\n}\r\n}\r\n@media screen and (min-width: 993px) and (max-width: 1200px) {\r\n.rzwjs6a983677a4212 {\r\ndisplay: block;\r\n}\r\n}\r\n@media screen and (min-width: 769px) and (max-width: 992px) {\r\n.rzwjs6a983677a4212 {\r\ndisplay: block;\r\n}\r\n}\r\n@media screen and (min-width: 768px) and (max-width: 768px) {\r\n.rzwjs6a983677a4212 {\r\ndisplay: block;\r\n}\r\n}\r\n@media screen and (max-width: 767px) {\r\n.rzwjs6a983677a4212 {\r\ndisplay: block;\r\n}\r\n}\r\n<\/style>\r\n\n<p><span style=\"color: #ff0000;\"><strong>Syst\u00e8me de verrouillage d\u2019\u00e9cran<\/strong><\/span><\/p>\n<p>Le syst\u00e8me innovant de verrouillage d\u2019\u00e9cran, h\u00e9rit\u00e9 du mod\u00e8le Prospect, constitue un autre point fort du nouveau masque Fury. Ce syst\u00e8me garantit le maintien d\u2019\u00e9cran le plus s\u00fbr qui soit, tout en vous permettant de changer d\u2019\u00e9cran \u00e0 tout moment.<\/p>\n<div id='gallery-1' class='gallery galleryid-98076 gallery-columns-3 gallery-size-thumbnail'><figure class='gallery-item'>\n\t\t\t<div class='gallery-icon landscape'>\n\t\t\t\t<a href='https:\/\/fr.motocrossmag.be\/index.php\/2019\/10\/scott-fury\/attachment\/2728271001327\/'><img decoding=\"async\" width=\"250\" height=\"250\" src=\"https:\/\/fr.motocrossmag.be\/wp-content\/uploads\/2019\/10\/2728271001327-250x250.png\" class=\"attachment-thumbnail size-thumbnail\" alt=\"\" srcset=\"https:\/\/fr.motocrossmag.be\/wp-content\/uploads\/2019\/10\/2728271001327-250x250.png 250w, https:\/\/fr.motocrossmag.be\/wp-content\/uploads\/2019\/10\/2728271001327-650x650.png 650w, https:\/\/fr.motocrossmag.be\/wp-content\/uploads\/2019\/10\/2728271001327-768x768.png 768w, https:\/\/fr.motocrossmag.be\/wp-content\/uploads\/2019\/10\/2728271001327-50x50.png 50w, https:\/\/fr.motocrossmag.be\/wp-content\/uploads\/2019\/10\/2728271001327-150x150.png 150w, https:\/\/fr.motocrossmag.be\/wp-content\/uploads\/2019\/10\/2728271001327-45x45.png 45w, https:\/\/fr.motocrossmag.be\/wp-content\/uploads\/2019\/10\/2728271001327.png 800w\" sizes=\"(max-width: 250px) 100vw, 250px\" \/><\/a>\n\t\t\t<\/div><\/figure><figure class='gallery-item'>\n\t\t\t<div class='gallery-icon landscape'>\n\t\t\t\t<a href='https:\/\/fr.motocrossmag.be\/index.php\/2019\/10\/scott-fury\/attachment\/2728276361327\/'><img decoding=\"async\" width=\"250\" height=\"250\" src=\"https:\/\/fr.motocrossmag.be\/wp-content\/uploads\/2019\/10\/2728276361327-250x250.png\" class=\"attachment-thumbnail size-thumbnail\" alt=\"\" srcset=\"https:\/\/fr.motocrossmag.be\/wp-content\/uploads\/2019\/10\/2728276361327-250x250.png 250w, https:\/\/fr.motocrossmag.be\/wp-content\/uploads\/2019\/10\/2728276361327-650x650.png 650w, https:\/\/fr.motocrossmag.be\/wp-content\/uploads\/2019\/10\/2728276361327-768x768.png 768w, https:\/\/fr.motocrossmag.be\/wp-content\/uploads\/2019\/10\/2728276361327-50x50.png 50w, https:\/\/fr.motocrossmag.be\/wp-content\/uploads\/2019\/10\/2728276361327-150x150.png 150w, https:\/\/fr.motocrossmag.be\/wp-content\/uploads\/2019\/10\/2728276361327-45x45.png 45w, https:\/\/fr.motocrossmag.be\/wp-content\/uploads\/2019\/10\/2728276361327.png 800w\" sizes=\"(max-width: 250px) 100vw, 250px\" \/><\/a>\n\t\t\t<\/div><\/figure><figure class='gallery-item'>\n\t\t\t<div class='gallery-icon landscape'>\n\t\t\t\t<a href='https:\/\/fr.motocrossmag.be\/index.php\/2019\/10\/scott-fury\/attachment\/2728280004280\/'><img decoding=\"async\" width=\"250\" height=\"250\" src=\"https:\/\/fr.motocrossmag.be\/wp-content\/uploads\/2019\/10\/2728280004280-250x250.png\" class=\"attachment-thumbnail size-thumbnail\" alt=\"\" srcset=\"https:\/\/fr.motocrossmag.be\/wp-content\/uploads\/2019\/10\/2728280004280-250x250.png 250w, https:\/\/fr.motocrossmag.be\/wp-content\/uploads\/2019\/10\/2728280004280-650x650.png 650w, https:\/\/fr.motocrossmag.be\/wp-content\/uploads\/2019\/10\/2728280004280-768x768.png 768w, https:\/\/fr.motocrossmag.be\/wp-content\/uploads\/2019\/10\/2728280004280-50x50.png 50w, https:\/\/fr.motocrossmag.be\/wp-content\/uploads\/2019\/10\/2728280004280-150x150.png 150w, https:\/\/fr.motocrossmag.be\/wp-content\/uploads\/2019\/10\/2728280004280-45x45.png 45w, https:\/\/fr.motocrossmag.be\/wp-content\/uploads\/2019\/10\/2728280004280.png 800w\" sizes=\"(max-width: 250px) 100vw, 250px\" \/><\/a>\n\t\t\t<\/div><\/figure><figure class='gallery-item'>\n\t\t\t<div class='gallery-icon landscape'>\n\t\t\t\t<a href='https:\/\/fr.motocrossmag.be\/index.php\/2019\/10\/scott-fury\/attachment\/2728281006278\/'><img decoding=\"async\" width=\"250\" height=\"250\" src=\"https:\/\/fr.motocrossmag.be\/wp-content\/uploads\/2019\/10\/2728281006278-250x250.png\" class=\"attachment-thumbnail size-thumbnail\" alt=\"\" srcset=\"https:\/\/fr.motocrossmag.be\/wp-content\/uploads\/2019\/10\/2728281006278-250x250.png 250w, https:\/\/fr.motocrossmag.be\/wp-content\/uploads\/2019\/10\/2728281006278-650x650.png 650w, https:\/\/fr.motocrossmag.be\/wp-content\/uploads\/2019\/10\/2728281006278-768x768.png 768w, https:\/\/fr.motocrossmag.be\/wp-content\/uploads\/2019\/10\/2728281006278-50x50.png 50w, https:\/\/fr.motocrossmag.be\/wp-content\/uploads\/2019\/10\/2728281006278-150x150.png 150w, https:\/\/fr.motocrossmag.be\/wp-content\/uploads\/2019\/10\/2728281006278-45x45.png 45w, https:\/\/fr.motocrossmag.be\/wp-content\/uploads\/2019\/10\/2728281006278.png 800w\" sizes=\"(max-width: 250px) 100vw, 250px\" \/><\/a>\n\t\t\t<\/div><\/figure><figure class='gallery-item'>\n\t\t\t<div class='gallery-icon landscape'>\n\t\t\t\t<a href='https:\/\/fr.motocrossmag.be\/index.php\/2019\/10\/scott-fury\/attachment\/2728281017289\/'><img decoding=\"async\" width=\"250\" height=\"250\" src=\"https:\/\/fr.motocrossmag.be\/wp-content\/uploads\/2019\/10\/2728281017289-250x250.png\" class=\"attachment-thumbnail size-thumbnail\" alt=\"\" srcset=\"https:\/\/fr.motocrossmag.be\/wp-content\/uploads\/2019\/10\/2728281017289-250x250.png 250w, https:\/\/fr.motocrossmag.be\/wp-content\/uploads\/2019\/10\/2728281017289-650x650.png 650w, https:\/\/fr.motocrossmag.be\/wp-content\/uploads\/2019\/10\/2728281017289-768x768.png 768w, https:\/\/fr.motocrossmag.be\/wp-content\/uploads\/2019\/10\/2728281017289-50x50.png 50w, https:\/\/fr.motocrossmag.be\/wp-content\/uploads\/2019\/10\/2728281017289-150x150.png 150w, https:\/\/fr.motocrossmag.be\/wp-content\/uploads\/2019\/10\/2728281017289-45x45.png 45w, https:\/\/fr.motocrossmag.be\/wp-content\/uploads\/2019\/10\/2728281017289.png 800w\" sizes=\"(max-width: 250px) 100vw, 250px\" \/><\/a>\n\t\t\t<\/div><\/figure><figure class='gallery-item'>\n\t\t\t<div class='gallery-icon landscape'>\n\t\t\t\t<a href='https:\/\/fr.motocrossmag.be\/index.php\/2019\/10\/scott-fury\/attachment\/2728286362278\/'><img decoding=\"async\" width=\"250\" height=\"250\" src=\"https:\/\/fr.motocrossmag.be\/wp-content\/uploads\/2019\/10\/2728286362278-250x250.png\" class=\"attachment-thumbnail size-thumbnail\" alt=\"\" srcset=\"https:\/\/fr.motocrossmag.be\/wp-content\/uploads\/2019\/10\/2728286362278-250x250.png 250w, https:\/\/fr.motocrossmag.be\/wp-content\/uploads\/2019\/10\/2728286362278-650x650.png 650w, https:\/\/fr.motocrossmag.be\/wp-content\/uploads\/2019\/10\/2728286362278-768x768.png 768w, https:\/\/fr.motocrossmag.be\/wp-content\/uploads\/2019\/10\/2728286362278-50x50.png 50w, https:\/\/fr.motocrossmag.be\/wp-content\/uploads\/2019\/10\/2728286362278-150x150.png 150w, https:\/\/fr.motocrossmag.be\/wp-content\/uploads\/2019\/10\/2728286362278-45x45.png 45w, https:\/\/fr.motocrossmag.be\/wp-content\/uploads\/2019\/10\/2728286362278.png 800w\" sizes=\"(max-width: 250px) 100vw, 250px\" \/><\/a>\n\t\t\t<\/div><\/figure>\n\t\t<\/div>\n\n<p><span style=\"color: #ff0000;\"><strong>Syst\u00e8me Roll Off WFS50<\/strong><\/span><\/p>\n<p>Le masque Fury est compatible avec le syst\u00e8me de film SCOTT r\u00e9volutionnaire : le WFS50. Avec ses 50 mm, le WFS50 est le film le plus large du march\u00e9. Il peut fournir jusqu\u2019\u00e0 50 \u00e9crans propres, m\u00eame dans les conditions les plus difficiles.<\/p>\n<p><a href=\"https:\/\/fr.motocrossmag.be\/wp-content\/uploads\/2019\/10\/Scott_GP19_MXON_-2019_Assen_JPA_AP4I0079.jpg\"><img decoding=\"async\" class=\"alignnone size-medium wp-image-98084\" src=\"https:\/\/fr.motocrossmag.be\/wp-content\/uploads\/2019\/10\/Scott_GP19_MXON_-2019_Assen_JPA_AP4I0079-650x433.jpg\" alt=\"\" width=\"650\" height=\"433\" srcset=\"https:\/\/fr.motocrossmag.be\/wp-content\/uploads\/2019\/10\/Scott_GP19_MXON_-2019_Assen_JPA_AP4I0079-650x433.jpg 650w, https:\/\/fr.motocrossmag.be\/wp-content\/uploads\/2019\/10\/Scott_GP19_MXON_-2019_Assen_JPA_AP4I0079-768x511.jpg 768w, https:\/\/fr.motocrossmag.be\/wp-content\/uploads\/2019\/10\/Scott_GP19_MXON_-2019_Assen_JPA_AP4I0079.jpg 1000w\" sizes=\"(max-width: 650px) 100vw, 650px\" \/><\/a><br \/>\n<strong><br \/>\n<span style=\"color: #ff0000;\">Compatible avec les accessoires du mod\u00e8le Prospect<\/span><\/strong><\/p>\n<p>WFS50, \u00e9cran, tear off, grille anti-adh\u00e9sion ou rabat anti-boue : tous ces accessoires peuvent \u00eatre utilis\u00e9s aussi bien avec notre masque Prospect qu\u2019avec le Fury. Vous pouvez donc passer d\u2019un masque \u00e0 l\u2019autre sans vous inqui\u00e9ter d\u2019avoir les bons accessoires.<\/p>\n<p>&nbsp;<\/p>\n<div id=\"ConnectiveDocSignExtentionInstalled\" data-extension-version=\"1.0.4\"><\/div>\n","protected":false},"excerpt":{"rendered":"<p>Marchant sur les traces du mod\u00e8le SCOTT Prospect, le masque Fury est le petit dernier de la gamme SCOTT. Le fabricant nous promet un champ de vision extra-large, un confort exceptionnel et un syst\u00e8me innovant de maintien d\u2019\u00e9cran pour un mod\u00e8le sans doute appel\u00e9 \u00e0 se faire rapidement une place au soleil sur le march\u00e9 [&hellip;]<\/p>\n","protected":false},"author":932,"featured_media":98077,"comment_status":"open","ping_status":"closed","sticky":false,"template":"","format":"standard","meta":{"tdm_status":"","tdm_grid_status":"","footnotes":""},"categories":[54,4,5,55,61,65],"tags":[951,947,1177],"class_list":["post-98076","post","type-post","status-publish","format-standard","has-post-thumbnail","category-actualite","category-motocross","category-news","category-news-actualite","category-shopping","category-slideshow","tag-enduro","tag-motocross","tag-produits"],"yoast_head":"<!-- This site is optimized with the Yoast SEO plugin v28.4 - https:\/\/yoast.com\/product\/yoast-seo-wordpress\/ -->\n<title>SCOTT Fury : concentr\u00e9 de technologie - Motocross - Enduro - Supermoto | MotocrossMag<\/title>\n<meta name=\"robots\" content=\"index, follow, max-snippet:-1, max-image-preview:large, max-video-preview:-1\" \/>\n<link rel=\"canonical\" href=\"https:\/\/fr.motocrossmag.be\/index.php\/2019\/10\/scott-fury\/\" \/>\n<meta property=\"og:locale\" content=\"fr_FR\" \/>\n<meta property=\"og:type\" content=\"article\" \/>\n<meta property=\"og:title\" content=\"SCOTT Fury : concentr\u00e9 de technologie - Motocross - Enduro - Supermoto | MotocrossMag\" \/>\n<meta property=\"og:description\" content=\"Marchant sur les traces du mod\u00e8le SCOTT Prospect, le masque Fury est le petit dernier de la gamme SCOTT. Le fabricant nous promet un champ de vision extra-large, un confort exceptionnel et un syst\u00e8me innovant de maintien d\u2019\u00e9cran pour un mod\u00e8le sans doute appel\u00e9 \u00e0 se faire rapidement une place au soleil sur le march\u00e9 [&hellip;]\" \/>\n<meta property=\"og:url\" content=\"https:\/\/fr.motocrossmag.be\/index.php\/2019\/10\/scott-fury\/\" \/>\n<meta property=\"og:site_name\" content=\"Motocross - Enduro - Supermoto | MotocrossMag\" \/>\n<meta property=\"article:published_time\" content=\"2019-10-29T12:49:47+00:00\" \/>\n<meta property=\"article:modified_time\" content=\"2019-10-29T12:50:22+00:00\" \/>\n<meta property=\"og:image\" content=\"https:\/\/fr.motocrossmag.be\/wp-content\/uploads\/2019\/10\/Scott_GP19_MXON_-2019_Assen_JPA_AP4I0069.jpg\" \/>\n\t<meta property=\"og:image:width\" content=\"1000\" \/>\n\t<meta property=\"og:image:height\" content=\"666\" \/>\n\t<meta property=\"og:image:type\" content=\"image\/jpeg\" \/>\n<meta name=\"author\" content=\"oliviere\" \/>\n<meta name=\"twitter:card\" content=\"summary_large_image\" \/>\n<meta name=\"twitter:label1\" content=\"\u00c9crit par\" \/>\n\t<meta name=\"twitter:data1\" content=\"oliviere\" \/>\n\t<meta name=\"twitter:label2\" content=\"Dur\u00e9e de lecture estim\u00e9e\" \/>\n\t<meta name=\"twitter:data2\" content=\"1 minute\" \/>\n<script type=\"application\/ld+json\" class=\"yoast-schema-graph\">{\"@context\":\"https:\\\/\\\/schema.org\",\"@graph\":[{\"@type\":\"Article\",\"@id\":\"https:\\\/\\\/fr.motocrossmag.be\\\/index.php\\\/2019\\\/10\\\/scott-fury\\\/#article\",\"isPartOf\":{\"@id\":\"https:\\\/\\\/fr.motocrossmag.be\\\/index.php\\\/2019\\\/10\\\/scott-fury\\\/\"},\"author\":{\"name\":\"oliviere\",\"@id\":\"https:\\\/\\\/fr.motocrossmag.be\\\/#\\\/schema\\\/person\\\/11b47143d9f755babca2c9110e03235c\"},\"headline\":\"SCOTT Fury : concentr\u00e9 de technologie\",\"datePublished\":\"2019-10-29T12:49:47+00:00\",\"dateModified\":\"2019-10-29T12:50:22+00:00\",\"mainEntityOfPage\":{\"@id\":\"https:\\\/\\\/fr.motocrossmag.be\\\/index.php\\\/2019\\\/10\\\/scott-fury\\\/\"},\"wordCount\":270,\"commentCount\":0,\"image\":{\"@id\":\"https:\\\/\\\/fr.motocrossmag.be\\\/index.php\\\/2019\\\/10\\\/scott-fury\\\/#primaryimage\"},\"thumbnailUrl\":\"https:\\\/\\\/fr.motocrossmag.be\\\/wp-content\\\/uploads\\\/2019\\\/10\\\/Scott_GP19_MXON_-2019_Assen_JPA_AP4I0069.jpg\",\"keywords\":[\"Enduro\",\"Motocross\",\"produits\"],\"articleSection\":[\"Actualit\u00e9\",\"Motocross\",\"News\",\"News\",\"Produits\",\"Slideshow\"],\"inLanguage\":\"fr-FR\",\"potentialAction\":[{\"@type\":\"CommentAction\",\"name\":\"Comment\",\"target\":[\"https:\\\/\\\/fr.motocrossmag.be\\\/index.php\\\/2019\\\/10\\\/scott-fury\\\/#respond\"]}]},{\"@type\":\"WebPage\",\"@id\":\"https:\\\/\\\/fr.motocrossmag.be\\\/index.php\\\/2019\\\/10\\\/scott-fury\\\/\",\"url\":\"https:\\\/\\\/fr.motocrossmag.be\\\/index.php\\\/2019\\\/10\\\/scott-fury\\\/\",\"name\":\"SCOTT Fury : concentr\u00e9 de technologie - Motocross - Enduro - Supermoto | MotocrossMag\",\"isPartOf\":{\"@id\":\"https:\\\/\\\/fr.motocrossmag.be\\\/#website\"},\"primaryImageOfPage\":{\"@id\":\"https:\\\/\\\/fr.motocrossmag.be\\\/index.php\\\/2019\\\/10\\\/scott-fury\\\/#primaryimage\"},\"image\":{\"@id\":\"https:\\\/\\\/fr.motocrossmag.be\\\/index.php\\\/2019\\\/10\\\/scott-fury\\\/#primaryimage\"},\"thumbnailUrl\":\"https:\\\/\\\/fr.motocrossmag.be\\\/wp-content\\\/uploads\\\/2019\\\/10\\\/Scott_GP19_MXON_-2019_Assen_JPA_AP4I0069.jpg\",\"datePublished\":\"2019-10-29T12:49:47+00:00\",\"dateModified\":\"2019-10-29T12:50:22+00:00\",\"author\":{\"@id\":\"https:\\\/\\\/fr.motocrossmag.be\\\/#\\\/schema\\\/person\\\/11b47143d9f755babca2c9110e03235c\"},\"breadcrumb\":{\"@id\":\"https:\\\/\\\/fr.motocrossmag.be\\\/index.php\\\/2019\\\/10\\\/scott-fury\\\/#breadcrumb\"},\"inLanguage\":\"fr-FR\",\"potentialAction\":[{\"@type\":\"ReadAction\",\"target\":[\"https:\\\/\\\/fr.motocrossmag.be\\\/index.php\\\/2019\\\/10\\\/scott-fury\\\/\"]}]},{\"@type\":\"ImageObject\",\"inLanguage\":\"fr-FR\",\"@id\":\"https:\\\/\\\/fr.motocrossmag.be\\\/index.php\\\/2019\\\/10\\\/scott-fury\\\/#primaryimage\",\"url\":\"https:\\\/\\\/fr.motocrossmag.be\\\/wp-content\\\/uploads\\\/2019\\\/10\\\/Scott_GP19_MXON_-2019_Assen_JPA_AP4I0069.jpg\",\"contentUrl\":\"https:\\\/\\\/fr.motocrossmag.be\\\/wp-content\\\/uploads\\\/2019\\\/10\\\/Scott_GP19_MXON_-2019_Assen_JPA_AP4I0069.jpg\",\"width\":1000,\"height\":666},{\"@type\":\"BreadcrumbList\",\"@id\":\"https:\\\/\\\/fr.motocrossmag.be\\\/index.php\\\/2019\\\/10\\\/scott-fury\\\/#breadcrumb\",\"itemListElement\":[{\"@type\":\"ListItem\",\"position\":1,\"name\":\"Accueil\",\"item\":\"https:\\\/\\\/fr.motocrossmag.be\\\/\"},{\"@type\":\"ListItem\",\"position\":2,\"name\":\"SCOTT Fury : concentr\u00e9 de technologie\"}]},{\"@type\":\"WebSite\",\"@id\":\"https:\\\/\\\/fr.motocrossmag.be\\\/#website\",\"url\":\"https:\\\/\\\/fr.motocrossmag.be\\\/\",\"name\":\"Motocross - Enduro - Supermoto | MotocrossMag\",\"description\":\"L&#039;actualit\u00e9 du motocross, de l&#039;enduro et du Supermoto en ligne!\",\"potentialAction\":[{\"@type\":\"SearchAction\",\"target\":{\"@type\":\"EntryPoint\",\"urlTemplate\":\"https:\\\/\\\/fr.motocrossmag.be\\\/?s={search_term_string}\"},\"query-input\":{\"@type\":\"PropertyValueSpecification\",\"valueRequired\":true,\"valueName\":\"search_term_string\"}}],\"inLanguage\":\"fr-FR\"},{\"@type\":\"Person\",\"@id\":\"https:\\\/\\\/fr.motocrossmag.be\\\/#\\\/schema\\\/person\\\/11b47143d9f755babca2c9110e03235c\",\"name\":\"oliviere\",\"image\":{\"@type\":\"ImageObject\",\"inLanguage\":\"fr-FR\",\"@id\":\"https:\\\/\\\/secure.gravatar.com\\\/avatar\\\/907069e0b81d119452040469e4a7501da1100f54f7f80180ce77bfab718288f6?s=96&d=mm&r=g\",\"url\":\"https:\\\/\\\/secure.gravatar.com\\\/avatar\\\/907069e0b81d119452040469e4a7501da1100f54f7f80180ce77bfab718288f6?s=96&d=mm&r=g\",\"contentUrl\":\"https:\\\/\\\/secure.gravatar.com\\\/avatar\\\/907069e0b81d119452040469e4a7501da1100f54f7f80180ce77bfab718288f6?s=96&d=mm&r=g\",\"caption\":\"oliviere\"},\"sameAs\":[\"http:\\\/\\\/www.motocrossmag.be\"],\"url\":\"https:\\\/\\\/fr.motocrossmag.be\\\/index.php\\\/author\\\/oliviere\\\/\"}]}<\/script>\n<!-- \/ Yoast SEO plugin. -->","yoast_head_json":{"title":"SCOTT Fury : concentr\u00e9 de technologie - Motocross - Enduro - Supermoto | MotocrossMag","robots":{"index":"index","follow":"follow","max-snippet":"max-snippet:-1","max-image-preview":"max-image-preview:large","max-video-preview":"max-video-preview:-1"},"canonical":"https:\/\/fr.motocrossmag.be\/index.php\/2019\/10\/scott-fury\/","og_locale":"fr_FR","og_type":"article","og_title":"SCOTT Fury : concentr\u00e9 de technologie - Motocross - Enduro - Supermoto | MotocrossMag","og_description":"Marchant sur les traces du mod\u00e8le SCOTT Prospect, le masque Fury est le petit dernier de la gamme SCOTT. Le fabricant nous promet un champ de vision extra-large, un confort exceptionnel et un syst\u00e8me innovant de maintien d\u2019\u00e9cran pour un mod\u00e8le sans doute appel\u00e9 \u00e0 se faire rapidement une place au soleil sur le march\u00e9 [&hellip;]","og_url":"https:\/\/fr.motocrossmag.be\/index.php\/2019\/10\/scott-fury\/","og_site_name":"Motocross - Enduro - Supermoto | MotocrossMag","article_published_time":"2019-10-29T12:49:47+00:00","article_modified_time":"2019-10-29T12:50:22+00:00","og_image":[{"width":1000,"height":666,"url":"https:\/\/fr.motocrossmag.be\/wp-content\/uploads\/2019\/10\/Scott_GP19_MXON_-2019_Assen_JPA_AP4I0069.jpg","type":"image\/jpeg"}],"author":"oliviere","twitter_card":"summary_large_image","twitter_misc":{"\u00c9crit par":"oliviere","Dur\u00e9e de lecture estim\u00e9e":"1 minute"},"schema":{"@context":"https:\/\/schema.org","@graph":[{"@type":"Article","@id":"https:\/\/fr.motocrossmag.be\/index.php\/2019\/10\/scott-fury\/#article","isPartOf":{"@id":"https:\/\/fr.motocrossmag.be\/index.php\/2019\/10\/scott-fury\/"},"author":{"name":"oliviere","@id":"https:\/\/fr.motocrossmag.be\/#\/schema\/person\/11b47143d9f755babca2c9110e03235c"},"headline":"SCOTT Fury : concentr\u00e9 de technologie","datePublished":"2019-10-29T12:49:47+00:00","dateModified":"2019-10-29T12:50:22+00:00","mainEntityOfPage":{"@id":"https:\/\/fr.motocrossmag.be\/index.php\/2019\/10\/scott-fury\/"},"wordCount":270,"commentCount":0,"image":{"@id":"https:\/\/fr.motocrossmag.be\/index.php\/2019\/10\/scott-fury\/#primaryimage"},"thumbnailUrl":"https:\/\/fr.motocrossmag.be\/wp-content\/uploads\/2019\/10\/Scott_GP19_MXON_-2019_Assen_JPA_AP4I0069.jpg","keywords":["Enduro","Motocross","produits"],"articleSection":["Actualit\u00e9","Motocross","News","News","Produits","Slideshow"],"inLanguage":"fr-FR","potentialAction":[{"@type":"CommentAction","name":"Comment","target":["https:\/\/fr.motocrossmag.be\/index.php\/2019\/10\/scott-fury\/#respond"]}]},{"@type":"WebPage","@id":"https:\/\/fr.motocrossmag.be\/index.php\/2019\/10\/scott-fury\/","url":"https:\/\/fr.motocrossmag.be\/index.php\/2019\/10\/scott-fury\/","name":"SCOTT Fury : concentr\u00e9 de technologie - Motocross - Enduro - Supermoto | MotocrossMag","isPartOf":{"@id":"https:\/\/fr.motocrossmag.be\/#website"},"primaryImageOfPage":{"@id":"https:\/\/fr.motocrossmag.be\/index.php\/2019\/10\/scott-fury\/#primaryimage"},"image":{"@id":"https:\/\/fr.motocrossmag.be\/index.php\/2019\/10\/scott-fury\/#primaryimage"},"thumbnailUrl":"https:\/\/fr.motocrossmag.be\/wp-content\/uploads\/2019\/10\/Scott_GP19_MXON_-2019_Assen_JPA_AP4I0069.jpg","datePublished":"2019-10-29T12:49:47+00:00","dateModified":"2019-10-29T12:50:22+00:00","author":{"@id":"https:\/\/fr.motocrossmag.be\/#\/schema\/person\/11b47143d9f755babca2c9110e03235c"},"breadcrumb":{"@id":"https:\/\/fr.motocrossmag.be\/index.php\/2019\/10\/scott-fury\/#breadcrumb"},"inLanguage":"fr-FR","potentialAction":[{"@type":"ReadAction","target":["https:\/\/fr.motocrossmag.be\/index.php\/2019\/10\/scott-fury\/"]}]},{"@type":"ImageObject","inLanguage":"fr-FR","@id":"https:\/\/fr.motocrossmag.be\/index.php\/2019\/10\/scott-fury\/#primaryimage","url":"https:\/\/fr.motocrossmag.be\/wp-content\/uploads\/2019\/10\/Scott_GP19_MXON_-2019_Assen_JPA_AP4I0069.jpg","contentUrl":"https:\/\/fr.motocrossmag.be\/wp-content\/uploads\/2019\/10\/Scott_GP19_MXON_-2019_Assen_JPA_AP4I0069.jpg","width":1000,"height":666},{"@type":"BreadcrumbList","@id":"https:\/\/fr.motocrossmag.be\/index.php\/2019\/10\/scott-fury\/#breadcrumb","itemListElement":[{"@type":"ListItem","position":1,"name":"Accueil","item":"https:\/\/fr.motocrossmag.be\/"},{"@type":"ListItem","position":2,"name":"SCOTT Fury : concentr\u00e9 de technologie"}]},{"@type":"WebSite","@id":"https:\/\/fr.motocrossmag.be\/#website","url":"https:\/\/fr.motocrossmag.be\/","name":"Motocross - Enduro - Supermoto | MotocrossMag","description":"L&#039;actualit\u00e9 du motocross, de l&#039;enduro et du Supermoto en ligne!","potentialAction":[{"@type":"SearchAction","target":{"@type":"EntryPoint","urlTemplate":"https:\/\/fr.motocrossmag.be\/?s={search_term_string}"},"query-input":{"@type":"PropertyValueSpecification","valueRequired":true,"valueName":"search_term_string"}}],"inLanguage":"fr-FR"},{"@type":"Person","@id":"https:\/\/fr.motocrossmag.be\/#\/schema\/person\/11b47143d9f755babca2c9110e03235c","name":"oliviere","image":{"@type":"ImageObject","inLanguage":"fr-FR","@id":"https:\/\/secure.gravatar.com\/avatar\/907069e0b81d119452040469e4a7501da1100f54f7f80180ce77bfab718288f6?s=96&d=mm&r=g","url":"https:\/\/secure.gravatar.com\/avatar\/907069e0b81d119452040469e4a7501da1100f54f7f80180ce77bfab718288f6?s=96&d=mm&r=g","contentUrl":"https:\/\/secure.gravatar.com\/avatar\/907069e0b81d119452040469e4a7501da1100f54f7f80180ce77bfab718288f6?s=96&d=mm&r=g","caption":"oliviere"},"sameAs":["http:\/\/www.motocrossmag.be"],"url":"https:\/\/fr.motocrossmag.be\/index.php\/author\/oliviere\/"}]}},"_links":{"self":[{"href":"https:\/\/fr.motocrossmag.be\/index.php\/wp-json\/wp\/v2\/posts\/98076","targetHints":{"allow":["GET"]}}],"collection":[{"href":"https:\/\/fr.motocrossmag.be\/index.php\/wp-json\/wp\/v2\/posts"}],"about":[{"href":"https:\/\/fr.motocrossmag.be\/index.php\/wp-json\/wp\/v2\/types\/post"}],"author":[{"embeddable":true,"href":"https:\/\/fr.motocrossmag.be\/index.php\/wp-json\/wp\/v2\/users\/932"}],"replies":[{"embeddable":true,"href":"https:\/\/fr.motocrossmag.be\/index.php\/wp-json\/wp\/v2\/comments?post=98076"}],"version-history":[{"count":0,"href":"https:\/\/fr.motocrossmag.be\/index.php\/wp-json\/wp\/v2\/posts\/98076\/revisions"}],"wp:featuredmedia":[{"embeddable":true,"href":"https:\/\/fr.motocrossmag.be\/index.php\/wp-json\/wp\/v2\/media\/98077"}],"wp:attachment":[{"href":"https:\/\/fr.motocrossmag.be\/index.php\/wp-json\/wp\/v2\/media?parent=98076"}],"wp:term":[{"taxonomy":"category","embeddable":true,"href":"https:\/\/fr.motocrossmag.be\/index.php\/wp-json\/wp\/v2\/categories?post=98076"},{"taxonomy":"post_tag","embeddable":true,"href":"https:\/\/fr.motocrossmag.be\/index.php\/wp-json\/wp\/v2\/tags?post=98076"}],"curies":[{"name":"wp","href":"https:\/\/api.w.org\/{rel}","templated":true}]}}