{"id":98097,"date":"2019-11-02T10:38:45","date_gmt":"2019-11-02T09:38:45","guid":{"rendered":"https:\/\/fr.motocrossmag.be\/?p=98097"},"modified":"2019-11-02T10:39:33","modified_gmt":"2019-11-02T09:39:33","slug":"thierry-klutz-et-jeremy-coen-aux-4-heures-de-lubumbashi","status":"publish","type":"post","link":"https:\/\/fr.motocrossmag.be\/index.php\/2019\/11\/thierry-klutz-et-jeremy-coen-aux-4-heures-de-lubumbashi\/","title":{"rendered":"Thierry Klutz et J\u00e9r\u00e9my Coen aux 4 heures de Lubumbashi"},"content":{"rendered":"<p><strong>Cette image de Thierry Klutz et Stefan Everts qui franchissent ensemble la ligne d&rsquo;arriv\u00e9e des 4 heures de Lubumbashi, vous vous en souvenez sans doute. Klutzy avait en effet entra\u00een\u00e9 le d\u00e9cuple champion du monde dans une aventure sportive mais surtout humaine extraordinaire en l&#8217;emmenant \u00e0 la rencontre des populations de la R\u00e9publique D\u00e9mocratique du Congo et d&rsquo;un groupe de passionn\u00e9s de tout-terrain qui organisent l&rsquo;\u00e9preuve d&rsquo;endurance au profit de l&rsquo;asbl Mikembo-Mukini. <!--more-->Une association qui a par ailleurs \u00e9t\u00e9 mise en avant sur les Yamaha du team Zone Rouge lors des 12 Heures de la Chinelle cet \u00e9t\u00e9.<\/strong><\/p>\n<p>\u00ab\u00a0Je ne peux \u00e9videmment pas parler de cette \u00e9preuve sans avoir une pens\u00e9e particuli\u00e8re pour mon ami Stefan Everts qui nous avait fait l&rsquo;honneur d&rsquo;\u00eatre \u00e0 la course l&rsquo;ann\u00e9e pass\u00e9e et qui se bat encore et toujours pour se sortir de la malaria contract\u00e9e sur place\u00a0\u00bb, regrette Klutz au moment d&#8217;embarquer dans l&rsquo;avion qui le conduit pour la 3\u00e8me fois en RDC.<\/p>\n<p>\u00ab\u00a0Nous avions pass\u00e9 un formidable s\u00e9jour et Stefan nous avait encore \u00e0 tous d\u00e9montr\u00e9 \u00e0 quel point il \u00e9tait un pilote unique, d&rsquo;une classe incroyable. Mais bien plus que ses qualit\u00e9s sportives, ce sont ses qualit\u00e9s humaines qui nous avaient d\u00e9finitivement convaincus qu&rsquo;il est bien plus qu&rsquo;un grand champion. J&rsquo;aurai tant souhait\u00e9 qu&rsquo;il soit encore de la partie cette ann\u00e9e&#8230; J&rsquo;ose esp\u00e9rer que ce n&rsquo;est que partie remise !\u00a0\u00bb, poursuit-il.<\/p>\n<p>Cette ann\u00e9e, c&rsquo;est J\u00e9r\u00e9my Coen qui accompagnera Klutz en RDC. \u00ab\u00a0Je le connais bien en tant que pilote \u00e9videmment mais aussi car nous travaillons ensemble pendant les vacances d&rsquo;\u00e9t\u00e9 lors des stages adeps. C&rsquo;est un super chouette pilote et je suis tr\u00e8s heureux qu&rsquo;il ait montr\u00e9 son int\u00e9r\u00eat pour cette course. Ca sera en n&rsquo;en pas douter un adversaire de qualit\u00e9 de plus\u00a0\u00bb, se r\u00e9jouis Klutz.<\/p>\n<p>Thierry Klutz s&rsquo;est envol\u00e9 ce vendredi soir pour la RDC tandis que J\u00e9r\u00e9my Coen le rejoindra mardi.<\/p>\n<div id=\"ConnectiveDocSignExtentionInstalled\" data-extension-version=\"1.0.4\"><\/div>\n","protected":false},"excerpt":{"rendered":"<p>Cette image de Thierry Klutz et Stefan Everts qui franchissent ensemble la ligne d&rsquo;arriv\u00e9e des 4 heures de Lubumbashi, vous vous en souvenez sans doute. Klutzy avait en effet entra\u00een\u00e9 [&#8230;]<\/p>\n","protected":false},"author":932,"featured_media":82392,"comment_status":"open","ping_status":"closed","sticky":false,"template":"","format":"standard","meta":{"footnotes":""},"categories":[54,4,5,55,65],"tags":[951],"class_list":["post-98097","post","type-post","status-publish","format-standard","has-post-thumbnail","hentry","category-actualite","category-motocross","category-news","category-news-actualite","category-slideshow","tag-enduro"],"yoast_head":"<!-- This site is optimized with the Yoast SEO plugin v27.5 - https:\/\/yoast.com\/product\/yoast-seo-wordpress\/ -->\n<title>Thierry Klutz et J\u00e9r\u00e9my Coen aux 4 heures de Lubumbashi - Motocross - Enduro - Supermoto | MotocrossMag<\/title>\n<meta name=\"robots\" content=\"index, follow, max-snippet:-1, max-image-preview:large, max-video-preview:-1\" \/>\n<link rel=\"canonical\" href=\"https:\/\/fr.motocrossmag.be\/index.php\/2019\/11\/thierry-klutz-et-jeremy-coen-aux-4-heures-de-lubumbashi\/\" \/>\n<meta property=\"og:locale\" content=\"fr_FR\" \/>\n<meta property=\"og:type\" content=\"article\" \/>\n<meta property=\"og:title\" content=\"Thierry Klutz et J\u00e9r\u00e9my Coen aux 4 heures de Lubumbashi - Motocross - Enduro - Supermoto | MotocrossMag\" \/>\n<meta property=\"og:description\" content=\"Cette image de Thierry Klutz et Stefan Everts qui franchissent ensemble la ligne d&rsquo;arriv\u00e9e des 4 heures de Lubumbashi, vous vous en souvenez sans doute. Klutzy avait en effet entra\u00een\u00e9 [...]\" \/>\n<meta property=\"og:url\" content=\"https:\/\/fr.motocrossmag.be\/index.php\/2019\/11\/thierry-klutz-et-jeremy-coen-aux-4-heures-de-lubumbashi\/\" \/>\n<meta property=\"og:site_name\" content=\"Motocross - Enduro - Supermoto | MotocrossMag\" \/>\n<meta property=\"article:published_time\" content=\"2019-11-02T09:38:45+00:00\" \/>\n<meta property=\"article:modified_time\" content=\"2019-11-02T09:39:33+00:00\" \/>\n<meta property=\"og:image\" content=\"https:\/\/fr.motocrossmag.be\/wp-content\/uploads\/2018\/11\/everts-stefan-klutz-thierry-rdc.jpg\" \/>\n\t<meta property=\"og:image:width\" content=\"960\" \/>\n\t<meta property=\"og:image:height\" content=\"637\" \/>\n\t<meta property=\"og:image:type\" content=\"image\/jpeg\" \/>\n<meta name=\"author\" content=\"oliviere\" \/>\n<meta name=\"twitter:card\" content=\"summary_large_image\" \/>\n<meta name=\"twitter:label1\" content=\"\u00c9crit par\" \/>\n\t<meta name=\"twitter:data1\" content=\"oliviere\" \/>\n\t<meta name=\"twitter:label2\" content=\"Dur\u00e9e de lecture estim\u00e9e\" \/>\n\t<meta name=\"twitter:data2\" content=\"2 minutes\" \/>\n<script type=\"application\/ld+json\" class=\"yoast-schema-graph\">{\"@context\":\"https:\\\/\\\/schema.org\",\"@graph\":[{\"@type\":\"Article\",\"@id\":\"https:\\\/\\\/fr.motocrossmag.be\\\/index.php\\\/2019\\\/11\\\/thierry-klutz-et-jeremy-coen-aux-4-heures-de-lubumbashi\\\/#article\",\"isPartOf\":{\"@id\":\"https:\\\/\\\/fr.motocrossmag.be\\\/index.php\\\/2019\\\/11\\\/thierry-klutz-et-jeremy-coen-aux-4-heures-de-lubumbashi\\\/\"},\"author\":{\"name\":\"oliviere\",\"@id\":\"https:\\\/\\\/fr.motocrossmag.be\\\/#\\\/schema\\\/person\\\/11b47143d9f755babca2c9110e03235c\"},\"headline\":\"Thierry Klutz et J\u00e9r\u00e9my Coen aux 4 heures de Lubumbashi\",\"datePublished\":\"2019-11-02T09:38:45+00:00\",\"dateModified\":\"2019-11-02T09:39:33+00:00\",\"mainEntityOfPage\":{\"@id\":\"https:\\\/\\\/fr.motocrossmag.be\\\/index.php\\\/2019\\\/11\\\/thierry-klutz-et-jeremy-coen-aux-4-heures-de-lubumbashi\\\/\"},\"wordCount\":368,\"commentCount\":0,\"image\":{\"@id\":\"https:\\\/\\\/fr.motocrossmag.be\\\/index.php\\\/2019\\\/11\\\/thierry-klutz-et-jeremy-coen-aux-4-heures-de-lubumbashi\\\/#primaryimage\"},\"thumbnailUrl\":\"https:\\\/\\\/fr.motocrossmag.be\\\/wp-content\\\/uploads\\\/2018\\\/11\\\/everts-stefan-klutz-thierry-rdc.jpg\",\"keywords\":[\"Enduro\"],\"articleSection\":[\"Actualit\u00e9\",\"Motocross\",\"News\",\"News\",\"Slideshow\"],\"inLanguage\":\"fr-FR\",\"potentialAction\":[{\"@type\":\"CommentAction\",\"name\":\"Comment\",\"target\":[\"https:\\\/\\\/fr.motocrossmag.be\\\/index.php\\\/2019\\\/11\\\/thierry-klutz-et-jeremy-coen-aux-4-heures-de-lubumbashi\\\/#respond\"]}]},{\"@type\":\"WebPage\",\"@id\":\"https:\\\/\\\/fr.motocrossmag.be\\\/index.php\\\/2019\\\/11\\\/thierry-klutz-et-jeremy-coen-aux-4-heures-de-lubumbashi\\\/\",\"url\":\"https:\\\/\\\/fr.motocrossmag.be\\\/index.php\\\/2019\\\/11\\\/thierry-klutz-et-jeremy-coen-aux-4-heures-de-lubumbashi\\\/\",\"name\":\"Thierry Klutz et J\u00e9r\u00e9my Coen aux 4 heures de Lubumbashi - Motocross - Enduro - Supermoto | MotocrossMag\",\"isPartOf\":{\"@id\":\"https:\\\/\\\/fr.motocrossmag.be\\\/#website\"},\"primaryImageOfPage\":{\"@id\":\"https:\\\/\\\/fr.motocrossmag.be\\\/index.php\\\/2019\\\/11\\\/thierry-klutz-et-jeremy-coen-aux-4-heures-de-lubumbashi\\\/#primaryimage\"},\"image\":{\"@id\":\"https:\\\/\\\/fr.motocrossmag.be\\\/index.php\\\/2019\\\/11\\\/thierry-klutz-et-jeremy-coen-aux-4-heures-de-lubumbashi\\\/#primaryimage\"},\"thumbnailUrl\":\"https:\\\/\\\/fr.motocrossmag.be\\\/wp-content\\\/uploads\\\/2018\\\/11\\\/everts-stefan-klutz-thierry-rdc.jpg\",\"datePublished\":\"2019-11-02T09:38:45+00:00\",\"dateModified\":\"2019-11-02T09:39:33+00:00\",\"author\":{\"@id\":\"https:\\\/\\\/fr.motocrossmag.be\\\/#\\\/schema\\\/person\\\/11b47143d9f755babca2c9110e03235c\"},\"breadcrumb\":{\"@id\":\"https:\\\/\\\/fr.motocrossmag.be\\\/index.php\\\/2019\\\/11\\\/thierry-klutz-et-jeremy-coen-aux-4-heures-de-lubumbashi\\\/#breadcrumb\"},\"inLanguage\":\"fr-FR\",\"potentialAction\":[{\"@type\":\"ReadAction\",\"target\":[\"https:\\\/\\\/fr.motocrossmag.be\\\/index.php\\\/2019\\\/11\\\/thierry-klutz-et-jeremy-coen-aux-4-heures-de-lubumbashi\\\/\"]}]},{\"@type\":\"ImageObject\",\"inLanguage\":\"fr-FR\",\"@id\":\"https:\\\/\\\/fr.motocrossmag.be\\\/index.php\\\/2019\\\/11\\\/thierry-klutz-et-jeremy-coen-aux-4-heures-de-lubumbashi\\\/#primaryimage\",\"url\":\"https:\\\/\\\/fr.motocrossmag.be\\\/wp-content\\\/uploads\\\/2018\\\/11\\\/everts-stefan-klutz-thierry-rdc.jpg\",\"contentUrl\":\"https:\\\/\\\/fr.motocrossmag.be\\\/wp-content\\\/uploads\\\/2018\\\/11\\\/everts-stefan-klutz-thierry-rdc.jpg\",\"width\":960,\"height\":637,\"caption\":\"En 2018, Klutz et Everts franchissent ensemble la ligne d'arriv\u00e9e des 4 heures de Lubumbashi.\"},{\"@type\":\"BreadcrumbList\",\"@id\":\"https:\\\/\\\/fr.motocrossmag.be\\\/index.php\\\/2019\\\/11\\\/thierry-klutz-et-jeremy-coen-aux-4-heures-de-lubumbashi\\\/#breadcrumb\",\"itemListElement\":[{\"@type\":\"ListItem\",\"position\":1,\"name\":\"Accueil\",\"item\":\"https:\\\/\\\/fr.motocrossmag.be\\\/\"},{\"@type\":\"ListItem\",\"position\":2,\"name\":\"Thierry Klutz et J\u00e9r\u00e9my Coen aux 4 heures de Lubumbashi\"}]},{\"@type\":\"WebSite\",\"@id\":\"https:\\\/\\\/fr.motocrossmag.be\\\/#website\",\"url\":\"https:\\\/\\\/fr.motocrossmag.be\\\/\",\"name\":\"Motocross - Enduro - Supermoto | MotocrossMag\",\"description\":\"L&#039;actualit\u00e9 du motocross, de l&#039;enduro et du Supermoto en ligne!\",\"potentialAction\":[{\"@type\":\"SearchAction\",\"target\":{\"@type\":\"EntryPoint\",\"urlTemplate\":\"https:\\\/\\\/fr.motocrossmag.be\\\/?s={search_term_string}\"},\"query-input\":{\"@type\":\"PropertyValueSpecification\",\"valueRequired\":true,\"valueName\":\"search_term_string\"}}],\"inLanguage\":\"fr-FR\"},{\"@type\":\"Person\",\"@id\":\"https:\\\/\\\/fr.motocrossmag.be\\\/#\\\/schema\\\/person\\\/11b47143d9f755babca2c9110e03235c\",\"name\":\"oliviere\",\"image\":{\"@type\":\"ImageObject\",\"inLanguage\":\"fr-FR\",\"@id\":\"https:\\\/\\\/secure.gravatar.com\\\/avatar\\\/907069e0b81d119452040469e4a7501da1100f54f7f80180ce77bfab718288f6?s=96&d=mm&r=g\",\"url\":\"https:\\\/\\\/secure.gravatar.com\\\/avatar\\\/907069e0b81d119452040469e4a7501da1100f54f7f80180ce77bfab718288f6?s=96&d=mm&r=g\",\"contentUrl\":\"https:\\\/\\\/secure.gravatar.com\\\/avatar\\\/907069e0b81d119452040469e4a7501da1100f54f7f80180ce77bfab718288f6?s=96&d=mm&r=g\",\"caption\":\"oliviere\"},\"sameAs\":[\"http:\\\/\\\/www.motocrossmag.be\"],\"url\":\"https:\\\/\\\/fr.motocrossmag.be\\\/index.php\\\/author\\\/oliviere\\\/\"}]}<\/script>\n<!-- \/ Yoast SEO plugin. -->","yoast_head_json":{"title":"Thierry Klutz et J\u00e9r\u00e9my Coen aux 4 heures de Lubumbashi - Motocross - Enduro - Supermoto | MotocrossMag","robots":{"index":"index","follow":"follow","max-snippet":"max-snippet:-1","max-image-preview":"max-image-preview:large","max-video-preview":"max-video-preview:-1"},"canonical":"https:\/\/fr.motocrossmag.be\/index.php\/2019\/11\/thierry-klutz-et-jeremy-coen-aux-4-heures-de-lubumbashi\/","og_locale":"fr_FR","og_type":"article","og_title":"Thierry Klutz et J\u00e9r\u00e9my Coen aux 4 heures de Lubumbashi - Motocross - Enduro - Supermoto | MotocrossMag","og_description":"Cette image de Thierry Klutz et Stefan Everts qui franchissent ensemble la ligne d&rsquo;arriv\u00e9e des 4 heures de Lubumbashi, vous vous en souvenez sans doute. Klutzy avait en effet entra\u00een\u00e9 [...]","og_url":"https:\/\/fr.motocrossmag.be\/index.php\/2019\/11\/thierry-klutz-et-jeremy-coen-aux-4-heures-de-lubumbashi\/","og_site_name":"Motocross - Enduro - Supermoto | MotocrossMag","article_published_time":"2019-11-02T09:38:45+00:00","article_modified_time":"2019-11-02T09:39:33+00:00","og_image":[{"width":960,"height":637,"url":"https:\/\/fr.motocrossmag.be\/wp-content\/uploads\/2018\/11\/everts-stefan-klutz-thierry-rdc.jpg","type":"image\/jpeg"}],"author":"oliviere","twitter_card":"summary_large_image","twitter_misc":{"\u00c9crit par":"oliviere","Dur\u00e9e de lecture estim\u00e9e":"2 minutes"},"schema":{"@context":"https:\/\/schema.org","@graph":[{"@type":"Article","@id":"https:\/\/fr.motocrossmag.be\/index.php\/2019\/11\/thierry-klutz-et-jeremy-coen-aux-4-heures-de-lubumbashi\/#article","isPartOf":{"@id":"https:\/\/fr.motocrossmag.be\/index.php\/2019\/11\/thierry-klutz-et-jeremy-coen-aux-4-heures-de-lubumbashi\/"},"author":{"name":"oliviere","@id":"https:\/\/fr.motocrossmag.be\/#\/schema\/person\/11b47143d9f755babca2c9110e03235c"},"headline":"Thierry Klutz et J\u00e9r\u00e9my Coen aux 4 heures de Lubumbashi","datePublished":"2019-11-02T09:38:45+00:00","dateModified":"2019-11-02T09:39:33+00:00","mainEntityOfPage":{"@id":"https:\/\/fr.motocrossmag.be\/index.php\/2019\/11\/thierry-klutz-et-jeremy-coen-aux-4-heures-de-lubumbashi\/"},"wordCount":368,"commentCount":0,"image":{"@id":"https:\/\/fr.motocrossmag.be\/index.php\/2019\/11\/thierry-klutz-et-jeremy-coen-aux-4-heures-de-lubumbashi\/#primaryimage"},"thumbnailUrl":"https:\/\/fr.motocrossmag.be\/wp-content\/uploads\/2018\/11\/everts-stefan-klutz-thierry-rdc.jpg","keywords":["Enduro"],"articleSection":["Actualit\u00e9","Motocross","News","News","Slideshow"],"inLanguage":"fr-FR","potentialAction":[{"@type":"CommentAction","name":"Comment","target":["https:\/\/fr.motocrossmag.be\/index.php\/2019\/11\/thierry-klutz-et-jeremy-coen-aux-4-heures-de-lubumbashi\/#respond"]}]},{"@type":"WebPage","@id":"https:\/\/fr.motocrossmag.be\/index.php\/2019\/11\/thierry-klutz-et-jeremy-coen-aux-4-heures-de-lubumbashi\/","url":"https:\/\/fr.motocrossmag.be\/index.php\/2019\/11\/thierry-klutz-et-jeremy-coen-aux-4-heures-de-lubumbashi\/","name":"Thierry Klutz et J\u00e9r\u00e9my Coen aux 4 heures de Lubumbashi - Motocross - Enduro - Supermoto | MotocrossMag","isPartOf":{"@id":"https:\/\/fr.motocrossmag.be\/#website"},"primaryImageOfPage":{"@id":"https:\/\/fr.motocrossmag.be\/index.php\/2019\/11\/thierry-klutz-et-jeremy-coen-aux-4-heures-de-lubumbashi\/#primaryimage"},"image":{"@id":"https:\/\/fr.motocrossmag.be\/index.php\/2019\/11\/thierry-klutz-et-jeremy-coen-aux-4-heures-de-lubumbashi\/#primaryimage"},"thumbnailUrl":"https:\/\/fr.motocrossmag.be\/wp-content\/uploads\/2018\/11\/everts-stefan-klutz-thierry-rdc.jpg","datePublished":"2019-11-02T09:38:45+00:00","dateModified":"2019-11-02T09:39:33+00:00","author":{"@id":"https:\/\/fr.motocrossmag.be\/#\/schema\/person\/11b47143d9f755babca2c9110e03235c"},"breadcrumb":{"@id":"https:\/\/fr.motocrossmag.be\/index.php\/2019\/11\/thierry-klutz-et-jeremy-coen-aux-4-heures-de-lubumbashi\/#breadcrumb"},"inLanguage":"fr-FR","potentialAction":[{"@type":"ReadAction","target":["https:\/\/fr.motocrossmag.be\/index.php\/2019\/11\/thierry-klutz-et-jeremy-coen-aux-4-heures-de-lubumbashi\/"]}]},{"@type":"ImageObject","inLanguage":"fr-FR","@id":"https:\/\/fr.motocrossmag.be\/index.php\/2019\/11\/thierry-klutz-et-jeremy-coen-aux-4-heures-de-lubumbashi\/#primaryimage","url":"https:\/\/fr.motocrossmag.be\/wp-content\/uploads\/2018\/11\/everts-stefan-klutz-thierry-rdc.jpg","contentUrl":"https:\/\/fr.motocrossmag.be\/wp-content\/uploads\/2018\/11\/everts-stefan-klutz-thierry-rdc.jpg","width":960,"height":637,"caption":"En 2018, Klutz et Everts franchissent ensemble la ligne d'arriv\u00e9e des 4 heures de Lubumbashi."},{"@type":"BreadcrumbList","@id":"https:\/\/fr.motocrossmag.be\/index.php\/2019\/11\/thierry-klutz-et-jeremy-coen-aux-4-heures-de-lubumbashi\/#breadcrumb","itemListElement":[{"@type":"ListItem","position":1,"name":"Accueil","item":"https:\/\/fr.motocrossmag.be\/"},{"@type":"ListItem","position":2,"name":"Thierry Klutz et J\u00e9r\u00e9my Coen aux 4 heures de Lubumbashi"}]},{"@type":"WebSite","@id":"https:\/\/fr.motocrossmag.be\/#website","url":"https:\/\/fr.motocrossmag.be\/","name":"Motocross - Enduro - Supermoto | MotocrossMag","description":"L&#039;actualit\u00e9 du motocross, de l&#039;enduro et du Supermoto en ligne!","potentialAction":[{"@type":"SearchAction","target":{"@type":"EntryPoint","urlTemplate":"https:\/\/fr.motocrossmag.be\/?s={search_term_string}"},"query-input":{"@type":"PropertyValueSpecification","valueRequired":true,"valueName":"search_term_string"}}],"inLanguage":"fr-FR"},{"@type":"Person","@id":"https:\/\/fr.motocrossmag.be\/#\/schema\/person\/11b47143d9f755babca2c9110e03235c","name":"oliviere","image":{"@type":"ImageObject","inLanguage":"fr-FR","@id":"https:\/\/secure.gravatar.com\/avatar\/907069e0b81d119452040469e4a7501da1100f54f7f80180ce77bfab718288f6?s=96&d=mm&r=g","url":"https:\/\/secure.gravatar.com\/avatar\/907069e0b81d119452040469e4a7501da1100f54f7f80180ce77bfab718288f6?s=96&d=mm&r=g","contentUrl":"https:\/\/secure.gravatar.com\/avatar\/907069e0b81d119452040469e4a7501da1100f54f7f80180ce77bfab718288f6?s=96&d=mm&r=g","caption":"oliviere"},"sameAs":["http:\/\/www.motocrossmag.be"],"url":"https:\/\/fr.motocrossmag.be\/index.php\/author\/oliviere\/"}]}},"_links":{"self":[{"href":"https:\/\/fr.motocrossmag.be\/index.php\/wp-json\/wp\/v2\/posts\/98097","targetHints":{"allow":["GET"]}}],"collection":[{"href":"https:\/\/fr.motocrossmag.be\/index.php\/wp-json\/wp\/v2\/posts"}],"about":[{"href":"https:\/\/fr.motocrossmag.be\/index.php\/wp-json\/wp\/v2\/types\/post"}],"author":[{"embeddable":true,"href":"https:\/\/fr.motocrossmag.be\/index.php\/wp-json\/wp\/v2\/users\/932"}],"replies":[{"embeddable":true,"href":"https:\/\/fr.motocrossmag.be\/index.php\/wp-json\/wp\/v2\/comments?post=98097"}],"version-history":[{"count":0,"href":"https:\/\/fr.motocrossmag.be\/index.php\/wp-json\/wp\/v2\/posts\/98097\/revisions"}],"wp:featuredmedia":[{"embeddable":true,"href":"https:\/\/fr.motocrossmag.be\/index.php\/wp-json\/wp\/v2\/media\/82392"}],"wp:attachment":[{"href":"https:\/\/fr.motocrossmag.be\/index.php\/wp-json\/wp\/v2\/media?parent=98097"}],"wp:term":[{"taxonomy":"category","embeddable":true,"href":"https:\/\/fr.motocrossmag.be\/index.php\/wp-json\/wp\/v2\/categories?post=98097"},{"taxonomy":"post_tag","embeddable":true,"href":"https:\/\/fr.motocrossmag.be\/index.php\/wp-json\/wp\/v2\/tags?post=98097"}],"curies":[{"name":"wp","href":"https:\/\/api.w.org\/{rel}","templated":true}]}}