{"id":98099,"date":"2019-11-03T14:07:08","date_gmt":"2019-11-03T13:07:08","guid":{"rendered":"https:\/\/fr.motocrossmag.be\/?p=98099"},"modified":"2019-11-03T14:07:53","modified_gmt":"2019-11-03T13:07:53","slug":"gasgas-sapprete-t-il-a-revenir-en-motocross","status":"publish","type":"post","link":"https:\/\/fr.motocrossmag.be\/index.php\/2019\/11\/gasgas-sapprete-t-il-a-revenir-en-motocross\/","title":{"rendered":"GasGas s&rsquo;appr\u00eate-t-il \u00e0 revenir en motocross?"},"content":{"rendered":"<p><strong>Il semblerait que GasGas soit sur le point d&rsquo;annoncer son retour en motocross. Connue avant tout pour ses machines de trial et d&rsquo;enduro, la marque espagnole avait d\u00e9j\u00e0 tent\u00e9 une timide perc\u00e9e dans le monde du motocross avant d&rsquo;\u00eatre contrainte de se recentrer sur ses disciplines de pr\u00e9dilection.\u00a0 Aujourd&rsquo;hui pass\u00e9 dans le giron de KTM (<a href=\"https:\/\/fr.motocrossmag.be\/index.php\/2019\/09\/ktm-met-la-main-sur-gasgas\/\" target=\"_blank\" rel=\"noopener\">lire notre article<\/a>), GasGas devrait disposer des moyens n\u00e9cessaires pour conqu\u00e9rir ses lettres de noblesse dans le monde du MX \u00e9galement.<\/strong><!--more--><\/p>\n<p>L&rsquo;annonce du retour de GasGas en motocross devrait vraisemblablement \u00eatre faite cette semaine dans le cadre du salon de Milan. Il se dit \u00e9galement que la marque reviendrait par la grande porte dans le motocross puisqu&rsquo;un team officiel MX2 ou EMX devrait \u00e9galement \u00eatre annonc\u00e9.<\/p>\n<p>Avec l&rsquo;exp\u00e9rience, le savoir-faire et les moyens acquis par le groupe KTM ces derni\u00e8res d\u00e9cennies, GasGas devrait en tout cas avoir toutes les cartes en main pour faire de sa relance une r\u00e9ussite. Les Autrichiens pouront-ils trouver pour GasGas la recette du succ\u00e8s comme ils l&rsquo;ont trouv\u00e9e pour Husqvarna ? Tout d\u00e9pendra vraisemblablement de la mani\u00e8re dont ils parviendront \u00e0 positionner leur nouvelle marque dans le groupe, aux c\u00f4t\u00e9s du g\u00e9ant KTM et de ses nombreux best-sellers et les mod\u00e8les premium estampill\u00e9s Husqvarna.<\/p>\n<p>On devrait en savoir plus d\u00e8s cette semaine. Le salon de Milan ouvre ses portes au grand public d\u00e8s ce jeudi 7 novembre jusqu&rsquo;au dimanche 10 novembre.<\/p>\n<div id=\"ConnectiveDocSignExtentionInstalled\" data-extension-version=\"1.0.4\"><\/div>\n","protected":false},"excerpt":{"rendered":"<p>Il semblerait que GasGas soit sur le point d&rsquo;annoncer son retour en motocross. Connue avant tout pour ses machines de trial et d&rsquo;enduro, la marque espagnole avait d\u00e9j\u00e0 tent\u00e9 une [&#8230;]<\/p>\n","protected":false},"author":932,"featured_media":98100,"comment_status":"open","ping_status":"closed","sticky":false,"template":"","format":"standard","meta":{"footnotes":""},"categories":[54,32,4,5,33,55,65],"tags":[1190,1185,947],"class_list":["post-98099","post","type-post","status-publish","format-standard","has-post-thumbnail","hentry","category-actualite","category-enduro","category-motocross","category-news","category-news-enduro","category-news-actualite","category-slideshow","tag-gasgas","tag-industrie","tag-motocross"],"yoast_head":"<!-- This site is optimized with the Yoast SEO plugin v27.4 - https:\/\/yoast.com\/product\/yoast-seo-wordpress\/ -->\n<title>GasGas s&#039;appr\u00eate-t-il \u00e0 revenir en motocross? - Motocross - Enduro - Supermoto | MotocrossMag<\/title>\n<meta name=\"robots\" content=\"index, follow, max-snippet:-1, max-image-preview:large, max-video-preview:-1\" \/>\n<link rel=\"canonical\" href=\"https:\/\/fr.motocrossmag.be\/index.php\/2019\/11\/gasgas-sapprete-t-il-a-revenir-en-motocross\/\" \/>\n<meta property=\"og:locale\" content=\"fr_FR\" \/>\n<meta property=\"og:type\" content=\"article\" \/>\n<meta property=\"og:title\" content=\"GasGas s&#039;appr\u00eate-t-il \u00e0 revenir en motocross? - Motocross - Enduro - Supermoto | MotocrossMag\" \/>\n<meta property=\"og:description\" content=\"Il semblerait que GasGas soit sur le point d&rsquo;annoncer son retour en motocross. Connue avant tout pour ses machines de trial et d&rsquo;enduro, la marque espagnole avait d\u00e9j\u00e0 tent\u00e9 une [...]\" \/>\n<meta property=\"og:url\" content=\"https:\/\/fr.motocrossmag.be\/index.php\/2019\/11\/gasgas-sapprete-t-il-a-revenir-en-motocross\/\" \/>\n<meta property=\"og:site_name\" content=\"Motocross - Enduro - Supermoto | MotocrossMag\" \/>\n<meta property=\"article:published_time\" content=\"2019-11-03T13:07:08+00:00\" \/>\n<meta property=\"article:modified_time\" content=\"2019-11-03T13:07:53+00:00\" \/>\n<meta property=\"og:image\" content=\"https:\/\/fr.motocrossmag.be\/wp-content\/uploads\/2019\/11\/GasGas-XCstudio.png\" \/>\n\t<meta property=\"og:image:width\" content=\"577\" \/>\n\t<meta property=\"og:image:height\" content=\"384\" \/>\n\t<meta property=\"og:image:type\" content=\"image\/png\" \/>\n<meta name=\"author\" content=\"oliviere\" \/>\n<meta name=\"twitter:card\" content=\"summary_large_image\" \/>\n<meta name=\"twitter:label1\" content=\"\u00c9crit par\" \/>\n\t<meta name=\"twitter:data1\" content=\"oliviere\" \/>\n\t<meta name=\"twitter:label2\" content=\"Dur\u00e9e de lecture estim\u00e9e\" \/>\n\t<meta name=\"twitter:data2\" content=\"1 minute\" \/>\n<script type=\"application\/ld+json\" class=\"yoast-schema-graph\">{\"@context\":\"https:\\\/\\\/schema.org\",\"@graph\":[{\"@type\":\"Article\",\"@id\":\"https:\\\/\\\/fr.motocrossmag.be\\\/index.php\\\/2019\\\/11\\\/gasgas-sapprete-t-il-a-revenir-en-motocross\\\/#article\",\"isPartOf\":{\"@id\":\"https:\\\/\\\/fr.motocrossmag.be\\\/index.php\\\/2019\\\/11\\\/gasgas-sapprete-t-il-a-revenir-en-motocross\\\/\"},\"author\":{\"name\":\"oliviere\",\"@id\":\"https:\\\/\\\/fr.motocrossmag.be\\\/#\\\/schema\\\/person\\\/11b47143d9f755babca2c9110e03235c\"},\"headline\":\"GasGas s&rsquo;appr\u00eate-t-il \u00e0 revenir en motocross?\",\"datePublished\":\"2019-11-03T13:07:08+00:00\",\"dateModified\":\"2019-11-03T13:07:53+00:00\",\"mainEntityOfPage\":{\"@id\":\"https:\\\/\\\/fr.motocrossmag.be\\\/index.php\\\/2019\\\/11\\\/gasgas-sapprete-t-il-a-revenir-en-motocross\\\/\"},\"wordCount\":263,\"commentCount\":0,\"image\":{\"@id\":\"https:\\\/\\\/fr.motocrossmag.be\\\/index.php\\\/2019\\\/11\\\/gasgas-sapprete-t-il-a-revenir-en-motocross\\\/#primaryimage\"},\"thumbnailUrl\":\"https:\\\/\\\/fr.motocrossmag.be\\\/wp-content\\\/uploads\\\/2019\\\/11\\\/GasGas-XCstudio.png\",\"keywords\":[\"gasgas\",\"industrie\",\"Motocross\"],\"articleSection\":[\"Actualit\u00e9\",\"Enduro\",\"Motocross\",\"News\",\"News\",\"News\",\"Slideshow\"],\"inLanguage\":\"fr-FR\",\"potentialAction\":[{\"@type\":\"CommentAction\",\"name\":\"Comment\",\"target\":[\"https:\\\/\\\/fr.motocrossmag.be\\\/index.php\\\/2019\\\/11\\\/gasgas-sapprete-t-il-a-revenir-en-motocross\\\/#respond\"]}]},{\"@type\":\"WebPage\",\"@id\":\"https:\\\/\\\/fr.motocrossmag.be\\\/index.php\\\/2019\\\/11\\\/gasgas-sapprete-t-il-a-revenir-en-motocross\\\/\",\"url\":\"https:\\\/\\\/fr.motocrossmag.be\\\/index.php\\\/2019\\\/11\\\/gasgas-sapprete-t-il-a-revenir-en-motocross\\\/\",\"name\":\"GasGas s'appr\u00eate-t-il \u00e0 revenir en motocross? - Motocross - Enduro - Supermoto | MotocrossMag\",\"isPartOf\":{\"@id\":\"https:\\\/\\\/fr.motocrossmag.be\\\/#website\"},\"primaryImageOfPage\":{\"@id\":\"https:\\\/\\\/fr.motocrossmag.be\\\/index.php\\\/2019\\\/11\\\/gasgas-sapprete-t-il-a-revenir-en-motocross\\\/#primaryimage\"},\"image\":{\"@id\":\"https:\\\/\\\/fr.motocrossmag.be\\\/index.php\\\/2019\\\/11\\\/gasgas-sapprete-t-il-a-revenir-en-motocross\\\/#primaryimage\"},\"thumbnailUrl\":\"https:\\\/\\\/fr.motocrossmag.be\\\/wp-content\\\/uploads\\\/2019\\\/11\\\/GasGas-XCstudio.png\",\"datePublished\":\"2019-11-03T13:07:08+00:00\",\"dateModified\":\"2019-11-03T13:07:53+00:00\",\"author\":{\"@id\":\"https:\\\/\\\/fr.motocrossmag.be\\\/#\\\/schema\\\/person\\\/11b47143d9f755babca2c9110e03235c\"},\"breadcrumb\":{\"@id\":\"https:\\\/\\\/fr.motocrossmag.be\\\/index.php\\\/2019\\\/11\\\/gasgas-sapprete-t-il-a-revenir-en-motocross\\\/#breadcrumb\"},\"inLanguage\":\"fr-FR\",\"potentialAction\":[{\"@type\":\"ReadAction\",\"target\":[\"https:\\\/\\\/fr.motocrossmag.be\\\/index.php\\\/2019\\\/11\\\/gasgas-sapprete-t-il-a-revenir-en-motocross\\\/\"]}]},{\"@type\":\"ImageObject\",\"inLanguage\":\"fr-FR\",\"@id\":\"https:\\\/\\\/fr.motocrossmag.be\\\/index.php\\\/2019\\\/11\\\/gasgas-sapprete-t-il-a-revenir-en-motocross\\\/#primaryimage\",\"url\":\"https:\\\/\\\/fr.motocrossmag.be\\\/wp-content\\\/uploads\\\/2019\\\/11\\\/GasGas-XCstudio.png\",\"contentUrl\":\"https:\\\/\\\/fr.motocrossmag.be\\\/wp-content\\\/uploads\\\/2019\\\/11\\\/GasGas-XCstudio.png\",\"width\":577,\"height\":384},{\"@type\":\"BreadcrumbList\",\"@id\":\"https:\\\/\\\/fr.motocrossmag.be\\\/index.php\\\/2019\\\/11\\\/gasgas-sapprete-t-il-a-revenir-en-motocross\\\/#breadcrumb\",\"itemListElement\":[{\"@type\":\"ListItem\",\"position\":1,\"name\":\"Accueil\",\"item\":\"https:\\\/\\\/fr.motocrossmag.be\\\/\"},{\"@type\":\"ListItem\",\"position\":2,\"name\":\"GasGas s&rsquo;appr\u00eate-t-il \u00e0 revenir en motocross?\"}]},{\"@type\":\"WebSite\",\"@id\":\"https:\\\/\\\/fr.motocrossmag.be\\\/#website\",\"url\":\"https:\\\/\\\/fr.motocrossmag.be\\\/\",\"name\":\"Motocross - Enduro - Supermoto | MotocrossMag\",\"description\":\"L&#039;actualit\u00e9 du motocross, de l&#039;enduro et du Supermoto en ligne!\",\"potentialAction\":[{\"@type\":\"SearchAction\",\"target\":{\"@type\":\"EntryPoint\",\"urlTemplate\":\"https:\\\/\\\/fr.motocrossmag.be\\\/?s={search_term_string}\"},\"query-input\":{\"@type\":\"PropertyValueSpecification\",\"valueRequired\":true,\"valueName\":\"search_term_string\"}}],\"inLanguage\":\"fr-FR\"},{\"@type\":\"Person\",\"@id\":\"https:\\\/\\\/fr.motocrossmag.be\\\/#\\\/schema\\\/person\\\/11b47143d9f755babca2c9110e03235c\",\"name\":\"oliviere\",\"image\":{\"@type\":\"ImageObject\",\"inLanguage\":\"fr-FR\",\"@id\":\"https:\\\/\\\/secure.gravatar.com\\\/avatar\\\/907069e0b81d119452040469e4a7501da1100f54f7f80180ce77bfab718288f6?s=96&d=mm&r=g\",\"url\":\"https:\\\/\\\/secure.gravatar.com\\\/avatar\\\/907069e0b81d119452040469e4a7501da1100f54f7f80180ce77bfab718288f6?s=96&d=mm&r=g\",\"contentUrl\":\"https:\\\/\\\/secure.gravatar.com\\\/avatar\\\/907069e0b81d119452040469e4a7501da1100f54f7f80180ce77bfab718288f6?s=96&d=mm&r=g\",\"caption\":\"oliviere\"},\"sameAs\":[\"http:\\\/\\\/www.motocrossmag.be\"],\"url\":\"https:\\\/\\\/fr.motocrossmag.be\\\/index.php\\\/author\\\/oliviere\\\/\"}]}<\/script>\n<!-- \/ Yoast SEO plugin. -->","yoast_head_json":{"title":"GasGas s'appr\u00eate-t-il \u00e0 revenir en motocross? - Motocross - Enduro - Supermoto | MotocrossMag","robots":{"index":"index","follow":"follow","max-snippet":"max-snippet:-1","max-image-preview":"max-image-preview:large","max-video-preview":"max-video-preview:-1"},"canonical":"https:\/\/fr.motocrossmag.be\/index.php\/2019\/11\/gasgas-sapprete-t-il-a-revenir-en-motocross\/","og_locale":"fr_FR","og_type":"article","og_title":"GasGas s'appr\u00eate-t-il \u00e0 revenir en motocross? - Motocross - Enduro - Supermoto | MotocrossMag","og_description":"Il semblerait que GasGas soit sur le point d&rsquo;annoncer son retour en motocross. Connue avant tout pour ses machines de trial et d&rsquo;enduro, la marque espagnole avait d\u00e9j\u00e0 tent\u00e9 une [...]","og_url":"https:\/\/fr.motocrossmag.be\/index.php\/2019\/11\/gasgas-sapprete-t-il-a-revenir-en-motocross\/","og_site_name":"Motocross - Enduro - Supermoto | MotocrossMag","article_published_time":"2019-11-03T13:07:08+00:00","article_modified_time":"2019-11-03T13:07:53+00:00","og_image":[{"width":577,"height":384,"url":"https:\/\/fr.motocrossmag.be\/wp-content\/uploads\/2019\/11\/GasGas-XCstudio.png","type":"image\/png"}],"author":"oliviere","twitter_card":"summary_large_image","twitter_misc":{"\u00c9crit par":"oliviere","Dur\u00e9e de lecture estim\u00e9e":"1 minute"},"schema":{"@context":"https:\/\/schema.org","@graph":[{"@type":"Article","@id":"https:\/\/fr.motocrossmag.be\/index.php\/2019\/11\/gasgas-sapprete-t-il-a-revenir-en-motocross\/#article","isPartOf":{"@id":"https:\/\/fr.motocrossmag.be\/index.php\/2019\/11\/gasgas-sapprete-t-il-a-revenir-en-motocross\/"},"author":{"name":"oliviere","@id":"https:\/\/fr.motocrossmag.be\/#\/schema\/person\/11b47143d9f755babca2c9110e03235c"},"headline":"GasGas s&rsquo;appr\u00eate-t-il \u00e0 revenir en motocross?","datePublished":"2019-11-03T13:07:08+00:00","dateModified":"2019-11-03T13:07:53+00:00","mainEntityOfPage":{"@id":"https:\/\/fr.motocrossmag.be\/index.php\/2019\/11\/gasgas-sapprete-t-il-a-revenir-en-motocross\/"},"wordCount":263,"commentCount":0,"image":{"@id":"https:\/\/fr.motocrossmag.be\/index.php\/2019\/11\/gasgas-sapprete-t-il-a-revenir-en-motocross\/#primaryimage"},"thumbnailUrl":"https:\/\/fr.motocrossmag.be\/wp-content\/uploads\/2019\/11\/GasGas-XCstudio.png","keywords":["gasgas","industrie","Motocross"],"articleSection":["Actualit\u00e9","Enduro","Motocross","News","News","News","Slideshow"],"inLanguage":"fr-FR","potentialAction":[{"@type":"CommentAction","name":"Comment","target":["https:\/\/fr.motocrossmag.be\/index.php\/2019\/11\/gasgas-sapprete-t-il-a-revenir-en-motocross\/#respond"]}]},{"@type":"WebPage","@id":"https:\/\/fr.motocrossmag.be\/index.php\/2019\/11\/gasgas-sapprete-t-il-a-revenir-en-motocross\/","url":"https:\/\/fr.motocrossmag.be\/index.php\/2019\/11\/gasgas-sapprete-t-il-a-revenir-en-motocross\/","name":"GasGas s'appr\u00eate-t-il \u00e0 revenir en motocross? - Motocross - Enduro - Supermoto | MotocrossMag","isPartOf":{"@id":"https:\/\/fr.motocrossmag.be\/#website"},"primaryImageOfPage":{"@id":"https:\/\/fr.motocrossmag.be\/index.php\/2019\/11\/gasgas-sapprete-t-il-a-revenir-en-motocross\/#primaryimage"},"image":{"@id":"https:\/\/fr.motocrossmag.be\/index.php\/2019\/11\/gasgas-sapprete-t-il-a-revenir-en-motocross\/#primaryimage"},"thumbnailUrl":"https:\/\/fr.motocrossmag.be\/wp-content\/uploads\/2019\/11\/GasGas-XCstudio.png","datePublished":"2019-11-03T13:07:08+00:00","dateModified":"2019-11-03T13:07:53+00:00","author":{"@id":"https:\/\/fr.motocrossmag.be\/#\/schema\/person\/11b47143d9f755babca2c9110e03235c"},"breadcrumb":{"@id":"https:\/\/fr.motocrossmag.be\/index.php\/2019\/11\/gasgas-sapprete-t-il-a-revenir-en-motocross\/#breadcrumb"},"inLanguage":"fr-FR","potentialAction":[{"@type":"ReadAction","target":["https:\/\/fr.motocrossmag.be\/index.php\/2019\/11\/gasgas-sapprete-t-il-a-revenir-en-motocross\/"]}]},{"@type":"ImageObject","inLanguage":"fr-FR","@id":"https:\/\/fr.motocrossmag.be\/index.php\/2019\/11\/gasgas-sapprete-t-il-a-revenir-en-motocross\/#primaryimage","url":"https:\/\/fr.motocrossmag.be\/wp-content\/uploads\/2019\/11\/GasGas-XCstudio.png","contentUrl":"https:\/\/fr.motocrossmag.be\/wp-content\/uploads\/2019\/11\/GasGas-XCstudio.png","width":577,"height":384},{"@type":"BreadcrumbList","@id":"https:\/\/fr.motocrossmag.be\/index.php\/2019\/11\/gasgas-sapprete-t-il-a-revenir-en-motocross\/#breadcrumb","itemListElement":[{"@type":"ListItem","position":1,"name":"Accueil","item":"https:\/\/fr.motocrossmag.be\/"},{"@type":"ListItem","position":2,"name":"GasGas s&rsquo;appr\u00eate-t-il \u00e0 revenir en motocross?"}]},{"@type":"WebSite","@id":"https:\/\/fr.motocrossmag.be\/#website","url":"https:\/\/fr.motocrossmag.be\/","name":"Motocross - Enduro - Supermoto | MotocrossMag","description":"L&#039;actualit\u00e9 du motocross, de l&#039;enduro et du Supermoto en ligne!","potentialAction":[{"@type":"SearchAction","target":{"@type":"EntryPoint","urlTemplate":"https:\/\/fr.motocrossmag.be\/?s={search_term_string}"},"query-input":{"@type":"PropertyValueSpecification","valueRequired":true,"valueName":"search_term_string"}}],"inLanguage":"fr-FR"},{"@type":"Person","@id":"https:\/\/fr.motocrossmag.be\/#\/schema\/person\/11b47143d9f755babca2c9110e03235c","name":"oliviere","image":{"@type":"ImageObject","inLanguage":"fr-FR","@id":"https:\/\/secure.gravatar.com\/avatar\/907069e0b81d119452040469e4a7501da1100f54f7f80180ce77bfab718288f6?s=96&d=mm&r=g","url":"https:\/\/secure.gravatar.com\/avatar\/907069e0b81d119452040469e4a7501da1100f54f7f80180ce77bfab718288f6?s=96&d=mm&r=g","contentUrl":"https:\/\/secure.gravatar.com\/avatar\/907069e0b81d119452040469e4a7501da1100f54f7f80180ce77bfab718288f6?s=96&d=mm&r=g","caption":"oliviere"},"sameAs":["http:\/\/www.motocrossmag.be"],"url":"https:\/\/fr.motocrossmag.be\/index.php\/author\/oliviere\/"}]}},"_links":{"self":[{"href":"https:\/\/fr.motocrossmag.be\/index.php\/wp-json\/wp\/v2\/posts\/98099","targetHints":{"allow":["GET"]}}],"collection":[{"href":"https:\/\/fr.motocrossmag.be\/index.php\/wp-json\/wp\/v2\/posts"}],"about":[{"href":"https:\/\/fr.motocrossmag.be\/index.php\/wp-json\/wp\/v2\/types\/post"}],"author":[{"embeddable":true,"href":"https:\/\/fr.motocrossmag.be\/index.php\/wp-json\/wp\/v2\/users\/932"}],"replies":[{"embeddable":true,"href":"https:\/\/fr.motocrossmag.be\/index.php\/wp-json\/wp\/v2\/comments?post=98099"}],"version-history":[{"count":0,"href":"https:\/\/fr.motocrossmag.be\/index.php\/wp-json\/wp\/v2\/posts\/98099\/revisions"}],"wp:featuredmedia":[{"embeddable":true,"href":"https:\/\/fr.motocrossmag.be\/index.php\/wp-json\/wp\/v2\/media\/98100"}],"wp:attachment":[{"href":"https:\/\/fr.motocrossmag.be\/index.php\/wp-json\/wp\/v2\/media?parent=98099"}],"wp:term":[{"taxonomy":"category","embeddable":true,"href":"https:\/\/fr.motocrossmag.be\/index.php\/wp-json\/wp\/v2\/categories?post=98099"},{"taxonomy":"post_tag","embeddable":true,"href":"https:\/\/fr.motocrossmag.be\/index.php\/wp-json\/wp\/v2\/tags?post=98099"}],"curies":[{"name":"wp","href":"https:\/\/api.w.org\/{rel}","templated":true}]}}