{"id":98265,"date":"2019-11-04T17:57:53","date_gmt":"2019-11-04T16:57:53","guid":{"rendered":"https:\/\/fr.motocrossmag.be\/?p=98265"},"modified":"2019-11-04T17:57:53","modified_gmt":"2019-11-04T16:57:53","slug":"bex-dietger-damiaens-et-roel-geurts-simposent-a-vitrival","status":"publish","type":"post","link":"https:\/\/fr.motocrossmag.be\/index.php\/2019\/11\/bex-dietger-damiaens-et-roel-geurts-simposent-a-vitrival\/","title":{"rendered":"BEX : Dietger Damiaens et Roel Geurts s&rsquo;imposent \u00e0 Vitrival"},"content":{"rendered":"<p><strong>L&rsquo;avant-derni\u00e8re \u00e9preuve du championnat de Belgique BEX s&rsquo;est disput\u00e9e ce dimanche \u00e0 Vitrival, en province de Namur. Sur la tr\u00e8s belle piste naturelle pr\u00e9par\u00e9e par l&rsquo;AMC Sambreville mais rendue particuli\u00e8rement d\u00e9licate par les conditions climatiques pour le moins automnales, le duo form\u00e9 par Dietger Damiaens et Roel Geurts a de nouveau frapp\u00e9 en s&rsquo;imposant avec un tour d&rsquo;avance sur le tandem Ludovic Bral\/Benjamin Doneux, lui-m\u00eame suivi par l&rsquo;\u00e9quipage form\u00e9 par Matt\u00e9o Puffet et Dylan Mayn\u00e9. Damien Wauthier et Bertrand De Praetere terminent \u00e9galement dans le m\u00eame tour.<\/strong><\/p>\n<p>La finale du championnat BEX se disputera dans le Hainaut, \u00e0 Hautrage, le dimanche 24 novembre.<\/p>\n<p>&nbsp;<\/p>\n<p><span style=\"color: #800000;\"><strong>R\u00e9sultats<\/strong><\/span><\/p>\n<table style=\"margin: auto;\" width=\"97%\">\n<tbody>\n<tr>\n<td width=\"80\">1<\/td>\n<td width=\"301\">DAMIAENS Dietger &#8211; GEURTS Roel<\/td>\n<td width=\"60\">24<\/td>\n<td width=\"32\">\u00a0trs<\/td>\n<\/tr>\n<tr>\n<td>2<\/td>\n<td>BRAL Ludovic &#8211; DONEUX Benjamin<\/td>\n<td>23<\/td>\n<td>\u00a0trs<\/td>\n<\/tr>\n<tr>\n<td>3<\/td>\n<td>MAYNE Dylan &#8211; PUFFET Matt\u00e9o<\/td>\n<td>23<\/td>\n<td>\u00a0trs<\/td>\n<\/tr>\n<tr>\n<td>4<\/td>\n<td>WAUTHIER Damien &#8211; DE PRAETERE Bertrand<\/td>\n<td>23<\/td>\n<td>\u00a0trs<\/td>\n<\/tr>\n<tr>\n<td>5<\/td>\n<td>DEBROUX Fabrice &#8211; LOMBA Alexandre<\/td>\n<td>22<\/td>\n<td>\u00a0trs<\/td>\n<\/tr>\n<tr>\n<td>6<\/td>\n<td>WARENGHIEN Maxime &#8211; MEERSCHOUT Mattis<\/td>\n<td>22<\/td>\n<td>\u00a0trs<\/td>\n<\/tr>\n<tr>\n<td>7<\/td>\n<td>DESPRECHINS Arno &#8211; GERVOIS Youri<\/td>\n<td>21<\/td>\n<td>\u00a0trs<\/td>\n<\/tr>\n<tr>\n<td>8<\/td>\n<td>DUSSART Mathis &#8211; COLSON Maxime<\/td>\n<td>21<\/td>\n<td>\u00a0trs<\/td>\n<\/tr>\n<tr>\n<td>9<\/td>\n<td>BAILLEUX Bertrand &#8211; LACASSE Valentin<\/td>\n<td>21<\/td>\n<td>\u00a0trs<\/td>\n<\/tr>\n<tr>\n<td>10<\/td>\n<td>DEGREGNE Louis &#8211; PERSOON David<\/td>\n<td>20<\/td>\n<td>\u00a0trs<\/td>\n<\/tr>\n<tr>\n<td>11<\/td>\n<td>ROBERT Steve &#8211; ROBERT Mike<\/td>\n<td>19<\/td>\n<td>\u00a0trs<\/td>\n<\/tr>\n<tr>\n<td>12<\/td>\n<td>VINDEVOGEL Maxime &#8211; FRASELLE J\u00e9r\u00e9mie<\/td>\n<td>19<\/td>\n<td>\u00a0trs<\/td>\n<\/tr>\n<tr>\n<td>13<\/td>\n<td>DENIL Damien &#8211; PAUWELS Michael<\/td>\n<td>18<\/td>\n<td>\u00a0trs<\/td>\n<\/tr>\n<tr>\n<td>14<\/td>\n<td>BAUGNIET Christophe &#8211; BAUGNIET Benjamin<\/td>\n<td>18<\/td>\n<td>\u00a0trs<\/td>\n<\/tr>\n<tr>\n<td>15<\/td>\n<td>DELANNOY Eric &#8211; LEMIELLE Cl\u00e9ment<\/td>\n<td>18<\/td>\n<td>\u00a0trs<\/td>\n<\/tr>\n<tr>\n<td>16<\/td>\n<td>FORGIARINI Dgani &#8211; ROSSINI Marvin<\/td>\n<td>17<\/td>\n<td>\u00a0trs<\/td>\n<\/tr>\n<tr>\n<td>17<\/td>\n<td>DENIS Tanguy &#8211; MOUTON Fran\u00e7ois<\/td>\n<td>17<\/td>\n<td>\u00a0trs<\/td>\n<\/tr>\n<tr>\n<td>18<\/td>\n<td>VAN DOOREN Marc &#8211; FOHAL Romain<\/td>\n<td>17<\/td>\n<td>\u00a0trs<\/td>\n<\/tr>\n<tr>\n<td>19<\/td>\n<td>ROBERT Jean Michel &#8211; DUBOIS Andr\u00e9<\/td>\n<td>17<\/td>\n<td>\u00a0trs<\/td>\n<\/tr>\n<tr>\n<td>20<\/td>\n<td>BARNICH Tom &#8211; BECU Cl\u00e9ment<\/td>\n<td>16<\/td>\n<td>\u00a0trs<\/td>\n<\/tr>\n<tr>\n<td>21<\/td>\n<td>CARPENTIER Quentin &#8211; CHILARD J\u00e9r\u00e9my<\/td>\n<td>16<\/td>\n<td>\u00a0trs<\/td>\n<\/tr>\n<tr>\n<td>22<\/td>\n<td>DUQUENNE Valentin &#8211; DETINNE Fran\u00e7ois<\/td>\n<td>16<\/td>\n<td>\u00a0trs<\/td>\n<\/tr>\n<tr>\n<td>23<\/td>\n<td>JADOUILLE S\u00e9bastien &#8211; RAICKMAN Fabrice<\/td>\n<td>16<\/td>\n<td>\u00a0trs<\/td>\n<\/tr>\n<tr>\n<td>24<\/td>\n<td>LEMAIRE Aur\u00e9lien &#8211; PIPITONE Lorhan<\/td>\n<td>14<\/td>\n<td>\u00a0trs<\/td>\n<\/tr>\n<tr>\n<td>25<\/td>\n<td>DELROEUX Kiligan &#8211; LEFEVERE Matthew<\/td>\n<td>13<\/td>\n<td>\u00a0trs<\/td>\n<\/tr>\n<tr>\n<td>26<\/td>\n<td>REMY Corentin &#8211; MARTIN Florian<\/td>\n<td>12<\/td>\n<td>\u00a0trs<\/td>\n<\/tr>\n<tr>\n<td>27<\/td>\n<td>LEMOINE Christophe &#8211; HUSSIN Gr\u00e9goire<\/td>\n<td>12<\/td>\n<td>\u00a0trs<\/td>\n<\/tr>\n<tr>\n<td>28<\/td>\n<td>VAN DOOREN Quentin &#8211; ERNOUX Antoine<\/td>\n<td>12<\/td>\n<td>\u00a0trs<\/td>\n<\/tr>\n<tr>\n<td>29<\/td>\n<td>PERIC Lionel Simon &#8211; DELMELLE Kevin<\/td>\n<td>12<\/td>\n<td>\u00a0trs<\/td>\n<\/tr>\n<tr>\n<td>30<\/td>\n<td>VALENTINO Maximilien &#8211; GUILLAUME Thibaut<\/td>\n<td>12<\/td>\n<td>\u00a0trs<\/td>\n<\/tr>\n<tr>\n<td>31<\/td>\n<td>MOUTON Jean Marc &#8211; MOUTON Thomas<\/td>\n<td>12<\/td>\n<td>\u00a0trs<\/td>\n<\/tr>\n<tr>\n<td>32<\/td>\n<td>BRISME C\u00e9dric &#8211; LENAIN Thomas<\/td>\n<td>11<\/td>\n<td>\u00a0trs<\/td>\n<\/tr>\n<tr>\n<td>33<\/td>\n<td>BERTRAND Renaud<\/td>\n<td>11<\/td>\n<td>\u00a0trs<\/td>\n<\/tr>\n<tr>\n<td>34<\/td>\n<td>DUJEU Valentin &#8211; DUJEU Guillaume<\/td>\n<td>11<\/td>\n<td>\u00a0trs<\/td>\n<\/tr>\n<tr>\n<td>35<\/td>\n<td>GENDEBIEN Tom &#8211; TERWAGNE C\u00e9dric<\/td>\n<td>10<\/td>\n<td>\u00a0trs<\/td>\n<\/tr>\n<tr>\n<td>36<\/td>\n<td>SMAL THomas &#8211; MOUREAUX Gilles<\/td>\n<td>10<\/td>\n<td>\u00a0trs<\/td>\n<\/tr>\n<tr>\n<td>37<\/td>\n<td>BERTRAND Christophe &#8211; BERTRAND Loris<\/td>\n<td>10<\/td>\n<td>\u00a0trs<\/td>\n<\/tr>\n<tr>\n<td>38<\/td>\n<td>LAEREMANS Thibaut &#8211; LEBRUN Tanguy<\/td>\n<td>10<\/td>\n<td>\u00a0trs<\/td>\n<\/tr>\n<tr>\n<td>39<\/td>\n<td>ROMAIN Bastien &#8211; RYNEDYCK Mathieu<\/td>\n<td>9<\/td>\n<td>\u00a0trs<\/td>\n<\/tr>\n<tr>\n<td>40<\/td>\n<td>MAROIT Thibaut &#8211; THIRIFAYS David<\/td>\n<td>9<\/td>\n<td>\u00a0trs<\/td>\n<\/tr>\n<tr>\n<td>41<\/td>\n<td>VERHEYEN Nathan &#8211; VERHEYEN Alex<\/td>\n<td>9<\/td>\n<td>\u00a0trs<\/td>\n<\/tr>\n<tr>\n<td>42<\/td>\n<td>DEMOULIN Laurent<\/td>\n<td>9<\/td>\n<td>\u00a0trs<\/td>\n<\/tr>\n<tr>\n<td>43<\/td>\n<td>MIGEOTTE Dylan &#8211; MIGEOTTE Jacques<\/td>\n<td>8<\/td>\n<td>\u00a0trs<\/td>\n<\/tr>\n<tr>\n<td>44<\/td>\n<td>SERVAIS Adrien &#8211; SERVAIS Aril<\/td>\n<td>8<\/td>\n<td>\u00a0trs<\/td>\n<\/tr>\n<tr>\n<td>45<\/td>\n<td>HOSLET Frederic<\/td>\n<td>8<\/td>\n<td>\u00a0trs<\/td>\n<\/tr>\n<tr>\n<td>46<\/td>\n<td>TOUNQUET Brandon &#8211; LAUVAUX Christophe<\/td>\n<td>8<\/td>\n<td>\u00a0trs<\/td>\n<\/tr>\n<tr>\n<td>47<\/td>\n<td>MIGEOT M\u00e9lodie &#8211; CROIN Arnaud<\/td>\n<td>8<\/td>\n<td>\u00a0trs<\/td>\n<\/tr>\n<tr>\n<td>48<\/td>\n<td>BULENS Logan<\/td>\n<td>7<\/td>\n<td>\u00a0trs<\/td>\n<\/tr>\n<tr>\n<td>49<\/td>\n<td>JADOUL Andy &#8211; MASSART Jonathan<\/td>\n<td>7<\/td>\n<td>\u00a0trs<\/td>\n<\/tr>\n<tr>\n<td>50<\/td>\n<td>DIVERS Jonathan &#8211; PAZDZIORKO Gr\u00e9goire<\/td>\n<td>7<\/td>\n<td>\u00a0trs<\/td>\n<\/tr>\n<tr>\n<td>51<\/td>\n<td>ROCH Bryan- VAN THIELEN Kevin<\/td>\n<td>7<\/td>\n<td>\u00a0trs<\/td>\n<\/tr>\n<tr>\n<td>52<\/td>\n<td>MALOK Alexandre &#8211; DURIEZ Antoine<\/td>\n<td>7<\/td>\n<td>\u00a0trs<\/td>\n<\/tr>\n<tr>\n<td>53<\/td>\n<td>DEMIERBE Hadrien &#8211; BERWART Quentin<\/td>\n<td>7<\/td>\n<td>\u00a0trs<\/td>\n<\/tr>\n<tr>\n<td>54<\/td>\n<td>BROGNEZ Benjamin &#8211; LEVEQUE Joshua<\/td>\n<td>7<\/td>\n<td>\u00a0trs<\/td>\n<\/tr>\n<tr>\n<td>55<\/td>\n<td>SCOHY Julian &#8211; GILOT Adrien<\/td>\n<td>7<\/td>\n<td>\u00a0trs<\/td>\n<\/tr>\n<tr>\n<td>56<\/td>\n<td>GOFFIN Mathieu &#8211; AMEELS Arnaud<\/td>\n<td>7<\/td>\n<td>\u00a0trs<\/td>\n<\/tr>\n<tr>\n<td>57<\/td>\n<td>DEFER St\u00e9phane &#8211; AGUILERA Anthony<\/td>\n<td>7<\/td>\n<td>\u00a0trs<\/td>\n<\/tr>\n<tr>\n<td>58<\/td>\n<td>PAULUS Gr\u00e9gory &#8211; DOUMONT Jimmy<\/td>\n<td>6<\/td>\n<td>\u00a0trs<\/td>\n<\/tr>\n<tr>\n<td>59<\/td>\n<td>EXTERBILLE Morgan &#8211; THIBAUT Kevin<\/td>\n<td>6<\/td>\n<td>\u00a0trs<\/td>\n<\/tr>\n<tr>\n<td>60<\/td>\n<td>NAZE Tony &#8211; DESSY Marvin<\/td>\n<td>6<\/td>\n<td>\u00a0trs<\/td>\n<\/tr>\n<tr>\n<td>61<\/td>\n<td>CLARINVAL Daivin &#8211; VANDENBERGHE Quentin<\/td>\n<td>6<\/td>\n<td>\u00a0trs<\/td>\n<\/tr>\n<tr>\n<td>62<\/td>\n<td>COATES Thomas &#8211; COATES Samuel<\/td>\n<td>6<\/td>\n<td>\u00a0trs<\/td>\n<\/tr>\n<tr>\n<td>63<\/td>\n<td>ALBERTINI Adelin &#8211; GIUNCHI Rudy<\/td>\n<td>6<\/td>\n<td>\u00a0trs<\/td>\n<\/tr>\n<tr>\n<td>64<\/td>\n<td>JACQUEMYN Nathanael &#8211; JACQUEMIN Nathan<\/td>\n<td>6<\/td>\n<td>\u00a0trs<\/td>\n<\/tr>\n<tr>\n<td>65<\/td>\n<td>MINET Cyril &#8211; MINET Gilles<\/td>\n<td>6<\/td>\n<td>\u00a0trs<\/td>\n<\/tr>\n<tr>\n<td>66<\/td>\n<td>DEFOIN Nicolas &#8211; CHAMPION Flavian<\/td>\n<td>5<\/td>\n<td>\u00a0trs<\/td>\n<\/tr>\n<tr>\n<td>67<\/td>\n<td>RITUCCI Mathias &#8211; RITUCCI Marien<\/td>\n<td>5<\/td>\n<td>\u00a0trs<\/td>\n<\/tr>\n<tr>\n<td>68<\/td>\n<td>DENIS Tom &#8211; LAINE Maxime<\/td>\n<td>5<\/td>\n<td>\u00a0trs<\/td>\n<\/tr>\n<tr>\n<td>69<\/td>\n<td>BARTHELEMY Joseph &#8211; DESCHAMPS St\u00e9phane<\/td>\n<td>5<\/td>\n<td>\u00a0trs<\/td>\n<\/tr>\n<tr>\n<td>70<\/td>\n<td>GAILLY Thibaut &#8211; GROENNE Michael<\/td>\n<td>5<\/td>\n<td>\u00a0trs<\/td>\n<\/tr>\n<tr>\n<td>71<\/td>\n<td>DUTRIEUX Antoine &#8211; DEBEL Jonathan<\/td>\n<td>5<\/td>\n<td>\u00a0trs<\/td>\n<\/tr>\n<tr>\n<td>72<\/td>\n<td>TOUNQUET Cyrill &#8211; LABIOIS Fran\u00e7ois<\/td>\n<td>5<\/td>\n<td>\u00a0trs<\/td>\n<\/tr>\n<tr>\n<td>73<\/td>\n<td>REMANT Florent &#8211; DEBOUCHE Tom<\/td>\n<td>5<\/td>\n<td>\u00a0trs<\/td>\n<\/tr>\n<tr>\n<td>74<\/td>\n<td>LANIS Mathieu &#8211; LANIS Cyril<\/td>\n<td>4<\/td>\n<td>\u00a0trs<\/td>\n<\/tr>\n<tr>\n<td>75<\/td>\n<td>ROCCO Martin &#8211; KEYEN Mathias<\/td>\n<td>4<\/td>\n<td>\u00a0trs<\/td>\n<\/tr>\n<tr>\n<td>76<\/td>\n<td>LEFEBVRE Julien<\/td>\n<td>4<\/td>\n<td>\u00a0trs<\/td>\n<\/tr>\n<tr>\n<td>77<\/td>\n<td>KINIF Adrien &#8211; GOBERT Erwin<\/td>\n<td>4<\/td>\n<td>\u00a0trs<\/td>\n<\/tr>\n<tr>\n<td>78<\/td>\n<td>FLORIAN Casimir &#8211; DE VLIEGHERE Alexis<\/td>\n<td>4<\/td>\n<td>\u00a0trs<\/td>\n<\/tr>\n<tr>\n<td>79<\/td>\n<td>GRANDJEAN Melvyn &#8211; DE VOEGT Wim<\/td>\n<td>4<\/td>\n<td>\u00a0trs<\/td>\n<\/tr>\n<tr>\n<td>80<\/td>\n<td>MAHY Arthur &#8211; MACQ Erwan<\/td>\n<td>4<\/td>\n<td>\u00a0trs<\/td>\n<\/tr>\n<tr>\n<td>81<\/td>\n<td>PLATTEUW Adrien &#8211; STALON Martin<\/td>\n<td>3<\/td>\n<td>\u00a0trs<\/td>\n<\/tr>\n<tr>\n<td>82<\/td>\n<td>BERGER Andy &#8211; PARMENTIER Christophe<\/td>\n<td>3<\/td>\n<td>\u00a0trs<\/td>\n<\/tr>\n<tr>\n<td>83<\/td>\n<td>DUCHEMIN Loic &#8211; DUCHEMIN Adrien<\/td>\n<td>3<\/td>\n<td>\u00a0trs<\/td>\n<\/tr>\n<tr>\n<td>84<\/td>\n<td>KLEE Young &#8211; VANSTUYN S\u00e9bastien<\/td>\n<td>3<\/td>\n<td>\u00a0trs<\/td>\n<\/tr>\n<tr>\n<td>85<\/td>\n<td>ACAR Vincent &#8211; DELANOIS Hugues<\/td>\n<td>3<\/td>\n<td>\u00a0trs<\/td>\n<\/tr>\n<tr>\n<td>86<\/td>\n<td>FOLIE Matt\u00e9o &#8211; PRIGNEAUX Florent<\/td>\n<td>3<\/td>\n<td>\u00a0trs<\/td>\n<\/tr>\n<tr>\n<td>87<\/td>\n<td>DEFFET Florian<\/td>\n<td>3<\/td>\n<td>\u00a0trs<\/td>\n<\/tr>\n<tr>\n<td>88<\/td>\n<td>COCQUYT Florian &#8211; MIGNON Jason<\/td>\n<td>3<\/td>\n<td>\u00a0trs<\/td>\n<\/tr>\n<tr>\n<td>89<\/td>\n<td>VAN ASBROECK Hippolyte &#8211; VAN ASBROECK G<\/td>\n<td>3<\/td>\n<td>\u00a0trs<\/td>\n<\/tr>\n<tr>\n<td>90<\/td>\n<td>PORSON Melvin<\/td>\n<td>2<\/td>\n<td>\u00a0trs<\/td>\n<\/tr>\n<tr>\n<td>91<\/td>\n<td>PIRSON Thierry &#8211; PIRSON Marvin<\/td>\n<td>2<\/td>\n<td>\u00a0trs<\/td>\n<\/tr>\n<tr>\n<td>92<\/td>\n<td>BASTIN Pierre &#8211; BASTIN Jean<\/td>\n<td>2<\/td>\n<td>\u00a0trs<\/td>\n<\/tr>\n<tr>\n<td>93<\/td>\n<td>FRANCOIS Fr\u00e9d\u00e9ric<\/td>\n<td>2<\/td>\n<td>\u00a0trs<\/td>\n<\/tr>\n<tr>\n<td>94<\/td>\n<td>DUPUIS Jean S\u00e9bastien &#8211; DUPUIS Julien<\/td>\n<td>2<\/td>\n<td>\u00a0trs<\/td>\n<\/tr>\n<tr>\n<td>95<\/td>\n<td>CHARLIER Julien<\/td>\n<td>2<\/td>\n<td>\u00a0trs<\/td>\n<\/tr>\n<tr>\n<td>96<\/td>\n<td>BOUDIN J\u00e9r\u00f4me &#8211; LEGRAIN William<\/td>\n<td>2<\/td>\n<td>\u00a0trs<\/td>\n<\/tr>\n<tr>\n<td>97<\/td>\n<td>JOSSEVEL Thierry &#8211; JOSSEVEL Patrick<\/td>\n<td>1<\/td>\n<td>\u00a0trs<\/td>\n<\/tr>\n<\/tbody>\n<\/table>\n<div id=\"ConnectiveDocSignExtentionInstalled\" data-extension-version=\"1.0.4\"><\/div>\n","protected":false},"excerpt":{"rendered":"<p>L&rsquo;avant-derni\u00e8re \u00e9preuve du championnat de Belgique BEX s&rsquo;est disput\u00e9e ce dimanche \u00e0 Vitrival, en province de Namur. Sur la tr\u00e8s belle piste naturelle pr\u00e9par\u00e9e par l&rsquo;AMC Sambreville mais rendue particuli\u00e8rement [&#8230;]<\/p>\n","protected":false},"author":932,"featured_media":98266,"comment_status":"open","ping_status":"closed","sticky":false,"template":"","format":"standard","meta":{"footnotes":""},"categories":[54,32,33,55,56,65],"tags":[1167,427,951],"class_list":["post-98265","post","type-post","status-publish","format-standard","has-post-thumbnail","hentry","category-actualite","category-enduro","category-news-enduro","category-news-actualite","category-resultats","category-slideshow","tag-bex","tag-endurance","tag-enduro"],"yoast_head":"<!-- This site is optimized with the Yoast SEO plugin v27.4 - https:\/\/yoast.com\/product\/yoast-seo-wordpress\/ -->\n<title>BEX : Dietger Damiaens et Roel Geurts s&#039;imposent \u00e0 Vitrival - Motocross - Enduro - Supermoto | MotocrossMag<\/title>\n<meta name=\"robots\" content=\"index, follow, max-snippet:-1, max-image-preview:large, max-video-preview:-1\" \/>\n<link rel=\"canonical\" href=\"https:\/\/fr.motocrossmag.be\/index.php\/2019\/11\/bex-dietger-damiaens-et-roel-geurts-simposent-a-vitrival\/\" \/>\n<meta property=\"og:locale\" content=\"fr_FR\" \/>\n<meta property=\"og:type\" content=\"article\" \/>\n<meta property=\"og:title\" content=\"BEX : Dietger Damiaens et Roel Geurts s&#039;imposent \u00e0 Vitrival - Motocross - Enduro - Supermoto | MotocrossMag\" \/>\n<meta property=\"og:description\" content=\"L&rsquo;avant-derni\u00e8re \u00e9preuve du championnat de Belgique BEX s&rsquo;est disput\u00e9e ce dimanche \u00e0 Vitrival, en province de Namur. Sur la tr\u00e8s belle piste naturelle pr\u00e9par\u00e9e par l&rsquo;AMC Sambreville mais rendue particuli\u00e8rement [...]\" \/>\n<meta property=\"og:url\" content=\"https:\/\/fr.motocrossmag.be\/index.php\/2019\/11\/bex-dietger-damiaens-et-roel-geurts-simposent-a-vitrival\/\" \/>\n<meta property=\"og:site_name\" content=\"Motocross - Enduro - Supermoto | MotocrossMag\" \/>\n<meta property=\"article:published_time\" content=\"2019-11-04T16:57:53+00:00\" \/>\n<meta property=\"og:image\" content=\"https:\/\/fr.motocrossmag.be\/wp-content\/uploads\/2019\/11\/damiaens-dietger-portrait.jpg\" \/>\n\t<meta property=\"og:image:width\" content=\"702\" \/>\n\t<meta property=\"og:image:height\" content=\"460\" \/>\n\t<meta property=\"og:image:type\" content=\"image\/jpeg\" \/>\n<meta name=\"author\" content=\"oliviere\" \/>\n<meta name=\"twitter:card\" content=\"summary_large_image\" \/>\n<meta name=\"twitter:label1\" content=\"\u00c9crit par\" \/>\n\t<meta name=\"twitter:data1\" content=\"oliviere\" \/>\n\t<meta name=\"twitter:label2\" content=\"Dur\u00e9e de lecture estim\u00e9e\" \/>\n\t<meta name=\"twitter:data2\" content=\"4 minutes\" \/>\n<script type=\"application\/ld+json\" class=\"yoast-schema-graph\">{\"@context\":\"https:\\\/\\\/schema.org\",\"@graph\":[{\"@type\":\"Article\",\"@id\":\"https:\\\/\\\/fr.motocrossmag.be\\\/index.php\\\/2019\\\/11\\\/bex-dietger-damiaens-et-roel-geurts-simposent-a-vitrival\\\/#article\",\"isPartOf\":{\"@id\":\"https:\\\/\\\/fr.motocrossmag.be\\\/index.php\\\/2019\\\/11\\\/bex-dietger-damiaens-et-roel-geurts-simposent-a-vitrival\\\/\"},\"author\":{\"name\":\"oliviere\",\"@id\":\"https:\\\/\\\/fr.motocrossmag.be\\\/#\\\/schema\\\/person\\\/11b47143d9f755babca2c9110e03235c\"},\"headline\":\"BEX : Dietger Damiaens et Roel Geurts s&rsquo;imposent \u00e0 Vitrival\",\"datePublished\":\"2019-11-04T16:57:53+00:00\",\"mainEntityOfPage\":{\"@id\":\"https:\\\/\\\/fr.motocrossmag.be\\\/index.php\\\/2019\\\/11\\\/bex-dietger-damiaens-et-roel-geurts-simposent-a-vitrival\\\/\"},\"wordCount\":722,\"commentCount\":0,\"image\":{\"@id\":\"https:\\\/\\\/fr.motocrossmag.be\\\/index.php\\\/2019\\\/11\\\/bex-dietger-damiaens-et-roel-geurts-simposent-a-vitrival\\\/#primaryimage\"},\"thumbnailUrl\":\"https:\\\/\\\/fr.motocrossmag.be\\\/wp-content\\\/uploads\\\/2019\\\/11\\\/damiaens-dietger-portrait.jpg\",\"keywords\":[\"BEX\",\"endurance\",\"Enduro\"],\"articleSection\":[\"Actualit\u00e9\",\"Enduro\",\"News\",\"News\",\"R\u00e9sultats\",\"Slideshow\"],\"inLanguage\":\"fr-FR\",\"potentialAction\":[{\"@type\":\"CommentAction\",\"name\":\"Comment\",\"target\":[\"https:\\\/\\\/fr.motocrossmag.be\\\/index.php\\\/2019\\\/11\\\/bex-dietger-damiaens-et-roel-geurts-simposent-a-vitrival\\\/#respond\"]}]},{\"@type\":\"WebPage\",\"@id\":\"https:\\\/\\\/fr.motocrossmag.be\\\/index.php\\\/2019\\\/11\\\/bex-dietger-damiaens-et-roel-geurts-simposent-a-vitrival\\\/\",\"url\":\"https:\\\/\\\/fr.motocrossmag.be\\\/index.php\\\/2019\\\/11\\\/bex-dietger-damiaens-et-roel-geurts-simposent-a-vitrival\\\/\",\"name\":\"BEX : Dietger Damiaens et Roel Geurts s'imposent \u00e0 Vitrival - Motocross - Enduro - Supermoto | MotocrossMag\",\"isPartOf\":{\"@id\":\"https:\\\/\\\/fr.motocrossmag.be\\\/#website\"},\"primaryImageOfPage\":{\"@id\":\"https:\\\/\\\/fr.motocrossmag.be\\\/index.php\\\/2019\\\/11\\\/bex-dietger-damiaens-et-roel-geurts-simposent-a-vitrival\\\/#primaryimage\"},\"image\":{\"@id\":\"https:\\\/\\\/fr.motocrossmag.be\\\/index.php\\\/2019\\\/11\\\/bex-dietger-damiaens-et-roel-geurts-simposent-a-vitrival\\\/#primaryimage\"},\"thumbnailUrl\":\"https:\\\/\\\/fr.motocrossmag.be\\\/wp-content\\\/uploads\\\/2019\\\/11\\\/damiaens-dietger-portrait.jpg\",\"datePublished\":\"2019-11-04T16:57:53+00:00\",\"author\":{\"@id\":\"https:\\\/\\\/fr.motocrossmag.be\\\/#\\\/schema\\\/person\\\/11b47143d9f755babca2c9110e03235c\"},\"breadcrumb\":{\"@id\":\"https:\\\/\\\/fr.motocrossmag.be\\\/index.php\\\/2019\\\/11\\\/bex-dietger-damiaens-et-roel-geurts-simposent-a-vitrival\\\/#breadcrumb\"},\"inLanguage\":\"fr-FR\",\"potentialAction\":[{\"@type\":\"ReadAction\",\"target\":[\"https:\\\/\\\/fr.motocrossmag.be\\\/index.php\\\/2019\\\/11\\\/bex-dietger-damiaens-et-roel-geurts-simposent-a-vitrival\\\/\"]}]},{\"@type\":\"ImageObject\",\"inLanguage\":\"fr-FR\",\"@id\":\"https:\\\/\\\/fr.motocrossmag.be\\\/index.php\\\/2019\\\/11\\\/bex-dietger-damiaens-et-roel-geurts-simposent-a-vitrival\\\/#primaryimage\",\"url\":\"https:\\\/\\\/fr.motocrossmag.be\\\/wp-content\\\/uploads\\\/2019\\\/11\\\/damiaens-dietger-portrait.jpg\",\"contentUrl\":\"https:\\\/\\\/fr.motocrossmag.be\\\/wp-content\\\/uploads\\\/2019\\\/11\\\/damiaens-dietger-portrait.jpg\",\"width\":702,\"height\":460},{\"@type\":\"BreadcrumbList\",\"@id\":\"https:\\\/\\\/fr.motocrossmag.be\\\/index.php\\\/2019\\\/11\\\/bex-dietger-damiaens-et-roel-geurts-simposent-a-vitrival\\\/#breadcrumb\",\"itemListElement\":[{\"@type\":\"ListItem\",\"position\":1,\"name\":\"Accueil\",\"item\":\"https:\\\/\\\/fr.motocrossmag.be\\\/\"},{\"@type\":\"ListItem\",\"position\":2,\"name\":\"BEX : Dietger Damiaens et Roel Geurts s&rsquo;imposent \u00e0 Vitrival\"}]},{\"@type\":\"WebSite\",\"@id\":\"https:\\\/\\\/fr.motocrossmag.be\\\/#website\",\"url\":\"https:\\\/\\\/fr.motocrossmag.be\\\/\",\"name\":\"Motocross - Enduro - Supermoto | MotocrossMag\",\"description\":\"L&#039;actualit\u00e9 du motocross, de l&#039;enduro et du Supermoto en ligne!\",\"potentialAction\":[{\"@type\":\"SearchAction\",\"target\":{\"@type\":\"EntryPoint\",\"urlTemplate\":\"https:\\\/\\\/fr.motocrossmag.be\\\/?s={search_term_string}\"},\"query-input\":{\"@type\":\"PropertyValueSpecification\",\"valueRequired\":true,\"valueName\":\"search_term_string\"}}],\"inLanguage\":\"fr-FR\"},{\"@type\":\"Person\",\"@id\":\"https:\\\/\\\/fr.motocrossmag.be\\\/#\\\/schema\\\/person\\\/11b47143d9f755babca2c9110e03235c\",\"name\":\"oliviere\",\"image\":{\"@type\":\"ImageObject\",\"inLanguage\":\"fr-FR\",\"@id\":\"https:\\\/\\\/secure.gravatar.com\\\/avatar\\\/907069e0b81d119452040469e4a7501da1100f54f7f80180ce77bfab718288f6?s=96&d=mm&r=g\",\"url\":\"https:\\\/\\\/secure.gravatar.com\\\/avatar\\\/907069e0b81d119452040469e4a7501da1100f54f7f80180ce77bfab718288f6?s=96&d=mm&r=g\",\"contentUrl\":\"https:\\\/\\\/secure.gravatar.com\\\/avatar\\\/907069e0b81d119452040469e4a7501da1100f54f7f80180ce77bfab718288f6?s=96&d=mm&r=g\",\"caption\":\"oliviere\"},\"sameAs\":[\"http:\\\/\\\/www.motocrossmag.be\"],\"url\":\"https:\\\/\\\/fr.motocrossmag.be\\\/index.php\\\/author\\\/oliviere\\\/\"}]}<\/script>\n<!-- \/ Yoast SEO plugin. -->","yoast_head_json":{"title":"BEX : Dietger Damiaens et Roel Geurts s'imposent \u00e0 Vitrival - Motocross - Enduro - Supermoto | MotocrossMag","robots":{"index":"index","follow":"follow","max-snippet":"max-snippet:-1","max-image-preview":"max-image-preview:large","max-video-preview":"max-video-preview:-1"},"canonical":"https:\/\/fr.motocrossmag.be\/index.php\/2019\/11\/bex-dietger-damiaens-et-roel-geurts-simposent-a-vitrival\/","og_locale":"fr_FR","og_type":"article","og_title":"BEX : Dietger Damiaens et Roel Geurts s'imposent \u00e0 Vitrival - Motocross - Enduro - Supermoto | MotocrossMag","og_description":"L&rsquo;avant-derni\u00e8re \u00e9preuve du championnat de Belgique BEX s&rsquo;est disput\u00e9e ce dimanche \u00e0 Vitrival, en province de Namur. Sur la tr\u00e8s belle piste naturelle pr\u00e9par\u00e9e par l&rsquo;AMC Sambreville mais rendue particuli\u00e8rement [...]","og_url":"https:\/\/fr.motocrossmag.be\/index.php\/2019\/11\/bex-dietger-damiaens-et-roel-geurts-simposent-a-vitrival\/","og_site_name":"Motocross - Enduro - Supermoto | MotocrossMag","article_published_time":"2019-11-04T16:57:53+00:00","og_image":[{"width":702,"height":460,"url":"https:\/\/fr.motocrossmag.be\/wp-content\/uploads\/2019\/11\/damiaens-dietger-portrait.jpg","type":"image\/jpeg"}],"author":"oliviere","twitter_card":"summary_large_image","twitter_misc":{"\u00c9crit par":"oliviere","Dur\u00e9e de lecture estim\u00e9e":"4 minutes"},"schema":{"@context":"https:\/\/schema.org","@graph":[{"@type":"Article","@id":"https:\/\/fr.motocrossmag.be\/index.php\/2019\/11\/bex-dietger-damiaens-et-roel-geurts-simposent-a-vitrival\/#article","isPartOf":{"@id":"https:\/\/fr.motocrossmag.be\/index.php\/2019\/11\/bex-dietger-damiaens-et-roel-geurts-simposent-a-vitrival\/"},"author":{"name":"oliviere","@id":"https:\/\/fr.motocrossmag.be\/#\/schema\/person\/11b47143d9f755babca2c9110e03235c"},"headline":"BEX : Dietger Damiaens et Roel Geurts s&rsquo;imposent \u00e0 Vitrival","datePublished":"2019-11-04T16:57:53+00:00","mainEntityOfPage":{"@id":"https:\/\/fr.motocrossmag.be\/index.php\/2019\/11\/bex-dietger-damiaens-et-roel-geurts-simposent-a-vitrival\/"},"wordCount":722,"commentCount":0,"image":{"@id":"https:\/\/fr.motocrossmag.be\/index.php\/2019\/11\/bex-dietger-damiaens-et-roel-geurts-simposent-a-vitrival\/#primaryimage"},"thumbnailUrl":"https:\/\/fr.motocrossmag.be\/wp-content\/uploads\/2019\/11\/damiaens-dietger-portrait.jpg","keywords":["BEX","endurance","Enduro"],"articleSection":["Actualit\u00e9","Enduro","News","News","R\u00e9sultats","Slideshow"],"inLanguage":"fr-FR","potentialAction":[{"@type":"CommentAction","name":"Comment","target":["https:\/\/fr.motocrossmag.be\/index.php\/2019\/11\/bex-dietger-damiaens-et-roel-geurts-simposent-a-vitrival\/#respond"]}]},{"@type":"WebPage","@id":"https:\/\/fr.motocrossmag.be\/index.php\/2019\/11\/bex-dietger-damiaens-et-roel-geurts-simposent-a-vitrival\/","url":"https:\/\/fr.motocrossmag.be\/index.php\/2019\/11\/bex-dietger-damiaens-et-roel-geurts-simposent-a-vitrival\/","name":"BEX : Dietger Damiaens et Roel Geurts s'imposent \u00e0 Vitrival - Motocross - Enduro - Supermoto | MotocrossMag","isPartOf":{"@id":"https:\/\/fr.motocrossmag.be\/#website"},"primaryImageOfPage":{"@id":"https:\/\/fr.motocrossmag.be\/index.php\/2019\/11\/bex-dietger-damiaens-et-roel-geurts-simposent-a-vitrival\/#primaryimage"},"image":{"@id":"https:\/\/fr.motocrossmag.be\/index.php\/2019\/11\/bex-dietger-damiaens-et-roel-geurts-simposent-a-vitrival\/#primaryimage"},"thumbnailUrl":"https:\/\/fr.motocrossmag.be\/wp-content\/uploads\/2019\/11\/damiaens-dietger-portrait.jpg","datePublished":"2019-11-04T16:57:53+00:00","author":{"@id":"https:\/\/fr.motocrossmag.be\/#\/schema\/person\/11b47143d9f755babca2c9110e03235c"},"breadcrumb":{"@id":"https:\/\/fr.motocrossmag.be\/index.php\/2019\/11\/bex-dietger-damiaens-et-roel-geurts-simposent-a-vitrival\/#breadcrumb"},"inLanguage":"fr-FR","potentialAction":[{"@type":"ReadAction","target":["https:\/\/fr.motocrossmag.be\/index.php\/2019\/11\/bex-dietger-damiaens-et-roel-geurts-simposent-a-vitrival\/"]}]},{"@type":"ImageObject","inLanguage":"fr-FR","@id":"https:\/\/fr.motocrossmag.be\/index.php\/2019\/11\/bex-dietger-damiaens-et-roel-geurts-simposent-a-vitrival\/#primaryimage","url":"https:\/\/fr.motocrossmag.be\/wp-content\/uploads\/2019\/11\/damiaens-dietger-portrait.jpg","contentUrl":"https:\/\/fr.motocrossmag.be\/wp-content\/uploads\/2019\/11\/damiaens-dietger-portrait.jpg","width":702,"height":460},{"@type":"BreadcrumbList","@id":"https:\/\/fr.motocrossmag.be\/index.php\/2019\/11\/bex-dietger-damiaens-et-roel-geurts-simposent-a-vitrival\/#breadcrumb","itemListElement":[{"@type":"ListItem","position":1,"name":"Accueil","item":"https:\/\/fr.motocrossmag.be\/"},{"@type":"ListItem","position":2,"name":"BEX : Dietger Damiaens et Roel Geurts s&rsquo;imposent \u00e0 Vitrival"}]},{"@type":"WebSite","@id":"https:\/\/fr.motocrossmag.be\/#website","url":"https:\/\/fr.motocrossmag.be\/","name":"Motocross - Enduro - Supermoto | MotocrossMag","description":"L&#039;actualit\u00e9 du motocross, de l&#039;enduro et du Supermoto en ligne!","potentialAction":[{"@type":"SearchAction","target":{"@type":"EntryPoint","urlTemplate":"https:\/\/fr.motocrossmag.be\/?s={search_term_string}"},"query-input":{"@type":"PropertyValueSpecification","valueRequired":true,"valueName":"search_term_string"}}],"inLanguage":"fr-FR"},{"@type":"Person","@id":"https:\/\/fr.motocrossmag.be\/#\/schema\/person\/11b47143d9f755babca2c9110e03235c","name":"oliviere","image":{"@type":"ImageObject","inLanguage":"fr-FR","@id":"https:\/\/secure.gravatar.com\/avatar\/907069e0b81d119452040469e4a7501da1100f54f7f80180ce77bfab718288f6?s=96&d=mm&r=g","url":"https:\/\/secure.gravatar.com\/avatar\/907069e0b81d119452040469e4a7501da1100f54f7f80180ce77bfab718288f6?s=96&d=mm&r=g","contentUrl":"https:\/\/secure.gravatar.com\/avatar\/907069e0b81d119452040469e4a7501da1100f54f7f80180ce77bfab718288f6?s=96&d=mm&r=g","caption":"oliviere"},"sameAs":["http:\/\/www.motocrossmag.be"],"url":"https:\/\/fr.motocrossmag.be\/index.php\/author\/oliviere\/"}]}},"_links":{"self":[{"href":"https:\/\/fr.motocrossmag.be\/index.php\/wp-json\/wp\/v2\/posts\/98265","targetHints":{"allow":["GET"]}}],"collection":[{"href":"https:\/\/fr.motocrossmag.be\/index.php\/wp-json\/wp\/v2\/posts"}],"about":[{"href":"https:\/\/fr.motocrossmag.be\/index.php\/wp-json\/wp\/v2\/types\/post"}],"author":[{"embeddable":true,"href":"https:\/\/fr.motocrossmag.be\/index.php\/wp-json\/wp\/v2\/users\/932"}],"replies":[{"embeddable":true,"href":"https:\/\/fr.motocrossmag.be\/index.php\/wp-json\/wp\/v2\/comments?post=98265"}],"version-history":[{"count":0,"href":"https:\/\/fr.motocrossmag.be\/index.php\/wp-json\/wp\/v2\/posts\/98265\/revisions"}],"wp:featuredmedia":[{"embeddable":true,"href":"https:\/\/fr.motocrossmag.be\/index.php\/wp-json\/wp\/v2\/media\/98266"}],"wp:attachment":[{"href":"https:\/\/fr.motocrossmag.be\/index.php\/wp-json\/wp\/v2\/media?parent=98265"}],"wp:term":[{"taxonomy":"category","embeddable":true,"href":"https:\/\/fr.motocrossmag.be\/index.php\/wp-json\/wp\/v2\/categories?post=98265"},{"taxonomy":"post_tag","embeddable":true,"href":"https:\/\/fr.motocrossmag.be\/index.php\/wp-json\/wp\/v2\/tags?post=98265"}],"curies":[{"name":"wp","href":"https:\/\/api.w.org\/{rel}","templated":true}]}}