{"id":98269,"date":"2019-11-04T22:01:47","date_gmt":"2019-11-04T21:01:47","guid":{"rendered":"https:\/\/fr.motocrossmag.be\/?p=98269"},"modified":"2019-11-05T00:12:00","modified_gmt":"2019-11-04T23:12:00","slug":"junior-bal-sur-le-championnat-deurope-125cc","status":"publish","type":"post","link":"https:\/\/fr.motocrossmag.be\/index.php\/2019\/11\/junior-bal-sur-le-championnat-deurope-125cc\/","title":{"rendered":"Junior Bal sur le championnat d&rsquo;Europe 125cc"},"content":{"rendered":"<p><strong>Junior Bal occupe actuellement la t\u00eate du classement provisoire Junior 125cc sur le championnat de France des Sables. Mais une fois la saison de sable termin\u00e9e, c&rsquo;est le championnat d&rsquo;Europe 125cc qui attend le jeune pilote de Lokeren.<\/strong><\/p>\n<p>Il vient en effet de trouver un accord avec le team Deschacht-Ballini pour s&rsquo;aligner sur le championnat EMX125 2020. Il compl\u00e8tera son programme avec les championnats 125cc hollandais et allemands et sera au d\u00e9part de quelques \u00e9preuves en France lorsque le calendrier le permet.<\/p>\n<p>Pour l&rsquo;heure, c&rsquo;est sur le 3\u00e8me round du CFS, \u00e0 Magesq, dans le sud de la France, que l&rsquo;on attend le jeune Belge les 16 et 17 novembre.<\/p>\n<p><strong>\u00a0<\/strong><\/p>\n<div id=\"ConnectiveDocSignExtentionInstalled\" data-extension-version=\"1.0.4\"><\/div>\n","protected":false},"excerpt":{"rendered":"<p>Junior Bal occupe actuellement la t\u00eate du classement provisoire Junior 125cc sur le championnat de France des Sables. Mais une fois la saison de sable termin\u00e9e, c&rsquo;est le championnat d&rsquo;Europe [&#8230;]<\/p>\n","protected":false},"author":932,"featured_media":98270,"comment_status":"open","ping_status":"closed","sticky":false,"template":"","format":"standard","meta":{"footnotes":""},"categories":[54,44,4,5,45,55,65],"tags":[300,490,947,1178],"class_list":["post-98269","post","type-post","status-publish","format-standard","has-post-thumbnail","hentry","category-actualite","category-kids","category-motocross","category-news","category-news-kids","category-news-actualite","category-slideshow","tag-course-sur-sable","tag-france","tag-motocross","tag-sable"],"yoast_head":"<!-- This site is optimized with the Yoast SEO plugin v27.4 - https:\/\/yoast.com\/product\/yoast-seo-wordpress\/ -->\n<title>Junior Bal sur le championnat d&#039;Europe 125cc - Motocross - Enduro - Supermoto | MotocrossMag<\/title>\n<meta name=\"robots\" content=\"index, follow, max-snippet:-1, max-image-preview:large, max-video-preview:-1\" \/>\n<link rel=\"canonical\" href=\"https:\/\/fr.motocrossmag.be\/index.php\/2019\/11\/junior-bal-sur-le-championnat-deurope-125cc\/\" \/>\n<meta property=\"og:locale\" content=\"fr_FR\" \/>\n<meta property=\"og:type\" content=\"article\" \/>\n<meta property=\"og:title\" content=\"Junior Bal sur le championnat d&#039;Europe 125cc - Motocross - Enduro - Supermoto | MotocrossMag\" \/>\n<meta property=\"og:description\" content=\"Junior Bal occupe actuellement la t\u00eate du classement provisoire Junior 125cc sur le championnat de France des Sables. Mais une fois la saison de sable termin\u00e9e, c&rsquo;est le championnat d&rsquo;Europe [...]\" \/>\n<meta property=\"og:url\" content=\"https:\/\/fr.motocrossmag.be\/index.php\/2019\/11\/junior-bal-sur-le-championnat-deurope-125cc\/\" \/>\n<meta property=\"og:site_name\" content=\"Motocross - Enduro - Supermoto | MotocrossMag\" \/>\n<meta property=\"article:published_time\" content=\"2019-11-04T21:01:47+00:00\" \/>\n<meta property=\"article:modified_time\" content=\"2019-11-04T23:12:00+00:00\" \/>\n<meta property=\"og:image\" content=\"https:\/\/fr.motocrossmag.be\/wp-content\/uploads\/2019\/11\/junior-bal-portrait.jpg\" \/>\n\t<meta property=\"og:image:width\" content=\"681\" \/>\n\t<meta property=\"og:image:height\" content=\"472\" \/>\n\t<meta property=\"og:image:type\" content=\"image\/jpeg\" \/>\n<meta name=\"author\" content=\"oliviere\" \/>\n<meta name=\"twitter:card\" content=\"summary_large_image\" \/>\n<meta name=\"twitter:label1\" content=\"\u00c9crit par\" \/>\n\t<meta name=\"twitter:data1\" content=\"oliviere\" \/>\n\t<meta name=\"twitter:label2\" content=\"Dur\u00e9e de lecture estim\u00e9e\" \/>\n\t<meta name=\"twitter:data2\" content=\"1 minute\" \/>\n<script type=\"application\/ld+json\" class=\"yoast-schema-graph\">{\"@context\":\"https:\\\/\\\/schema.org\",\"@graph\":[{\"@type\":\"Article\",\"@id\":\"https:\\\/\\\/fr.motocrossmag.be\\\/index.php\\\/2019\\\/11\\\/junior-bal-sur-le-championnat-deurope-125cc\\\/#article\",\"isPartOf\":{\"@id\":\"https:\\\/\\\/fr.motocrossmag.be\\\/index.php\\\/2019\\\/11\\\/junior-bal-sur-le-championnat-deurope-125cc\\\/\"},\"author\":{\"name\":\"oliviere\",\"@id\":\"https:\\\/\\\/fr.motocrossmag.be\\\/#\\\/schema\\\/person\\\/11b47143d9f755babca2c9110e03235c\"},\"headline\":\"Junior Bal sur le championnat d&rsquo;Europe 125cc\",\"datePublished\":\"2019-11-04T21:01:47+00:00\",\"dateModified\":\"2019-11-04T23:12:00+00:00\",\"mainEntityOfPage\":{\"@id\":\"https:\\\/\\\/fr.motocrossmag.be\\\/index.php\\\/2019\\\/11\\\/junior-bal-sur-le-championnat-deurope-125cc\\\/\"},\"wordCount\":124,\"commentCount\":0,\"image\":{\"@id\":\"https:\\\/\\\/fr.motocrossmag.be\\\/index.php\\\/2019\\\/11\\\/junior-bal-sur-le-championnat-deurope-125cc\\\/#primaryimage\"},\"thumbnailUrl\":\"https:\\\/\\\/fr.motocrossmag.be\\\/wp-content\\\/uploads\\\/2019\\\/11\\\/junior-bal-portrait.jpg\",\"keywords\":[\"CFS\",\"france\",\"Motocross\",\"sable\"],\"articleSection\":[\"Actualit\u00e9\",\"Kids\",\"Motocross\",\"News\",\"News\",\"News\",\"Slideshow\"],\"inLanguage\":\"fr-FR\",\"potentialAction\":[{\"@type\":\"CommentAction\",\"name\":\"Comment\",\"target\":[\"https:\\\/\\\/fr.motocrossmag.be\\\/index.php\\\/2019\\\/11\\\/junior-bal-sur-le-championnat-deurope-125cc\\\/#respond\"]}]},{\"@type\":\"WebPage\",\"@id\":\"https:\\\/\\\/fr.motocrossmag.be\\\/index.php\\\/2019\\\/11\\\/junior-bal-sur-le-championnat-deurope-125cc\\\/\",\"url\":\"https:\\\/\\\/fr.motocrossmag.be\\\/index.php\\\/2019\\\/11\\\/junior-bal-sur-le-championnat-deurope-125cc\\\/\",\"name\":\"Junior Bal sur le championnat d'Europe 125cc - Motocross - Enduro - Supermoto | MotocrossMag\",\"isPartOf\":{\"@id\":\"https:\\\/\\\/fr.motocrossmag.be\\\/#website\"},\"primaryImageOfPage\":{\"@id\":\"https:\\\/\\\/fr.motocrossmag.be\\\/index.php\\\/2019\\\/11\\\/junior-bal-sur-le-championnat-deurope-125cc\\\/#primaryimage\"},\"image\":{\"@id\":\"https:\\\/\\\/fr.motocrossmag.be\\\/index.php\\\/2019\\\/11\\\/junior-bal-sur-le-championnat-deurope-125cc\\\/#primaryimage\"},\"thumbnailUrl\":\"https:\\\/\\\/fr.motocrossmag.be\\\/wp-content\\\/uploads\\\/2019\\\/11\\\/junior-bal-portrait.jpg\",\"datePublished\":\"2019-11-04T21:01:47+00:00\",\"dateModified\":\"2019-11-04T23:12:00+00:00\",\"author\":{\"@id\":\"https:\\\/\\\/fr.motocrossmag.be\\\/#\\\/schema\\\/person\\\/11b47143d9f755babca2c9110e03235c\"},\"breadcrumb\":{\"@id\":\"https:\\\/\\\/fr.motocrossmag.be\\\/index.php\\\/2019\\\/11\\\/junior-bal-sur-le-championnat-deurope-125cc\\\/#breadcrumb\"},\"inLanguage\":\"fr-FR\",\"potentialAction\":[{\"@type\":\"ReadAction\",\"target\":[\"https:\\\/\\\/fr.motocrossmag.be\\\/index.php\\\/2019\\\/11\\\/junior-bal-sur-le-championnat-deurope-125cc\\\/\"]}]},{\"@type\":\"ImageObject\",\"inLanguage\":\"fr-FR\",\"@id\":\"https:\\\/\\\/fr.motocrossmag.be\\\/index.php\\\/2019\\\/11\\\/junior-bal-sur-le-championnat-deurope-125cc\\\/#primaryimage\",\"url\":\"https:\\\/\\\/fr.motocrossmag.be\\\/wp-content\\\/uploads\\\/2019\\\/11\\\/junior-bal-portrait.jpg\",\"contentUrl\":\"https:\\\/\\\/fr.motocrossmag.be\\\/wp-content\\\/uploads\\\/2019\\\/11\\\/junior-bal-portrait.jpg\",\"width\":681,\"height\":472},{\"@type\":\"BreadcrumbList\",\"@id\":\"https:\\\/\\\/fr.motocrossmag.be\\\/index.php\\\/2019\\\/11\\\/junior-bal-sur-le-championnat-deurope-125cc\\\/#breadcrumb\",\"itemListElement\":[{\"@type\":\"ListItem\",\"position\":1,\"name\":\"Accueil\",\"item\":\"https:\\\/\\\/fr.motocrossmag.be\\\/\"},{\"@type\":\"ListItem\",\"position\":2,\"name\":\"Junior Bal sur le championnat d&rsquo;Europe 125cc\"}]},{\"@type\":\"WebSite\",\"@id\":\"https:\\\/\\\/fr.motocrossmag.be\\\/#website\",\"url\":\"https:\\\/\\\/fr.motocrossmag.be\\\/\",\"name\":\"Motocross - Enduro - Supermoto | MotocrossMag\",\"description\":\"L&#039;actualit\u00e9 du motocross, de l&#039;enduro et du Supermoto en ligne!\",\"potentialAction\":[{\"@type\":\"SearchAction\",\"target\":{\"@type\":\"EntryPoint\",\"urlTemplate\":\"https:\\\/\\\/fr.motocrossmag.be\\\/?s={search_term_string}\"},\"query-input\":{\"@type\":\"PropertyValueSpecification\",\"valueRequired\":true,\"valueName\":\"search_term_string\"}}],\"inLanguage\":\"fr-FR\"},{\"@type\":\"Person\",\"@id\":\"https:\\\/\\\/fr.motocrossmag.be\\\/#\\\/schema\\\/person\\\/11b47143d9f755babca2c9110e03235c\",\"name\":\"oliviere\",\"image\":{\"@type\":\"ImageObject\",\"inLanguage\":\"fr-FR\",\"@id\":\"https:\\\/\\\/secure.gravatar.com\\\/avatar\\\/907069e0b81d119452040469e4a7501da1100f54f7f80180ce77bfab718288f6?s=96&d=mm&r=g\",\"url\":\"https:\\\/\\\/secure.gravatar.com\\\/avatar\\\/907069e0b81d119452040469e4a7501da1100f54f7f80180ce77bfab718288f6?s=96&d=mm&r=g\",\"contentUrl\":\"https:\\\/\\\/secure.gravatar.com\\\/avatar\\\/907069e0b81d119452040469e4a7501da1100f54f7f80180ce77bfab718288f6?s=96&d=mm&r=g\",\"caption\":\"oliviere\"},\"sameAs\":[\"http:\\\/\\\/www.motocrossmag.be\"],\"url\":\"https:\\\/\\\/fr.motocrossmag.be\\\/index.php\\\/author\\\/oliviere\\\/\"}]}<\/script>\n<!-- \/ Yoast SEO plugin. -->","yoast_head_json":{"title":"Junior Bal sur le championnat d'Europe 125cc - Motocross - Enduro - Supermoto | MotocrossMag","robots":{"index":"index","follow":"follow","max-snippet":"max-snippet:-1","max-image-preview":"max-image-preview:large","max-video-preview":"max-video-preview:-1"},"canonical":"https:\/\/fr.motocrossmag.be\/index.php\/2019\/11\/junior-bal-sur-le-championnat-deurope-125cc\/","og_locale":"fr_FR","og_type":"article","og_title":"Junior Bal sur le championnat d'Europe 125cc - Motocross - Enduro - Supermoto | MotocrossMag","og_description":"Junior Bal occupe actuellement la t\u00eate du classement provisoire Junior 125cc sur le championnat de France des Sables. Mais une fois la saison de sable termin\u00e9e, c&rsquo;est le championnat d&rsquo;Europe [...]","og_url":"https:\/\/fr.motocrossmag.be\/index.php\/2019\/11\/junior-bal-sur-le-championnat-deurope-125cc\/","og_site_name":"Motocross - Enduro - Supermoto | MotocrossMag","article_published_time":"2019-11-04T21:01:47+00:00","article_modified_time":"2019-11-04T23:12:00+00:00","og_image":[{"width":681,"height":472,"url":"https:\/\/fr.motocrossmag.be\/wp-content\/uploads\/2019\/11\/junior-bal-portrait.jpg","type":"image\/jpeg"}],"author":"oliviere","twitter_card":"summary_large_image","twitter_misc":{"\u00c9crit par":"oliviere","Dur\u00e9e de lecture estim\u00e9e":"1 minute"},"schema":{"@context":"https:\/\/schema.org","@graph":[{"@type":"Article","@id":"https:\/\/fr.motocrossmag.be\/index.php\/2019\/11\/junior-bal-sur-le-championnat-deurope-125cc\/#article","isPartOf":{"@id":"https:\/\/fr.motocrossmag.be\/index.php\/2019\/11\/junior-bal-sur-le-championnat-deurope-125cc\/"},"author":{"name":"oliviere","@id":"https:\/\/fr.motocrossmag.be\/#\/schema\/person\/11b47143d9f755babca2c9110e03235c"},"headline":"Junior Bal sur le championnat d&rsquo;Europe 125cc","datePublished":"2019-11-04T21:01:47+00:00","dateModified":"2019-11-04T23:12:00+00:00","mainEntityOfPage":{"@id":"https:\/\/fr.motocrossmag.be\/index.php\/2019\/11\/junior-bal-sur-le-championnat-deurope-125cc\/"},"wordCount":124,"commentCount":0,"image":{"@id":"https:\/\/fr.motocrossmag.be\/index.php\/2019\/11\/junior-bal-sur-le-championnat-deurope-125cc\/#primaryimage"},"thumbnailUrl":"https:\/\/fr.motocrossmag.be\/wp-content\/uploads\/2019\/11\/junior-bal-portrait.jpg","keywords":["CFS","france","Motocross","sable"],"articleSection":["Actualit\u00e9","Kids","Motocross","News","News","News","Slideshow"],"inLanguage":"fr-FR","potentialAction":[{"@type":"CommentAction","name":"Comment","target":["https:\/\/fr.motocrossmag.be\/index.php\/2019\/11\/junior-bal-sur-le-championnat-deurope-125cc\/#respond"]}]},{"@type":"WebPage","@id":"https:\/\/fr.motocrossmag.be\/index.php\/2019\/11\/junior-bal-sur-le-championnat-deurope-125cc\/","url":"https:\/\/fr.motocrossmag.be\/index.php\/2019\/11\/junior-bal-sur-le-championnat-deurope-125cc\/","name":"Junior Bal sur le championnat d'Europe 125cc - Motocross - Enduro - Supermoto | MotocrossMag","isPartOf":{"@id":"https:\/\/fr.motocrossmag.be\/#website"},"primaryImageOfPage":{"@id":"https:\/\/fr.motocrossmag.be\/index.php\/2019\/11\/junior-bal-sur-le-championnat-deurope-125cc\/#primaryimage"},"image":{"@id":"https:\/\/fr.motocrossmag.be\/index.php\/2019\/11\/junior-bal-sur-le-championnat-deurope-125cc\/#primaryimage"},"thumbnailUrl":"https:\/\/fr.motocrossmag.be\/wp-content\/uploads\/2019\/11\/junior-bal-portrait.jpg","datePublished":"2019-11-04T21:01:47+00:00","dateModified":"2019-11-04T23:12:00+00:00","author":{"@id":"https:\/\/fr.motocrossmag.be\/#\/schema\/person\/11b47143d9f755babca2c9110e03235c"},"breadcrumb":{"@id":"https:\/\/fr.motocrossmag.be\/index.php\/2019\/11\/junior-bal-sur-le-championnat-deurope-125cc\/#breadcrumb"},"inLanguage":"fr-FR","potentialAction":[{"@type":"ReadAction","target":["https:\/\/fr.motocrossmag.be\/index.php\/2019\/11\/junior-bal-sur-le-championnat-deurope-125cc\/"]}]},{"@type":"ImageObject","inLanguage":"fr-FR","@id":"https:\/\/fr.motocrossmag.be\/index.php\/2019\/11\/junior-bal-sur-le-championnat-deurope-125cc\/#primaryimage","url":"https:\/\/fr.motocrossmag.be\/wp-content\/uploads\/2019\/11\/junior-bal-portrait.jpg","contentUrl":"https:\/\/fr.motocrossmag.be\/wp-content\/uploads\/2019\/11\/junior-bal-portrait.jpg","width":681,"height":472},{"@type":"BreadcrumbList","@id":"https:\/\/fr.motocrossmag.be\/index.php\/2019\/11\/junior-bal-sur-le-championnat-deurope-125cc\/#breadcrumb","itemListElement":[{"@type":"ListItem","position":1,"name":"Accueil","item":"https:\/\/fr.motocrossmag.be\/"},{"@type":"ListItem","position":2,"name":"Junior Bal sur le championnat d&rsquo;Europe 125cc"}]},{"@type":"WebSite","@id":"https:\/\/fr.motocrossmag.be\/#website","url":"https:\/\/fr.motocrossmag.be\/","name":"Motocross - Enduro - Supermoto | MotocrossMag","description":"L&#039;actualit\u00e9 du motocross, de l&#039;enduro et du Supermoto en ligne!","potentialAction":[{"@type":"SearchAction","target":{"@type":"EntryPoint","urlTemplate":"https:\/\/fr.motocrossmag.be\/?s={search_term_string}"},"query-input":{"@type":"PropertyValueSpecification","valueRequired":true,"valueName":"search_term_string"}}],"inLanguage":"fr-FR"},{"@type":"Person","@id":"https:\/\/fr.motocrossmag.be\/#\/schema\/person\/11b47143d9f755babca2c9110e03235c","name":"oliviere","image":{"@type":"ImageObject","inLanguage":"fr-FR","@id":"https:\/\/secure.gravatar.com\/avatar\/907069e0b81d119452040469e4a7501da1100f54f7f80180ce77bfab718288f6?s=96&d=mm&r=g","url":"https:\/\/secure.gravatar.com\/avatar\/907069e0b81d119452040469e4a7501da1100f54f7f80180ce77bfab718288f6?s=96&d=mm&r=g","contentUrl":"https:\/\/secure.gravatar.com\/avatar\/907069e0b81d119452040469e4a7501da1100f54f7f80180ce77bfab718288f6?s=96&d=mm&r=g","caption":"oliviere"},"sameAs":["http:\/\/www.motocrossmag.be"],"url":"https:\/\/fr.motocrossmag.be\/index.php\/author\/oliviere\/"}]}},"_links":{"self":[{"href":"https:\/\/fr.motocrossmag.be\/index.php\/wp-json\/wp\/v2\/posts\/98269","targetHints":{"allow":["GET"]}}],"collection":[{"href":"https:\/\/fr.motocrossmag.be\/index.php\/wp-json\/wp\/v2\/posts"}],"about":[{"href":"https:\/\/fr.motocrossmag.be\/index.php\/wp-json\/wp\/v2\/types\/post"}],"author":[{"embeddable":true,"href":"https:\/\/fr.motocrossmag.be\/index.php\/wp-json\/wp\/v2\/users\/932"}],"replies":[{"embeddable":true,"href":"https:\/\/fr.motocrossmag.be\/index.php\/wp-json\/wp\/v2\/comments?post=98269"}],"version-history":[{"count":0,"href":"https:\/\/fr.motocrossmag.be\/index.php\/wp-json\/wp\/v2\/posts\/98269\/revisions"}],"wp:featuredmedia":[{"embeddable":true,"href":"https:\/\/fr.motocrossmag.be\/index.php\/wp-json\/wp\/v2\/media\/98270"}],"wp:attachment":[{"href":"https:\/\/fr.motocrossmag.be\/index.php\/wp-json\/wp\/v2\/media?parent=98269"}],"wp:term":[{"taxonomy":"category","embeddable":true,"href":"https:\/\/fr.motocrossmag.be\/index.php\/wp-json\/wp\/v2\/categories?post=98269"},{"taxonomy":"post_tag","embeddable":true,"href":"https:\/\/fr.motocrossmag.be\/index.php\/wp-json\/wp\/v2\/tags?post=98269"}],"curies":[{"name":"wp","href":"https:\/\/api.w.org\/{rel}","templated":true}]}}