{"id":98273,"date":"2019-11-05T10:06:59","date_gmt":"2019-11-05T09:06:59","guid":{"rendered":"https:\/\/fr.motocrossmag.be\/?p=98273"},"modified":"2019-11-05T12:12:23","modified_gmt":"2019-11-05T11:12:23","slug":"photos-dutch-supercross-a-zuidbroek","status":"publish","type":"post","link":"https:\/\/fr.motocrossmag.be\/index.php\/2019\/11\/photos-dutch-supercross-a-zuidbroek\/","title":{"rendered":"Photos : Dutch Supercross \u00e0 Zuidbroek"},"content":{"rendered":"<p><strong>Retour en images sur la 9\u00e8me \u00e9dition du Dutch Supercross organis\u00e9 sous l&rsquo;\u00e9gide de la KNMV \u00e0 Zuidbroek le week-end dernier. Un \u00e9v\u00e9nement qui gagne ann\u00e9e apr\u00e8s ann\u00e9e ses lettres de noblesse, tant aupr\u00e8s des pilotes que du public.<\/strong><\/p>\n<p>Photos : #NiekFotografie<\/p>\n<div class=\"rgg-container\" data-rgg-id=\"1\">    <div class=\"rgg-imagegrid captions-title captions-effect-none \" data-rgg-id=\"1\">\n                    <a data-rel=\"iLightbox[postimages]\" data-title=\"65cc &#8211; mxmag -NK_00998\" data-caption=\"\" href=\"https:\/\/fr.motocrossmag.be\/wp-content\/uploads\/2019\/11\/65cc-mxmag-NK_00998-1.jpg\" data-rel=\"rgg\" rel=\"rgg\" title=\"\" class=\"rgg-disabled size-medium rgg-img\" data-src=\"https:\/\/fr.motocrossmag.be\/wp-content\/uploads\/2019\/11\/65cc-mxmag-NK_00998-1-650x433.jpg\" data-ratio=\"1.5011547344111\" data-height=\"433\" data-width=\"650\" aria-label=\"\">\n                            <\/a>\n                    <a data-rel=\"iLightbox[postimages]\" data-title=\"96 &#8211; mxmag -NK_01472\" data-caption=\"\" href=\"https:\/\/fr.motocrossmag.be\/wp-content\/uploads\/2019\/11\/96-mxmag-NK_01472-1.jpg\" data-rel=\"rgg\" rel=\"rgg\" title=\"\" class=\"rgg-disabled size-medium rgg-img\" data-src=\"https:\/\/fr.motocrossmag.be\/wp-content\/uploads\/2019\/11\/96-mxmag-NK_01472-1-650x433.jpg\" data-ratio=\"1.5011547344111\" data-height=\"433\" data-width=\"650\" aria-label=\"\">\n                            <\/a>\n                    <a data-rel=\"iLightbox[postimages]\" data-title=\"96 &#8211; mxmag -NK_01957\" data-caption=\"\" href=\"https:\/\/fr.motocrossmag.be\/wp-content\/uploads\/2019\/11\/96-mxmag-NK_01957-1.jpg\" data-rel=\"rgg\" rel=\"rgg\" title=\"\" class=\"rgg-disabled size-medium rgg-img\" data-src=\"https:\/\/fr.motocrossmag.be\/wp-content\/uploads\/2019\/11\/96-mxmag-NK_01957-1-650x433.jpg\" data-ratio=\"1.5011547344111\" data-height=\"433\" data-width=\"650\" aria-label=\"\">\n                            <\/a>\n                    <a data-rel=\"iLightbox[postimages]\" data-title=\"96 &#8211; mxmag -NK_09349\" data-caption=\"\" href=\"https:\/\/fr.motocrossmag.be\/wp-content\/uploads\/2019\/11\/96-mxmag-NK_09349-1.jpg\" data-rel=\"rgg\" rel=\"rgg\" title=\"\" class=\"rgg-disabled size-medium rgg-img\" data-src=\"https:\/\/fr.motocrossmag.be\/wp-content\/uploads\/2019\/11\/96-mxmag-NK_09349-1-650x433.jpg\" data-ratio=\"1.5011547344111\" data-height=\"433\" data-width=\"650\" aria-label=\"\">\n                            <\/a>\n                    <a data-rel=\"iLightbox[postimages]\" data-title=\"419 &#8211; mxmag -NK_00500\" data-caption=\"\" href=\"https:\/\/fr.motocrossmag.be\/wp-content\/uploads\/2019\/11\/419-mxmag-NK_00500-1.jpg\" data-rel=\"rgg\" rel=\"rgg\" title=\"\" class=\"rgg-disabled size-medium rgg-img\" data-src=\"https:\/\/fr.motocrossmag.be\/wp-content\/uploads\/2019\/11\/419-mxmag-NK_00500-1-650x433.jpg\" data-ratio=\"1.5011547344111\" data-height=\"433\" data-width=\"650\" aria-label=\"\">\n                            <\/a>\n                    <a data-rel=\"iLightbox[postimages]\" data-title=\"933 &#8211; mxmag -NK_00408\" data-caption=\"\" href=\"https:\/\/fr.motocrossmag.be\/wp-content\/uploads\/2019\/11\/933-mxmag-NK_00408-1.jpg\" data-rel=\"rgg\" rel=\"rgg\" title=\"\" class=\"rgg-disabled size-medium rgg-img\" data-src=\"https:\/\/fr.motocrossmag.be\/wp-content\/uploads\/2019\/11\/933-mxmag-NK_00408-1-650x433.jpg\" data-ratio=\"1.5011547344111\" data-height=\"433\" data-width=\"650\" aria-label=\"\">\n                            <\/a>\n                    <a data-rel=\"iLightbox[postimages]\" data-title=\"2019-11-03 &#8211; mxmag -NK_00350\" data-caption=\"\" href=\"https:\/\/fr.motocrossmag.be\/wp-content\/uploads\/2019\/11\/2019-11-03-mxmag-NK_00350-1.jpg\" data-rel=\"rgg\" rel=\"rgg\" title=\"\" class=\"rgg-disabled size-medium rgg-img\" data-src=\"https:\/\/fr.motocrossmag.be\/wp-content\/uploads\/2019\/11\/2019-11-03-mxmag-NK_00350-1-650x433.jpg\" data-ratio=\"1.5011547344111\" data-height=\"433\" data-width=\"650\" aria-label=\"\">\n                            <\/a>\n                    <a data-rel=\"iLightbox[postimages]\" data-title=\"2019-11-03 &#8211; mxmag -NK_02314\" data-caption=\"\" href=\"https:\/\/fr.motocrossmag.be\/wp-content\/uploads\/2019\/11\/2019-11-03-mxmag-NK_02314-1.jpg\" data-rel=\"rgg\" rel=\"rgg\" title=\"\" class=\"rgg-disabled size-medium rgg-img\" data-src=\"https:\/\/fr.motocrossmag.be\/wp-content\/uploads\/2019\/11\/2019-11-03-mxmag-NK_02314-1-650x433.jpg\" data-ratio=\"1.5011547344111\" data-height=\"433\" data-width=\"650\" aria-label=\"\">\n                            <\/a>\n                    <a data-rel=\"iLightbox[postimages]\" data-title=\"2019-11-03 &#8211; mxmag -NK_02539\" data-caption=\"\" href=\"https:\/\/fr.motocrossmag.be\/wp-content\/uploads\/2019\/11\/2019-11-03-mxmag-NK_02539-1.jpg\" data-rel=\"rgg\" rel=\"rgg\" title=\"\" class=\"rgg-disabled size-medium rgg-img\" data-src=\"https:\/\/fr.motocrossmag.be\/wp-content\/uploads\/2019\/11\/2019-11-03-mxmag-NK_02539-1-650x433.jpg\" data-ratio=\"1.5011547344111\" data-height=\"433\" data-width=\"650\" aria-label=\"\">\n                            <\/a>\n                    <a data-rel=\"iLightbox[postimages]\" data-title=\"2019-11-03 &#8211; mxmag -NK_02909\" data-caption=\"\" href=\"https:\/\/fr.motocrossmag.be\/wp-content\/uploads\/2019\/11\/2019-11-03-mxmag-NK_02909-1.jpg\" data-rel=\"rgg\" rel=\"rgg\" title=\"\" class=\"rgg-disabled size-medium rgg-img\" data-src=\"https:\/\/fr.motocrossmag.be\/wp-content\/uploads\/2019\/11\/2019-11-03-mxmag-NK_02909-1-650x433.jpg\" data-ratio=\"1.5011547344111\" data-height=\"433\" data-width=\"650\" aria-label=\"\">\n                            <\/a>\n                    <a data-rel=\"iLightbox[postimages]\" data-title=\"2019-11-03 &#8211; mxmag -NK_02957\" data-caption=\"\" href=\"https:\/\/fr.motocrossmag.be\/wp-content\/uploads\/2019\/11\/2019-11-03-mxmag-NK_02957-1.jpg\" data-rel=\"rgg\" rel=\"rgg\" title=\"\" class=\"rgg-disabled size-medium rgg-img\" data-src=\"https:\/\/fr.motocrossmag.be\/wp-content\/uploads\/2019\/11\/2019-11-03-mxmag-NK_02957-1-650x433.jpg\" data-ratio=\"1.5011547344111\" data-height=\"433\" data-width=\"650\" aria-label=\"\">\n                            <\/a>\n                    <a data-rel=\"iLightbox[postimages]\" data-title=\"2019-11-03 &#8211; mxmag -NK_03301\" data-caption=\"\" href=\"https:\/\/fr.motocrossmag.be\/wp-content\/uploads\/2019\/11\/2019-11-03-mxmag-NK_03301-1.jpg\" data-rel=\"rgg\" rel=\"rgg\" title=\"\" class=\"rgg-disabled size-medium rgg-img\" data-src=\"https:\/\/fr.motocrossmag.be\/wp-content\/uploads\/2019\/11\/2019-11-03-mxmag-NK_03301-1-650x433.jpg\" data-ratio=\"1.5011547344111\" data-height=\"433\" data-width=\"650\" aria-label=\"\">\n                            <\/a>\n                    <a data-rel=\"iLightbox[postimages]\" data-title=\"Pits &#8211; mxmag -NK_01048\" data-caption=\"\" href=\"https:\/\/fr.motocrossmag.be\/wp-content\/uploads\/2019\/11\/Pits-mxmag-NK_01048-1.jpg\" data-rel=\"rgg\" rel=\"rgg\" title=\"\" class=\"rgg-disabled size-medium rgg-img\" data-src=\"https:\/\/fr.motocrossmag.be\/wp-content\/uploads\/2019\/11\/Pits-mxmag-NK_01048-1-650x433.jpg\" data-ratio=\"1.5011547344111\" data-height=\"433\" data-width=\"650\" aria-label=\"\">\n                            <\/a>\n                    <a data-rel=\"iLightbox[postimages]\" data-title=\"Pits &#8211; mxmag -NK_08017\" data-caption=\"\" href=\"https:\/\/fr.motocrossmag.be\/wp-content\/uploads\/2019\/11\/Pits-mxmag-NK_08017-1.jpg\" data-rel=\"rgg\" rel=\"rgg\" title=\"\" class=\"rgg-disabled size-medium rgg-img\" data-src=\"https:\/\/fr.motocrossmag.be\/wp-content\/uploads\/2019\/11\/Pits-mxmag-NK_08017-1-650x433.jpg\" data-ratio=\"1.5011547344111\" data-height=\"433\" data-width=\"650\" aria-label=\"\">\n                            <\/a>\n                    <a data-rel=\"iLightbox[postimages]\" data-title=\"Pits &#8211; mxmag -NK_09690\" data-caption=\"\" href=\"https:\/\/fr.motocrossmag.be\/wp-content\/uploads\/2019\/11\/Pits-mxmag-NK_09690-1.jpg\" data-rel=\"rgg\" rel=\"rgg\" title=\"\" class=\"rgg-disabled size-medium rgg-img\" data-src=\"https:\/\/fr.motocrossmag.be\/wp-content\/uploads\/2019\/11\/Pits-mxmag-NK_09690-1-650x433.jpg\" data-ratio=\"1.5011547344111\" data-height=\"433\" data-width=\"650\" aria-label=\"\">\n                            <\/a>\n                    <a data-rel=\"iLightbox[postimages]\" data-title=\"SX1 &#8211; mxmag -NK_00043\" data-caption=\"\" href=\"https:\/\/fr.motocrossmag.be\/wp-content\/uploads\/2019\/11\/SX1-mxmag-NK_00043-1.jpg\" data-rel=\"rgg\" rel=\"rgg\" title=\"\" class=\"rgg-disabled size-medium rgg-img\" data-src=\"https:\/\/fr.motocrossmag.be\/wp-content\/uploads\/2019\/11\/SX1-mxmag-NK_00043-1-650x433.jpg\" data-ratio=\"1.5011547344111\" data-height=\"433\" data-width=\"650\" aria-label=\"\">\n                            <\/a>\n                    <a data-rel=\"iLightbox[postimages]\" data-title=\"SX1 &#8211; mxmag -NK_00104-2\" data-caption=\"\" href=\"https:\/\/fr.motocrossmag.be\/wp-content\/uploads\/2019\/11\/SX1-mxmag-NK_00104-2-1.jpg\" data-rel=\"rgg\" rel=\"rgg\" title=\"\" class=\"rgg-disabled size-medium rgg-img\" data-src=\"https:\/\/fr.motocrossmag.be\/wp-content\/uploads\/2019\/11\/SX1-mxmag-NK_00104-2-1-650x433.jpg\" data-ratio=\"1.5011547344111\" data-height=\"433\" data-width=\"650\" aria-label=\"\">\n                            <\/a>\n                    <a data-rel=\"iLightbox[postimages]\" data-title=\"SX1 &#8211; mxmag -NK_00218\" data-caption=\"\" href=\"https:\/\/fr.motocrossmag.be\/wp-content\/uploads\/2019\/11\/SX1-mxmag-NK_00218-1.jpg\" data-rel=\"rgg\" rel=\"rgg\" title=\"\" class=\"rgg-disabled size-medium rgg-img\" data-src=\"https:\/\/fr.motocrossmag.be\/wp-content\/uploads\/2019\/11\/SX1-mxmag-NK_00218-1-650x433.jpg\" data-ratio=\"1.5011547344111\" data-height=\"433\" data-width=\"650\" aria-label=\"\">\n                            <\/a>\n                    <a data-rel=\"iLightbox[postimages]\" data-title=\"SX1 &#8211; mxmag -NK_00271\" data-caption=\"\" href=\"https:\/\/fr.motocrossmag.be\/wp-content\/uploads\/2019\/11\/SX1-mxmag-NK_00271-1.jpg\" data-rel=\"rgg\" rel=\"rgg\" title=\"\" class=\"rgg-disabled size-medium rgg-img\" data-src=\"https:\/\/fr.motocrossmag.be\/wp-content\/uploads\/2019\/11\/SX1-mxmag-NK_00271-1-650x433.jpg\" data-ratio=\"1.5011547344111\" data-height=\"433\" data-width=\"650\" aria-label=\"\">\n                            <\/a>\n                    <a data-rel=\"iLightbox[postimages]\" data-title=\"SX1 &#8211; mxmag -NK_00346\" data-caption=\"\" href=\"https:\/\/fr.motocrossmag.be\/wp-content\/uploads\/2019\/11\/SX1-mxmag-NK_00346-1.jpg\" data-rel=\"rgg\" rel=\"rgg\" title=\"\" class=\"rgg-disabled size-medium rgg-img\" data-src=\"https:\/\/fr.motocrossmag.be\/wp-content\/uploads\/2019\/11\/SX1-mxmag-NK_00346-1-650x433.jpg\" data-ratio=\"1.5011547344111\" data-height=\"433\" data-width=\"650\" aria-label=\"\">\n                            <\/a>\n                    <a data-rel=\"iLightbox[postimages]\" data-title=\"SX1 &#8211; mxmag -NK_00962\" data-caption=\"\" href=\"https:\/\/fr.motocrossmag.be\/wp-content\/uploads\/2019\/11\/SX1-mxmag-NK_00962-1.jpg\" data-rel=\"rgg\" rel=\"rgg\" title=\"\" class=\"rgg-disabled size-medium rgg-img\" data-src=\"https:\/\/fr.motocrossmag.be\/wp-content\/uploads\/2019\/11\/SX1-mxmag-NK_00962-1-650x433.jpg\" data-ratio=\"1.5011547344111\" data-height=\"433\" data-width=\"650\" aria-label=\"\">\n                            <\/a>\n                    <a data-rel=\"iLightbox[postimages]\" data-title=\"SX1 &#8211; mxmag -NK_01666\" data-caption=\"\" href=\"https:\/\/fr.motocrossmag.be\/wp-content\/uploads\/2019\/11\/SX1-mxmag-NK_01666-1.jpg\" data-rel=\"rgg\" rel=\"rgg\" title=\"\" class=\"rgg-disabled size-medium rgg-img\" data-src=\"https:\/\/fr.motocrossmag.be\/wp-content\/uploads\/2019\/11\/SX1-mxmag-NK_01666-1-650x433.jpg\" data-ratio=\"1.5011547344111\" data-height=\"433\" data-width=\"650\" aria-label=\"\">\n                            <\/a>\n                    <a data-rel=\"iLightbox[postimages]\" data-title=\"SX1 &#8211; mxmag -NK_01910\" data-caption=\"\" href=\"https:\/\/fr.motocrossmag.be\/wp-content\/uploads\/2019\/11\/SX1-mxmag-NK_01910-1.jpg\" data-rel=\"rgg\" rel=\"rgg\" title=\"\" class=\"rgg-disabled size-medium rgg-img\" data-src=\"https:\/\/fr.motocrossmag.be\/wp-content\/uploads\/2019\/11\/SX1-mxmag-NK_01910-1-650x433.jpg\" data-ratio=\"1.5011547344111\" data-height=\"433\" data-width=\"650\" aria-label=\"\">\n                            <\/a>\n                    <a data-rel=\"iLightbox[postimages]\" data-title=\"SX1 &#8211; mxmag -NK_02216\" data-caption=\"\" href=\"https:\/\/fr.motocrossmag.be\/wp-content\/uploads\/2019\/11\/SX1-mxmag-NK_02216-1.jpg\" data-rel=\"rgg\" rel=\"rgg\" title=\"\" class=\"rgg-disabled size-medium rgg-img\" data-src=\"https:\/\/fr.motocrossmag.be\/wp-content\/uploads\/2019\/11\/SX1-mxmag-NK_02216-1-650x433.jpg\" data-ratio=\"1.5011547344111\" data-height=\"433\" data-width=\"650\" aria-label=\"\">\n                            <\/a>\n                    <a data-rel=\"iLightbox[postimages]\" data-title=\"SX1 &#8211; mxmag -NK_07530\" data-caption=\"\" href=\"https:\/\/fr.motocrossmag.be\/wp-content\/uploads\/2019\/11\/SX1-mxmag-NK_07530-1.jpg\" data-rel=\"rgg\" rel=\"rgg\" title=\"\" class=\"rgg-disabled size-medium rgg-img\" data-src=\"https:\/\/fr.motocrossmag.be\/wp-content\/uploads\/2019\/11\/SX1-mxmag-NK_07530-1-650x433.jpg\" data-ratio=\"1.5011547344111\" data-height=\"433\" data-width=\"650\" aria-label=\"\">\n                            <\/a>\n                    <a data-rel=\"iLightbox[postimages]\" data-title=\"SX1 &#8211; mxmag -NK_08796\" data-caption=\"\" href=\"https:\/\/fr.motocrossmag.be\/wp-content\/uploads\/2019\/11\/SX1-mxmag-NK_08796-1.jpg\" data-rel=\"rgg\" rel=\"rgg\" title=\"\" class=\"rgg-disabled size-medium rgg-img\" data-src=\"https:\/\/fr.motocrossmag.be\/wp-content\/uploads\/2019\/11\/SX1-mxmag-NK_08796-1-650x433.jpg\" data-ratio=\"1.5011547344111\" data-height=\"433\" data-width=\"650\" aria-label=\"\">\n                            <\/a>\n                    <a data-rel=\"iLightbox[postimages]\" data-title=\"SX1 &#8211; mxmag -NK_08977\" data-caption=\"\" href=\"https:\/\/fr.motocrossmag.be\/wp-content\/uploads\/2019\/11\/SX1-mxmag-NK_08977-1.jpg\" data-rel=\"rgg\" rel=\"rgg\" title=\"\" class=\"rgg-disabled size-medium rgg-img\" data-src=\"https:\/\/fr.motocrossmag.be\/wp-content\/uploads\/2019\/11\/SX1-mxmag-NK_08977-1-650x433.jpg\" data-ratio=\"1.5011547344111\" data-height=\"433\" data-width=\"650\" aria-label=\"\">\n                            <\/a>\n                    <a data-rel=\"iLightbox[postimages]\" data-title=\"SX1 &#8211; mxmag -NK_09504\" data-caption=\"\" href=\"https:\/\/fr.motocrossmag.be\/wp-content\/uploads\/2019\/11\/SX1-mxmag-NK_09504-1.jpg\" data-rel=\"rgg\" rel=\"rgg\" title=\"\" class=\"rgg-disabled size-medium rgg-img\" data-src=\"https:\/\/fr.motocrossmag.be\/wp-content\/uploads\/2019\/11\/SX1-mxmag-NK_09504-1-650x433.jpg\" data-ratio=\"1.5011547344111\" data-height=\"433\" data-width=\"650\" aria-label=\"\">\n                            <\/a>\n                    <a data-rel=\"iLightbox[postimages]\" data-title=\"SX2 &#8211; mxmag -NK_00005\" data-caption=\"\" href=\"https:\/\/fr.motocrossmag.be\/wp-content\/uploads\/2019\/11\/SX2-mxmag-NK_00005.jpg\" data-rel=\"rgg\" rel=\"rgg\" title=\"\" class=\"rgg-disabled size-medium rgg-img\" data-src=\"https:\/\/fr.motocrossmag.be\/wp-content\/uploads\/2019\/11\/SX2-mxmag-NK_00005-650x433.jpg\" data-ratio=\"1.5011547344111\" data-height=\"433\" data-width=\"650\" aria-label=\"\">\n                            <\/a>\n                    <a data-rel=\"iLightbox[postimages]\" data-title=\"SX2 &#8211; mxmag -NK_01314\" data-caption=\"\" href=\"https:\/\/fr.motocrossmag.be\/wp-content\/uploads\/2019\/11\/SX2-mxmag-NK_01314.jpg\" data-rel=\"rgg\" rel=\"rgg\" title=\"\" class=\"rgg-disabled size-medium rgg-img\" data-src=\"https:\/\/fr.motocrossmag.be\/wp-content\/uploads\/2019\/11\/SX2-mxmag-NK_01314-650x433.jpg\" data-ratio=\"1.5011547344111\" data-height=\"433\" data-width=\"650\" aria-label=\"\">\n                            <\/a>\n                    <a data-rel=\"iLightbox[postimages]\" data-title=\"SX2 &#8211; mxmag -NK_01549\" data-caption=\"\" href=\"https:\/\/fr.motocrossmag.be\/wp-content\/uploads\/2019\/11\/SX2-mxmag-NK_01549.jpg\" data-rel=\"rgg\" rel=\"rgg\" title=\"\" class=\"rgg-disabled size-medium rgg-img\" data-src=\"https:\/\/fr.motocrossmag.be\/wp-content\/uploads\/2019\/11\/SX2-mxmag-NK_01549-650x433.jpg\" data-ratio=\"1.5011547344111\" data-height=\"433\" data-width=\"650\" aria-label=\"\">\n                            <\/a>\n                    <a data-rel=\"iLightbox[postimages]\" data-title=\"SX2 &#8211; mxmag -NK_07184\" data-caption=\"\" href=\"https:\/\/fr.motocrossmag.be\/wp-content\/uploads\/2019\/11\/SX2-mxmag-NK_07184.jpg\" data-rel=\"rgg\" rel=\"rgg\" title=\"\" class=\"rgg-disabled size-medium rgg-img\" data-src=\"https:\/\/fr.motocrossmag.be\/wp-content\/uploads\/2019\/11\/SX2-mxmag-NK_07184-650x433.jpg\" data-ratio=\"1.5011547344111\" data-height=\"433\" data-width=\"650\" aria-label=\"\">\n                            <\/a>\n                    <a data-rel=\"iLightbox[postimages]\" data-title=\"SX2 &#8211; mxmag -NK_08152\" data-caption=\"\" href=\"https:\/\/fr.motocrossmag.be\/wp-content\/uploads\/2019\/11\/SX2-mxmag-NK_08152.jpg\" data-rel=\"rgg\" rel=\"rgg\" title=\"\" class=\"rgg-disabled size-medium rgg-img\" data-src=\"https:\/\/fr.motocrossmag.be\/wp-content\/uploads\/2019\/11\/SX2-mxmag-NK_08152-650x433.jpg\" data-ratio=\"1.5011547344111\" data-height=\"433\" data-width=\"650\" aria-label=\"\">\n                            <\/a>\n                    <a data-rel=\"iLightbox[postimages]\" data-title=\"SX2 &#8211; mxmag -NK_09308\" data-caption=\"\" href=\"https:\/\/fr.motocrossmag.be\/wp-content\/uploads\/2019\/11\/SX2-mxmag-NK_09308.jpg\" data-rel=\"rgg\" rel=\"rgg\" title=\"\" class=\"rgg-disabled size-medium rgg-img\" data-src=\"https:\/\/fr.motocrossmag.be\/wp-content\/uploads\/2019\/11\/SX2-mxmag-NK_09308-650x433.jpg\" data-ratio=\"1.5011547344111\" data-height=\"433\" data-width=\"650\" aria-label=\"\">\n                            <\/a>\n                    <a data-rel=\"iLightbox[postimages]\" data-title=\"SX2 &#8211; mxmag -NK_09516\" data-caption=\"\" href=\"https:\/\/fr.motocrossmag.be\/wp-content\/uploads\/2019\/11\/SX2-mxmag-NK_09516.jpg\" data-rel=\"rgg\" rel=\"rgg\" title=\"\" class=\"rgg-disabled size-medium rgg-img\" data-src=\"https:\/\/fr.motocrossmag.be\/wp-content\/uploads\/2019\/11\/SX2-mxmag-NK_09516-650x433.jpg\" data-ratio=\"1.5011547344111\" data-height=\"433\" data-width=\"650\" aria-label=\"\">\n                            <\/a>\n                    <a data-rel=\"iLightbox[postimages]\" data-title=\"SX2 &#8211; mxmag -NK_09645\" data-caption=\"\" href=\"https:\/\/fr.motocrossmag.be\/wp-content\/uploads\/2019\/11\/SX2-mxmag-NK_09645.jpg\" data-rel=\"rgg\" rel=\"rgg\" title=\"\" class=\"rgg-disabled size-medium rgg-img\" data-src=\"https:\/\/fr.motocrossmag.be\/wp-content\/uploads\/2019\/11\/SX2-mxmag-NK_09645-650x433.jpg\" data-ratio=\"1.5011547344111\" data-height=\"433\" data-width=\"650\" aria-label=\"\">\n                            <\/a>\n                    <a data-rel=\"iLightbox[postimages]\" data-title=\"SX2 &#8211; mxmag -NK_09744\" data-caption=\"\" href=\"https:\/\/fr.motocrossmag.be\/wp-content\/uploads\/2019\/11\/SX2-mxmag-NK_09744.jpg\" data-rel=\"rgg\" rel=\"rgg\" title=\"\" class=\"rgg-disabled size-medium rgg-img\" data-src=\"https:\/\/fr.motocrossmag.be\/wp-content\/uploads\/2019\/11\/SX2-mxmag-NK_09744-650x433.jpg\" data-ratio=\"1.5011547344111\" data-height=\"433\" data-width=\"650\" aria-label=\"\">\n                            <\/a>\n                    <a data-rel=\"iLightbox[postimages]\" data-title=\"SX2 &#8211; mxmag -NK_09760\" data-caption=\"\" href=\"https:\/\/fr.motocrossmag.be\/wp-content\/uploads\/2019\/11\/SX2-mxmag-NK_09760.jpg\" data-rel=\"rgg\" rel=\"rgg\" title=\"\" class=\"rgg-disabled size-medium rgg-img\" data-src=\"https:\/\/fr.motocrossmag.be\/wp-content\/uploads\/2019\/11\/SX2-mxmag-NK_09760-650x433.jpg\" data-ratio=\"1.5011547344111\" data-height=\"433\" data-width=\"650\" aria-label=\"\">\n                            <\/a>\n                    <a data-rel=\"iLightbox[postimages]\" data-title=\"SX2 &#8211; mxmag -NK_09763\" data-caption=\"\" href=\"https:\/\/fr.motocrossmag.be\/wp-content\/uploads\/2019\/11\/SX2-mxmag-NK_09763.jpg\" data-rel=\"rgg\" rel=\"rgg\" title=\"\" class=\"rgg-disabled size-medium rgg-img\" data-src=\"https:\/\/fr.motocrossmag.be\/wp-content\/uploads\/2019\/11\/SX2-mxmag-NK_09763-650x433.jpg\" data-ratio=\"1.5011547344111\" data-height=\"433\" data-width=\"650\" aria-label=\"\">\n                            <\/a>\n                    <a data-rel=\"iLightbox[postimages]\" data-title=\"SX2 &#8211; mxmag -NK_09806\" data-caption=\"\" href=\"https:\/\/fr.motocrossmag.be\/wp-content\/uploads\/2019\/11\/SX2-mxmag-NK_09806.jpg\" data-rel=\"rgg\" rel=\"rgg\" title=\"\" class=\"rgg-disabled size-medium rgg-img\" data-src=\"https:\/\/fr.motocrossmag.be\/wp-content\/uploads\/2019\/11\/SX2-mxmag-NK_09806-650x433.jpg\" data-ratio=\"1.5011547344111\" data-height=\"433\" data-width=\"650\" aria-label=\"\">\n                            <\/a>\n                    <a data-rel=\"iLightbox[postimages]\" data-title=\"SX2 &#8211; mxmag -NK_09850\" data-caption=\"\" href=\"https:\/\/fr.motocrossmag.be\/wp-content\/uploads\/2019\/11\/SX2-mxmag-NK_09850.jpg\" data-rel=\"rgg\" rel=\"rgg\" title=\"\" class=\"rgg-disabled size-medium rgg-img\" data-src=\"https:\/\/fr.motocrossmag.be\/wp-content\/uploads\/2019\/11\/SX2-mxmag-NK_09850-650x433.jpg\" data-ratio=\"1.5011547344111\" data-height=\"433\" data-width=\"650\" aria-label=\"\">\n                            <\/a>\n                    <a data-rel=\"iLightbox[postimages]\" data-title=\"SX2 &#8211; mxmag -NK_09938\" data-caption=\"\" href=\"https:\/\/fr.motocrossmag.be\/wp-content\/uploads\/2019\/11\/SX2-mxmag-NK_09938.jpg\" data-rel=\"rgg\" rel=\"rgg\" title=\"\" class=\"rgg-disabled size-medium rgg-img\" data-src=\"https:\/\/fr.motocrossmag.be\/wp-content\/uploads\/2019\/11\/SX2-mxmag-NK_09938-650x433.jpg\" data-ratio=\"1.5011547344111\" data-height=\"433\" data-width=\"650\" aria-label=\"\">\n                            <\/a>\n            <\/div>\n<\/div>\n<div id=\"ConnectiveDocSignExtentionInstalled\" data-extension-version=\"1.0.4\"><\/div>\n","protected":false},"excerpt":{"rendered":"<p>Retour en images sur la 9\u00e8me \u00e9dition du Dutch Supercross organis\u00e9 sous l&rsquo;\u00e9gide de la KNMV \u00e0 Zuidbroek le week-end dernier. Un \u00e9v\u00e9nement qui gagne ann\u00e9e apr\u00e8s ann\u00e9e ses lettres [&#8230;]<\/p>\n","protected":false},"author":932,"featured_media":98277,"comment_status":"open","ping_status":"closed","sticky":false,"template":"","format":"standard","meta":{"footnotes":""},"categories":[54,4,5,55,66,65],"tags":[116],"class_list":["post-98273","post","type-post","status-publish","format-standard","has-post-thumbnail","hentry","category-actualite","category-motocross","category-news","category-news-actualite","category-photos","category-slideshow","tag-supercross"],"yoast_head":"<!-- This site is optimized with the Yoast SEO plugin v27.4 - https:\/\/yoast.com\/product\/yoast-seo-wordpress\/ -->\n<title>Photos : Dutch Supercross \u00e0 Zuidbroek - Motocross - Enduro - Supermoto | MotocrossMag<\/title>\n<meta name=\"robots\" content=\"index, follow, max-snippet:-1, max-image-preview:large, max-video-preview:-1\" \/>\n<link rel=\"canonical\" href=\"https:\/\/fr.motocrossmag.be\/index.php\/2019\/11\/photos-dutch-supercross-a-zuidbroek\/\" \/>\n<meta property=\"og:locale\" content=\"fr_FR\" \/>\n<meta property=\"og:type\" content=\"article\" \/>\n<meta property=\"og:title\" content=\"Photos : Dutch Supercross \u00e0 Zuidbroek - Motocross - Enduro - Supermoto | MotocrossMag\" \/>\n<meta property=\"og:description\" content=\"Retour en images sur la 9\u00e8me \u00e9dition du Dutch Supercross organis\u00e9 sous l&rsquo;\u00e9gide de la KNMV \u00e0 Zuidbroek le week-end dernier. Un \u00e9v\u00e9nement qui gagne ann\u00e9e apr\u00e8s ann\u00e9e ses lettres [...]\" \/>\n<meta property=\"og:url\" content=\"https:\/\/fr.motocrossmag.be\/index.php\/2019\/11\/photos-dutch-supercross-a-zuidbroek\/\" \/>\n<meta property=\"og:site_name\" content=\"Motocross - Enduro - Supermoto | MotocrossMag\" \/>\n<meta property=\"article:published_time\" content=\"2019-11-05T09:06:59+00:00\" \/>\n<meta property=\"article:modified_time\" content=\"2019-11-05T11:12:23+00:00\" \/>\n<meta property=\"og:image\" content=\"https:\/\/fr.motocrossmag.be\/wp-content\/uploads\/2019\/11\/96-mxmag-NK_09349-1.jpg\" \/>\n\t<meta property=\"og:image:width\" content=\"1000\" \/>\n\t<meta property=\"og:image:height\" content=\"666\" \/>\n\t<meta property=\"og:image:type\" content=\"image\/jpeg\" \/>\n<meta name=\"author\" content=\"oliviere\" \/>\n<meta name=\"twitter:card\" content=\"summary_large_image\" \/>\n<meta name=\"twitter:label1\" content=\"\u00c9crit par\" \/>\n\t<meta name=\"twitter:data1\" content=\"oliviere\" \/>\n<script type=\"application\/ld+json\" class=\"yoast-schema-graph\">{\"@context\":\"https:\\\/\\\/schema.org\",\"@graph\":[{\"@type\":\"Article\",\"@id\":\"https:\\\/\\\/fr.motocrossmag.be\\\/index.php\\\/2019\\\/11\\\/photos-dutch-supercross-a-zuidbroek\\\/#article\",\"isPartOf\":{\"@id\":\"https:\\\/\\\/fr.motocrossmag.be\\\/index.php\\\/2019\\\/11\\\/photos-dutch-supercross-a-zuidbroek\\\/\"},\"author\":{\"name\":\"oliviere\",\"@id\":\"https:\\\/\\\/fr.motocrossmag.be\\\/#\\\/schema\\\/person\\\/11b47143d9f755babca2c9110e03235c\"},\"headline\":\"Photos : Dutch Supercross \u00e0 Zuidbroek\",\"datePublished\":\"2019-11-05T09:06:59+00:00\",\"dateModified\":\"2019-11-05T11:12:23+00:00\",\"mainEntityOfPage\":{\"@id\":\"https:\\\/\\\/fr.motocrossmag.be\\\/index.php\\\/2019\\\/11\\\/photos-dutch-supercross-a-zuidbroek\\\/\"},\"wordCount\":52,\"commentCount\":0,\"image\":{\"@id\":\"https:\\\/\\\/fr.motocrossmag.be\\\/index.php\\\/2019\\\/11\\\/photos-dutch-supercross-a-zuidbroek\\\/#primaryimage\"},\"thumbnailUrl\":\"https:\\\/\\\/fr.motocrossmag.be\\\/wp-content\\\/uploads\\\/2019\\\/11\\\/96-mxmag-NK_09349-1.jpg\",\"keywords\":[\"Supercross\"],\"articleSection\":[\"Actualit\u00e9\",\"Motocross\",\"News\",\"News\",\"Photos\",\"Slideshow\"],\"inLanguage\":\"fr-FR\",\"potentialAction\":[{\"@type\":\"CommentAction\",\"name\":\"Comment\",\"target\":[\"https:\\\/\\\/fr.motocrossmag.be\\\/index.php\\\/2019\\\/11\\\/photos-dutch-supercross-a-zuidbroek\\\/#respond\"]}]},{\"@type\":\"WebPage\",\"@id\":\"https:\\\/\\\/fr.motocrossmag.be\\\/index.php\\\/2019\\\/11\\\/photos-dutch-supercross-a-zuidbroek\\\/\",\"url\":\"https:\\\/\\\/fr.motocrossmag.be\\\/index.php\\\/2019\\\/11\\\/photos-dutch-supercross-a-zuidbroek\\\/\",\"name\":\"Photos : Dutch Supercross \u00e0 Zuidbroek - Motocross - Enduro - Supermoto | MotocrossMag\",\"isPartOf\":{\"@id\":\"https:\\\/\\\/fr.motocrossmag.be\\\/#website\"},\"primaryImageOfPage\":{\"@id\":\"https:\\\/\\\/fr.motocrossmag.be\\\/index.php\\\/2019\\\/11\\\/photos-dutch-supercross-a-zuidbroek\\\/#primaryimage\"},\"image\":{\"@id\":\"https:\\\/\\\/fr.motocrossmag.be\\\/index.php\\\/2019\\\/11\\\/photos-dutch-supercross-a-zuidbroek\\\/#primaryimage\"},\"thumbnailUrl\":\"https:\\\/\\\/fr.motocrossmag.be\\\/wp-content\\\/uploads\\\/2019\\\/11\\\/96-mxmag-NK_09349-1.jpg\",\"datePublished\":\"2019-11-05T09:06:59+00:00\",\"dateModified\":\"2019-11-05T11:12:23+00:00\",\"author\":{\"@id\":\"https:\\\/\\\/fr.motocrossmag.be\\\/#\\\/schema\\\/person\\\/11b47143d9f755babca2c9110e03235c\"},\"breadcrumb\":{\"@id\":\"https:\\\/\\\/fr.motocrossmag.be\\\/index.php\\\/2019\\\/11\\\/photos-dutch-supercross-a-zuidbroek\\\/#breadcrumb\"},\"inLanguage\":\"fr-FR\",\"potentialAction\":[{\"@type\":\"ReadAction\",\"target\":[\"https:\\\/\\\/fr.motocrossmag.be\\\/index.php\\\/2019\\\/11\\\/photos-dutch-supercross-a-zuidbroek\\\/\"]}]},{\"@type\":\"ImageObject\",\"inLanguage\":\"fr-FR\",\"@id\":\"https:\\\/\\\/fr.motocrossmag.be\\\/index.php\\\/2019\\\/11\\\/photos-dutch-supercross-a-zuidbroek\\\/#primaryimage\",\"url\":\"https:\\\/\\\/fr.motocrossmag.be\\\/wp-content\\\/uploads\\\/2019\\\/11\\\/96-mxmag-NK_09349-1.jpg\",\"contentUrl\":\"https:\\\/\\\/fr.motocrossmag.be\\\/wp-content\\\/uploads\\\/2019\\\/11\\\/96-mxmag-NK_09349-1.jpg\",\"width\":1000,\"height\":666},{\"@type\":\"BreadcrumbList\",\"@id\":\"https:\\\/\\\/fr.motocrossmag.be\\\/index.php\\\/2019\\\/11\\\/photos-dutch-supercross-a-zuidbroek\\\/#breadcrumb\",\"itemListElement\":[{\"@type\":\"ListItem\",\"position\":1,\"name\":\"Accueil\",\"item\":\"https:\\\/\\\/fr.motocrossmag.be\\\/\"},{\"@type\":\"ListItem\",\"position\":2,\"name\":\"Photos : Dutch Supercross \u00e0 Zuidbroek\"}]},{\"@type\":\"WebSite\",\"@id\":\"https:\\\/\\\/fr.motocrossmag.be\\\/#website\",\"url\":\"https:\\\/\\\/fr.motocrossmag.be\\\/\",\"name\":\"Motocross - Enduro - Supermoto | MotocrossMag\",\"description\":\"L&#039;actualit\u00e9 du motocross, de l&#039;enduro et du Supermoto en ligne!\",\"potentialAction\":[{\"@type\":\"SearchAction\",\"target\":{\"@type\":\"EntryPoint\",\"urlTemplate\":\"https:\\\/\\\/fr.motocrossmag.be\\\/?s={search_term_string}\"},\"query-input\":{\"@type\":\"PropertyValueSpecification\",\"valueRequired\":true,\"valueName\":\"search_term_string\"}}],\"inLanguage\":\"fr-FR\"},{\"@type\":\"Person\",\"@id\":\"https:\\\/\\\/fr.motocrossmag.be\\\/#\\\/schema\\\/person\\\/11b47143d9f755babca2c9110e03235c\",\"name\":\"oliviere\",\"image\":{\"@type\":\"ImageObject\",\"inLanguage\":\"fr-FR\",\"@id\":\"https:\\\/\\\/secure.gravatar.com\\\/avatar\\\/907069e0b81d119452040469e4a7501da1100f54f7f80180ce77bfab718288f6?s=96&d=mm&r=g\",\"url\":\"https:\\\/\\\/secure.gravatar.com\\\/avatar\\\/907069e0b81d119452040469e4a7501da1100f54f7f80180ce77bfab718288f6?s=96&d=mm&r=g\",\"contentUrl\":\"https:\\\/\\\/secure.gravatar.com\\\/avatar\\\/907069e0b81d119452040469e4a7501da1100f54f7f80180ce77bfab718288f6?s=96&d=mm&r=g\",\"caption\":\"oliviere\"},\"sameAs\":[\"http:\\\/\\\/www.motocrossmag.be\"],\"url\":\"https:\\\/\\\/fr.motocrossmag.be\\\/index.php\\\/author\\\/oliviere\\\/\"}]}<\/script>\n<!-- \/ Yoast SEO plugin. -->","yoast_head_json":{"title":"Photos : Dutch Supercross \u00e0 Zuidbroek - Motocross - Enduro - Supermoto | MotocrossMag","robots":{"index":"index","follow":"follow","max-snippet":"max-snippet:-1","max-image-preview":"max-image-preview:large","max-video-preview":"max-video-preview:-1"},"canonical":"https:\/\/fr.motocrossmag.be\/index.php\/2019\/11\/photos-dutch-supercross-a-zuidbroek\/","og_locale":"fr_FR","og_type":"article","og_title":"Photos : Dutch Supercross \u00e0 Zuidbroek - Motocross - Enduro - Supermoto | MotocrossMag","og_description":"Retour en images sur la 9\u00e8me \u00e9dition du Dutch Supercross organis\u00e9 sous l&rsquo;\u00e9gide de la KNMV \u00e0 Zuidbroek le week-end dernier. Un \u00e9v\u00e9nement qui gagne ann\u00e9e apr\u00e8s ann\u00e9e ses lettres [...]","og_url":"https:\/\/fr.motocrossmag.be\/index.php\/2019\/11\/photos-dutch-supercross-a-zuidbroek\/","og_site_name":"Motocross - Enduro - Supermoto | MotocrossMag","article_published_time":"2019-11-05T09:06:59+00:00","article_modified_time":"2019-11-05T11:12:23+00:00","og_image":[{"width":1000,"height":666,"url":"https:\/\/fr.motocrossmag.be\/wp-content\/uploads\/2019\/11\/96-mxmag-NK_09349-1.jpg","type":"image\/jpeg"}],"author":"oliviere","twitter_card":"summary_large_image","twitter_misc":{"\u00c9crit par":"oliviere"},"schema":{"@context":"https:\/\/schema.org","@graph":[{"@type":"Article","@id":"https:\/\/fr.motocrossmag.be\/index.php\/2019\/11\/photos-dutch-supercross-a-zuidbroek\/#article","isPartOf":{"@id":"https:\/\/fr.motocrossmag.be\/index.php\/2019\/11\/photos-dutch-supercross-a-zuidbroek\/"},"author":{"name":"oliviere","@id":"https:\/\/fr.motocrossmag.be\/#\/schema\/person\/11b47143d9f755babca2c9110e03235c"},"headline":"Photos : Dutch Supercross \u00e0 Zuidbroek","datePublished":"2019-11-05T09:06:59+00:00","dateModified":"2019-11-05T11:12:23+00:00","mainEntityOfPage":{"@id":"https:\/\/fr.motocrossmag.be\/index.php\/2019\/11\/photos-dutch-supercross-a-zuidbroek\/"},"wordCount":52,"commentCount":0,"image":{"@id":"https:\/\/fr.motocrossmag.be\/index.php\/2019\/11\/photos-dutch-supercross-a-zuidbroek\/#primaryimage"},"thumbnailUrl":"https:\/\/fr.motocrossmag.be\/wp-content\/uploads\/2019\/11\/96-mxmag-NK_09349-1.jpg","keywords":["Supercross"],"articleSection":["Actualit\u00e9","Motocross","News","News","Photos","Slideshow"],"inLanguage":"fr-FR","potentialAction":[{"@type":"CommentAction","name":"Comment","target":["https:\/\/fr.motocrossmag.be\/index.php\/2019\/11\/photos-dutch-supercross-a-zuidbroek\/#respond"]}]},{"@type":"WebPage","@id":"https:\/\/fr.motocrossmag.be\/index.php\/2019\/11\/photos-dutch-supercross-a-zuidbroek\/","url":"https:\/\/fr.motocrossmag.be\/index.php\/2019\/11\/photos-dutch-supercross-a-zuidbroek\/","name":"Photos : Dutch Supercross \u00e0 Zuidbroek - Motocross - Enduro - Supermoto | MotocrossMag","isPartOf":{"@id":"https:\/\/fr.motocrossmag.be\/#website"},"primaryImageOfPage":{"@id":"https:\/\/fr.motocrossmag.be\/index.php\/2019\/11\/photos-dutch-supercross-a-zuidbroek\/#primaryimage"},"image":{"@id":"https:\/\/fr.motocrossmag.be\/index.php\/2019\/11\/photos-dutch-supercross-a-zuidbroek\/#primaryimage"},"thumbnailUrl":"https:\/\/fr.motocrossmag.be\/wp-content\/uploads\/2019\/11\/96-mxmag-NK_09349-1.jpg","datePublished":"2019-11-05T09:06:59+00:00","dateModified":"2019-11-05T11:12:23+00:00","author":{"@id":"https:\/\/fr.motocrossmag.be\/#\/schema\/person\/11b47143d9f755babca2c9110e03235c"},"breadcrumb":{"@id":"https:\/\/fr.motocrossmag.be\/index.php\/2019\/11\/photos-dutch-supercross-a-zuidbroek\/#breadcrumb"},"inLanguage":"fr-FR","potentialAction":[{"@type":"ReadAction","target":["https:\/\/fr.motocrossmag.be\/index.php\/2019\/11\/photos-dutch-supercross-a-zuidbroek\/"]}]},{"@type":"ImageObject","inLanguage":"fr-FR","@id":"https:\/\/fr.motocrossmag.be\/index.php\/2019\/11\/photos-dutch-supercross-a-zuidbroek\/#primaryimage","url":"https:\/\/fr.motocrossmag.be\/wp-content\/uploads\/2019\/11\/96-mxmag-NK_09349-1.jpg","contentUrl":"https:\/\/fr.motocrossmag.be\/wp-content\/uploads\/2019\/11\/96-mxmag-NK_09349-1.jpg","width":1000,"height":666},{"@type":"BreadcrumbList","@id":"https:\/\/fr.motocrossmag.be\/index.php\/2019\/11\/photos-dutch-supercross-a-zuidbroek\/#breadcrumb","itemListElement":[{"@type":"ListItem","position":1,"name":"Accueil","item":"https:\/\/fr.motocrossmag.be\/"},{"@type":"ListItem","position":2,"name":"Photos : Dutch Supercross \u00e0 Zuidbroek"}]},{"@type":"WebSite","@id":"https:\/\/fr.motocrossmag.be\/#website","url":"https:\/\/fr.motocrossmag.be\/","name":"Motocross - Enduro - Supermoto | MotocrossMag","description":"L&#039;actualit\u00e9 du motocross, de l&#039;enduro et du Supermoto en ligne!","potentialAction":[{"@type":"SearchAction","target":{"@type":"EntryPoint","urlTemplate":"https:\/\/fr.motocrossmag.be\/?s={search_term_string}"},"query-input":{"@type":"PropertyValueSpecification","valueRequired":true,"valueName":"search_term_string"}}],"inLanguage":"fr-FR"},{"@type":"Person","@id":"https:\/\/fr.motocrossmag.be\/#\/schema\/person\/11b47143d9f755babca2c9110e03235c","name":"oliviere","image":{"@type":"ImageObject","inLanguage":"fr-FR","@id":"https:\/\/secure.gravatar.com\/avatar\/907069e0b81d119452040469e4a7501da1100f54f7f80180ce77bfab718288f6?s=96&d=mm&r=g","url":"https:\/\/secure.gravatar.com\/avatar\/907069e0b81d119452040469e4a7501da1100f54f7f80180ce77bfab718288f6?s=96&d=mm&r=g","contentUrl":"https:\/\/secure.gravatar.com\/avatar\/907069e0b81d119452040469e4a7501da1100f54f7f80180ce77bfab718288f6?s=96&d=mm&r=g","caption":"oliviere"},"sameAs":["http:\/\/www.motocrossmag.be"],"url":"https:\/\/fr.motocrossmag.be\/index.php\/author\/oliviere\/"}]}},"_links":{"self":[{"href":"https:\/\/fr.motocrossmag.be\/index.php\/wp-json\/wp\/v2\/posts\/98273","targetHints":{"allow":["GET"]}}],"collection":[{"href":"https:\/\/fr.motocrossmag.be\/index.php\/wp-json\/wp\/v2\/posts"}],"about":[{"href":"https:\/\/fr.motocrossmag.be\/index.php\/wp-json\/wp\/v2\/types\/post"}],"author":[{"embeddable":true,"href":"https:\/\/fr.motocrossmag.be\/index.php\/wp-json\/wp\/v2\/users\/932"}],"replies":[{"embeddable":true,"href":"https:\/\/fr.motocrossmag.be\/index.php\/wp-json\/wp\/v2\/comments?post=98273"}],"version-history":[{"count":0,"href":"https:\/\/fr.motocrossmag.be\/index.php\/wp-json\/wp\/v2\/posts\/98273\/revisions"}],"wp:featuredmedia":[{"embeddable":true,"href":"https:\/\/fr.motocrossmag.be\/index.php\/wp-json\/wp\/v2\/media\/98277"}],"wp:attachment":[{"href":"https:\/\/fr.motocrossmag.be\/index.php\/wp-json\/wp\/v2\/media?parent=98273"}],"wp:term":[{"taxonomy":"category","embeddable":true,"href":"https:\/\/fr.motocrossmag.be\/index.php\/wp-json\/wp\/v2\/categories?post=98273"},{"taxonomy":"post_tag","embeddable":true,"href":"https:\/\/fr.motocrossmag.be\/index.php\/wp-json\/wp\/v2\/tags?post=98273"}],"curies":[{"name":"wp","href":"https:\/\/api.w.org\/{rel}","templated":true}]}}