{"id":98320,"date":"2019-11-05T10:10:25","date_gmt":"2019-11-05T09:10:25","guid":{"rendered":"https:\/\/fr.motocrossmag.be\/?p=98320"},"modified":"2019-11-05T10:10:49","modified_gmt":"2019-11-05T09:10:49","slug":"zachary-pichon-bientot-fixe-sur-son-avenir","status":"publish","type":"post","link":"https:\/\/fr.motocrossmag.be\/index.php\/2019\/11\/zachary-pichon-bientot-fixe-sur-son-avenir\/","title":{"rendered":"Zachary Pichon bient\u00f4t fix\u00e9 sur son avenir"},"content":{"rendered":"<p><strong>On sait depuis la fin de la saison et sa participation au GP de France Zachary Pichon tent\u00e9 par l&rsquo;enduro. Zach et son p\u00e8re Micha\u00ebl aiment la discipline et se verraient bien r\u00e9orienter la carri\u00e8re de Zach vers le championnat du monde EnduroGP. Le Fran\u00e7ais devrait \u00eatre fix\u00e9 sur son avenir avant la fin du mois.<\/strong><\/p>\n<p>Depuis sa sortie sur le GP de France d&rsquo;enduro, Zach Pichon a beaucoup r\u00e9fl\u00e9chi sur l&rsquo;orientation \u00e0 donner \u00e0 la suite de sa carri\u00e8re sportive. Lui et son p\u00e8re ont multipli\u00e9 les contacts sans fermer aucune porte. \u00ab\u00a0On n&rsquo;envisage pas de payer pour rouler dans un team en GP de motocross\u00a0\u00bb, pr\u00e9cise toutefois l&rsquo;ancien champion du monde. \u00ab\u00a0Nous avons deux pistes pour poursuivre en motocross mais ce serait alors vraisemblablement pour un programme fran\u00e7ais, voire europ\u00e9en.\u00a0\u00bb <\/p>\n<p>En parall\u00e8le, la piste de l&rsquo;enduro est elle aussi tr\u00e8s s\u00e9rieuse. \u00ab\u00a0Nous avons deux options pour le moment. La discipline nous tente\u00a0\u00bb, poursuit Micka\u00ebl. \u00ab\u00a0On attend d&rsquo;un jour \u00e0 l&rsquo;autre une proposition concr\u00e8te pour disputer le mondial EnduroGP en Juniors. Quoi qu&rsquo;il arrive, on devrait prendre une d\u00e9cision avant la fin de ce mois.\u00a0\u00bb<\/p>\n","protected":false},"excerpt":{"rendered":"<p>On sait depuis la fin de la saison et sa participation au GP de France Zachary Pichon tent\u00e9 par l&rsquo;enduro. Zach et son p\u00e8re Micha\u00ebl aiment la discipline et se [&#8230;]<\/p>\n","protected":false},"author":932,"featured_media":82968,"comment_status":"open","ping_status":"closed","sticky":false,"template":"","format":"standard","meta":{"footnotes":""},"categories":[54,128,32,4,6,5,33,55,65],"tags":[951,947],"class_list":["post-98320","post","type-post","status-publish","format-standard","has-post-thumbnail","hentry","category-actualite","category-emx-125-emx2","category-enduro","category-motocross","category-mx1mx2","category-news","category-news-enduro","category-news-actualite","category-slideshow","tag-enduro","tag-motocross"],"yoast_head":"<!-- This site is optimized with the Yoast SEO plugin v27.4 - https:\/\/yoast.com\/product\/yoast-seo-wordpress\/ -->\n<title>Zachary Pichon bient\u00f4t fix\u00e9 sur son avenir - Motocross - Enduro - Supermoto | MotocrossMag<\/title>\n<meta name=\"robots\" content=\"index, follow, max-snippet:-1, max-image-preview:large, max-video-preview:-1\" \/>\n<link rel=\"canonical\" href=\"https:\/\/fr.motocrossmag.be\/index.php\/2019\/11\/zachary-pichon-bientot-fixe-sur-son-avenir\/\" \/>\n<meta property=\"og:locale\" content=\"fr_FR\" \/>\n<meta property=\"og:type\" content=\"article\" \/>\n<meta property=\"og:title\" content=\"Zachary Pichon bient\u00f4t fix\u00e9 sur son avenir - Motocross - Enduro - Supermoto | MotocrossMag\" \/>\n<meta property=\"og:description\" content=\"On sait depuis la fin de la saison et sa participation au GP de France Zachary Pichon tent\u00e9 par l&rsquo;enduro. Zach et son p\u00e8re Micha\u00ebl aiment la discipline et se [...]\" \/>\n<meta property=\"og:url\" content=\"https:\/\/fr.motocrossmag.be\/index.php\/2019\/11\/zachary-pichon-bientot-fixe-sur-son-avenir\/\" \/>\n<meta property=\"og:site_name\" content=\"Motocross - Enduro - Supermoto | MotocrossMag\" \/>\n<meta property=\"article:published_time\" content=\"2019-11-05T09:10:25+00:00\" \/>\n<meta property=\"article:modified_time\" content=\"2019-11-05T09:10:49+00:00\" \/>\n<meta property=\"og:image\" content=\"https:\/\/fr.motocrossmag.be\/wp-content\/uploads\/2019\/01\/zach-pichon-honda-114.jpeg\" \/>\n\t<meta property=\"og:image:width\" content=\"1024\" \/>\n\t<meta property=\"og:image:height\" content=\"730\" \/>\n\t<meta property=\"og:image:type\" content=\"image\/jpeg\" \/>\n<meta name=\"author\" content=\"oliviere\" \/>\n<meta name=\"twitter:card\" content=\"summary_large_image\" \/>\n<meta name=\"twitter:label1\" content=\"\u00c9crit par\" \/>\n\t<meta name=\"twitter:data1\" content=\"oliviere\" \/>\n\t<meta name=\"twitter:label2\" content=\"Dur\u00e9e de lecture estim\u00e9e\" \/>\n\t<meta name=\"twitter:data2\" content=\"1 minute\" \/>\n<script type=\"application\/ld+json\" class=\"yoast-schema-graph\">{\"@context\":\"https:\\\/\\\/schema.org\",\"@graph\":[{\"@type\":\"Article\",\"@id\":\"https:\\\/\\\/fr.motocrossmag.be\\\/index.php\\\/2019\\\/11\\\/zachary-pichon-bientot-fixe-sur-son-avenir\\\/#article\",\"isPartOf\":{\"@id\":\"https:\\\/\\\/fr.motocrossmag.be\\\/index.php\\\/2019\\\/11\\\/zachary-pichon-bientot-fixe-sur-son-avenir\\\/\"},\"author\":{\"name\":\"oliviere\",\"@id\":\"https:\\\/\\\/fr.motocrossmag.be\\\/#\\\/schema\\\/person\\\/11b47143d9f755babca2c9110e03235c\"},\"headline\":\"Zachary Pichon bient\u00f4t fix\u00e9 sur son avenir\",\"datePublished\":\"2019-11-05T09:10:25+00:00\",\"dateModified\":\"2019-11-05T09:10:49+00:00\",\"mainEntityOfPage\":{\"@id\":\"https:\\\/\\\/fr.motocrossmag.be\\\/index.php\\\/2019\\\/11\\\/zachary-pichon-bientot-fixe-sur-son-avenir\\\/\"},\"wordCount\":218,\"commentCount\":0,\"image\":{\"@id\":\"https:\\\/\\\/fr.motocrossmag.be\\\/index.php\\\/2019\\\/11\\\/zachary-pichon-bientot-fixe-sur-son-avenir\\\/#primaryimage\"},\"thumbnailUrl\":\"https:\\\/\\\/fr.motocrossmag.be\\\/wp-content\\\/uploads\\\/2019\\\/01\\\/zach-pichon-honda-114.jpeg\",\"keywords\":[\"Enduro\",\"Motocross\"],\"articleSection\":[\"Actualit\u00e9\",\"EMX\",\"Enduro\",\"Motocross\",\"Motocross MXGP\",\"News\",\"News\",\"News\",\"Slideshow\"],\"inLanguage\":\"fr-FR\",\"potentialAction\":[{\"@type\":\"CommentAction\",\"name\":\"Comment\",\"target\":[\"https:\\\/\\\/fr.motocrossmag.be\\\/index.php\\\/2019\\\/11\\\/zachary-pichon-bientot-fixe-sur-son-avenir\\\/#respond\"]}]},{\"@type\":\"WebPage\",\"@id\":\"https:\\\/\\\/fr.motocrossmag.be\\\/index.php\\\/2019\\\/11\\\/zachary-pichon-bientot-fixe-sur-son-avenir\\\/\",\"url\":\"https:\\\/\\\/fr.motocrossmag.be\\\/index.php\\\/2019\\\/11\\\/zachary-pichon-bientot-fixe-sur-son-avenir\\\/\",\"name\":\"Zachary Pichon bient\u00f4t fix\u00e9 sur son avenir - Motocross - Enduro - Supermoto | MotocrossMag\",\"isPartOf\":{\"@id\":\"https:\\\/\\\/fr.motocrossmag.be\\\/#website\"},\"primaryImageOfPage\":{\"@id\":\"https:\\\/\\\/fr.motocrossmag.be\\\/index.php\\\/2019\\\/11\\\/zachary-pichon-bientot-fixe-sur-son-avenir\\\/#primaryimage\"},\"image\":{\"@id\":\"https:\\\/\\\/fr.motocrossmag.be\\\/index.php\\\/2019\\\/11\\\/zachary-pichon-bientot-fixe-sur-son-avenir\\\/#primaryimage\"},\"thumbnailUrl\":\"https:\\\/\\\/fr.motocrossmag.be\\\/wp-content\\\/uploads\\\/2019\\\/01\\\/zach-pichon-honda-114.jpeg\",\"datePublished\":\"2019-11-05T09:10:25+00:00\",\"dateModified\":\"2019-11-05T09:10:49+00:00\",\"author\":{\"@id\":\"https:\\\/\\\/fr.motocrossmag.be\\\/#\\\/schema\\\/person\\\/11b47143d9f755babca2c9110e03235c\"},\"breadcrumb\":{\"@id\":\"https:\\\/\\\/fr.motocrossmag.be\\\/index.php\\\/2019\\\/11\\\/zachary-pichon-bientot-fixe-sur-son-avenir\\\/#breadcrumb\"},\"inLanguage\":\"fr-FR\",\"potentialAction\":[{\"@type\":\"ReadAction\",\"target\":[\"https:\\\/\\\/fr.motocrossmag.be\\\/index.php\\\/2019\\\/11\\\/zachary-pichon-bientot-fixe-sur-son-avenir\\\/\"]}]},{\"@type\":\"ImageObject\",\"inLanguage\":\"fr-FR\",\"@id\":\"https:\\\/\\\/fr.motocrossmag.be\\\/index.php\\\/2019\\\/11\\\/zachary-pichon-bientot-fixe-sur-son-avenir\\\/#primaryimage\",\"url\":\"https:\\\/\\\/fr.motocrossmag.be\\\/wp-content\\\/uploads\\\/2019\\\/01\\\/zach-pichon-honda-114.jpeg\",\"contentUrl\":\"https:\\\/\\\/fr.motocrossmag.be\\\/wp-content\\\/uploads\\\/2019\\\/01\\\/zach-pichon-honda-114.jpeg\",\"width\":1024,\"height\":730},{\"@type\":\"BreadcrumbList\",\"@id\":\"https:\\\/\\\/fr.motocrossmag.be\\\/index.php\\\/2019\\\/11\\\/zachary-pichon-bientot-fixe-sur-son-avenir\\\/#breadcrumb\",\"itemListElement\":[{\"@type\":\"ListItem\",\"position\":1,\"name\":\"Accueil\",\"item\":\"https:\\\/\\\/fr.motocrossmag.be\\\/\"},{\"@type\":\"ListItem\",\"position\":2,\"name\":\"Zachary Pichon bient\u00f4t fix\u00e9 sur son avenir\"}]},{\"@type\":\"WebSite\",\"@id\":\"https:\\\/\\\/fr.motocrossmag.be\\\/#website\",\"url\":\"https:\\\/\\\/fr.motocrossmag.be\\\/\",\"name\":\"Motocross - Enduro - Supermoto | MotocrossMag\",\"description\":\"L&#039;actualit\u00e9 du motocross, de l&#039;enduro et du Supermoto en ligne!\",\"potentialAction\":[{\"@type\":\"SearchAction\",\"target\":{\"@type\":\"EntryPoint\",\"urlTemplate\":\"https:\\\/\\\/fr.motocrossmag.be\\\/?s={search_term_string}\"},\"query-input\":{\"@type\":\"PropertyValueSpecification\",\"valueRequired\":true,\"valueName\":\"search_term_string\"}}],\"inLanguage\":\"fr-FR\"},{\"@type\":\"Person\",\"@id\":\"https:\\\/\\\/fr.motocrossmag.be\\\/#\\\/schema\\\/person\\\/11b47143d9f755babca2c9110e03235c\",\"name\":\"oliviere\",\"image\":{\"@type\":\"ImageObject\",\"inLanguage\":\"fr-FR\",\"@id\":\"https:\\\/\\\/secure.gravatar.com\\\/avatar\\\/907069e0b81d119452040469e4a7501da1100f54f7f80180ce77bfab718288f6?s=96&d=mm&r=g\",\"url\":\"https:\\\/\\\/secure.gravatar.com\\\/avatar\\\/907069e0b81d119452040469e4a7501da1100f54f7f80180ce77bfab718288f6?s=96&d=mm&r=g\",\"contentUrl\":\"https:\\\/\\\/secure.gravatar.com\\\/avatar\\\/907069e0b81d119452040469e4a7501da1100f54f7f80180ce77bfab718288f6?s=96&d=mm&r=g\",\"caption\":\"oliviere\"},\"sameAs\":[\"http:\\\/\\\/www.motocrossmag.be\"],\"url\":\"https:\\\/\\\/fr.motocrossmag.be\\\/index.php\\\/author\\\/oliviere\\\/\"}]}<\/script>\n<!-- \/ Yoast SEO plugin. -->","yoast_head_json":{"title":"Zachary Pichon bient\u00f4t fix\u00e9 sur son avenir - Motocross - Enduro - Supermoto | MotocrossMag","robots":{"index":"index","follow":"follow","max-snippet":"max-snippet:-1","max-image-preview":"max-image-preview:large","max-video-preview":"max-video-preview:-1"},"canonical":"https:\/\/fr.motocrossmag.be\/index.php\/2019\/11\/zachary-pichon-bientot-fixe-sur-son-avenir\/","og_locale":"fr_FR","og_type":"article","og_title":"Zachary Pichon bient\u00f4t fix\u00e9 sur son avenir - Motocross - Enduro - Supermoto | MotocrossMag","og_description":"On sait depuis la fin de la saison et sa participation au GP de France Zachary Pichon tent\u00e9 par l&rsquo;enduro. Zach et son p\u00e8re Micha\u00ebl aiment la discipline et se [...]","og_url":"https:\/\/fr.motocrossmag.be\/index.php\/2019\/11\/zachary-pichon-bientot-fixe-sur-son-avenir\/","og_site_name":"Motocross - Enduro - Supermoto | MotocrossMag","article_published_time":"2019-11-05T09:10:25+00:00","article_modified_time":"2019-11-05T09:10:49+00:00","og_image":[{"width":1024,"height":730,"url":"https:\/\/fr.motocrossmag.be\/wp-content\/uploads\/2019\/01\/zach-pichon-honda-114.jpeg","type":"image\/jpeg"}],"author":"oliviere","twitter_card":"summary_large_image","twitter_misc":{"\u00c9crit par":"oliviere","Dur\u00e9e de lecture estim\u00e9e":"1 minute"},"schema":{"@context":"https:\/\/schema.org","@graph":[{"@type":"Article","@id":"https:\/\/fr.motocrossmag.be\/index.php\/2019\/11\/zachary-pichon-bientot-fixe-sur-son-avenir\/#article","isPartOf":{"@id":"https:\/\/fr.motocrossmag.be\/index.php\/2019\/11\/zachary-pichon-bientot-fixe-sur-son-avenir\/"},"author":{"name":"oliviere","@id":"https:\/\/fr.motocrossmag.be\/#\/schema\/person\/11b47143d9f755babca2c9110e03235c"},"headline":"Zachary Pichon bient\u00f4t fix\u00e9 sur son avenir","datePublished":"2019-11-05T09:10:25+00:00","dateModified":"2019-11-05T09:10:49+00:00","mainEntityOfPage":{"@id":"https:\/\/fr.motocrossmag.be\/index.php\/2019\/11\/zachary-pichon-bientot-fixe-sur-son-avenir\/"},"wordCount":218,"commentCount":0,"image":{"@id":"https:\/\/fr.motocrossmag.be\/index.php\/2019\/11\/zachary-pichon-bientot-fixe-sur-son-avenir\/#primaryimage"},"thumbnailUrl":"https:\/\/fr.motocrossmag.be\/wp-content\/uploads\/2019\/01\/zach-pichon-honda-114.jpeg","keywords":["Enduro","Motocross"],"articleSection":["Actualit\u00e9","EMX","Enduro","Motocross","Motocross MXGP","News","News","News","Slideshow"],"inLanguage":"fr-FR","potentialAction":[{"@type":"CommentAction","name":"Comment","target":["https:\/\/fr.motocrossmag.be\/index.php\/2019\/11\/zachary-pichon-bientot-fixe-sur-son-avenir\/#respond"]}]},{"@type":"WebPage","@id":"https:\/\/fr.motocrossmag.be\/index.php\/2019\/11\/zachary-pichon-bientot-fixe-sur-son-avenir\/","url":"https:\/\/fr.motocrossmag.be\/index.php\/2019\/11\/zachary-pichon-bientot-fixe-sur-son-avenir\/","name":"Zachary Pichon bient\u00f4t fix\u00e9 sur son avenir - Motocross - Enduro - Supermoto | MotocrossMag","isPartOf":{"@id":"https:\/\/fr.motocrossmag.be\/#website"},"primaryImageOfPage":{"@id":"https:\/\/fr.motocrossmag.be\/index.php\/2019\/11\/zachary-pichon-bientot-fixe-sur-son-avenir\/#primaryimage"},"image":{"@id":"https:\/\/fr.motocrossmag.be\/index.php\/2019\/11\/zachary-pichon-bientot-fixe-sur-son-avenir\/#primaryimage"},"thumbnailUrl":"https:\/\/fr.motocrossmag.be\/wp-content\/uploads\/2019\/01\/zach-pichon-honda-114.jpeg","datePublished":"2019-11-05T09:10:25+00:00","dateModified":"2019-11-05T09:10:49+00:00","author":{"@id":"https:\/\/fr.motocrossmag.be\/#\/schema\/person\/11b47143d9f755babca2c9110e03235c"},"breadcrumb":{"@id":"https:\/\/fr.motocrossmag.be\/index.php\/2019\/11\/zachary-pichon-bientot-fixe-sur-son-avenir\/#breadcrumb"},"inLanguage":"fr-FR","potentialAction":[{"@type":"ReadAction","target":["https:\/\/fr.motocrossmag.be\/index.php\/2019\/11\/zachary-pichon-bientot-fixe-sur-son-avenir\/"]}]},{"@type":"ImageObject","inLanguage":"fr-FR","@id":"https:\/\/fr.motocrossmag.be\/index.php\/2019\/11\/zachary-pichon-bientot-fixe-sur-son-avenir\/#primaryimage","url":"https:\/\/fr.motocrossmag.be\/wp-content\/uploads\/2019\/01\/zach-pichon-honda-114.jpeg","contentUrl":"https:\/\/fr.motocrossmag.be\/wp-content\/uploads\/2019\/01\/zach-pichon-honda-114.jpeg","width":1024,"height":730},{"@type":"BreadcrumbList","@id":"https:\/\/fr.motocrossmag.be\/index.php\/2019\/11\/zachary-pichon-bientot-fixe-sur-son-avenir\/#breadcrumb","itemListElement":[{"@type":"ListItem","position":1,"name":"Accueil","item":"https:\/\/fr.motocrossmag.be\/"},{"@type":"ListItem","position":2,"name":"Zachary Pichon bient\u00f4t fix\u00e9 sur son avenir"}]},{"@type":"WebSite","@id":"https:\/\/fr.motocrossmag.be\/#website","url":"https:\/\/fr.motocrossmag.be\/","name":"Motocross - Enduro - Supermoto | MotocrossMag","description":"L&#039;actualit\u00e9 du motocross, de l&#039;enduro et du Supermoto en ligne!","potentialAction":[{"@type":"SearchAction","target":{"@type":"EntryPoint","urlTemplate":"https:\/\/fr.motocrossmag.be\/?s={search_term_string}"},"query-input":{"@type":"PropertyValueSpecification","valueRequired":true,"valueName":"search_term_string"}}],"inLanguage":"fr-FR"},{"@type":"Person","@id":"https:\/\/fr.motocrossmag.be\/#\/schema\/person\/11b47143d9f755babca2c9110e03235c","name":"oliviere","image":{"@type":"ImageObject","inLanguage":"fr-FR","@id":"https:\/\/secure.gravatar.com\/avatar\/907069e0b81d119452040469e4a7501da1100f54f7f80180ce77bfab718288f6?s=96&d=mm&r=g","url":"https:\/\/secure.gravatar.com\/avatar\/907069e0b81d119452040469e4a7501da1100f54f7f80180ce77bfab718288f6?s=96&d=mm&r=g","contentUrl":"https:\/\/secure.gravatar.com\/avatar\/907069e0b81d119452040469e4a7501da1100f54f7f80180ce77bfab718288f6?s=96&d=mm&r=g","caption":"oliviere"},"sameAs":["http:\/\/www.motocrossmag.be"],"url":"https:\/\/fr.motocrossmag.be\/index.php\/author\/oliviere\/"}]}},"_links":{"self":[{"href":"https:\/\/fr.motocrossmag.be\/index.php\/wp-json\/wp\/v2\/posts\/98320","targetHints":{"allow":["GET"]}}],"collection":[{"href":"https:\/\/fr.motocrossmag.be\/index.php\/wp-json\/wp\/v2\/posts"}],"about":[{"href":"https:\/\/fr.motocrossmag.be\/index.php\/wp-json\/wp\/v2\/types\/post"}],"author":[{"embeddable":true,"href":"https:\/\/fr.motocrossmag.be\/index.php\/wp-json\/wp\/v2\/users\/932"}],"replies":[{"embeddable":true,"href":"https:\/\/fr.motocrossmag.be\/index.php\/wp-json\/wp\/v2\/comments?post=98320"}],"version-history":[{"count":0,"href":"https:\/\/fr.motocrossmag.be\/index.php\/wp-json\/wp\/v2\/posts\/98320\/revisions"}],"wp:featuredmedia":[{"embeddable":true,"href":"https:\/\/fr.motocrossmag.be\/index.php\/wp-json\/wp\/v2\/media\/82968"}],"wp:attachment":[{"href":"https:\/\/fr.motocrossmag.be\/index.php\/wp-json\/wp\/v2\/media?parent=98320"}],"wp:term":[{"taxonomy":"category","embeddable":true,"href":"https:\/\/fr.motocrossmag.be\/index.php\/wp-json\/wp\/v2\/categories?post=98320"},{"taxonomy":"post_tag","embeddable":true,"href":"https:\/\/fr.motocrossmag.be\/index.php\/wp-json\/wp\/v2\/tags?post=98320"}],"curies":[{"name":"wp","href":"https:\/\/api.w.org\/{rel}","templated":true}]}}