{"id":98338,"date":"2019-11-07T00:12:21","date_gmt":"2019-11-06T23:12:21","guid":{"rendered":"https:\/\/fr.motocrossmag.be\/?p=98338"},"modified":"2019-11-07T12:49:57","modified_gmt":"2019-11-07T11:49:57","slug":"le-mx-master-kids-revient-en-belgique","status":"publish","type":"post","link":"https:\/\/fr.motocrossmag.be\/index.php\/2019\/11\/le-mx-master-kids-revient-en-belgique\/","title":{"rendered":"Le MX Master Kids revient en Belgique"},"content":{"rendered":"<p><strong>Le MX Master Kids avait quitt\u00e9 la Belgique en 2010. Il y reviendra en 2020. Apr\u00e8s avoir quitt\u00e9 Limes pour Commercy avant de rejoindre Verdun pour les 5 derni\u00e8res \u00e9ditions, la plus grande \u00e9preuve europ\u00e9enne r\u00e9serv\u00e9e aux kids traverse \u00e0 nouveau la fronti\u00e8re. <\/strong><\/p>\n<p>C&rsquo;est le circuit de Nismes, en province de Namur, qui recevra l&rsquo;\u00e9preuve organis\u00e9e par Michel Costich l&rsquo;\u00e9t\u00e9 prochain. Th\u00e9\u00e2tre de plusieurs GP dans les ann\u00e9es 90, dont le Motocross des Nations en 1997, le circuit de Nismes propose toutes les infrastructures n\u00e9cessaires pour accueillir une organisation de cette envergure. Les dates retenus pour le prochain MX Master Kids sont les 10, 11 et 12 juillet 2020. A vos agendas !<\/p>\n<blockquote><p>\u00ab\u00a0A Nismes, on a l&rsquo;exp\u00e9rience des grands \u00e9v\u00e9nements. Ensemble, nous pourrons faire encore progresser l&rsquo;organisation du MX Master Kids.\u00a0\u00bb<\/p><\/blockquote>\n<p>\u00ab\u00a0Depuis toujours, le MX Master Kids a \u00e9t\u00e9 habitu\u00e9 \u00e0 se d\u00e9placer afin de permettre \u00e0 ses participants de d\u00e9couvrir de nouvelles pistes\u00a0\u00bb, explique Michel Costich. \u00ab\u00a0Nous avons pass\u00e9 5 ann\u00e9es formidables \u00e0 Verdun mais le temps \u00e9tait venu de changer d&rsquo;air, d&rsquo;offrir quelque chose de nouveau pour cette \u00e9dition 2020. Nous avons trouv\u00e9 \u00e0 Nismes une piste et un site qui r\u00e9pond parfaitement au cahier des charges d&rsquo;une \u00e9preuve comme la n\u00f4tre. Nous avons aussi trouv\u00e9 en l&rsquo;\u00e9quipe de Claude Danis un team qui a l&rsquo;exp\u00e9rience des grands \u00e9v\u00e9nements. Je suis certain que nous allons apprendre beaucoup \u00e0 travailler ensemble et permettre ainsi \u00e0 l&rsquo;organisation du MX Master Kids de gagner encore en qualit\u00e9.\u00a0\u00bb<\/p>\n<p>\u00ab\u00a0L&rsquo;organisation se d\u00e9roulera sous l&rsquo;\u00e9gide de la FFM, la f\u00e9d\u00e9ration fran\u00e7aise\u00a0\u00bb, poursuit l&rsquo;organisateur. \u00ab\u00a0En vertu des conventions pass\u00e9es entre la FMB et la FFM, celle-ci peut obtenir l&rsquo;autorisation de la f\u00e9d\u00e9ration belge pour organiser sur son territoire. Ceci sera discut\u00e9 entre les deux f\u00e9d\u00e9rations et officialis\u00e9 en d\u00e9cembre. Je n&rsquo;oublie \u00e9videmment pas l&rsquo;AMPL qui a permis de relancer la machine \u00e0 Nismes. La porte leur est ouverte et certaines synergies avec la f\u00e9d\u00e9ration pourront certainement \u00eatre mises en place. L\u00e0 aussi, des discussions avec le comit\u00e9 directeur doivent avoir lieu.\u00a0\u00bb<\/p>\n<p>Ces deux derni\u00e8res ann\u00e9es, le motocross avait fait son retour apr\u00e8s plusieurs ann\u00e9es d&rsquo;asbence sur le circuit de Nismes avec l&rsquo;organisation d&rsquo;une \u00e9preuve AMPL.<\/p>\n<div id=\"ConnectiveDocSignExtentionInstalled\" data-extension-version=\"1.0.4\"><\/div>\n","protected":false},"excerpt":{"rendered":"<p>Le MX Master Kids avait quitt\u00e9 la Belgique en 2010. Il y reviendra en 2020. Apr\u00e8s avoir quitt\u00e9 Limes pour Commercy avant de rejoindre Verdun pour les 5 derni\u00e8res \u00e9ditions, [&#8230;]<\/p>\n","protected":false},"author":932,"featured_media":36249,"comment_status":"open","ping_status":"closed","sticky":false,"template":"","format":"standard","meta":{"footnotes":""},"categories":[54,44,4,5,45,55,65],"tags":[947],"class_list":["post-98338","post","type-post","status-publish","format-standard","has-post-thumbnail","hentry","category-actualite","category-kids","category-motocross","category-news","category-news-kids","category-news-actualite","category-slideshow","tag-motocross"],"yoast_head":"<!-- This site is optimized with the Yoast SEO plugin v27.4 - https:\/\/yoast.com\/product\/yoast-seo-wordpress\/ -->\n<title>Le MX Master Kids revient en Belgique - Motocross - Enduro - Supermoto | MotocrossMag<\/title>\n<meta name=\"robots\" content=\"index, follow, max-snippet:-1, max-image-preview:large, max-video-preview:-1\" \/>\n<link rel=\"canonical\" href=\"https:\/\/fr.motocrossmag.be\/index.php\/2019\/11\/le-mx-master-kids-revient-en-belgique\/\" \/>\n<meta property=\"og:locale\" content=\"fr_FR\" \/>\n<meta property=\"og:type\" content=\"article\" \/>\n<meta property=\"og:title\" content=\"Le MX Master Kids revient en Belgique - Motocross - Enduro - Supermoto | MotocrossMag\" \/>\n<meta property=\"og:description\" content=\"Le MX Master Kids avait quitt\u00e9 la Belgique en 2010. Il y reviendra en 2020. Apr\u00e8s avoir quitt\u00e9 Limes pour Commercy avant de rejoindre Verdun pour les 5 derni\u00e8res \u00e9ditions, [...]\" \/>\n<meta property=\"og:url\" content=\"https:\/\/fr.motocrossmag.be\/index.php\/2019\/11\/le-mx-master-kids-revient-en-belgique\/\" \/>\n<meta property=\"og:site_name\" content=\"Motocross - Enduro - Supermoto | MotocrossMag\" \/>\n<meta property=\"article:published_time\" content=\"2019-11-06T23:12:21+00:00\" \/>\n<meta property=\"article:modified_time\" content=\"2019-11-07T11:49:57+00:00\" \/>\n<meta property=\"og:image\" content=\"https:\/\/fr.motocrossmag.be\/wp-content\/uploads\/2015\/07\/mxmk-2015_IMG_3210-copie.jpg\" \/>\n\t<meta property=\"og:image:width\" content=\"900\" \/>\n\t<meta property=\"og:image:height\" content=\"600\" \/>\n\t<meta property=\"og:image:type\" content=\"image\/jpeg\" \/>\n<meta name=\"author\" content=\"oliviere\" \/>\n<meta name=\"twitter:card\" content=\"summary_large_image\" \/>\n<meta name=\"twitter:label1\" content=\"\u00c9crit par\" \/>\n\t<meta name=\"twitter:data1\" content=\"oliviere\" \/>\n\t<meta name=\"twitter:label2\" content=\"Dur\u00e9e de lecture estim\u00e9e\" \/>\n\t<meta name=\"twitter:data2\" content=\"2 minutes\" \/>\n<script type=\"application\/ld+json\" class=\"yoast-schema-graph\">{\"@context\":\"https:\\\/\\\/schema.org\",\"@graph\":[{\"@type\":\"Article\",\"@id\":\"https:\\\/\\\/fr.motocrossmag.be\\\/index.php\\\/2019\\\/11\\\/le-mx-master-kids-revient-en-belgique\\\/#article\",\"isPartOf\":{\"@id\":\"https:\\\/\\\/fr.motocrossmag.be\\\/index.php\\\/2019\\\/11\\\/le-mx-master-kids-revient-en-belgique\\\/\"},\"author\":{\"name\":\"oliviere\",\"@id\":\"https:\\\/\\\/fr.motocrossmag.be\\\/#\\\/schema\\\/person\\\/11b47143d9f755babca2c9110e03235c\"},\"headline\":\"Le MX Master Kids revient en Belgique\",\"datePublished\":\"2019-11-06T23:12:21+00:00\",\"dateModified\":\"2019-11-07T11:49:57+00:00\",\"mainEntityOfPage\":{\"@id\":\"https:\\\/\\\/fr.motocrossmag.be\\\/index.php\\\/2019\\\/11\\\/le-mx-master-kids-revient-en-belgique\\\/\"},\"wordCount\":403,\"commentCount\":0,\"image\":{\"@id\":\"https:\\\/\\\/fr.motocrossmag.be\\\/index.php\\\/2019\\\/11\\\/le-mx-master-kids-revient-en-belgique\\\/#primaryimage\"},\"thumbnailUrl\":\"https:\\\/\\\/fr.motocrossmag.be\\\/wp-content\\\/uploads\\\/2015\\\/07\\\/mxmk-2015_IMG_3210-copie.jpg\",\"keywords\":[\"Motocross\"],\"articleSection\":[\"Actualit\u00e9\",\"Kids\",\"Motocross\",\"News\",\"News\",\"News\",\"Slideshow\"],\"inLanguage\":\"fr-FR\",\"potentialAction\":[{\"@type\":\"CommentAction\",\"name\":\"Comment\",\"target\":[\"https:\\\/\\\/fr.motocrossmag.be\\\/index.php\\\/2019\\\/11\\\/le-mx-master-kids-revient-en-belgique\\\/#respond\"]}]},{\"@type\":\"WebPage\",\"@id\":\"https:\\\/\\\/fr.motocrossmag.be\\\/index.php\\\/2019\\\/11\\\/le-mx-master-kids-revient-en-belgique\\\/\",\"url\":\"https:\\\/\\\/fr.motocrossmag.be\\\/index.php\\\/2019\\\/11\\\/le-mx-master-kids-revient-en-belgique\\\/\",\"name\":\"Le MX Master Kids revient en Belgique - Motocross - Enduro - Supermoto | MotocrossMag\",\"isPartOf\":{\"@id\":\"https:\\\/\\\/fr.motocrossmag.be\\\/#website\"},\"primaryImageOfPage\":{\"@id\":\"https:\\\/\\\/fr.motocrossmag.be\\\/index.php\\\/2019\\\/11\\\/le-mx-master-kids-revient-en-belgique\\\/#primaryimage\"},\"image\":{\"@id\":\"https:\\\/\\\/fr.motocrossmag.be\\\/index.php\\\/2019\\\/11\\\/le-mx-master-kids-revient-en-belgique\\\/#primaryimage\"},\"thumbnailUrl\":\"https:\\\/\\\/fr.motocrossmag.be\\\/wp-content\\\/uploads\\\/2015\\\/07\\\/mxmk-2015_IMG_3210-copie.jpg\",\"datePublished\":\"2019-11-06T23:12:21+00:00\",\"dateModified\":\"2019-11-07T11:49:57+00:00\",\"author\":{\"@id\":\"https:\\\/\\\/fr.motocrossmag.be\\\/#\\\/schema\\\/person\\\/11b47143d9f755babca2c9110e03235c\"},\"breadcrumb\":{\"@id\":\"https:\\\/\\\/fr.motocrossmag.be\\\/index.php\\\/2019\\\/11\\\/le-mx-master-kids-revient-en-belgique\\\/#breadcrumb\"},\"inLanguage\":\"fr-FR\",\"potentialAction\":[{\"@type\":\"ReadAction\",\"target\":[\"https:\\\/\\\/fr.motocrossmag.be\\\/index.php\\\/2019\\\/11\\\/le-mx-master-kids-revient-en-belgique\\\/\"]}]},{\"@type\":\"ImageObject\",\"inLanguage\":\"fr-FR\",\"@id\":\"https:\\\/\\\/fr.motocrossmag.be\\\/index.php\\\/2019\\\/11\\\/le-mx-master-kids-revient-en-belgique\\\/#primaryimage\",\"url\":\"https:\\\/\\\/fr.motocrossmag.be\\\/wp-content\\\/uploads\\\/2015\\\/07\\\/mxmk-2015_IMG_3210-copie.jpg\",\"contentUrl\":\"https:\\\/\\\/fr.motocrossmag.be\\\/wp-content\\\/uploads\\\/2015\\\/07\\\/mxmk-2015_IMG_3210-copie.jpg\",\"width\":900,\"height\":600,\"caption\":\"MX Master Kids\"},{\"@type\":\"BreadcrumbList\",\"@id\":\"https:\\\/\\\/fr.motocrossmag.be\\\/index.php\\\/2019\\\/11\\\/le-mx-master-kids-revient-en-belgique\\\/#breadcrumb\",\"itemListElement\":[{\"@type\":\"ListItem\",\"position\":1,\"name\":\"Accueil\",\"item\":\"https:\\\/\\\/fr.motocrossmag.be\\\/\"},{\"@type\":\"ListItem\",\"position\":2,\"name\":\"Le MX Master Kids revient en Belgique\"}]},{\"@type\":\"WebSite\",\"@id\":\"https:\\\/\\\/fr.motocrossmag.be\\\/#website\",\"url\":\"https:\\\/\\\/fr.motocrossmag.be\\\/\",\"name\":\"Motocross - Enduro - Supermoto | MotocrossMag\",\"description\":\"L&#039;actualit\u00e9 du motocross, de l&#039;enduro et du Supermoto en ligne!\",\"potentialAction\":[{\"@type\":\"SearchAction\",\"target\":{\"@type\":\"EntryPoint\",\"urlTemplate\":\"https:\\\/\\\/fr.motocrossmag.be\\\/?s={search_term_string}\"},\"query-input\":{\"@type\":\"PropertyValueSpecification\",\"valueRequired\":true,\"valueName\":\"search_term_string\"}}],\"inLanguage\":\"fr-FR\"},{\"@type\":\"Person\",\"@id\":\"https:\\\/\\\/fr.motocrossmag.be\\\/#\\\/schema\\\/person\\\/11b47143d9f755babca2c9110e03235c\",\"name\":\"oliviere\",\"image\":{\"@type\":\"ImageObject\",\"inLanguage\":\"fr-FR\",\"@id\":\"https:\\\/\\\/secure.gravatar.com\\\/avatar\\\/907069e0b81d119452040469e4a7501da1100f54f7f80180ce77bfab718288f6?s=96&d=mm&r=g\",\"url\":\"https:\\\/\\\/secure.gravatar.com\\\/avatar\\\/907069e0b81d119452040469e4a7501da1100f54f7f80180ce77bfab718288f6?s=96&d=mm&r=g\",\"contentUrl\":\"https:\\\/\\\/secure.gravatar.com\\\/avatar\\\/907069e0b81d119452040469e4a7501da1100f54f7f80180ce77bfab718288f6?s=96&d=mm&r=g\",\"caption\":\"oliviere\"},\"sameAs\":[\"http:\\\/\\\/www.motocrossmag.be\"],\"url\":\"https:\\\/\\\/fr.motocrossmag.be\\\/index.php\\\/author\\\/oliviere\\\/\"}]}<\/script>\n<!-- \/ Yoast SEO plugin. -->","yoast_head_json":{"title":"Le MX Master Kids revient en Belgique - Motocross - Enduro - Supermoto | MotocrossMag","robots":{"index":"index","follow":"follow","max-snippet":"max-snippet:-1","max-image-preview":"max-image-preview:large","max-video-preview":"max-video-preview:-1"},"canonical":"https:\/\/fr.motocrossmag.be\/index.php\/2019\/11\/le-mx-master-kids-revient-en-belgique\/","og_locale":"fr_FR","og_type":"article","og_title":"Le MX Master Kids revient en Belgique - Motocross - Enduro - Supermoto | MotocrossMag","og_description":"Le MX Master Kids avait quitt\u00e9 la Belgique en 2010. Il y reviendra en 2020. Apr\u00e8s avoir quitt\u00e9 Limes pour Commercy avant de rejoindre Verdun pour les 5 derni\u00e8res \u00e9ditions, [...]","og_url":"https:\/\/fr.motocrossmag.be\/index.php\/2019\/11\/le-mx-master-kids-revient-en-belgique\/","og_site_name":"Motocross - Enduro - Supermoto | MotocrossMag","article_published_time":"2019-11-06T23:12:21+00:00","article_modified_time":"2019-11-07T11:49:57+00:00","og_image":[{"width":900,"height":600,"url":"https:\/\/fr.motocrossmag.be\/wp-content\/uploads\/2015\/07\/mxmk-2015_IMG_3210-copie.jpg","type":"image\/jpeg"}],"author":"oliviere","twitter_card":"summary_large_image","twitter_misc":{"\u00c9crit par":"oliviere","Dur\u00e9e de lecture estim\u00e9e":"2 minutes"},"schema":{"@context":"https:\/\/schema.org","@graph":[{"@type":"Article","@id":"https:\/\/fr.motocrossmag.be\/index.php\/2019\/11\/le-mx-master-kids-revient-en-belgique\/#article","isPartOf":{"@id":"https:\/\/fr.motocrossmag.be\/index.php\/2019\/11\/le-mx-master-kids-revient-en-belgique\/"},"author":{"name":"oliviere","@id":"https:\/\/fr.motocrossmag.be\/#\/schema\/person\/11b47143d9f755babca2c9110e03235c"},"headline":"Le MX Master Kids revient en Belgique","datePublished":"2019-11-06T23:12:21+00:00","dateModified":"2019-11-07T11:49:57+00:00","mainEntityOfPage":{"@id":"https:\/\/fr.motocrossmag.be\/index.php\/2019\/11\/le-mx-master-kids-revient-en-belgique\/"},"wordCount":403,"commentCount":0,"image":{"@id":"https:\/\/fr.motocrossmag.be\/index.php\/2019\/11\/le-mx-master-kids-revient-en-belgique\/#primaryimage"},"thumbnailUrl":"https:\/\/fr.motocrossmag.be\/wp-content\/uploads\/2015\/07\/mxmk-2015_IMG_3210-copie.jpg","keywords":["Motocross"],"articleSection":["Actualit\u00e9","Kids","Motocross","News","News","News","Slideshow"],"inLanguage":"fr-FR","potentialAction":[{"@type":"CommentAction","name":"Comment","target":["https:\/\/fr.motocrossmag.be\/index.php\/2019\/11\/le-mx-master-kids-revient-en-belgique\/#respond"]}]},{"@type":"WebPage","@id":"https:\/\/fr.motocrossmag.be\/index.php\/2019\/11\/le-mx-master-kids-revient-en-belgique\/","url":"https:\/\/fr.motocrossmag.be\/index.php\/2019\/11\/le-mx-master-kids-revient-en-belgique\/","name":"Le MX Master Kids revient en Belgique - Motocross - Enduro - Supermoto | MotocrossMag","isPartOf":{"@id":"https:\/\/fr.motocrossmag.be\/#website"},"primaryImageOfPage":{"@id":"https:\/\/fr.motocrossmag.be\/index.php\/2019\/11\/le-mx-master-kids-revient-en-belgique\/#primaryimage"},"image":{"@id":"https:\/\/fr.motocrossmag.be\/index.php\/2019\/11\/le-mx-master-kids-revient-en-belgique\/#primaryimage"},"thumbnailUrl":"https:\/\/fr.motocrossmag.be\/wp-content\/uploads\/2015\/07\/mxmk-2015_IMG_3210-copie.jpg","datePublished":"2019-11-06T23:12:21+00:00","dateModified":"2019-11-07T11:49:57+00:00","author":{"@id":"https:\/\/fr.motocrossmag.be\/#\/schema\/person\/11b47143d9f755babca2c9110e03235c"},"breadcrumb":{"@id":"https:\/\/fr.motocrossmag.be\/index.php\/2019\/11\/le-mx-master-kids-revient-en-belgique\/#breadcrumb"},"inLanguage":"fr-FR","potentialAction":[{"@type":"ReadAction","target":["https:\/\/fr.motocrossmag.be\/index.php\/2019\/11\/le-mx-master-kids-revient-en-belgique\/"]}]},{"@type":"ImageObject","inLanguage":"fr-FR","@id":"https:\/\/fr.motocrossmag.be\/index.php\/2019\/11\/le-mx-master-kids-revient-en-belgique\/#primaryimage","url":"https:\/\/fr.motocrossmag.be\/wp-content\/uploads\/2015\/07\/mxmk-2015_IMG_3210-copie.jpg","contentUrl":"https:\/\/fr.motocrossmag.be\/wp-content\/uploads\/2015\/07\/mxmk-2015_IMG_3210-copie.jpg","width":900,"height":600,"caption":"MX Master Kids"},{"@type":"BreadcrumbList","@id":"https:\/\/fr.motocrossmag.be\/index.php\/2019\/11\/le-mx-master-kids-revient-en-belgique\/#breadcrumb","itemListElement":[{"@type":"ListItem","position":1,"name":"Accueil","item":"https:\/\/fr.motocrossmag.be\/"},{"@type":"ListItem","position":2,"name":"Le MX Master Kids revient en Belgique"}]},{"@type":"WebSite","@id":"https:\/\/fr.motocrossmag.be\/#website","url":"https:\/\/fr.motocrossmag.be\/","name":"Motocross - Enduro - Supermoto | MotocrossMag","description":"L&#039;actualit\u00e9 du motocross, de l&#039;enduro et du Supermoto en ligne!","potentialAction":[{"@type":"SearchAction","target":{"@type":"EntryPoint","urlTemplate":"https:\/\/fr.motocrossmag.be\/?s={search_term_string}"},"query-input":{"@type":"PropertyValueSpecification","valueRequired":true,"valueName":"search_term_string"}}],"inLanguage":"fr-FR"},{"@type":"Person","@id":"https:\/\/fr.motocrossmag.be\/#\/schema\/person\/11b47143d9f755babca2c9110e03235c","name":"oliviere","image":{"@type":"ImageObject","inLanguage":"fr-FR","@id":"https:\/\/secure.gravatar.com\/avatar\/907069e0b81d119452040469e4a7501da1100f54f7f80180ce77bfab718288f6?s=96&d=mm&r=g","url":"https:\/\/secure.gravatar.com\/avatar\/907069e0b81d119452040469e4a7501da1100f54f7f80180ce77bfab718288f6?s=96&d=mm&r=g","contentUrl":"https:\/\/secure.gravatar.com\/avatar\/907069e0b81d119452040469e4a7501da1100f54f7f80180ce77bfab718288f6?s=96&d=mm&r=g","caption":"oliviere"},"sameAs":["http:\/\/www.motocrossmag.be"],"url":"https:\/\/fr.motocrossmag.be\/index.php\/author\/oliviere\/"}]}},"_links":{"self":[{"href":"https:\/\/fr.motocrossmag.be\/index.php\/wp-json\/wp\/v2\/posts\/98338","targetHints":{"allow":["GET"]}}],"collection":[{"href":"https:\/\/fr.motocrossmag.be\/index.php\/wp-json\/wp\/v2\/posts"}],"about":[{"href":"https:\/\/fr.motocrossmag.be\/index.php\/wp-json\/wp\/v2\/types\/post"}],"author":[{"embeddable":true,"href":"https:\/\/fr.motocrossmag.be\/index.php\/wp-json\/wp\/v2\/users\/932"}],"replies":[{"embeddable":true,"href":"https:\/\/fr.motocrossmag.be\/index.php\/wp-json\/wp\/v2\/comments?post=98338"}],"version-history":[{"count":1,"href":"https:\/\/fr.motocrossmag.be\/index.php\/wp-json\/wp\/v2\/posts\/98338\/revisions"}],"predecessor-version":[{"id":98456,"href":"https:\/\/fr.motocrossmag.be\/index.php\/wp-json\/wp\/v2\/posts\/98338\/revisions\/98456"}],"wp:featuredmedia":[{"embeddable":true,"href":"https:\/\/fr.motocrossmag.be\/index.php\/wp-json\/wp\/v2\/media\/36249"}],"wp:attachment":[{"href":"https:\/\/fr.motocrossmag.be\/index.php\/wp-json\/wp\/v2\/media?parent=98338"}],"wp:term":[{"taxonomy":"category","embeddable":true,"href":"https:\/\/fr.motocrossmag.be\/index.php\/wp-json\/wp\/v2\/categories?post=98338"},{"taxonomy":"post_tag","embeddable":true,"href":"https:\/\/fr.motocrossmag.be\/index.php\/wp-json\/wp\/v2\/tags?post=98338"}],"curies":[{"name":"wp","href":"https:\/\/api.w.org\/{rel}","templated":true}]}}