{"id":98605,"date":"2019-11-11T11:44:58","date_gmt":"2019-11-11T10:44:58","guid":{"rendered":"https:\/\/fr.motocrossmag.be\/?p=98605"},"modified":"2019-11-11T11:50:13","modified_gmt":"2019-11-11T10:50:13","slug":"isde-2019-au-portugal-cest-parti","status":"publish","type":"post","link":"https:\/\/fr.motocrossmag.be\/index.php\/2019\/11\/isde-2019-au-portugal-cest-parti\/","title":{"rendered":"ISDE 2019 au Portugal : c&rsquo;est parti !"},"content":{"rendered":"<p><strong>Les 94\u00e8mes FIM International Six Days of Enduro (ISDE) ont officiellement \u00e9t\u00e9 lanc\u00e9s ce week-end \u00e0 Portimao, au Portugal. Le d\u00e9fil\u00e9 traditionnel a rassembl\u00e9 plus de cinq cents pilotes issus de vingt-six nations sur la c\u00f4te portugaise. Dont, \u00e9videmment, une d\u00e9l\u00e9gation belge. Ce lundi, les premiers pilotes se sont \u00e9lanc\u00e9s d\u00e8s 7h00.<\/strong><\/p>\n<p>Le Pr\u00e9sident de la FIM, Jorge Viegas, a prononc\u00e9 le discours d&rsquo;ouverture des Six Days 2019. L&rsquo;occasion \u00e9galement de rendre hommage au plus ancien pilote de la communaut\u00e9 enduro, le nomm\u00e9 Wolfgang Butzer, 79 ans \u00e0 peine, qui f\u00eatera ses 80 ans le 5\u00b0 jour ici au Portugal. Ce sera son cinquanti\u00e8me ISDE et il sera encore, esp\u00e9rons-le, au poste de tr\u00e8s nombreuses ann\u00e9es.<\/p>\n<p><a href=\"https:\/\/fr.motocrossmag.be\/wp-content\/uploads\/2019\/11\/six-days-flags-nations.jpg\"><img decoding=\"async\" class=\"lazyload alignnone size-medium wp-image-98699\" src=\"https:\/\/fr.motocrossmag.be\/wp-content\/uploads\/2019\/11\/six-days-flags-nations-650x432.jpg\" data-orig-src=\"https:\/\/fr.motocrossmag.be\/wp-content\/uploads\/2019\/11\/six-days-flags-nations-650x432.jpg\" alt=\"\" width=\"650\" height=\"432\" srcset=\"data:image\/svg+xml,%3Csvg%20xmlns%3D%27http%3A%2F%2Fwww.w3.org%2F2000%2Fsvg%27%20width%3D%27650%27%20height%3D%27432%27%20viewBox%3D%270%200%20650%20432%27%3E%3Crect%20width%3D%27650%27%20height%3D%27432%27%20fill-opacity%3D%220%22%2F%3E%3C%2Fsvg%3E\" data-srcset=\"https:\/\/fr.motocrossmag.be\/wp-content\/uploads\/2019\/11\/six-days-flags-nations-650x432.jpg 650w, https:\/\/fr.motocrossmag.be\/wp-content\/uploads\/2019\/11\/six-days-flags-nations-768x511.jpg 768w, https:\/\/fr.motocrossmag.be\/wp-content\/uploads\/2019\/11\/six-days-flags-nations.jpg 1000w\" data-sizes=\"auto\" data-orig-sizes=\"(max-width: 650px) 100vw, 650px\" \/><\/a><\/p>\n<p>De leur c\u00f4t\u00e9, les pilotes belges sont\u00a0 pr\u00eats. Mathias Van Hoof, engag\u00e9 en \u00ab\u00a0Trophy\u00a0\u00bb aux c\u00f4t\u00e9s de Herinne, Lilo et Martiny, nous donne une id\u00e9e des efforts consentis pour pr\u00e9parer au mieux cette course : \u00ab\u00a0Parcourir les sp\u00e9ciales, les visualiser dans sa t\u00eate\u2026. c&rsquo;est enfin fini! Plus de 120 km \u00e0 pied ont \u00e9t\u00e9 parcourus, les 9 sp\u00e9ciales pass\u00e9es toutes au crible environ 2 fois. Il est temps que la comp\u00e9tition commence ce lundi 11 novembre pour 6 tr\u00e8s longues journ\u00e9es.\u00a0\u00bb<\/p>\n<p>D\u00e9part lundi \u00e0 7h00 pour un parcours long de quelque 279 km. Mathias, quant \u00e0 lui, partira avec le champion du monde EnduroGP Brad Freeman, rien de moins!<\/p>\n<p>Le team manager et ses adjoints sont tr\u00e8s satisfaits de l\u2019ambiance dans l&rsquo;\u00e9quipe.<\/p>\n<p>Num\u00e9ros et heures de d\u00e9parts ce lundi 11 novembre :<\/p>\n<p><strong>TROPHY<\/strong><\/p>\n<ul>\n<li>Mathias Van Hoof 153\/7:13<\/li>\n<li>Jere Herinne 150\/7:05<\/li>\n<li>Gauthier Lilo 151\/7:20<\/li>\n<li>Jerome Martiny 152\/7:13<\/li>\n<\/ul>\n<p><strong>JUNIORS<\/strong><\/p>\n<ul>\n<li>Erik Willems 155\/7:35<\/li>\n<li>Mika Vanderheyden 154\/7:28<\/li>\n<li>Antoine Magain 156\/7:36<\/li>\n<\/ul>\n<p><strong>CLUB<\/strong><\/p>\n<ul>\n<li>Dimitri Persoons 303\/8:22<\/li>\n<li>Jimmy Van Hamme 403\/8:36<\/li>\n<\/ul>\n<p>GO GO Belgium !<\/p>\n<p>Par Serge Marlier | Photos : SM &amp; <span class=\"_5yl5\">FredCcy<\/span><\/p>\n<div id=\"ConnectiveDocSignExtentionInstalled\" data-extension-version=\"1.0.4\"><\/div>\n","protected":false},"excerpt":{"rendered":"<p>Les 94\u00e8mes FIM International Six Days of Enduro (ISDE) ont officiellement \u00e9t\u00e9 lanc\u00e9s ce week-end \u00e0 Portimao, au Portugal. Le d\u00e9fil\u00e9 traditionnel a rassembl\u00e9 plus de cinq cents pilotes issus [&#8230;]<\/p>\n","protected":false},"author":932,"featured_media":98697,"comment_status":"open","ping_status":"closed","sticky":false,"template":"","format":"standard","meta":{"footnotes":""},"categories":[54,32,34,1074,33,55,65],"tags":[951,1186,1191],"class_list":["post-98605","post","type-post","status-publish","format-standard","has-post-thumbnail","hentry","category-actualite","category-enduro","category-endurogp","category-isde","category-news-enduro","category-news-actualite","category-slideshow","tag-enduro","tag-endurogp","tag-isde"],"yoast_head":"<!-- This site is optimized with the Yoast SEO plugin v27.4 - https:\/\/yoast.com\/product\/yoast-seo-wordpress\/ -->\n<title>ISDE 2019 au Portugal : c&#039;est parti ! - Motocross - Enduro - Supermoto | MotocrossMag<\/title>\n<meta name=\"robots\" content=\"index, follow, max-snippet:-1, max-image-preview:large, max-video-preview:-1\" \/>\n<link rel=\"canonical\" href=\"https:\/\/fr.motocrossmag.be\/index.php\/2019\/11\/isde-2019-au-portugal-cest-parti\/\" \/>\n<meta property=\"og:locale\" content=\"fr_FR\" \/>\n<meta property=\"og:type\" content=\"article\" \/>\n<meta property=\"og:title\" content=\"ISDE 2019 au Portugal : c&#039;est parti ! - Motocross - Enduro - Supermoto | MotocrossMag\" \/>\n<meta property=\"og:description\" content=\"Les 94\u00e8mes FIM International Six Days of Enduro (ISDE) ont officiellement \u00e9t\u00e9 lanc\u00e9s ce week-end \u00e0 Portimao, au Portugal. Le d\u00e9fil\u00e9 traditionnel a rassembl\u00e9 plus de cinq cents pilotes issus [...]\" \/>\n<meta property=\"og:url\" content=\"https:\/\/fr.motocrossmag.be\/index.php\/2019\/11\/isde-2019-au-portugal-cest-parti\/\" \/>\n<meta property=\"og:site_name\" content=\"Motocross - Enduro - Supermoto | MotocrossMag\" \/>\n<meta property=\"article:published_time\" content=\"2019-11-11T10:44:58+00:00\" \/>\n<meta property=\"article:modified_time\" content=\"2019-11-11T10:50:13+00:00\" \/>\n<meta property=\"og:image\" content=\"https:\/\/fr.motocrossmag.be\/wp-content\/uploads\/2019\/11\/isde-team-belgium.png\" \/>\n\t<meta property=\"og:image:width\" content=\"924\" \/>\n\t<meta property=\"og:image:height\" content=\"583\" \/>\n\t<meta property=\"og:image:type\" content=\"image\/png\" \/>\n<meta name=\"author\" content=\"oliviere\" \/>\n<meta name=\"twitter:card\" content=\"summary_large_image\" \/>\n<meta name=\"twitter:label1\" content=\"\u00c9crit par\" \/>\n\t<meta name=\"twitter:data1\" content=\"oliviere\" \/>\n\t<meta name=\"twitter:label2\" content=\"Dur\u00e9e de lecture estim\u00e9e\" \/>\n\t<meta name=\"twitter:data2\" content=\"1 minute\" \/>\n<script type=\"application\/ld+json\" class=\"yoast-schema-graph\">{\"@context\":\"https:\\\/\\\/schema.org\",\"@graph\":[{\"@type\":\"Article\",\"@id\":\"https:\\\/\\\/fr.motocrossmag.be\\\/index.php\\\/2019\\\/11\\\/isde-2019-au-portugal-cest-parti\\\/#article\",\"isPartOf\":{\"@id\":\"https:\\\/\\\/fr.motocrossmag.be\\\/index.php\\\/2019\\\/11\\\/isde-2019-au-portugal-cest-parti\\\/\"},\"author\":{\"name\":\"oliviere\",\"@id\":\"https:\\\/\\\/fr.motocrossmag.be\\\/#\\\/schema\\\/person\\\/11b47143d9f755babca2c9110e03235c\"},\"headline\":\"ISDE 2019 au Portugal : c&rsquo;est parti !\",\"datePublished\":\"2019-11-11T10:44:58+00:00\",\"dateModified\":\"2019-11-11T10:50:13+00:00\",\"mainEntityOfPage\":{\"@id\":\"https:\\\/\\\/fr.motocrossmag.be\\\/index.php\\\/2019\\\/11\\\/isde-2019-au-portugal-cest-parti\\\/\"},\"wordCount\":304,\"commentCount\":0,\"image\":{\"@id\":\"https:\\\/\\\/fr.motocrossmag.be\\\/index.php\\\/2019\\\/11\\\/isde-2019-au-portugal-cest-parti\\\/#primaryimage\"},\"thumbnailUrl\":\"https:\\\/\\\/fr.motocrossmag.be\\\/wp-content\\\/uploads\\\/2019\\\/11\\\/isde-team-belgium.png\",\"keywords\":[\"Enduro\",\"endurogp\",\"isde\"],\"articleSection\":[\"Actualit\u00e9\",\"Enduro\",\"EnduroGP\",\"ISDE\",\"News\",\"News\",\"Slideshow\"],\"inLanguage\":\"fr-FR\",\"potentialAction\":[{\"@type\":\"CommentAction\",\"name\":\"Comment\",\"target\":[\"https:\\\/\\\/fr.motocrossmag.be\\\/index.php\\\/2019\\\/11\\\/isde-2019-au-portugal-cest-parti\\\/#respond\"]}]},{\"@type\":\"WebPage\",\"@id\":\"https:\\\/\\\/fr.motocrossmag.be\\\/index.php\\\/2019\\\/11\\\/isde-2019-au-portugal-cest-parti\\\/\",\"url\":\"https:\\\/\\\/fr.motocrossmag.be\\\/index.php\\\/2019\\\/11\\\/isde-2019-au-portugal-cest-parti\\\/\",\"name\":\"ISDE 2019 au Portugal : c'est parti ! - Motocross - Enduro - Supermoto | MotocrossMag\",\"isPartOf\":{\"@id\":\"https:\\\/\\\/fr.motocrossmag.be\\\/#website\"},\"primaryImageOfPage\":{\"@id\":\"https:\\\/\\\/fr.motocrossmag.be\\\/index.php\\\/2019\\\/11\\\/isde-2019-au-portugal-cest-parti\\\/#primaryimage\"},\"image\":{\"@id\":\"https:\\\/\\\/fr.motocrossmag.be\\\/index.php\\\/2019\\\/11\\\/isde-2019-au-portugal-cest-parti\\\/#primaryimage\"},\"thumbnailUrl\":\"https:\\\/\\\/fr.motocrossmag.be\\\/wp-content\\\/uploads\\\/2019\\\/11\\\/isde-team-belgium.png\",\"datePublished\":\"2019-11-11T10:44:58+00:00\",\"dateModified\":\"2019-11-11T10:50:13+00:00\",\"author\":{\"@id\":\"https:\\\/\\\/fr.motocrossmag.be\\\/#\\\/schema\\\/person\\\/11b47143d9f755babca2c9110e03235c\"},\"breadcrumb\":{\"@id\":\"https:\\\/\\\/fr.motocrossmag.be\\\/index.php\\\/2019\\\/11\\\/isde-2019-au-portugal-cest-parti\\\/#breadcrumb\"},\"inLanguage\":\"fr-FR\",\"potentialAction\":[{\"@type\":\"ReadAction\",\"target\":[\"https:\\\/\\\/fr.motocrossmag.be\\\/index.php\\\/2019\\\/11\\\/isde-2019-au-portugal-cest-parti\\\/\"]}]},{\"@type\":\"ImageObject\",\"inLanguage\":\"fr-FR\",\"@id\":\"https:\\\/\\\/fr.motocrossmag.be\\\/index.php\\\/2019\\\/11\\\/isde-2019-au-portugal-cest-parti\\\/#primaryimage\",\"url\":\"https:\\\/\\\/fr.motocrossmag.be\\\/wp-content\\\/uploads\\\/2019\\\/11\\\/isde-team-belgium.png\",\"contentUrl\":\"https:\\\/\\\/fr.motocrossmag.be\\\/wp-content\\\/uploads\\\/2019\\\/11\\\/isde-team-belgium.png\",\"width\":924,\"height\":583},{\"@type\":\"BreadcrumbList\",\"@id\":\"https:\\\/\\\/fr.motocrossmag.be\\\/index.php\\\/2019\\\/11\\\/isde-2019-au-portugal-cest-parti\\\/#breadcrumb\",\"itemListElement\":[{\"@type\":\"ListItem\",\"position\":1,\"name\":\"Accueil\",\"item\":\"https:\\\/\\\/fr.motocrossmag.be\\\/\"},{\"@type\":\"ListItem\",\"position\":2,\"name\":\"ISDE 2019 au Portugal : c&rsquo;est parti !\"}]},{\"@type\":\"WebSite\",\"@id\":\"https:\\\/\\\/fr.motocrossmag.be\\\/#website\",\"url\":\"https:\\\/\\\/fr.motocrossmag.be\\\/\",\"name\":\"Motocross - Enduro - Supermoto | MotocrossMag\",\"description\":\"L&#039;actualit\u00e9 du motocross, de l&#039;enduro et du Supermoto en ligne!\",\"potentialAction\":[{\"@type\":\"SearchAction\",\"target\":{\"@type\":\"EntryPoint\",\"urlTemplate\":\"https:\\\/\\\/fr.motocrossmag.be\\\/?s={search_term_string}\"},\"query-input\":{\"@type\":\"PropertyValueSpecification\",\"valueRequired\":true,\"valueName\":\"search_term_string\"}}],\"inLanguage\":\"fr-FR\"},{\"@type\":\"Person\",\"@id\":\"https:\\\/\\\/fr.motocrossmag.be\\\/#\\\/schema\\\/person\\\/11b47143d9f755babca2c9110e03235c\",\"name\":\"oliviere\",\"image\":{\"@type\":\"ImageObject\",\"inLanguage\":\"fr-FR\",\"@id\":\"https:\\\/\\\/secure.gravatar.com\\\/avatar\\\/907069e0b81d119452040469e4a7501da1100f54f7f80180ce77bfab718288f6?s=96&d=mm&r=g\",\"url\":\"https:\\\/\\\/secure.gravatar.com\\\/avatar\\\/907069e0b81d119452040469e4a7501da1100f54f7f80180ce77bfab718288f6?s=96&d=mm&r=g\",\"contentUrl\":\"https:\\\/\\\/secure.gravatar.com\\\/avatar\\\/907069e0b81d119452040469e4a7501da1100f54f7f80180ce77bfab718288f6?s=96&d=mm&r=g\",\"caption\":\"oliviere\"},\"sameAs\":[\"http:\\\/\\\/www.motocrossmag.be\"],\"url\":\"https:\\\/\\\/fr.motocrossmag.be\\\/index.php\\\/author\\\/oliviere\\\/\"}]}<\/script>\n<!-- \/ Yoast SEO plugin. -->","yoast_head_json":{"title":"ISDE 2019 au Portugal : c'est parti ! - Motocross - Enduro - Supermoto | MotocrossMag","robots":{"index":"index","follow":"follow","max-snippet":"max-snippet:-1","max-image-preview":"max-image-preview:large","max-video-preview":"max-video-preview:-1"},"canonical":"https:\/\/fr.motocrossmag.be\/index.php\/2019\/11\/isde-2019-au-portugal-cest-parti\/","og_locale":"fr_FR","og_type":"article","og_title":"ISDE 2019 au Portugal : c'est parti ! - Motocross - Enduro - Supermoto | MotocrossMag","og_description":"Les 94\u00e8mes FIM International Six Days of Enduro (ISDE) ont officiellement \u00e9t\u00e9 lanc\u00e9s ce week-end \u00e0 Portimao, au Portugal. Le d\u00e9fil\u00e9 traditionnel a rassembl\u00e9 plus de cinq cents pilotes issus [...]","og_url":"https:\/\/fr.motocrossmag.be\/index.php\/2019\/11\/isde-2019-au-portugal-cest-parti\/","og_site_name":"Motocross - Enduro - Supermoto | MotocrossMag","article_published_time":"2019-11-11T10:44:58+00:00","article_modified_time":"2019-11-11T10:50:13+00:00","og_image":[{"width":924,"height":583,"url":"https:\/\/fr.motocrossmag.be\/wp-content\/uploads\/2019\/11\/isde-team-belgium.png","type":"image\/png"}],"author":"oliviere","twitter_card":"summary_large_image","twitter_misc":{"\u00c9crit par":"oliviere","Dur\u00e9e de lecture estim\u00e9e":"1 minute"},"schema":{"@context":"https:\/\/schema.org","@graph":[{"@type":"Article","@id":"https:\/\/fr.motocrossmag.be\/index.php\/2019\/11\/isde-2019-au-portugal-cest-parti\/#article","isPartOf":{"@id":"https:\/\/fr.motocrossmag.be\/index.php\/2019\/11\/isde-2019-au-portugal-cest-parti\/"},"author":{"name":"oliviere","@id":"https:\/\/fr.motocrossmag.be\/#\/schema\/person\/11b47143d9f755babca2c9110e03235c"},"headline":"ISDE 2019 au Portugal : c&rsquo;est parti !","datePublished":"2019-11-11T10:44:58+00:00","dateModified":"2019-11-11T10:50:13+00:00","mainEntityOfPage":{"@id":"https:\/\/fr.motocrossmag.be\/index.php\/2019\/11\/isde-2019-au-portugal-cest-parti\/"},"wordCount":304,"commentCount":0,"image":{"@id":"https:\/\/fr.motocrossmag.be\/index.php\/2019\/11\/isde-2019-au-portugal-cest-parti\/#primaryimage"},"thumbnailUrl":"https:\/\/fr.motocrossmag.be\/wp-content\/uploads\/2019\/11\/isde-team-belgium.png","keywords":["Enduro","endurogp","isde"],"articleSection":["Actualit\u00e9","Enduro","EnduroGP","ISDE","News","News","Slideshow"],"inLanguage":"fr-FR","potentialAction":[{"@type":"CommentAction","name":"Comment","target":["https:\/\/fr.motocrossmag.be\/index.php\/2019\/11\/isde-2019-au-portugal-cest-parti\/#respond"]}]},{"@type":"WebPage","@id":"https:\/\/fr.motocrossmag.be\/index.php\/2019\/11\/isde-2019-au-portugal-cest-parti\/","url":"https:\/\/fr.motocrossmag.be\/index.php\/2019\/11\/isde-2019-au-portugal-cest-parti\/","name":"ISDE 2019 au Portugal : c'est parti ! - Motocross - Enduro - Supermoto | MotocrossMag","isPartOf":{"@id":"https:\/\/fr.motocrossmag.be\/#website"},"primaryImageOfPage":{"@id":"https:\/\/fr.motocrossmag.be\/index.php\/2019\/11\/isde-2019-au-portugal-cest-parti\/#primaryimage"},"image":{"@id":"https:\/\/fr.motocrossmag.be\/index.php\/2019\/11\/isde-2019-au-portugal-cest-parti\/#primaryimage"},"thumbnailUrl":"https:\/\/fr.motocrossmag.be\/wp-content\/uploads\/2019\/11\/isde-team-belgium.png","datePublished":"2019-11-11T10:44:58+00:00","dateModified":"2019-11-11T10:50:13+00:00","author":{"@id":"https:\/\/fr.motocrossmag.be\/#\/schema\/person\/11b47143d9f755babca2c9110e03235c"},"breadcrumb":{"@id":"https:\/\/fr.motocrossmag.be\/index.php\/2019\/11\/isde-2019-au-portugal-cest-parti\/#breadcrumb"},"inLanguage":"fr-FR","potentialAction":[{"@type":"ReadAction","target":["https:\/\/fr.motocrossmag.be\/index.php\/2019\/11\/isde-2019-au-portugal-cest-parti\/"]}]},{"@type":"ImageObject","inLanguage":"fr-FR","@id":"https:\/\/fr.motocrossmag.be\/index.php\/2019\/11\/isde-2019-au-portugal-cest-parti\/#primaryimage","url":"https:\/\/fr.motocrossmag.be\/wp-content\/uploads\/2019\/11\/isde-team-belgium.png","contentUrl":"https:\/\/fr.motocrossmag.be\/wp-content\/uploads\/2019\/11\/isde-team-belgium.png","width":924,"height":583},{"@type":"BreadcrumbList","@id":"https:\/\/fr.motocrossmag.be\/index.php\/2019\/11\/isde-2019-au-portugal-cest-parti\/#breadcrumb","itemListElement":[{"@type":"ListItem","position":1,"name":"Accueil","item":"https:\/\/fr.motocrossmag.be\/"},{"@type":"ListItem","position":2,"name":"ISDE 2019 au Portugal : c&rsquo;est parti !"}]},{"@type":"WebSite","@id":"https:\/\/fr.motocrossmag.be\/#website","url":"https:\/\/fr.motocrossmag.be\/","name":"Motocross - Enduro - Supermoto | MotocrossMag","description":"L&#039;actualit\u00e9 du motocross, de l&#039;enduro et du Supermoto en ligne!","potentialAction":[{"@type":"SearchAction","target":{"@type":"EntryPoint","urlTemplate":"https:\/\/fr.motocrossmag.be\/?s={search_term_string}"},"query-input":{"@type":"PropertyValueSpecification","valueRequired":true,"valueName":"search_term_string"}}],"inLanguage":"fr-FR"},{"@type":"Person","@id":"https:\/\/fr.motocrossmag.be\/#\/schema\/person\/11b47143d9f755babca2c9110e03235c","name":"oliviere","image":{"@type":"ImageObject","inLanguage":"fr-FR","@id":"https:\/\/secure.gravatar.com\/avatar\/907069e0b81d119452040469e4a7501da1100f54f7f80180ce77bfab718288f6?s=96&d=mm&r=g","url":"https:\/\/secure.gravatar.com\/avatar\/907069e0b81d119452040469e4a7501da1100f54f7f80180ce77bfab718288f6?s=96&d=mm&r=g","contentUrl":"https:\/\/secure.gravatar.com\/avatar\/907069e0b81d119452040469e4a7501da1100f54f7f80180ce77bfab718288f6?s=96&d=mm&r=g","caption":"oliviere"},"sameAs":["http:\/\/www.motocrossmag.be"],"url":"https:\/\/fr.motocrossmag.be\/index.php\/author\/oliviere\/"}]}},"_links":{"self":[{"href":"https:\/\/fr.motocrossmag.be\/index.php\/wp-json\/wp\/v2\/posts\/98605","targetHints":{"allow":["GET"]}}],"collection":[{"href":"https:\/\/fr.motocrossmag.be\/index.php\/wp-json\/wp\/v2\/posts"}],"about":[{"href":"https:\/\/fr.motocrossmag.be\/index.php\/wp-json\/wp\/v2\/types\/post"}],"author":[{"embeddable":true,"href":"https:\/\/fr.motocrossmag.be\/index.php\/wp-json\/wp\/v2\/users\/932"}],"replies":[{"embeddable":true,"href":"https:\/\/fr.motocrossmag.be\/index.php\/wp-json\/wp\/v2\/comments?post=98605"}],"version-history":[{"count":1,"href":"https:\/\/fr.motocrossmag.be\/index.php\/wp-json\/wp\/v2\/posts\/98605\/revisions"}],"predecessor-version":[{"id":98698,"href":"https:\/\/fr.motocrossmag.be\/index.php\/wp-json\/wp\/v2\/posts\/98605\/revisions\/98698"}],"wp:featuredmedia":[{"embeddable":true,"href":"https:\/\/fr.motocrossmag.be\/index.php\/wp-json\/wp\/v2\/media\/98697"}],"wp:attachment":[{"href":"https:\/\/fr.motocrossmag.be\/index.php\/wp-json\/wp\/v2\/media?parent=98605"}],"wp:term":[{"taxonomy":"category","embeddable":true,"href":"https:\/\/fr.motocrossmag.be\/index.php\/wp-json\/wp\/v2\/categories?post=98605"},{"taxonomy":"post_tag","embeddable":true,"href":"https:\/\/fr.motocrossmag.be\/index.php\/wp-json\/wp\/v2\/tags?post=98605"}],"curies":[{"name":"wp","href":"https:\/\/api.w.org\/{rel}","templated":true}]}}