{"id":98874,"date":"2019-11-12T12:24:44","date_gmt":"2019-11-12T11:24:44","guid":{"rendered":"https:\/\/fr.motocrossmag.be\/?p=98874"},"modified":"2019-11-12T12:24:44","modified_gmt":"2019-11-12T11:24:44","slug":"les-champions-de-belgique-fmb-recompenses-le-11-janvier-a-lummen","status":"publish","type":"post","link":"https:\/\/fr.motocrossmag.be\/index.php\/2019\/11\/les-champions-de-belgique-fmb-recompenses-le-11-janvier-a-lummen\/","title":{"rendered":"Les champions de Belgique FMB r\u00e9compens\u00e9s le 11 janvier \u00e0 Lummen"},"content":{"rendered":"<p><strong>La remise des prix de la Commission Sportive Nationale aura lieu le samedi 11 janvier 2020 \u00e0 Lummen. Le MC Looise et la Section Provinciale de Limbourg sont les organisateurs de cet \u00e9v\u00e9nement.<\/strong><\/p>\n<p>Les champions de Belgique en motocross, enduro, BEX, trial ou Supermoto ainsi que les laur\u00e9ats de la \u00ab Coupe de l\u2019Avenir \u00bb seront r\u00e9compens\u00e9s \u00e0 l&rsquo;occasion de cette c\u00e9r\u00e9monie de remise des prix.<\/p>\n<p>Les m\u00e9daill\u00e9s des championnats du Monde et des Championnats d\u2019Europe (solo et \u00e9quipes nationales) seront \u00e9galement r\u00e9compens\u00e9s ainsi que les laur\u00e9ats du Guidon d\u2019or FMB, du troph\u00e9e du jeune espoir de l\u2019ann\u00e9e et du prix de l\u2019environnement FMB.<\/p>\n<p>La remise des prix pour toutes les disciplines commencera \u00e0 16h30 pr\u00e9cises et se terminera vers 19h.00. L&rsquo;\u00e9v\u00e9nement est ouvert \u00e0 toutes et \u00e0 tous.<\/p>\n<p><span style=\"color: #ff0000;\"><strong>Adresse du jour<\/strong><\/span><\/p>\n<p>\u201cCultuur en Ontmoetingscentrum Oosterhof\u201c,<br \/>\nDokter Vanderhoeydonckstraat 56,<br \/>\n3560 Lummen<\/p>\n<div id=\"ConnectiveDocSignExtentionInstalled\" data-extension-version=\"1.0.4\"><\/div>\n","protected":false},"excerpt":{"rendered":"<p>La remise des prix de la Commission Sportive Nationale aura lieu le samedi 11 janvier 2020 \u00e0 Lummen. Le MC Looise et la Section Provinciale de Limbourg sont les organisateurs [&#8230;]<\/p>\n","protected":false},"author":932,"featured_media":82643,"comment_status":"open","ping_status":"closed","sticky":false,"template":"","format":"standard","meta":{"footnotes":""},"categories":[54,32,35,4,5,33,65],"tags":[951,1163,947],"class_list":["post-98874","post","type-post","status-publish","format-standard","has-post-thumbnail","hentry","category-actualite","category-enduro","category-fmb-enduro","category-motocross","category-news","category-news-enduro","category-slideshow","tag-enduro","tag-fmb","tag-motocross"],"yoast_head":"<!-- This site is optimized with the Yoast SEO plugin v27.4 - https:\/\/yoast.com\/product\/yoast-seo-wordpress\/ -->\n<title>Les champions de Belgique FMB r\u00e9compens\u00e9s le 11 janvier \u00e0 Lummen - Motocross - Enduro - Supermoto | MotocrossMag<\/title>\n<meta name=\"robots\" content=\"index, follow, max-snippet:-1, max-image-preview:large, max-video-preview:-1\" \/>\n<link rel=\"canonical\" href=\"https:\/\/fr.motocrossmag.be\/index.php\/2019\/11\/les-champions-de-belgique-fmb-recompenses-le-11-janvier-a-lummen\/\" \/>\n<meta property=\"og:locale\" content=\"fr_FR\" \/>\n<meta property=\"og:type\" content=\"article\" \/>\n<meta property=\"og:title\" content=\"Les champions de Belgique FMB r\u00e9compens\u00e9s le 11 janvier \u00e0 Lummen - Motocross - Enduro - Supermoto | MotocrossMag\" \/>\n<meta property=\"og:description\" content=\"La remise des prix de la Commission Sportive Nationale aura lieu le samedi 11 janvier 2020 \u00e0 Lummen. Le MC Looise et la Section Provinciale de Limbourg sont les organisateurs [...]\" \/>\n<meta property=\"og:url\" content=\"https:\/\/fr.motocrossmag.be\/index.php\/2019\/11\/les-champions-de-belgique-fmb-recompenses-le-11-janvier-a-lummen\/\" \/>\n<meta property=\"og:site_name\" content=\"Motocross - Enduro - Supermoto | MotocrossMag\" \/>\n<meta property=\"article:published_time\" content=\"2019-11-12T11:24:44+00:00\" \/>\n<meta property=\"og:image\" content=\"https:\/\/fr.motocrossmag.be\/wp-content\/uploads\/2018\/12\/Prix-FMB-2018-IMG_1530.jpg\" \/>\n\t<meta property=\"og:image:width\" content=\"1350\" \/>\n\t<meta property=\"og:image:height\" content=\"900\" \/>\n\t<meta property=\"og:image:type\" content=\"image\/jpeg\" \/>\n<meta name=\"author\" content=\"oliviere\" \/>\n<meta name=\"twitter:card\" content=\"summary_large_image\" \/>\n<meta name=\"twitter:label1\" content=\"\u00c9crit par\" \/>\n\t<meta name=\"twitter:data1\" content=\"oliviere\" \/>\n\t<meta name=\"twitter:label2\" content=\"Dur\u00e9e de lecture estim\u00e9e\" \/>\n\t<meta name=\"twitter:data2\" content=\"1 minute\" \/>\n<script type=\"application\/ld+json\" class=\"yoast-schema-graph\">{\"@context\":\"https:\\\/\\\/schema.org\",\"@graph\":[{\"@type\":\"Article\",\"@id\":\"https:\\\/\\\/fr.motocrossmag.be\\\/index.php\\\/2019\\\/11\\\/les-champions-de-belgique-fmb-recompenses-le-11-janvier-a-lummen\\\/#article\",\"isPartOf\":{\"@id\":\"https:\\\/\\\/fr.motocrossmag.be\\\/index.php\\\/2019\\\/11\\\/les-champions-de-belgique-fmb-recompenses-le-11-janvier-a-lummen\\\/\"},\"author\":{\"name\":\"oliviere\",\"@id\":\"https:\\\/\\\/fr.motocrossmag.be\\\/#\\\/schema\\\/person\\\/11b47143d9f755babca2c9110e03235c\"},\"headline\":\"Les champions de Belgique FMB r\u00e9compens\u00e9s le 11 janvier \u00e0 Lummen\",\"datePublished\":\"2019-11-12T11:24:44+00:00\",\"mainEntityOfPage\":{\"@id\":\"https:\\\/\\\/fr.motocrossmag.be\\\/index.php\\\/2019\\\/11\\\/les-champions-de-belgique-fmb-recompenses-le-11-janvier-a-lummen\\\/\"},\"wordCount\":163,\"commentCount\":0,\"image\":{\"@id\":\"https:\\\/\\\/fr.motocrossmag.be\\\/index.php\\\/2019\\\/11\\\/les-champions-de-belgique-fmb-recompenses-le-11-janvier-a-lummen\\\/#primaryimage\"},\"thumbnailUrl\":\"https:\\\/\\\/fr.motocrossmag.be\\\/wp-content\\\/uploads\\\/2018\\\/12\\\/Prix-FMB-2018-IMG_1530.jpg\",\"keywords\":[\"Enduro\",\"FMB\",\"Motocross\"],\"articleSection\":[\"Actualit\u00e9\",\"Enduro\",\"FMB\",\"Motocross\",\"News\",\"News\",\"Slideshow\"],\"inLanguage\":\"fr-FR\",\"potentialAction\":[{\"@type\":\"CommentAction\",\"name\":\"Comment\",\"target\":[\"https:\\\/\\\/fr.motocrossmag.be\\\/index.php\\\/2019\\\/11\\\/les-champions-de-belgique-fmb-recompenses-le-11-janvier-a-lummen\\\/#respond\"]}]},{\"@type\":\"WebPage\",\"@id\":\"https:\\\/\\\/fr.motocrossmag.be\\\/index.php\\\/2019\\\/11\\\/les-champions-de-belgique-fmb-recompenses-le-11-janvier-a-lummen\\\/\",\"url\":\"https:\\\/\\\/fr.motocrossmag.be\\\/index.php\\\/2019\\\/11\\\/les-champions-de-belgique-fmb-recompenses-le-11-janvier-a-lummen\\\/\",\"name\":\"Les champions de Belgique FMB r\u00e9compens\u00e9s le 11 janvier \u00e0 Lummen - Motocross - Enduro - Supermoto | MotocrossMag\",\"isPartOf\":{\"@id\":\"https:\\\/\\\/fr.motocrossmag.be\\\/#website\"},\"primaryImageOfPage\":{\"@id\":\"https:\\\/\\\/fr.motocrossmag.be\\\/index.php\\\/2019\\\/11\\\/les-champions-de-belgique-fmb-recompenses-le-11-janvier-a-lummen\\\/#primaryimage\"},\"image\":{\"@id\":\"https:\\\/\\\/fr.motocrossmag.be\\\/index.php\\\/2019\\\/11\\\/les-champions-de-belgique-fmb-recompenses-le-11-janvier-a-lummen\\\/#primaryimage\"},\"thumbnailUrl\":\"https:\\\/\\\/fr.motocrossmag.be\\\/wp-content\\\/uploads\\\/2018\\\/12\\\/Prix-FMB-2018-IMG_1530.jpg\",\"datePublished\":\"2019-11-12T11:24:44+00:00\",\"author\":{\"@id\":\"https:\\\/\\\/fr.motocrossmag.be\\\/#\\\/schema\\\/person\\\/11b47143d9f755babca2c9110e03235c\"},\"breadcrumb\":{\"@id\":\"https:\\\/\\\/fr.motocrossmag.be\\\/index.php\\\/2019\\\/11\\\/les-champions-de-belgique-fmb-recompenses-le-11-janvier-a-lummen\\\/#breadcrumb\"},\"inLanguage\":\"fr-FR\",\"potentialAction\":[{\"@type\":\"ReadAction\",\"target\":[\"https:\\\/\\\/fr.motocrossmag.be\\\/index.php\\\/2019\\\/11\\\/les-champions-de-belgique-fmb-recompenses-le-11-janvier-a-lummen\\\/\"]}]},{\"@type\":\"ImageObject\",\"inLanguage\":\"fr-FR\",\"@id\":\"https:\\\/\\\/fr.motocrossmag.be\\\/index.php\\\/2019\\\/11\\\/les-champions-de-belgique-fmb-recompenses-le-11-janvier-a-lummen\\\/#primaryimage\",\"url\":\"https:\\\/\\\/fr.motocrossmag.be\\\/wp-content\\\/uploads\\\/2018\\\/12\\\/Prix-FMB-2018-IMG_1530.jpg\",\"contentUrl\":\"https:\\\/\\\/fr.motocrossmag.be\\\/wp-content\\\/uploads\\\/2018\\\/12\\\/Prix-FMB-2018-IMG_1530.jpg\",\"width\":1350,\"height\":900},{\"@type\":\"BreadcrumbList\",\"@id\":\"https:\\\/\\\/fr.motocrossmag.be\\\/index.php\\\/2019\\\/11\\\/les-champions-de-belgique-fmb-recompenses-le-11-janvier-a-lummen\\\/#breadcrumb\",\"itemListElement\":[{\"@type\":\"ListItem\",\"position\":1,\"name\":\"Accueil\",\"item\":\"https:\\\/\\\/fr.motocrossmag.be\\\/\"},{\"@type\":\"ListItem\",\"position\":2,\"name\":\"Les champions de Belgique FMB r\u00e9compens\u00e9s le 11 janvier \u00e0 Lummen\"}]},{\"@type\":\"WebSite\",\"@id\":\"https:\\\/\\\/fr.motocrossmag.be\\\/#website\",\"url\":\"https:\\\/\\\/fr.motocrossmag.be\\\/\",\"name\":\"Motocross - Enduro - Supermoto | MotocrossMag\",\"description\":\"L&#039;actualit\u00e9 du motocross, de l&#039;enduro et du Supermoto en ligne!\",\"potentialAction\":[{\"@type\":\"SearchAction\",\"target\":{\"@type\":\"EntryPoint\",\"urlTemplate\":\"https:\\\/\\\/fr.motocrossmag.be\\\/?s={search_term_string}\"},\"query-input\":{\"@type\":\"PropertyValueSpecification\",\"valueRequired\":true,\"valueName\":\"search_term_string\"}}],\"inLanguage\":\"fr-FR\"},{\"@type\":\"Person\",\"@id\":\"https:\\\/\\\/fr.motocrossmag.be\\\/#\\\/schema\\\/person\\\/11b47143d9f755babca2c9110e03235c\",\"name\":\"oliviere\",\"image\":{\"@type\":\"ImageObject\",\"inLanguage\":\"fr-FR\",\"@id\":\"https:\\\/\\\/secure.gravatar.com\\\/avatar\\\/907069e0b81d119452040469e4a7501da1100f54f7f80180ce77bfab718288f6?s=96&d=mm&r=g\",\"url\":\"https:\\\/\\\/secure.gravatar.com\\\/avatar\\\/907069e0b81d119452040469e4a7501da1100f54f7f80180ce77bfab718288f6?s=96&d=mm&r=g\",\"contentUrl\":\"https:\\\/\\\/secure.gravatar.com\\\/avatar\\\/907069e0b81d119452040469e4a7501da1100f54f7f80180ce77bfab718288f6?s=96&d=mm&r=g\",\"caption\":\"oliviere\"},\"sameAs\":[\"http:\\\/\\\/www.motocrossmag.be\"],\"url\":\"https:\\\/\\\/fr.motocrossmag.be\\\/index.php\\\/author\\\/oliviere\\\/\"}]}<\/script>\n<!-- \/ Yoast SEO plugin. -->","yoast_head_json":{"title":"Les champions de Belgique FMB r\u00e9compens\u00e9s le 11 janvier \u00e0 Lummen - Motocross - Enduro - Supermoto | MotocrossMag","robots":{"index":"index","follow":"follow","max-snippet":"max-snippet:-1","max-image-preview":"max-image-preview:large","max-video-preview":"max-video-preview:-1"},"canonical":"https:\/\/fr.motocrossmag.be\/index.php\/2019\/11\/les-champions-de-belgique-fmb-recompenses-le-11-janvier-a-lummen\/","og_locale":"fr_FR","og_type":"article","og_title":"Les champions de Belgique FMB r\u00e9compens\u00e9s le 11 janvier \u00e0 Lummen - Motocross - Enduro - Supermoto | MotocrossMag","og_description":"La remise des prix de la Commission Sportive Nationale aura lieu le samedi 11 janvier 2020 \u00e0 Lummen. Le MC Looise et la Section Provinciale de Limbourg sont les organisateurs [...]","og_url":"https:\/\/fr.motocrossmag.be\/index.php\/2019\/11\/les-champions-de-belgique-fmb-recompenses-le-11-janvier-a-lummen\/","og_site_name":"Motocross - Enduro - Supermoto | MotocrossMag","article_published_time":"2019-11-12T11:24:44+00:00","og_image":[{"width":1350,"height":900,"url":"https:\/\/fr.motocrossmag.be\/wp-content\/uploads\/2018\/12\/Prix-FMB-2018-IMG_1530.jpg","type":"image\/jpeg"}],"author":"oliviere","twitter_card":"summary_large_image","twitter_misc":{"\u00c9crit par":"oliviere","Dur\u00e9e de lecture estim\u00e9e":"1 minute"},"schema":{"@context":"https:\/\/schema.org","@graph":[{"@type":"Article","@id":"https:\/\/fr.motocrossmag.be\/index.php\/2019\/11\/les-champions-de-belgique-fmb-recompenses-le-11-janvier-a-lummen\/#article","isPartOf":{"@id":"https:\/\/fr.motocrossmag.be\/index.php\/2019\/11\/les-champions-de-belgique-fmb-recompenses-le-11-janvier-a-lummen\/"},"author":{"name":"oliviere","@id":"https:\/\/fr.motocrossmag.be\/#\/schema\/person\/11b47143d9f755babca2c9110e03235c"},"headline":"Les champions de Belgique FMB r\u00e9compens\u00e9s le 11 janvier \u00e0 Lummen","datePublished":"2019-11-12T11:24:44+00:00","mainEntityOfPage":{"@id":"https:\/\/fr.motocrossmag.be\/index.php\/2019\/11\/les-champions-de-belgique-fmb-recompenses-le-11-janvier-a-lummen\/"},"wordCount":163,"commentCount":0,"image":{"@id":"https:\/\/fr.motocrossmag.be\/index.php\/2019\/11\/les-champions-de-belgique-fmb-recompenses-le-11-janvier-a-lummen\/#primaryimage"},"thumbnailUrl":"https:\/\/fr.motocrossmag.be\/wp-content\/uploads\/2018\/12\/Prix-FMB-2018-IMG_1530.jpg","keywords":["Enduro","FMB","Motocross"],"articleSection":["Actualit\u00e9","Enduro","FMB","Motocross","News","News","Slideshow"],"inLanguage":"fr-FR","potentialAction":[{"@type":"CommentAction","name":"Comment","target":["https:\/\/fr.motocrossmag.be\/index.php\/2019\/11\/les-champions-de-belgique-fmb-recompenses-le-11-janvier-a-lummen\/#respond"]}]},{"@type":"WebPage","@id":"https:\/\/fr.motocrossmag.be\/index.php\/2019\/11\/les-champions-de-belgique-fmb-recompenses-le-11-janvier-a-lummen\/","url":"https:\/\/fr.motocrossmag.be\/index.php\/2019\/11\/les-champions-de-belgique-fmb-recompenses-le-11-janvier-a-lummen\/","name":"Les champions de Belgique FMB r\u00e9compens\u00e9s le 11 janvier \u00e0 Lummen - Motocross - Enduro - Supermoto | MotocrossMag","isPartOf":{"@id":"https:\/\/fr.motocrossmag.be\/#website"},"primaryImageOfPage":{"@id":"https:\/\/fr.motocrossmag.be\/index.php\/2019\/11\/les-champions-de-belgique-fmb-recompenses-le-11-janvier-a-lummen\/#primaryimage"},"image":{"@id":"https:\/\/fr.motocrossmag.be\/index.php\/2019\/11\/les-champions-de-belgique-fmb-recompenses-le-11-janvier-a-lummen\/#primaryimage"},"thumbnailUrl":"https:\/\/fr.motocrossmag.be\/wp-content\/uploads\/2018\/12\/Prix-FMB-2018-IMG_1530.jpg","datePublished":"2019-11-12T11:24:44+00:00","author":{"@id":"https:\/\/fr.motocrossmag.be\/#\/schema\/person\/11b47143d9f755babca2c9110e03235c"},"breadcrumb":{"@id":"https:\/\/fr.motocrossmag.be\/index.php\/2019\/11\/les-champions-de-belgique-fmb-recompenses-le-11-janvier-a-lummen\/#breadcrumb"},"inLanguage":"fr-FR","potentialAction":[{"@type":"ReadAction","target":["https:\/\/fr.motocrossmag.be\/index.php\/2019\/11\/les-champions-de-belgique-fmb-recompenses-le-11-janvier-a-lummen\/"]}]},{"@type":"ImageObject","inLanguage":"fr-FR","@id":"https:\/\/fr.motocrossmag.be\/index.php\/2019\/11\/les-champions-de-belgique-fmb-recompenses-le-11-janvier-a-lummen\/#primaryimage","url":"https:\/\/fr.motocrossmag.be\/wp-content\/uploads\/2018\/12\/Prix-FMB-2018-IMG_1530.jpg","contentUrl":"https:\/\/fr.motocrossmag.be\/wp-content\/uploads\/2018\/12\/Prix-FMB-2018-IMG_1530.jpg","width":1350,"height":900},{"@type":"BreadcrumbList","@id":"https:\/\/fr.motocrossmag.be\/index.php\/2019\/11\/les-champions-de-belgique-fmb-recompenses-le-11-janvier-a-lummen\/#breadcrumb","itemListElement":[{"@type":"ListItem","position":1,"name":"Accueil","item":"https:\/\/fr.motocrossmag.be\/"},{"@type":"ListItem","position":2,"name":"Les champions de Belgique FMB r\u00e9compens\u00e9s le 11 janvier \u00e0 Lummen"}]},{"@type":"WebSite","@id":"https:\/\/fr.motocrossmag.be\/#website","url":"https:\/\/fr.motocrossmag.be\/","name":"Motocross - Enduro - Supermoto | MotocrossMag","description":"L&#039;actualit\u00e9 du motocross, de l&#039;enduro et du Supermoto en ligne!","potentialAction":[{"@type":"SearchAction","target":{"@type":"EntryPoint","urlTemplate":"https:\/\/fr.motocrossmag.be\/?s={search_term_string}"},"query-input":{"@type":"PropertyValueSpecification","valueRequired":true,"valueName":"search_term_string"}}],"inLanguage":"fr-FR"},{"@type":"Person","@id":"https:\/\/fr.motocrossmag.be\/#\/schema\/person\/11b47143d9f755babca2c9110e03235c","name":"oliviere","image":{"@type":"ImageObject","inLanguage":"fr-FR","@id":"https:\/\/secure.gravatar.com\/avatar\/907069e0b81d119452040469e4a7501da1100f54f7f80180ce77bfab718288f6?s=96&d=mm&r=g","url":"https:\/\/secure.gravatar.com\/avatar\/907069e0b81d119452040469e4a7501da1100f54f7f80180ce77bfab718288f6?s=96&d=mm&r=g","contentUrl":"https:\/\/secure.gravatar.com\/avatar\/907069e0b81d119452040469e4a7501da1100f54f7f80180ce77bfab718288f6?s=96&d=mm&r=g","caption":"oliviere"},"sameAs":["http:\/\/www.motocrossmag.be"],"url":"https:\/\/fr.motocrossmag.be\/index.php\/author\/oliviere\/"}]}},"_links":{"self":[{"href":"https:\/\/fr.motocrossmag.be\/index.php\/wp-json\/wp\/v2\/posts\/98874","targetHints":{"allow":["GET"]}}],"collection":[{"href":"https:\/\/fr.motocrossmag.be\/index.php\/wp-json\/wp\/v2\/posts"}],"about":[{"href":"https:\/\/fr.motocrossmag.be\/index.php\/wp-json\/wp\/v2\/types\/post"}],"author":[{"embeddable":true,"href":"https:\/\/fr.motocrossmag.be\/index.php\/wp-json\/wp\/v2\/users\/932"}],"replies":[{"embeddable":true,"href":"https:\/\/fr.motocrossmag.be\/index.php\/wp-json\/wp\/v2\/comments?post=98874"}],"version-history":[{"count":0,"href":"https:\/\/fr.motocrossmag.be\/index.php\/wp-json\/wp\/v2\/posts\/98874\/revisions"}],"wp:featuredmedia":[{"embeddable":true,"href":"https:\/\/fr.motocrossmag.be\/index.php\/wp-json\/wp\/v2\/media\/82643"}],"wp:attachment":[{"href":"https:\/\/fr.motocrossmag.be\/index.php\/wp-json\/wp\/v2\/media?parent=98874"}],"wp:term":[{"taxonomy":"category","embeddable":true,"href":"https:\/\/fr.motocrossmag.be\/index.php\/wp-json\/wp\/v2\/categories?post=98874"},{"taxonomy":"post_tag","embeddable":true,"href":"https:\/\/fr.motocrossmag.be\/index.php\/wp-json\/wp\/v2\/tags?post=98874"}],"curies":[{"name":"wp","href":"https:\/\/api.w.org\/{rel}","templated":true}]}}