{"id":99007,"date":"2019-11-15T12:03:24","date_gmt":"2019-11-15T11:03:24","guid":{"rendered":"https:\/\/fr.motocrossmag.be\/?p=99007"},"modified":"2019-11-15T12:03:24","modified_gmt":"2019-11-15T11:03:24","slug":"daymond-martens-du-bon-et-du-moins-bon-mais-la-vitesse-est-la","status":"publish","type":"post","link":"https:\/\/fr.motocrossmag.be\/index.php\/2019\/11\/daymond-martens-du-bon-et-du-moins-bon-mais-la-vitesse-est-la\/","title":{"rendered":"Daymond Martens : \u00ab\u00a0Du bon et du moins bon&#8230; mais la vitesse est l\u00e0 !\u00a0\u00bb"},"content":{"rendered":"<p>Apr\u00e8s deux classiques de la saison de sable disput\u00e9es dans le nord, le championnat de France des Sables s&rsquo;envole ce week-end pour le sud du pays. Premi\u00e8re \u00e9tape de ce p\u00e9riple : Magescq, un nouveau venu sur le CFS qui accueillera ce week-end plus de 700 concurrents. Parmi eux, Daymond Martens esp\u00e8re bien confirmer \u00e0 Magescq sa mont\u00e9e en puissance au guidon de la KTM du team Motoland.<\/p>\n<p>\u00ab\u00a0Je me sens bien sur la moto, de mieux en mieux m\u00eame. Mon \u00e9quipe fait le maximum pour que tout soit comme je le veux, on fait vraiment du bon travail ensemble\u00a0\u00bb, se r\u00e9jouit Daymond Martens. \u00ab\u00a0Sur l&rsquo;\u00e9preuve d&rsquo;ouverture de la saison \u00e0 Berck, j&rsquo;ai pu d&#8217;embl\u00e9e prouver que j&rsquo;ai bien la vitesse n\u00e9cessaire au guidon de la KTM que je d\u00e9couvrait pourtant \u00e0 peine en remportant une manche. Mais il y a eu l\u00e0-bas du bon et du moins bon. La finale ne s&rsquo;est pas d\u00e9roul\u00e9e comme je le voulais. Je suis rest\u00e9 bloqu\u00e9 et j&rsquo;ai perdu pas mal de temps. Sur un sprint comme le Beach-Cross, je ne pouvais pas dans ces conditions esp\u00e9rer un bon r\u00e9sultat.\u00a0\u00bb<\/p>\n<p>Un r\u00e9sultat mitig\u00e9 pour entamer la saison qui fut heureusement vite oubli\u00e9 avec, d\u00e8s la semaine suivante, une encourageante sixi\u00e8me place sur la Ronde des Sables \u00e0 Loon. \u00ab\u00a0A Loon, sur une course dans un format plus classique pour le championnat, j&rsquo;ai sign\u00e9 une belle premi\u00e8re heure de course. Mais j&rsquo;ai ensuite perdu pas mal de temps lors du premier ravitaillement, ce qui m&rsquo;a fait perdre le contact avec le top-5. Mais j&rsquo;avais a priori la vitesse pour y entrer, c&rsquo;est donc encourageant\u00a0\u00bb, poursuit l&rsquo;ancien vainqueur de l&rsquo;Enduropale du Touquet.<\/p>\n<p>\u00ab\u00a0Depuis Loon, on a fait pas mal de d\u00e9veloppement sur la moto avec le team\u00a0\u00bb, ajoute Martens. \u00ab\u00a0On a essay\u00e9 beaucoup de nouvelles pi\u00e8ces. On avance certainement dans la bonne direction !\u00a0\u00bb<\/p>\n<p>&nbsp;<\/p>\n<div id=\"ConnectiveDocSignExtentionInstalled\" data-extension-version=\"1.0.4\"><\/div>\n","protected":false},"excerpt":{"rendered":"<p>Apr\u00e8s deux classiques de la saison de sable disput\u00e9es dans le nord, le championnat de France des Sables s&rsquo;envole ce week-end pour le sud du pays. Premi\u00e8re \u00e9tape de ce [&#8230;]<\/p>\n","protected":false},"author":932,"featured_media":97573,"comment_status":"open","ping_status":"closed","sticky":false,"template":"","format":"standard","meta":{"footnotes":""},"categories":[54,1075,32,55,65],"tags":[300,490,1178],"class_list":["post-99007","post","type-post","status-publish","format-standard","has-post-thumbnail","hentry","category-actualite","category-courses-de-sable","category-enduro","category-news-actualite","category-slideshow","tag-course-sur-sable","tag-france","tag-sable"],"yoast_head":"<!-- This site is optimized with the Yoast SEO plugin v27.4 - https:\/\/yoast.com\/product\/yoast-seo-wordpress\/ -->\n<title>Daymond Martens : &quot;Du bon et du moins bon... mais la vitesse est l\u00e0 !&quot; - Motocross - Enduro - Supermoto | MotocrossMag<\/title>\n<meta name=\"robots\" content=\"index, follow, max-snippet:-1, max-image-preview:large, max-video-preview:-1\" \/>\n<link rel=\"canonical\" href=\"https:\/\/fr.motocrossmag.be\/index.php\/2019\/11\/daymond-martens-du-bon-et-du-moins-bon-mais-la-vitesse-est-la\/\" \/>\n<meta property=\"og:locale\" content=\"fr_FR\" \/>\n<meta property=\"og:type\" content=\"article\" \/>\n<meta property=\"og:title\" content=\"Daymond Martens : &quot;Du bon et du moins bon... mais la vitesse est l\u00e0 !&quot; - Motocross - Enduro - Supermoto | MotocrossMag\" \/>\n<meta property=\"og:description\" content=\"Apr\u00e8s deux classiques de la saison de sable disput\u00e9es dans le nord, le championnat de France des Sables s&rsquo;envole ce week-end pour le sud du pays. Premi\u00e8re \u00e9tape de ce [...]\" \/>\n<meta property=\"og:url\" content=\"https:\/\/fr.motocrossmag.be\/index.php\/2019\/11\/daymond-martens-du-bon-et-du-moins-bon-mais-la-vitesse-est-la\/\" \/>\n<meta property=\"og:site_name\" content=\"Motocross - Enduro - Supermoto | MotocrossMag\" \/>\n<meta property=\"article:published_time\" content=\"2019-11-15T11:03:24+00:00\" \/>\n<meta property=\"og:image\" content=\"https:\/\/fr.motocrossmag.be\/wp-content\/uploads\/2019\/10\/daymond-martens.jpg\" \/>\n\t<meta property=\"og:image:width\" content=\"1000\" \/>\n\t<meta property=\"og:image:height\" content=\"614\" \/>\n\t<meta property=\"og:image:type\" content=\"image\/jpeg\" \/>\n<meta name=\"author\" content=\"oliviere\" \/>\n<meta name=\"twitter:card\" content=\"summary_large_image\" \/>\n<meta name=\"twitter:label1\" content=\"\u00c9crit par\" \/>\n\t<meta name=\"twitter:data1\" content=\"oliviere\" \/>\n\t<meta name=\"twitter:label2\" content=\"Dur\u00e9e de lecture estim\u00e9e\" \/>\n\t<meta name=\"twitter:data2\" content=\"2 minutes\" \/>\n<script type=\"application\/ld+json\" class=\"yoast-schema-graph\">{\"@context\":\"https:\\\/\\\/schema.org\",\"@graph\":[{\"@type\":\"Article\",\"@id\":\"https:\\\/\\\/fr.motocrossmag.be\\\/index.php\\\/2019\\\/11\\\/daymond-martens-du-bon-et-du-moins-bon-mais-la-vitesse-est-la\\\/#article\",\"isPartOf\":{\"@id\":\"https:\\\/\\\/fr.motocrossmag.be\\\/index.php\\\/2019\\\/11\\\/daymond-martens-du-bon-et-du-moins-bon-mais-la-vitesse-est-la\\\/\"},\"author\":{\"name\":\"oliviere\",\"@id\":\"https:\\\/\\\/fr.motocrossmag.be\\\/#\\\/schema\\\/person\\\/11b47143d9f755babca2c9110e03235c\"},\"headline\":\"Daymond Martens : \u00ab\u00a0Du bon et du moins bon&#8230; mais la vitesse est l\u00e0 !\u00a0\u00bb\",\"datePublished\":\"2019-11-15T11:03:24+00:00\",\"mainEntityOfPage\":{\"@id\":\"https:\\\/\\\/fr.motocrossmag.be\\\/index.php\\\/2019\\\/11\\\/daymond-martens-du-bon-et-du-moins-bon-mais-la-vitesse-est-la\\\/\"},\"wordCount\":353,\"commentCount\":0,\"image\":{\"@id\":\"https:\\\/\\\/fr.motocrossmag.be\\\/index.php\\\/2019\\\/11\\\/daymond-martens-du-bon-et-du-moins-bon-mais-la-vitesse-est-la\\\/#primaryimage\"},\"thumbnailUrl\":\"https:\\\/\\\/fr.motocrossmag.be\\\/wp-content\\\/uploads\\\/2019\\\/10\\\/daymond-martens.jpg\",\"keywords\":[\"CFS\",\"france\",\"sable\"],\"articleSection\":[\"Actualit\u00e9\",\"Courses de sable\",\"Enduro\",\"News\",\"Slideshow\"],\"inLanguage\":\"fr-FR\",\"potentialAction\":[{\"@type\":\"CommentAction\",\"name\":\"Comment\",\"target\":[\"https:\\\/\\\/fr.motocrossmag.be\\\/index.php\\\/2019\\\/11\\\/daymond-martens-du-bon-et-du-moins-bon-mais-la-vitesse-est-la\\\/#respond\"]}]},{\"@type\":\"WebPage\",\"@id\":\"https:\\\/\\\/fr.motocrossmag.be\\\/index.php\\\/2019\\\/11\\\/daymond-martens-du-bon-et-du-moins-bon-mais-la-vitesse-est-la\\\/\",\"url\":\"https:\\\/\\\/fr.motocrossmag.be\\\/index.php\\\/2019\\\/11\\\/daymond-martens-du-bon-et-du-moins-bon-mais-la-vitesse-est-la\\\/\",\"name\":\"Daymond Martens : \\\"Du bon et du moins bon... mais la vitesse est l\u00e0 !\\\" - Motocross - Enduro - Supermoto | MotocrossMag\",\"isPartOf\":{\"@id\":\"https:\\\/\\\/fr.motocrossmag.be\\\/#website\"},\"primaryImageOfPage\":{\"@id\":\"https:\\\/\\\/fr.motocrossmag.be\\\/index.php\\\/2019\\\/11\\\/daymond-martens-du-bon-et-du-moins-bon-mais-la-vitesse-est-la\\\/#primaryimage\"},\"image\":{\"@id\":\"https:\\\/\\\/fr.motocrossmag.be\\\/index.php\\\/2019\\\/11\\\/daymond-martens-du-bon-et-du-moins-bon-mais-la-vitesse-est-la\\\/#primaryimage\"},\"thumbnailUrl\":\"https:\\\/\\\/fr.motocrossmag.be\\\/wp-content\\\/uploads\\\/2019\\\/10\\\/daymond-martens.jpg\",\"datePublished\":\"2019-11-15T11:03:24+00:00\",\"author\":{\"@id\":\"https:\\\/\\\/fr.motocrossmag.be\\\/#\\\/schema\\\/person\\\/11b47143d9f755babca2c9110e03235c\"},\"breadcrumb\":{\"@id\":\"https:\\\/\\\/fr.motocrossmag.be\\\/index.php\\\/2019\\\/11\\\/daymond-martens-du-bon-et-du-moins-bon-mais-la-vitesse-est-la\\\/#breadcrumb\"},\"inLanguage\":\"fr-FR\",\"potentialAction\":[{\"@type\":\"ReadAction\",\"target\":[\"https:\\\/\\\/fr.motocrossmag.be\\\/index.php\\\/2019\\\/11\\\/daymond-martens-du-bon-et-du-moins-bon-mais-la-vitesse-est-la\\\/\"]}]},{\"@type\":\"ImageObject\",\"inLanguage\":\"fr-FR\",\"@id\":\"https:\\\/\\\/fr.motocrossmag.be\\\/index.php\\\/2019\\\/11\\\/daymond-martens-du-bon-et-du-moins-bon-mais-la-vitesse-est-la\\\/#primaryimage\",\"url\":\"https:\\\/\\\/fr.motocrossmag.be\\\/wp-content\\\/uploads\\\/2019\\\/10\\\/daymond-martens.jpg\",\"contentUrl\":\"https:\\\/\\\/fr.motocrossmag.be\\\/wp-content\\\/uploads\\\/2019\\\/10\\\/daymond-martens.jpg\",\"width\":1000,\"height\":614},{\"@type\":\"BreadcrumbList\",\"@id\":\"https:\\\/\\\/fr.motocrossmag.be\\\/index.php\\\/2019\\\/11\\\/daymond-martens-du-bon-et-du-moins-bon-mais-la-vitesse-est-la\\\/#breadcrumb\",\"itemListElement\":[{\"@type\":\"ListItem\",\"position\":1,\"name\":\"Accueil\",\"item\":\"https:\\\/\\\/fr.motocrossmag.be\\\/\"},{\"@type\":\"ListItem\",\"position\":2,\"name\":\"Daymond Martens : \u00ab\u00a0Du bon et du moins bon&#8230; mais la vitesse est l\u00e0 !\u00a0\u00bb\"}]},{\"@type\":\"WebSite\",\"@id\":\"https:\\\/\\\/fr.motocrossmag.be\\\/#website\",\"url\":\"https:\\\/\\\/fr.motocrossmag.be\\\/\",\"name\":\"Motocross - Enduro - Supermoto | MotocrossMag\",\"description\":\"L&#039;actualit\u00e9 du motocross, de l&#039;enduro et du Supermoto en ligne!\",\"potentialAction\":[{\"@type\":\"SearchAction\",\"target\":{\"@type\":\"EntryPoint\",\"urlTemplate\":\"https:\\\/\\\/fr.motocrossmag.be\\\/?s={search_term_string}\"},\"query-input\":{\"@type\":\"PropertyValueSpecification\",\"valueRequired\":true,\"valueName\":\"search_term_string\"}}],\"inLanguage\":\"fr-FR\"},{\"@type\":\"Person\",\"@id\":\"https:\\\/\\\/fr.motocrossmag.be\\\/#\\\/schema\\\/person\\\/11b47143d9f755babca2c9110e03235c\",\"name\":\"oliviere\",\"image\":{\"@type\":\"ImageObject\",\"inLanguage\":\"fr-FR\",\"@id\":\"https:\\\/\\\/secure.gravatar.com\\\/avatar\\\/907069e0b81d119452040469e4a7501da1100f54f7f80180ce77bfab718288f6?s=96&d=mm&r=g\",\"url\":\"https:\\\/\\\/secure.gravatar.com\\\/avatar\\\/907069e0b81d119452040469e4a7501da1100f54f7f80180ce77bfab718288f6?s=96&d=mm&r=g\",\"contentUrl\":\"https:\\\/\\\/secure.gravatar.com\\\/avatar\\\/907069e0b81d119452040469e4a7501da1100f54f7f80180ce77bfab718288f6?s=96&d=mm&r=g\",\"caption\":\"oliviere\"},\"sameAs\":[\"http:\\\/\\\/www.motocrossmag.be\"],\"url\":\"https:\\\/\\\/fr.motocrossmag.be\\\/index.php\\\/author\\\/oliviere\\\/\"}]}<\/script>\n<!-- \/ Yoast SEO plugin. -->","yoast_head_json":{"title":"Daymond Martens : \"Du bon et du moins bon... mais la vitesse est l\u00e0 !\" - Motocross - Enduro - Supermoto | MotocrossMag","robots":{"index":"index","follow":"follow","max-snippet":"max-snippet:-1","max-image-preview":"max-image-preview:large","max-video-preview":"max-video-preview:-1"},"canonical":"https:\/\/fr.motocrossmag.be\/index.php\/2019\/11\/daymond-martens-du-bon-et-du-moins-bon-mais-la-vitesse-est-la\/","og_locale":"fr_FR","og_type":"article","og_title":"Daymond Martens : \"Du bon et du moins bon... mais la vitesse est l\u00e0 !\" - Motocross - Enduro - Supermoto | MotocrossMag","og_description":"Apr\u00e8s deux classiques de la saison de sable disput\u00e9es dans le nord, le championnat de France des Sables s&rsquo;envole ce week-end pour le sud du pays. Premi\u00e8re \u00e9tape de ce [...]","og_url":"https:\/\/fr.motocrossmag.be\/index.php\/2019\/11\/daymond-martens-du-bon-et-du-moins-bon-mais-la-vitesse-est-la\/","og_site_name":"Motocross - Enduro - Supermoto | MotocrossMag","article_published_time":"2019-11-15T11:03:24+00:00","og_image":[{"width":1000,"height":614,"url":"https:\/\/fr.motocrossmag.be\/wp-content\/uploads\/2019\/10\/daymond-martens.jpg","type":"image\/jpeg"}],"author":"oliviere","twitter_card":"summary_large_image","twitter_misc":{"\u00c9crit par":"oliviere","Dur\u00e9e de lecture estim\u00e9e":"2 minutes"},"schema":{"@context":"https:\/\/schema.org","@graph":[{"@type":"Article","@id":"https:\/\/fr.motocrossmag.be\/index.php\/2019\/11\/daymond-martens-du-bon-et-du-moins-bon-mais-la-vitesse-est-la\/#article","isPartOf":{"@id":"https:\/\/fr.motocrossmag.be\/index.php\/2019\/11\/daymond-martens-du-bon-et-du-moins-bon-mais-la-vitesse-est-la\/"},"author":{"name":"oliviere","@id":"https:\/\/fr.motocrossmag.be\/#\/schema\/person\/11b47143d9f755babca2c9110e03235c"},"headline":"Daymond Martens : \u00ab\u00a0Du bon et du moins bon&#8230; mais la vitesse est l\u00e0 !\u00a0\u00bb","datePublished":"2019-11-15T11:03:24+00:00","mainEntityOfPage":{"@id":"https:\/\/fr.motocrossmag.be\/index.php\/2019\/11\/daymond-martens-du-bon-et-du-moins-bon-mais-la-vitesse-est-la\/"},"wordCount":353,"commentCount":0,"image":{"@id":"https:\/\/fr.motocrossmag.be\/index.php\/2019\/11\/daymond-martens-du-bon-et-du-moins-bon-mais-la-vitesse-est-la\/#primaryimage"},"thumbnailUrl":"https:\/\/fr.motocrossmag.be\/wp-content\/uploads\/2019\/10\/daymond-martens.jpg","keywords":["CFS","france","sable"],"articleSection":["Actualit\u00e9","Courses de sable","Enduro","News","Slideshow"],"inLanguage":"fr-FR","potentialAction":[{"@type":"CommentAction","name":"Comment","target":["https:\/\/fr.motocrossmag.be\/index.php\/2019\/11\/daymond-martens-du-bon-et-du-moins-bon-mais-la-vitesse-est-la\/#respond"]}]},{"@type":"WebPage","@id":"https:\/\/fr.motocrossmag.be\/index.php\/2019\/11\/daymond-martens-du-bon-et-du-moins-bon-mais-la-vitesse-est-la\/","url":"https:\/\/fr.motocrossmag.be\/index.php\/2019\/11\/daymond-martens-du-bon-et-du-moins-bon-mais-la-vitesse-est-la\/","name":"Daymond Martens : \"Du bon et du moins bon... mais la vitesse est l\u00e0 !\" - Motocross - Enduro - Supermoto | MotocrossMag","isPartOf":{"@id":"https:\/\/fr.motocrossmag.be\/#website"},"primaryImageOfPage":{"@id":"https:\/\/fr.motocrossmag.be\/index.php\/2019\/11\/daymond-martens-du-bon-et-du-moins-bon-mais-la-vitesse-est-la\/#primaryimage"},"image":{"@id":"https:\/\/fr.motocrossmag.be\/index.php\/2019\/11\/daymond-martens-du-bon-et-du-moins-bon-mais-la-vitesse-est-la\/#primaryimage"},"thumbnailUrl":"https:\/\/fr.motocrossmag.be\/wp-content\/uploads\/2019\/10\/daymond-martens.jpg","datePublished":"2019-11-15T11:03:24+00:00","author":{"@id":"https:\/\/fr.motocrossmag.be\/#\/schema\/person\/11b47143d9f755babca2c9110e03235c"},"breadcrumb":{"@id":"https:\/\/fr.motocrossmag.be\/index.php\/2019\/11\/daymond-martens-du-bon-et-du-moins-bon-mais-la-vitesse-est-la\/#breadcrumb"},"inLanguage":"fr-FR","potentialAction":[{"@type":"ReadAction","target":["https:\/\/fr.motocrossmag.be\/index.php\/2019\/11\/daymond-martens-du-bon-et-du-moins-bon-mais-la-vitesse-est-la\/"]}]},{"@type":"ImageObject","inLanguage":"fr-FR","@id":"https:\/\/fr.motocrossmag.be\/index.php\/2019\/11\/daymond-martens-du-bon-et-du-moins-bon-mais-la-vitesse-est-la\/#primaryimage","url":"https:\/\/fr.motocrossmag.be\/wp-content\/uploads\/2019\/10\/daymond-martens.jpg","contentUrl":"https:\/\/fr.motocrossmag.be\/wp-content\/uploads\/2019\/10\/daymond-martens.jpg","width":1000,"height":614},{"@type":"BreadcrumbList","@id":"https:\/\/fr.motocrossmag.be\/index.php\/2019\/11\/daymond-martens-du-bon-et-du-moins-bon-mais-la-vitesse-est-la\/#breadcrumb","itemListElement":[{"@type":"ListItem","position":1,"name":"Accueil","item":"https:\/\/fr.motocrossmag.be\/"},{"@type":"ListItem","position":2,"name":"Daymond Martens : \u00ab\u00a0Du bon et du moins bon&#8230; mais la vitesse est l\u00e0 !\u00a0\u00bb"}]},{"@type":"WebSite","@id":"https:\/\/fr.motocrossmag.be\/#website","url":"https:\/\/fr.motocrossmag.be\/","name":"Motocross - Enduro - Supermoto | MotocrossMag","description":"L&#039;actualit\u00e9 du motocross, de l&#039;enduro et du Supermoto en ligne!","potentialAction":[{"@type":"SearchAction","target":{"@type":"EntryPoint","urlTemplate":"https:\/\/fr.motocrossmag.be\/?s={search_term_string}"},"query-input":{"@type":"PropertyValueSpecification","valueRequired":true,"valueName":"search_term_string"}}],"inLanguage":"fr-FR"},{"@type":"Person","@id":"https:\/\/fr.motocrossmag.be\/#\/schema\/person\/11b47143d9f755babca2c9110e03235c","name":"oliviere","image":{"@type":"ImageObject","inLanguage":"fr-FR","@id":"https:\/\/secure.gravatar.com\/avatar\/907069e0b81d119452040469e4a7501da1100f54f7f80180ce77bfab718288f6?s=96&d=mm&r=g","url":"https:\/\/secure.gravatar.com\/avatar\/907069e0b81d119452040469e4a7501da1100f54f7f80180ce77bfab718288f6?s=96&d=mm&r=g","contentUrl":"https:\/\/secure.gravatar.com\/avatar\/907069e0b81d119452040469e4a7501da1100f54f7f80180ce77bfab718288f6?s=96&d=mm&r=g","caption":"oliviere"},"sameAs":["http:\/\/www.motocrossmag.be"],"url":"https:\/\/fr.motocrossmag.be\/index.php\/author\/oliviere\/"}]}},"_links":{"self":[{"href":"https:\/\/fr.motocrossmag.be\/index.php\/wp-json\/wp\/v2\/posts\/99007","targetHints":{"allow":["GET"]}}],"collection":[{"href":"https:\/\/fr.motocrossmag.be\/index.php\/wp-json\/wp\/v2\/posts"}],"about":[{"href":"https:\/\/fr.motocrossmag.be\/index.php\/wp-json\/wp\/v2\/types\/post"}],"author":[{"embeddable":true,"href":"https:\/\/fr.motocrossmag.be\/index.php\/wp-json\/wp\/v2\/users\/932"}],"replies":[{"embeddable":true,"href":"https:\/\/fr.motocrossmag.be\/index.php\/wp-json\/wp\/v2\/comments?post=99007"}],"version-history":[{"count":0,"href":"https:\/\/fr.motocrossmag.be\/index.php\/wp-json\/wp\/v2\/posts\/99007\/revisions"}],"wp:featuredmedia":[{"embeddable":true,"href":"https:\/\/fr.motocrossmag.be\/index.php\/wp-json\/wp\/v2\/media\/97573"}],"wp:attachment":[{"href":"https:\/\/fr.motocrossmag.be\/index.php\/wp-json\/wp\/v2\/media?parent=99007"}],"wp:term":[{"taxonomy":"category","embeddable":true,"href":"https:\/\/fr.motocrossmag.be\/index.php\/wp-json\/wp\/v2\/categories?post=99007"},{"taxonomy":"post_tag","embeddable":true,"href":"https:\/\/fr.motocrossmag.be\/index.php\/wp-json\/wp\/v2\/tags?post=99007"}],"curies":[{"name":"wp","href":"https:\/\/api.w.org\/{rel}","templated":true}]}}