{"id":99113,"date":"2019-11-17T14:56:39","date_gmt":"2019-11-17T13:56:39","guid":{"rendered":"https:\/\/fr.motocrossmag.be\/?p=99113"},"modified":"2019-11-17T14:56:39","modified_gmt":"2019-11-17T13:56:39","slug":"video-cfs-tom-hurtaud-remporte-la-course-amateurs-sous-le-deluge-a-magescq","status":"publish","type":"post","link":"https:\/\/fr.motocrossmag.be\/index.php\/2019\/11\/video-cfs-tom-hurtaud-remporte-la-course-amateurs-sous-le-deluge-a-magescq\/","title":{"rendered":"Vid\u00e9o CFS : Tom Hurtaud remporte la course Amateurs sous le d\u00e9luge \u00e0 Magescq"},"content":{"rendered":"<p><strong>Ils ont \u00e9t\u00e9 les seuls \u00e0 avoir finalement l&rsquo;occasion de disputer leur course ce week-end \u00e0 Magescq. Mais dans quelles conditions ! C&rsquo;est en effet entre averses de pluie et de neige que les pilotes amateurs ont roul\u00e9 ce samedi sur la piste du 3\u00e8me round du championnat de France des Sables. Toutes les autres \u00e9preuves (Quads, Juniors, Espoirs, 65cc et Motos) ont \u00e9t\u00e9 annul\u00e9es.<\/strong><\/p>\n<p>Tom Hurtaud a domin\u00e9 la course organis\u00e9e sur un peu plus d&rsquo;une heure. Le pilote Yamaha termine avec un tour d&rsquo;avance sur les deux pilotes qui l&rsquo;accompagnent sur le podium : Romain Fort et Benjamin Decroix.<\/p>\n<p>&nbsp;<\/p>\n<p><iframe class=\"lazyload\" style=\"border: none; overflow: hidden;\" src=\"data:image\/svg+xml,%3Csvg%20xmlns%3D%27http%3A%2F%2Fwww.w3.org%2F2000%2Fsvg%27%20width%3D%27650%27%20height%3D%27366%27%20viewBox%3D%270%200%20650%20366%27%3E%3Crect%20width%3D%27650%27%20height%3D%27366%27%20fill-opacity%3D%220%22%2F%3E%3C%2Fsvg%3E\" data-orig-src=\"https:\/\/www.facebook.com\/plugins\/video.php?href=https%3A%2F%2Fwww.facebook.com%2FCoursesSurSable%2Fvideos%2F747334245781440%2F&amp;show_text=0&amp;width=560\" width=\"650\" height=\"366\" frameborder=\"0\" scrolling=\"no\" allowfullscreen=\"allowfullscreen\"><\/iframe><br \/>\n<strong><br \/>\n<\/strong><\/p>\n<p><strong><span style=\"color: #800000;\">R\u00e9sultats<\/span><\/strong><\/p>\n<p>1 HURTAUD Tom &#8211; Yamaha 9 trs; 2 FORT Romain &#8211; KTM 8 trs; 3 DECROIX Benjamin &#8211; Yamaha 8 trs; 4 JORGE Remiro &#8211; KTM 8 trs; 5 GAINES Alex &#8211; KTM 8 trs; 6 GERMAIN Tom; 7 RIZZO Jeremie; 8 MURAT Nathan; 9 LUBERRIAGA Franck; 10 LE ROHELLEC Yohann; 11 GEAY Bastien; 12 LLORENS Yannick;13 LEFEBVRE Mathieu; 14 SIMONNET Christophe; 15 FEDELE David; 16 PRIOU Guillaume; 17 MENDEZ Yann; 18 NOUALLET Aurelien; 19 POTEREAU Sebastien; 20 DUMAS Sebastien;&#8230;<\/p>\n<div id=\"ConnectiveDocSignExtentionInstalled\" data-extension-version=\"1.0.4\"><\/div>\n","protected":false},"excerpt":{"rendered":"<p>Ils ont \u00e9t\u00e9 les seuls \u00e0 avoir finalement l&rsquo;occasion de disputer leur course ce week-end \u00e0 Magescq. Mais dans quelles conditions ! C&rsquo;est en effet entre averses de pluie et [&#8230;]<\/p>\n","protected":false},"author":932,"featured_media":99114,"comment_status":"open","ping_status":"closed","sticky":false,"template":"","format":"standard","meta":{"footnotes":""},"categories":[54,1075,32,33,55,65,62],"tags":[300,490,1178],"class_list":["post-99113","post","type-post","status-publish","format-standard","has-post-thumbnail","hentry","category-actualite","category-courses-de-sable","category-enduro","category-news-enduro","category-news-actualite","category-slideshow","category-video","tag-course-sur-sable","tag-france","tag-sable"],"yoast_head":"<!-- This site is optimized with the Yoast SEO plugin v27.4 - https:\/\/yoast.com\/product\/yoast-seo-wordpress\/ -->\n<title>Vid\u00e9o CFS : Tom Hurtaud remporte la course Amateurs sous le d\u00e9luge \u00e0 Magescq - Motocross - Enduro - Supermoto | MotocrossMag<\/title>\n<meta name=\"robots\" content=\"index, follow, max-snippet:-1, max-image-preview:large, max-video-preview:-1\" \/>\n<link rel=\"canonical\" href=\"https:\/\/fr.motocrossmag.be\/index.php\/2019\/11\/video-cfs-tom-hurtaud-remporte-la-course-amateurs-sous-le-deluge-a-magescq\/\" \/>\n<meta property=\"og:locale\" content=\"fr_FR\" \/>\n<meta property=\"og:type\" content=\"article\" \/>\n<meta property=\"og:title\" content=\"Vid\u00e9o CFS : Tom Hurtaud remporte la course Amateurs sous le d\u00e9luge \u00e0 Magescq - Motocross - Enduro - Supermoto | MotocrossMag\" \/>\n<meta property=\"og:description\" content=\"Ils ont \u00e9t\u00e9 les seuls \u00e0 avoir finalement l&rsquo;occasion de disputer leur course ce week-end \u00e0 Magescq. Mais dans quelles conditions ! C&rsquo;est en effet entre averses de pluie et [...]\" \/>\n<meta property=\"og:url\" content=\"https:\/\/fr.motocrossmag.be\/index.php\/2019\/11\/video-cfs-tom-hurtaud-remporte-la-course-amateurs-sous-le-deluge-a-magescq\/\" \/>\n<meta property=\"og:site_name\" content=\"Motocross - Enduro - Supermoto | MotocrossMag\" \/>\n<meta property=\"article:published_time\" content=\"2019-11-17T13:56:39+00:00\" \/>\n<meta property=\"og:image\" content=\"https:\/\/fr.motocrossmag.be\/wp-content\/uploads\/2019\/11\/magescq-amateurs-cfs.jpg\" \/>\n\t<meta property=\"og:image:width\" content=\"1000\" \/>\n\t<meta property=\"og:image:height\" content=\"650\" \/>\n\t<meta property=\"og:image:type\" content=\"image\/jpeg\" \/>\n<meta name=\"author\" content=\"oliviere\" \/>\n<meta name=\"twitter:card\" content=\"summary_large_image\" \/>\n<meta name=\"twitter:label1\" content=\"\u00c9crit par\" \/>\n\t<meta name=\"twitter:data1\" content=\"oliviere\" \/>\n\t<meta name=\"twitter:label2\" content=\"Dur\u00e9e de lecture estim\u00e9e\" \/>\n\t<meta name=\"twitter:data2\" content=\"1 minute\" \/>\n<script type=\"application\/ld+json\" class=\"yoast-schema-graph\">{\"@context\":\"https:\\\/\\\/schema.org\",\"@graph\":[{\"@type\":\"Article\",\"@id\":\"https:\\\/\\\/fr.motocrossmag.be\\\/index.php\\\/2019\\\/11\\\/video-cfs-tom-hurtaud-remporte-la-course-amateurs-sous-le-deluge-a-magescq\\\/#article\",\"isPartOf\":{\"@id\":\"https:\\\/\\\/fr.motocrossmag.be\\\/index.php\\\/2019\\\/11\\\/video-cfs-tom-hurtaud-remporte-la-course-amateurs-sous-le-deluge-a-magescq\\\/\"},\"author\":{\"name\":\"oliviere\",\"@id\":\"https:\\\/\\\/fr.motocrossmag.be\\\/#\\\/schema\\\/person\\\/11b47143d9f755babca2c9110e03235c\"},\"headline\":\"Vid\u00e9o CFS : Tom Hurtaud remporte la course Amateurs sous le d\u00e9luge \u00e0 Magescq\",\"datePublished\":\"2019-11-17T13:56:39+00:00\",\"mainEntityOfPage\":{\"@id\":\"https:\\\/\\\/fr.motocrossmag.be\\\/index.php\\\/2019\\\/11\\\/video-cfs-tom-hurtaud-remporte-la-course-amateurs-sous-le-deluge-a-magescq\\\/\"},\"wordCount\":177,\"commentCount\":0,\"image\":{\"@id\":\"https:\\\/\\\/fr.motocrossmag.be\\\/index.php\\\/2019\\\/11\\\/video-cfs-tom-hurtaud-remporte-la-course-amateurs-sous-le-deluge-a-magescq\\\/#primaryimage\"},\"thumbnailUrl\":\"https:\\\/\\\/fr.motocrossmag.be\\\/wp-content\\\/uploads\\\/2019\\\/11\\\/magescq-amateurs-cfs.jpg\",\"keywords\":[\"CFS\",\"france\",\"sable\"],\"articleSection\":[\"Actualit\u00e9\",\"Courses de sable\",\"Enduro\",\"News\",\"News\",\"Slideshow\",\"Videos\"],\"inLanguage\":\"fr-FR\",\"potentialAction\":[{\"@type\":\"CommentAction\",\"name\":\"Comment\",\"target\":[\"https:\\\/\\\/fr.motocrossmag.be\\\/index.php\\\/2019\\\/11\\\/video-cfs-tom-hurtaud-remporte-la-course-amateurs-sous-le-deluge-a-magescq\\\/#respond\"]}]},{\"@type\":\"WebPage\",\"@id\":\"https:\\\/\\\/fr.motocrossmag.be\\\/index.php\\\/2019\\\/11\\\/video-cfs-tom-hurtaud-remporte-la-course-amateurs-sous-le-deluge-a-magescq\\\/\",\"url\":\"https:\\\/\\\/fr.motocrossmag.be\\\/index.php\\\/2019\\\/11\\\/video-cfs-tom-hurtaud-remporte-la-course-amateurs-sous-le-deluge-a-magescq\\\/\",\"name\":\"Vid\u00e9o CFS : Tom Hurtaud remporte la course Amateurs sous le d\u00e9luge \u00e0 Magescq - Motocross - Enduro - Supermoto | MotocrossMag\",\"isPartOf\":{\"@id\":\"https:\\\/\\\/fr.motocrossmag.be\\\/#website\"},\"primaryImageOfPage\":{\"@id\":\"https:\\\/\\\/fr.motocrossmag.be\\\/index.php\\\/2019\\\/11\\\/video-cfs-tom-hurtaud-remporte-la-course-amateurs-sous-le-deluge-a-magescq\\\/#primaryimage\"},\"image\":{\"@id\":\"https:\\\/\\\/fr.motocrossmag.be\\\/index.php\\\/2019\\\/11\\\/video-cfs-tom-hurtaud-remporte-la-course-amateurs-sous-le-deluge-a-magescq\\\/#primaryimage\"},\"thumbnailUrl\":\"https:\\\/\\\/fr.motocrossmag.be\\\/wp-content\\\/uploads\\\/2019\\\/11\\\/magescq-amateurs-cfs.jpg\",\"datePublished\":\"2019-11-17T13:56:39+00:00\",\"author\":{\"@id\":\"https:\\\/\\\/fr.motocrossmag.be\\\/#\\\/schema\\\/person\\\/11b47143d9f755babca2c9110e03235c\"},\"breadcrumb\":{\"@id\":\"https:\\\/\\\/fr.motocrossmag.be\\\/index.php\\\/2019\\\/11\\\/video-cfs-tom-hurtaud-remporte-la-course-amateurs-sous-le-deluge-a-magescq\\\/#breadcrumb\"},\"inLanguage\":\"fr-FR\",\"potentialAction\":[{\"@type\":\"ReadAction\",\"target\":[\"https:\\\/\\\/fr.motocrossmag.be\\\/index.php\\\/2019\\\/11\\\/video-cfs-tom-hurtaud-remporte-la-course-amateurs-sous-le-deluge-a-magescq\\\/\"]}]},{\"@type\":\"ImageObject\",\"inLanguage\":\"fr-FR\",\"@id\":\"https:\\\/\\\/fr.motocrossmag.be\\\/index.php\\\/2019\\\/11\\\/video-cfs-tom-hurtaud-remporte-la-course-amateurs-sous-le-deluge-a-magescq\\\/#primaryimage\",\"url\":\"https:\\\/\\\/fr.motocrossmag.be\\\/wp-content\\\/uploads\\\/2019\\\/11\\\/magescq-amateurs-cfs.jpg\",\"contentUrl\":\"https:\\\/\\\/fr.motocrossmag.be\\\/wp-content\\\/uploads\\\/2019\\\/11\\\/magescq-amateurs-cfs.jpg\",\"width\":1000,\"height\":650},{\"@type\":\"BreadcrumbList\",\"@id\":\"https:\\\/\\\/fr.motocrossmag.be\\\/index.php\\\/2019\\\/11\\\/video-cfs-tom-hurtaud-remporte-la-course-amateurs-sous-le-deluge-a-magescq\\\/#breadcrumb\",\"itemListElement\":[{\"@type\":\"ListItem\",\"position\":1,\"name\":\"Accueil\",\"item\":\"https:\\\/\\\/fr.motocrossmag.be\\\/\"},{\"@type\":\"ListItem\",\"position\":2,\"name\":\"Vid\u00e9o CFS : Tom Hurtaud remporte la course Amateurs sous le d\u00e9luge \u00e0 Magescq\"}]},{\"@type\":\"WebSite\",\"@id\":\"https:\\\/\\\/fr.motocrossmag.be\\\/#website\",\"url\":\"https:\\\/\\\/fr.motocrossmag.be\\\/\",\"name\":\"Motocross - Enduro - Supermoto | MotocrossMag\",\"description\":\"L&#039;actualit\u00e9 du motocross, de l&#039;enduro et du Supermoto en ligne!\",\"potentialAction\":[{\"@type\":\"SearchAction\",\"target\":{\"@type\":\"EntryPoint\",\"urlTemplate\":\"https:\\\/\\\/fr.motocrossmag.be\\\/?s={search_term_string}\"},\"query-input\":{\"@type\":\"PropertyValueSpecification\",\"valueRequired\":true,\"valueName\":\"search_term_string\"}}],\"inLanguage\":\"fr-FR\"},{\"@type\":\"Person\",\"@id\":\"https:\\\/\\\/fr.motocrossmag.be\\\/#\\\/schema\\\/person\\\/11b47143d9f755babca2c9110e03235c\",\"name\":\"oliviere\",\"image\":{\"@type\":\"ImageObject\",\"inLanguage\":\"fr-FR\",\"@id\":\"https:\\\/\\\/secure.gravatar.com\\\/avatar\\\/907069e0b81d119452040469e4a7501da1100f54f7f80180ce77bfab718288f6?s=96&d=mm&r=g\",\"url\":\"https:\\\/\\\/secure.gravatar.com\\\/avatar\\\/907069e0b81d119452040469e4a7501da1100f54f7f80180ce77bfab718288f6?s=96&d=mm&r=g\",\"contentUrl\":\"https:\\\/\\\/secure.gravatar.com\\\/avatar\\\/907069e0b81d119452040469e4a7501da1100f54f7f80180ce77bfab718288f6?s=96&d=mm&r=g\",\"caption\":\"oliviere\"},\"sameAs\":[\"http:\\\/\\\/www.motocrossmag.be\"],\"url\":\"https:\\\/\\\/fr.motocrossmag.be\\\/index.php\\\/author\\\/oliviere\\\/\"}]}<\/script>\n<!-- \/ Yoast SEO plugin. -->","yoast_head_json":{"title":"Vid\u00e9o CFS : Tom Hurtaud remporte la course Amateurs sous le d\u00e9luge \u00e0 Magescq - Motocross - Enduro - Supermoto | MotocrossMag","robots":{"index":"index","follow":"follow","max-snippet":"max-snippet:-1","max-image-preview":"max-image-preview:large","max-video-preview":"max-video-preview:-1"},"canonical":"https:\/\/fr.motocrossmag.be\/index.php\/2019\/11\/video-cfs-tom-hurtaud-remporte-la-course-amateurs-sous-le-deluge-a-magescq\/","og_locale":"fr_FR","og_type":"article","og_title":"Vid\u00e9o CFS : Tom Hurtaud remporte la course Amateurs sous le d\u00e9luge \u00e0 Magescq - Motocross - Enduro - Supermoto | MotocrossMag","og_description":"Ils ont \u00e9t\u00e9 les seuls \u00e0 avoir finalement l&rsquo;occasion de disputer leur course ce week-end \u00e0 Magescq. Mais dans quelles conditions ! C&rsquo;est en effet entre averses de pluie et [...]","og_url":"https:\/\/fr.motocrossmag.be\/index.php\/2019\/11\/video-cfs-tom-hurtaud-remporte-la-course-amateurs-sous-le-deluge-a-magescq\/","og_site_name":"Motocross - Enduro - Supermoto | MotocrossMag","article_published_time":"2019-11-17T13:56:39+00:00","og_image":[{"width":1000,"height":650,"url":"https:\/\/fr.motocrossmag.be\/wp-content\/uploads\/2019\/11\/magescq-amateurs-cfs.jpg","type":"image\/jpeg"}],"author":"oliviere","twitter_card":"summary_large_image","twitter_misc":{"\u00c9crit par":"oliviere","Dur\u00e9e de lecture estim\u00e9e":"1 minute"},"schema":{"@context":"https:\/\/schema.org","@graph":[{"@type":"Article","@id":"https:\/\/fr.motocrossmag.be\/index.php\/2019\/11\/video-cfs-tom-hurtaud-remporte-la-course-amateurs-sous-le-deluge-a-magescq\/#article","isPartOf":{"@id":"https:\/\/fr.motocrossmag.be\/index.php\/2019\/11\/video-cfs-tom-hurtaud-remporte-la-course-amateurs-sous-le-deluge-a-magescq\/"},"author":{"name":"oliviere","@id":"https:\/\/fr.motocrossmag.be\/#\/schema\/person\/11b47143d9f755babca2c9110e03235c"},"headline":"Vid\u00e9o CFS : Tom Hurtaud remporte la course Amateurs sous le d\u00e9luge \u00e0 Magescq","datePublished":"2019-11-17T13:56:39+00:00","mainEntityOfPage":{"@id":"https:\/\/fr.motocrossmag.be\/index.php\/2019\/11\/video-cfs-tom-hurtaud-remporte-la-course-amateurs-sous-le-deluge-a-magescq\/"},"wordCount":177,"commentCount":0,"image":{"@id":"https:\/\/fr.motocrossmag.be\/index.php\/2019\/11\/video-cfs-tom-hurtaud-remporte-la-course-amateurs-sous-le-deluge-a-magescq\/#primaryimage"},"thumbnailUrl":"https:\/\/fr.motocrossmag.be\/wp-content\/uploads\/2019\/11\/magescq-amateurs-cfs.jpg","keywords":["CFS","france","sable"],"articleSection":["Actualit\u00e9","Courses de sable","Enduro","News","News","Slideshow","Videos"],"inLanguage":"fr-FR","potentialAction":[{"@type":"CommentAction","name":"Comment","target":["https:\/\/fr.motocrossmag.be\/index.php\/2019\/11\/video-cfs-tom-hurtaud-remporte-la-course-amateurs-sous-le-deluge-a-magescq\/#respond"]}]},{"@type":"WebPage","@id":"https:\/\/fr.motocrossmag.be\/index.php\/2019\/11\/video-cfs-tom-hurtaud-remporte-la-course-amateurs-sous-le-deluge-a-magescq\/","url":"https:\/\/fr.motocrossmag.be\/index.php\/2019\/11\/video-cfs-tom-hurtaud-remporte-la-course-amateurs-sous-le-deluge-a-magescq\/","name":"Vid\u00e9o CFS : Tom Hurtaud remporte la course Amateurs sous le d\u00e9luge \u00e0 Magescq - Motocross - Enduro - Supermoto | MotocrossMag","isPartOf":{"@id":"https:\/\/fr.motocrossmag.be\/#website"},"primaryImageOfPage":{"@id":"https:\/\/fr.motocrossmag.be\/index.php\/2019\/11\/video-cfs-tom-hurtaud-remporte-la-course-amateurs-sous-le-deluge-a-magescq\/#primaryimage"},"image":{"@id":"https:\/\/fr.motocrossmag.be\/index.php\/2019\/11\/video-cfs-tom-hurtaud-remporte-la-course-amateurs-sous-le-deluge-a-magescq\/#primaryimage"},"thumbnailUrl":"https:\/\/fr.motocrossmag.be\/wp-content\/uploads\/2019\/11\/magescq-amateurs-cfs.jpg","datePublished":"2019-11-17T13:56:39+00:00","author":{"@id":"https:\/\/fr.motocrossmag.be\/#\/schema\/person\/11b47143d9f755babca2c9110e03235c"},"breadcrumb":{"@id":"https:\/\/fr.motocrossmag.be\/index.php\/2019\/11\/video-cfs-tom-hurtaud-remporte-la-course-amateurs-sous-le-deluge-a-magescq\/#breadcrumb"},"inLanguage":"fr-FR","potentialAction":[{"@type":"ReadAction","target":["https:\/\/fr.motocrossmag.be\/index.php\/2019\/11\/video-cfs-tom-hurtaud-remporte-la-course-amateurs-sous-le-deluge-a-magescq\/"]}]},{"@type":"ImageObject","inLanguage":"fr-FR","@id":"https:\/\/fr.motocrossmag.be\/index.php\/2019\/11\/video-cfs-tom-hurtaud-remporte-la-course-amateurs-sous-le-deluge-a-magescq\/#primaryimage","url":"https:\/\/fr.motocrossmag.be\/wp-content\/uploads\/2019\/11\/magescq-amateurs-cfs.jpg","contentUrl":"https:\/\/fr.motocrossmag.be\/wp-content\/uploads\/2019\/11\/magescq-amateurs-cfs.jpg","width":1000,"height":650},{"@type":"BreadcrumbList","@id":"https:\/\/fr.motocrossmag.be\/index.php\/2019\/11\/video-cfs-tom-hurtaud-remporte-la-course-amateurs-sous-le-deluge-a-magescq\/#breadcrumb","itemListElement":[{"@type":"ListItem","position":1,"name":"Accueil","item":"https:\/\/fr.motocrossmag.be\/"},{"@type":"ListItem","position":2,"name":"Vid\u00e9o CFS : Tom Hurtaud remporte la course Amateurs sous le d\u00e9luge \u00e0 Magescq"}]},{"@type":"WebSite","@id":"https:\/\/fr.motocrossmag.be\/#website","url":"https:\/\/fr.motocrossmag.be\/","name":"Motocross - Enduro - Supermoto | MotocrossMag","description":"L&#039;actualit\u00e9 du motocross, de l&#039;enduro et du Supermoto en ligne!","potentialAction":[{"@type":"SearchAction","target":{"@type":"EntryPoint","urlTemplate":"https:\/\/fr.motocrossmag.be\/?s={search_term_string}"},"query-input":{"@type":"PropertyValueSpecification","valueRequired":true,"valueName":"search_term_string"}}],"inLanguage":"fr-FR"},{"@type":"Person","@id":"https:\/\/fr.motocrossmag.be\/#\/schema\/person\/11b47143d9f755babca2c9110e03235c","name":"oliviere","image":{"@type":"ImageObject","inLanguage":"fr-FR","@id":"https:\/\/secure.gravatar.com\/avatar\/907069e0b81d119452040469e4a7501da1100f54f7f80180ce77bfab718288f6?s=96&d=mm&r=g","url":"https:\/\/secure.gravatar.com\/avatar\/907069e0b81d119452040469e4a7501da1100f54f7f80180ce77bfab718288f6?s=96&d=mm&r=g","contentUrl":"https:\/\/secure.gravatar.com\/avatar\/907069e0b81d119452040469e4a7501da1100f54f7f80180ce77bfab718288f6?s=96&d=mm&r=g","caption":"oliviere"},"sameAs":["http:\/\/www.motocrossmag.be"],"url":"https:\/\/fr.motocrossmag.be\/index.php\/author\/oliviere\/"}]}},"_links":{"self":[{"href":"https:\/\/fr.motocrossmag.be\/index.php\/wp-json\/wp\/v2\/posts\/99113","targetHints":{"allow":["GET"]}}],"collection":[{"href":"https:\/\/fr.motocrossmag.be\/index.php\/wp-json\/wp\/v2\/posts"}],"about":[{"href":"https:\/\/fr.motocrossmag.be\/index.php\/wp-json\/wp\/v2\/types\/post"}],"author":[{"embeddable":true,"href":"https:\/\/fr.motocrossmag.be\/index.php\/wp-json\/wp\/v2\/users\/932"}],"replies":[{"embeddable":true,"href":"https:\/\/fr.motocrossmag.be\/index.php\/wp-json\/wp\/v2\/comments?post=99113"}],"version-history":[{"count":0,"href":"https:\/\/fr.motocrossmag.be\/index.php\/wp-json\/wp\/v2\/posts\/99113\/revisions"}],"wp:featuredmedia":[{"embeddable":true,"href":"https:\/\/fr.motocrossmag.be\/index.php\/wp-json\/wp\/v2\/media\/99114"}],"wp:attachment":[{"href":"https:\/\/fr.motocrossmag.be\/index.php\/wp-json\/wp\/v2\/media?parent=99113"}],"wp:term":[{"taxonomy":"category","embeddable":true,"href":"https:\/\/fr.motocrossmag.be\/index.php\/wp-json\/wp\/v2\/categories?post=99113"},{"taxonomy":"post_tag","embeddable":true,"href":"https:\/\/fr.motocrossmag.be\/index.php\/wp-json\/wp\/v2\/tags?post=99113"}],"curies":[{"name":"wp","href":"https:\/\/api.w.org\/{rel}","templated":true}]}}