{"id":99275,"date":"2019-11-28T10:00:46","date_gmt":"2019-11-28T09:00:46","guid":{"rendered":"http:\/\/fr.motocrossmag.be\/?p=99275"},"modified":"2019-11-28T10:04:44","modified_gmt":"2019-11-28T09:04:44","slug":"enduro-fmb-le-calendrier-2020-est-la","status":"publish","type":"post","link":"https:\/\/fr.motocrossmag.be\/index.php\/2019\/11\/enduro-fmb-le-calendrier-2020-est-la\/","title":{"rendered":"Enduro FMB : le calendrier 2020 est l\u00e0 !"},"content":{"rendered":"<p><strong>La f\u00e9d\u00e9ration nationale s&rsquo;appr\u00eate \u00e0 publier ce jeudi ses calendriers sportifs. Encore une fois, c&rsquo;est un calendrier enduro particuli\u00e8rement bien rempli que la FMB propose pour la saison 2020 puisque pas moins de 13 \u00e9preuves, dont cinq en France et deux en Hollande figurent au programme. La saison belge d&rsquo;enduro d\u00e9butera le 29 f\u00e9vrier \u00e0 Enter alors que c&rsquo;est \u00e0 Dinant que se disputera la finale, le dernier week-end de septembre.<\/strong><\/p>\n<p>&nbsp;<\/p><div class=\"mgdzo6a982033259b3\" ><!-- \/91277017\/Inline-articles-mobile -->\n<div style=\"margin:auto; text-align:center !important\">\n<div id='div-gpt-ad-1784982661365-0' style='min-width: 250px; min-height: 75px;'>\n  <script>\n    googletag.cmd.push(function() { googletag.display('div-gpt-ad-1784982661365-0'); });\n  <\/script>\n<\/div><\/div><\/div><style type=\"text\/css\">\r\n.mgdzo6a982033259b3 {\r\nmargin-bottom:30px;margin-top:20px\r\n}\r\n@media screen and (min-width: 1201px) {\r\n.mgdzo6a982033259b3 {\r\ndisplay: block;\r\n}\r\n}\r\n@media screen and (min-width: 993px) and (max-width: 1200px) {\r\n.mgdzo6a982033259b3 {\r\ndisplay: block;\r\n}\r\n}\r\n@media screen and (min-width: 769px) and (max-width: 992px) {\r\n.mgdzo6a982033259b3 {\r\ndisplay: block;\r\n}\r\n}\r\n@media screen and (min-width: 768px) and (max-width: 768px) {\r\n.mgdzo6a982033259b3 {\r\ndisplay: block;\r\n}\r\n}\r\n@media screen and (max-width: 767px) {\r\n.mgdzo6a982033259b3 {\r\ndisplay: block;\r\n}\r\n}\r\n<\/style>\r\n\n<p><span style=\"color: #ff0000;\"><strong>Calendrier enduro FMB 2020<\/strong><\/span><\/p>\n<table style=\"margin: auto;\" width=\"97%\">\n<tbody>\n<tr>\n<td width=\"110\">29\/02<\/td>\n<td width=\"150\">Enter (N)<\/td>\n<td width=\"225\"><a href=\"http:\/\/www.entersemotorclub.nl\/\" target=\"_blank\" rel=\"noopener\" data-saferedirecturl=\"https:\/\/www.google.com\/url?hl=fr&amp;q=http:\/\/www.entersemotorclub.nl&amp;source=gmail&amp;ust=1575017298214000&amp;usg=AFQjCNH87W0nbqsYIK5nuCAP3Aqfy5vP_A\" data-saferedirectreason=\"2\">www.entersemotorclub.nl<\/a><\/td>\n<\/tr>\n<tr>\n<td width=\"110\">22\/03<\/td>\n<td width=\"150\">Mettet<\/td>\n<td width=\"225\"><a href=\"http:\/\/www.dinant-moto-club.be\/\" target=\"_blank\" rel=\"noopener\" data-saferedirecturl=\"https:\/\/www.google.com\/url?hl=fr&amp;q=http:\/\/www.dinant-moto-club.be\/&amp;source=gmail&amp;ust=1575017298215000&amp;usg=AFQjCNGoqRNP1PL3AZH7lzLv3ehJDmoHTQ\" data-saferedirectreason=\"2\">www.dinant-moto-club.be<\/a><\/td>\n<\/tr>\n<tr>\n<td>05\/04<\/td>\n<td width=\"150\">Binche<\/td>\n<td width=\"225\"><\/td>\n<\/tr>\n<tr>\n<td width=\"110\">11\/04<\/td>\n<td width=\"150\">Havelte (N)<\/td>\n<td><a href=\"http:\/\/www.motordrenthe.nl\/\" target=\"_blank\" rel=\"noopener\" data-saferedirecturl=\"https:\/\/www.google.com\/url?hl=fr&amp;q=http:\/\/www.motordrenthe.nl&amp;source=gmail&amp;ust=1575017298215000&amp;usg=AFQjCNENp21pZ9r587C7jAggg8_8F1Tn-g\" data-saferedirectreason=\"2\">www.motordrenthe.nl<\/a><\/td>\n<\/tr>\n<tr>\n<td>26\/04<\/td>\n<td width=\"150\">Vouziers (F)<\/td>\n<td width=\"225\"><a href=\"http:\/\/www.motott.fr\/\" target=\"_blank\" rel=\"noopener\" data-saferedirecturl=\"https:\/\/www.google.com\/url?hl=fr&amp;q=http:\/\/www.motott.fr\/&amp;source=gmail&amp;ust=1575017298215000&amp;usg=AFQjCNEmXR6opIR9YOOYn5VbM-JDQJECCg\" data-saferedirectreason=\"2\">www.motott.fr<\/a><\/td>\n<\/tr>\n<tr>\n<td>10\/05<\/td>\n<td width=\"150\">Epernay (F)<\/td>\n<td width=\"225\"><a href=\"http:\/\/www.motott.fr\/\" target=\"_blank\" rel=\"noopener\" data-saferedirecturl=\"https:\/\/www.google.com\/url?hl=fr&amp;q=http:\/\/www.motott.fr\/&amp;source=gmail&amp;ust=1575017298215000&amp;usg=AFQjCNEmXR6opIR9YOOYn5VbM-JDQJECCg\" data-saferedirectreason=\"2\">www.motott.fr<\/a><\/td>\n<\/tr>\n<tr>\n<td>24\/05<\/td>\n<td width=\"150\">Rocroi (F)<\/td>\n<td width=\"225\"><a href=\"http:\/\/www.motott.fr\/\" target=\"_blank\" rel=\"noopener\" data-saferedirecturl=\"https:\/\/www.google.com\/url?hl=fr&amp;q=http:\/\/www.motott.fr\/&amp;source=gmail&amp;ust=1575017298216000&amp;usg=AFQjCNFb8mFSnY13N4rGmnXDua0EDlQycg\" data-saferedirectreason=\"2\">www.motott.fr<\/a><\/td>\n<\/tr>\n<tr>\n<td>31\/05\/<\/td>\n<td width=\"150\">Ouffet-Aywaille<\/td>\n<td width=\"225\"><\/td>\n<\/tr>\n<tr>\n<td>21\/06<\/td>\n<td width=\"150\">Cerfontaine-Walcourt<\/td>\n<td width=\"225\"><a href=\"http:\/\/www.dinant-moto-club.be\/\" target=\"_blank\" rel=\"noopener\" data-saferedirecturl=\"https:\/\/www.google.com\/url?hl=fr&amp;q=http:\/\/www.dinant-moto-club.be\/&amp;source=gmail&amp;ust=1575017298216000&amp;usg=AFQjCNEgUSj6hykA4mYq1f-nkcXI7b1oKw\" data-saferedirectreason=\"2\">www.dinant-moto-club.be<\/a><\/td>\n<\/tr>\n<tr>\n<td>28\/06<\/td>\n<td width=\"150\">Chimay<\/td>\n<td width=\"225\"><\/td>\n<\/tr>\n<tr>\n<td width=\"110\">25\/07<\/td>\n<td width=\"150\">Vagney<\/td>\n<td width=\"225\"><a href=\"http:\/\/www.motott.fr\/\" target=\"_blank\" rel=\"noopener\" data-saferedirecturl=\"https:\/\/www.google.com\/url?hl=fr&amp;q=http:\/\/www.motott.fr\/&amp;source=gmail&amp;ust=1575017298216000&amp;usg=AFQjCNFb8mFSnY13N4rGmnXDua0EDlQycg\" data-saferedirectreason=\"2\">www.motott.fr<\/a><\/td>\n<\/tr>\n<tr>\n<td>13\/09<\/td>\n<td width=\"150\">Erize-la-Petite (Verdun)<\/td>\n<td width=\"225\"><a href=\"http:\/\/www.motott.fr\/\" target=\"_blank\" rel=\"noopener\" data-saferedirecturl=\"https:\/\/www.google.com\/url?hl=fr&amp;q=http:\/\/www.motott.fr\/&amp;source=gmail&amp;ust=1575017298216000&amp;usg=AFQjCNFb8mFSnY13N4rGmnXDua0EDlQycg\" data-saferedirectreason=\"2\">www.motott.fr<\/a><\/td>\n<\/tr>\n<tr>\n<td>27\/09<\/td>\n<td width=\"150\">Dinant<\/td>\n<td width=\"225\"><a href=\"http:\/\/www.dinant-moto-club.be\/\" target=\"_blank\" rel=\"noopener\" data-saferedirecturl=\"https:\/\/www.google.com\/url?hl=fr&amp;q=http:\/\/www.dinant-moto-club.be\/&amp;source=gmail&amp;ust=1575017298217000&amp;usg=AFQjCNGqGygcC2LA1h2LvPbOkm9rbYWVMg\" data-saferedirectreason=\"2\">www.dinant-moto-club.be<\/a><\/td>\n<\/tr>\n<\/tbody>\n<\/table>\n<div id=\"ConnectiveDocSignExtentionInstalled\" data-extension-version=\"1.0.4\"><\/div>\n","protected":false},"excerpt":{"rendered":"<p>La f\u00e9d\u00e9ration nationale s&rsquo;appr\u00eate \u00e0 publier ce jeudi ses calendriers sportifs. Encore une fois, c&rsquo;est un calendrier enduro particuli\u00e8rement bien rempli que la FMB propose pour la saison 2020 puisque pas moins de 13 \u00e9preuves, dont cinq en France et deux en Hollande figurent au programme. La saison belge d&rsquo;enduro d\u00e9butera le 29 f\u00e9vrier \u00e0 [&hellip;]<\/p>\n","protected":false},"author":932,"featured_media":95864,"comment_status":"open","ping_status":"closed","sticky":false,"template":"","format":"standard","meta":{"tdm_status":"","tdm_grid_status":"","footnotes":""},"categories":[54,32,35,33,55,65],"tags":[951,1163],"class_list":["post-99275","post","type-post","status-publish","format-standard","has-post-thumbnail","category-actualite","category-enduro","category-fmb-enduro","category-news-enduro","category-news-actualite","category-slideshow","tag-enduro","tag-fmb"],"yoast_head":"<!-- This site is optimized with the Yoast SEO plugin v28.4 - https:\/\/yoast.com\/product\/yoast-seo-wordpress\/ -->\n<title>Enduro FMB : le calendrier 2020 est l\u00e0 ! - Motocross - Enduro - Supermoto | MotocrossMag<\/title>\n<meta name=\"robots\" content=\"index, follow, max-snippet:-1, max-image-preview:large, max-video-preview:-1\" \/>\n<link rel=\"canonical\" href=\"https:\/\/fr.motocrossmag.be\/index.php\/2019\/11\/enduro-fmb-le-calendrier-2020-est-la\/\" \/>\n<meta property=\"og:locale\" content=\"fr_FR\" \/>\n<meta property=\"og:type\" content=\"article\" \/>\n<meta property=\"og:title\" content=\"Enduro FMB : le calendrier 2020 est l\u00e0 ! - Motocross - Enduro - Supermoto | MotocrossMag\" \/>\n<meta property=\"og:description\" content=\"La f\u00e9d\u00e9ration nationale s&rsquo;appr\u00eate \u00e0 publier ce jeudi ses calendriers sportifs. Encore une fois, c&rsquo;est un calendrier enduro particuli\u00e8rement bien rempli que la FMB propose pour la saison 2020 puisque pas moins de 13 \u00e9preuves, dont cinq en France et deux en Hollande figurent au programme. La saison belge d&rsquo;enduro d\u00e9butera le 29 f\u00e9vrier \u00e0 [&hellip;]\" \/>\n<meta property=\"og:url\" content=\"https:\/\/fr.motocrossmag.be\/index.php\/2019\/11\/enduro-fmb-le-calendrier-2020-est-la\/\" \/>\n<meta property=\"og:site_name\" content=\"Motocross - Enduro - Supermoto | MotocrossMag\" \/>\n<meta property=\"article:published_time\" content=\"2019-11-28T09:00:46+00:00\" \/>\n<meta property=\"article:modified_time\" content=\"2019-11-28T09:04:44+00:00\" \/>\n<meta property=\"og:image\" content=\"https:\/\/fr.motocrossmag.be\/wp-content\/uploads\/2019\/09\/Enduro-Dinant-IMG_1423.jpg\" \/>\n\t<meta property=\"og:image:width\" content=\"1000\" \/>\n\t<meta property=\"og:image:height\" content=\"667\" \/>\n\t<meta property=\"og:image:type\" content=\"image\/jpeg\" \/>\n<meta name=\"author\" content=\"oliviere\" \/>\n<meta name=\"twitter:card\" content=\"summary_large_image\" \/>\n<meta name=\"twitter:label1\" content=\"\u00c9crit par\" \/>\n\t<meta name=\"twitter:data1\" content=\"oliviere\" \/>\n\t<meta name=\"twitter:label2\" content=\"Dur\u00e9e de lecture estim\u00e9e\" \/>\n\t<meta name=\"twitter:data2\" content=\"1 minute\" \/>\n<script type=\"application\/ld+json\" class=\"yoast-schema-graph\">{\"@context\":\"https:\\\/\\\/schema.org\",\"@graph\":[{\"@type\":\"Article\",\"@id\":\"https:\\\/\\\/fr.motocrossmag.be\\\/index.php\\\/2019\\\/11\\\/enduro-fmb-le-calendrier-2020-est-la\\\/#article\",\"isPartOf\":{\"@id\":\"https:\\\/\\\/fr.motocrossmag.be\\\/index.php\\\/2019\\\/11\\\/enduro-fmb-le-calendrier-2020-est-la\\\/\"},\"author\":{\"name\":\"oliviere\",\"@id\":\"https:\\\/\\\/fr.motocrossmag.be\\\/#\\\/schema\\\/person\\\/11b47143d9f755babca2c9110e03235c\"},\"headline\":\"Enduro FMB : le calendrier 2020 est l\u00e0 !\",\"datePublished\":\"2019-11-28T09:00:46+00:00\",\"dateModified\":\"2019-11-28T09:04:44+00:00\",\"mainEntityOfPage\":{\"@id\":\"https:\\\/\\\/fr.motocrossmag.be\\\/index.php\\\/2019\\\/11\\\/enduro-fmb-le-calendrier-2020-est-la\\\/\"},\"wordCount\":134,\"commentCount\":0,\"image\":{\"@id\":\"https:\\\/\\\/fr.motocrossmag.be\\\/index.php\\\/2019\\\/11\\\/enduro-fmb-le-calendrier-2020-est-la\\\/#primaryimage\"},\"thumbnailUrl\":\"https:\\\/\\\/fr.motocrossmag.be\\\/wp-content\\\/uploads\\\/2019\\\/09\\\/Enduro-Dinant-IMG_1423.jpg\",\"keywords\":[\"Enduro\",\"FMB\"],\"articleSection\":[\"Actualit\u00e9\",\"Enduro\",\"FMB\",\"News\",\"News\",\"Slideshow\"],\"inLanguage\":\"fr-FR\",\"potentialAction\":[{\"@type\":\"CommentAction\",\"name\":\"Comment\",\"target\":[\"https:\\\/\\\/fr.motocrossmag.be\\\/index.php\\\/2019\\\/11\\\/enduro-fmb-le-calendrier-2020-est-la\\\/#respond\"]}]},{\"@type\":\"WebPage\",\"@id\":\"https:\\\/\\\/fr.motocrossmag.be\\\/index.php\\\/2019\\\/11\\\/enduro-fmb-le-calendrier-2020-est-la\\\/\",\"url\":\"https:\\\/\\\/fr.motocrossmag.be\\\/index.php\\\/2019\\\/11\\\/enduro-fmb-le-calendrier-2020-est-la\\\/\",\"name\":\"Enduro FMB : le calendrier 2020 est l\u00e0 ! - Motocross - Enduro - Supermoto | MotocrossMag\",\"isPartOf\":{\"@id\":\"https:\\\/\\\/fr.motocrossmag.be\\\/#website\"},\"primaryImageOfPage\":{\"@id\":\"https:\\\/\\\/fr.motocrossmag.be\\\/index.php\\\/2019\\\/11\\\/enduro-fmb-le-calendrier-2020-est-la\\\/#primaryimage\"},\"image\":{\"@id\":\"https:\\\/\\\/fr.motocrossmag.be\\\/index.php\\\/2019\\\/11\\\/enduro-fmb-le-calendrier-2020-est-la\\\/#primaryimage\"},\"thumbnailUrl\":\"https:\\\/\\\/fr.motocrossmag.be\\\/wp-content\\\/uploads\\\/2019\\\/09\\\/Enduro-Dinant-IMG_1423.jpg\",\"datePublished\":\"2019-11-28T09:00:46+00:00\",\"dateModified\":\"2019-11-28T09:04:44+00:00\",\"author\":{\"@id\":\"https:\\\/\\\/fr.motocrossmag.be\\\/#\\\/schema\\\/person\\\/11b47143d9f755babca2c9110e03235c\"},\"breadcrumb\":{\"@id\":\"https:\\\/\\\/fr.motocrossmag.be\\\/index.php\\\/2019\\\/11\\\/enduro-fmb-le-calendrier-2020-est-la\\\/#breadcrumb\"},\"inLanguage\":\"fr-FR\",\"potentialAction\":[{\"@type\":\"ReadAction\",\"target\":[\"https:\\\/\\\/fr.motocrossmag.be\\\/index.php\\\/2019\\\/11\\\/enduro-fmb-le-calendrier-2020-est-la\\\/\"]}]},{\"@type\":\"ImageObject\",\"inLanguage\":\"fr-FR\",\"@id\":\"https:\\\/\\\/fr.motocrossmag.be\\\/index.php\\\/2019\\\/11\\\/enduro-fmb-le-calendrier-2020-est-la\\\/#primaryimage\",\"url\":\"https:\\\/\\\/fr.motocrossmag.be\\\/wp-content\\\/uploads\\\/2019\\\/09\\\/Enduro-Dinant-IMG_1423.jpg\",\"contentUrl\":\"https:\\\/\\\/fr.motocrossmag.be\\\/wp-content\\\/uploads\\\/2019\\\/09\\\/Enduro-Dinant-IMG_1423.jpg\",\"width\":1000,\"height\":667},{\"@type\":\"BreadcrumbList\",\"@id\":\"https:\\\/\\\/fr.motocrossmag.be\\\/index.php\\\/2019\\\/11\\\/enduro-fmb-le-calendrier-2020-est-la\\\/#breadcrumb\",\"itemListElement\":[{\"@type\":\"ListItem\",\"position\":1,\"name\":\"Accueil\",\"item\":\"https:\\\/\\\/fr.motocrossmag.be\\\/\"},{\"@type\":\"ListItem\",\"position\":2,\"name\":\"Enduro FMB : le calendrier 2020 est l\u00e0 !\"}]},{\"@type\":\"WebSite\",\"@id\":\"https:\\\/\\\/fr.motocrossmag.be\\\/#website\",\"url\":\"https:\\\/\\\/fr.motocrossmag.be\\\/\",\"name\":\"Motocross - Enduro - Supermoto | MotocrossMag\",\"description\":\"L&#039;actualit\u00e9 du motocross, de l&#039;enduro et du Supermoto en ligne!\",\"potentialAction\":[{\"@type\":\"SearchAction\",\"target\":{\"@type\":\"EntryPoint\",\"urlTemplate\":\"https:\\\/\\\/fr.motocrossmag.be\\\/?s={search_term_string}\"},\"query-input\":{\"@type\":\"PropertyValueSpecification\",\"valueRequired\":true,\"valueName\":\"search_term_string\"}}],\"inLanguage\":\"fr-FR\"},{\"@type\":\"Person\",\"@id\":\"https:\\\/\\\/fr.motocrossmag.be\\\/#\\\/schema\\\/person\\\/11b47143d9f755babca2c9110e03235c\",\"name\":\"oliviere\",\"image\":{\"@type\":\"ImageObject\",\"inLanguage\":\"fr-FR\",\"@id\":\"https:\\\/\\\/secure.gravatar.com\\\/avatar\\\/907069e0b81d119452040469e4a7501da1100f54f7f80180ce77bfab718288f6?s=96&d=mm&r=g\",\"url\":\"https:\\\/\\\/secure.gravatar.com\\\/avatar\\\/907069e0b81d119452040469e4a7501da1100f54f7f80180ce77bfab718288f6?s=96&d=mm&r=g\",\"contentUrl\":\"https:\\\/\\\/secure.gravatar.com\\\/avatar\\\/907069e0b81d119452040469e4a7501da1100f54f7f80180ce77bfab718288f6?s=96&d=mm&r=g\",\"caption\":\"oliviere\"},\"sameAs\":[\"http:\\\/\\\/www.motocrossmag.be\"],\"url\":\"https:\\\/\\\/fr.motocrossmag.be\\\/index.php\\\/author\\\/oliviere\\\/\"}]}<\/script>\n<!-- \/ Yoast SEO plugin. -->","yoast_head_json":{"title":"Enduro FMB : le calendrier 2020 est l\u00e0 ! - Motocross - Enduro - Supermoto | MotocrossMag","robots":{"index":"index","follow":"follow","max-snippet":"max-snippet:-1","max-image-preview":"max-image-preview:large","max-video-preview":"max-video-preview:-1"},"canonical":"https:\/\/fr.motocrossmag.be\/index.php\/2019\/11\/enduro-fmb-le-calendrier-2020-est-la\/","og_locale":"fr_FR","og_type":"article","og_title":"Enduro FMB : le calendrier 2020 est l\u00e0 ! - Motocross - Enduro - Supermoto | MotocrossMag","og_description":"La f\u00e9d\u00e9ration nationale s&rsquo;appr\u00eate \u00e0 publier ce jeudi ses calendriers sportifs. Encore une fois, c&rsquo;est un calendrier enduro particuli\u00e8rement bien rempli que la FMB propose pour la saison 2020 puisque pas moins de 13 \u00e9preuves, dont cinq en France et deux en Hollande figurent au programme. La saison belge d&rsquo;enduro d\u00e9butera le 29 f\u00e9vrier \u00e0 [&hellip;]","og_url":"https:\/\/fr.motocrossmag.be\/index.php\/2019\/11\/enduro-fmb-le-calendrier-2020-est-la\/","og_site_name":"Motocross - Enduro - Supermoto | MotocrossMag","article_published_time":"2019-11-28T09:00:46+00:00","article_modified_time":"2019-11-28T09:04:44+00:00","og_image":[{"width":1000,"height":667,"url":"https:\/\/fr.motocrossmag.be\/wp-content\/uploads\/2019\/09\/Enduro-Dinant-IMG_1423.jpg","type":"image\/jpeg"}],"author":"oliviere","twitter_card":"summary_large_image","twitter_misc":{"\u00c9crit par":"oliviere","Dur\u00e9e de lecture estim\u00e9e":"1 minute"},"schema":{"@context":"https:\/\/schema.org","@graph":[{"@type":"Article","@id":"https:\/\/fr.motocrossmag.be\/index.php\/2019\/11\/enduro-fmb-le-calendrier-2020-est-la\/#article","isPartOf":{"@id":"https:\/\/fr.motocrossmag.be\/index.php\/2019\/11\/enduro-fmb-le-calendrier-2020-est-la\/"},"author":{"name":"oliviere","@id":"https:\/\/fr.motocrossmag.be\/#\/schema\/person\/11b47143d9f755babca2c9110e03235c"},"headline":"Enduro FMB : le calendrier 2020 est l\u00e0 !","datePublished":"2019-11-28T09:00:46+00:00","dateModified":"2019-11-28T09:04:44+00:00","mainEntityOfPage":{"@id":"https:\/\/fr.motocrossmag.be\/index.php\/2019\/11\/enduro-fmb-le-calendrier-2020-est-la\/"},"wordCount":134,"commentCount":0,"image":{"@id":"https:\/\/fr.motocrossmag.be\/index.php\/2019\/11\/enduro-fmb-le-calendrier-2020-est-la\/#primaryimage"},"thumbnailUrl":"https:\/\/fr.motocrossmag.be\/wp-content\/uploads\/2019\/09\/Enduro-Dinant-IMG_1423.jpg","keywords":["Enduro","FMB"],"articleSection":["Actualit\u00e9","Enduro","FMB","News","News","Slideshow"],"inLanguage":"fr-FR","potentialAction":[{"@type":"CommentAction","name":"Comment","target":["https:\/\/fr.motocrossmag.be\/index.php\/2019\/11\/enduro-fmb-le-calendrier-2020-est-la\/#respond"]}]},{"@type":"WebPage","@id":"https:\/\/fr.motocrossmag.be\/index.php\/2019\/11\/enduro-fmb-le-calendrier-2020-est-la\/","url":"https:\/\/fr.motocrossmag.be\/index.php\/2019\/11\/enduro-fmb-le-calendrier-2020-est-la\/","name":"Enduro FMB : le calendrier 2020 est l\u00e0 ! - Motocross - Enduro - Supermoto | MotocrossMag","isPartOf":{"@id":"https:\/\/fr.motocrossmag.be\/#website"},"primaryImageOfPage":{"@id":"https:\/\/fr.motocrossmag.be\/index.php\/2019\/11\/enduro-fmb-le-calendrier-2020-est-la\/#primaryimage"},"image":{"@id":"https:\/\/fr.motocrossmag.be\/index.php\/2019\/11\/enduro-fmb-le-calendrier-2020-est-la\/#primaryimage"},"thumbnailUrl":"https:\/\/fr.motocrossmag.be\/wp-content\/uploads\/2019\/09\/Enduro-Dinant-IMG_1423.jpg","datePublished":"2019-11-28T09:00:46+00:00","dateModified":"2019-11-28T09:04:44+00:00","author":{"@id":"https:\/\/fr.motocrossmag.be\/#\/schema\/person\/11b47143d9f755babca2c9110e03235c"},"breadcrumb":{"@id":"https:\/\/fr.motocrossmag.be\/index.php\/2019\/11\/enduro-fmb-le-calendrier-2020-est-la\/#breadcrumb"},"inLanguage":"fr-FR","potentialAction":[{"@type":"ReadAction","target":["https:\/\/fr.motocrossmag.be\/index.php\/2019\/11\/enduro-fmb-le-calendrier-2020-est-la\/"]}]},{"@type":"ImageObject","inLanguage":"fr-FR","@id":"https:\/\/fr.motocrossmag.be\/index.php\/2019\/11\/enduro-fmb-le-calendrier-2020-est-la\/#primaryimage","url":"https:\/\/fr.motocrossmag.be\/wp-content\/uploads\/2019\/09\/Enduro-Dinant-IMG_1423.jpg","contentUrl":"https:\/\/fr.motocrossmag.be\/wp-content\/uploads\/2019\/09\/Enduro-Dinant-IMG_1423.jpg","width":1000,"height":667},{"@type":"BreadcrumbList","@id":"https:\/\/fr.motocrossmag.be\/index.php\/2019\/11\/enduro-fmb-le-calendrier-2020-est-la\/#breadcrumb","itemListElement":[{"@type":"ListItem","position":1,"name":"Accueil","item":"https:\/\/fr.motocrossmag.be\/"},{"@type":"ListItem","position":2,"name":"Enduro FMB : le calendrier 2020 est l\u00e0 !"}]},{"@type":"WebSite","@id":"https:\/\/fr.motocrossmag.be\/#website","url":"https:\/\/fr.motocrossmag.be\/","name":"Motocross - Enduro - Supermoto | MotocrossMag","description":"L&#039;actualit\u00e9 du motocross, de l&#039;enduro et du Supermoto en ligne!","potentialAction":[{"@type":"SearchAction","target":{"@type":"EntryPoint","urlTemplate":"https:\/\/fr.motocrossmag.be\/?s={search_term_string}"},"query-input":{"@type":"PropertyValueSpecification","valueRequired":true,"valueName":"search_term_string"}}],"inLanguage":"fr-FR"},{"@type":"Person","@id":"https:\/\/fr.motocrossmag.be\/#\/schema\/person\/11b47143d9f755babca2c9110e03235c","name":"oliviere","image":{"@type":"ImageObject","inLanguage":"fr-FR","@id":"https:\/\/secure.gravatar.com\/avatar\/907069e0b81d119452040469e4a7501da1100f54f7f80180ce77bfab718288f6?s=96&d=mm&r=g","url":"https:\/\/secure.gravatar.com\/avatar\/907069e0b81d119452040469e4a7501da1100f54f7f80180ce77bfab718288f6?s=96&d=mm&r=g","contentUrl":"https:\/\/secure.gravatar.com\/avatar\/907069e0b81d119452040469e4a7501da1100f54f7f80180ce77bfab718288f6?s=96&d=mm&r=g","caption":"oliviere"},"sameAs":["http:\/\/www.motocrossmag.be"],"url":"https:\/\/fr.motocrossmag.be\/index.php\/author\/oliviere\/"}]}},"_links":{"self":[{"href":"https:\/\/fr.motocrossmag.be\/index.php\/wp-json\/wp\/v2\/posts\/99275","targetHints":{"allow":["GET"]}}],"collection":[{"href":"https:\/\/fr.motocrossmag.be\/index.php\/wp-json\/wp\/v2\/posts"}],"about":[{"href":"https:\/\/fr.motocrossmag.be\/index.php\/wp-json\/wp\/v2\/types\/post"}],"author":[{"embeddable":true,"href":"https:\/\/fr.motocrossmag.be\/index.php\/wp-json\/wp\/v2\/users\/932"}],"replies":[{"embeddable":true,"href":"https:\/\/fr.motocrossmag.be\/index.php\/wp-json\/wp\/v2\/comments?post=99275"}],"version-history":[{"count":1,"href":"https:\/\/fr.motocrossmag.be\/index.php\/wp-json\/wp\/v2\/posts\/99275\/revisions"}],"predecessor-version":[{"id":99276,"href":"https:\/\/fr.motocrossmag.be\/index.php\/wp-json\/wp\/v2\/posts\/99275\/revisions\/99276"}],"wp:featuredmedia":[{"embeddable":true,"href":"https:\/\/fr.motocrossmag.be\/index.php\/wp-json\/wp\/v2\/media\/95864"}],"wp:attachment":[{"href":"https:\/\/fr.motocrossmag.be\/index.php\/wp-json\/wp\/v2\/media?parent=99275"}],"wp:term":[{"taxonomy":"category","embeddable":true,"href":"https:\/\/fr.motocrossmag.be\/index.php\/wp-json\/wp\/v2\/categories?post=99275"},{"taxonomy":"post_tag","embeddable":true,"href":"https:\/\/fr.motocrossmag.be\/index.php\/wp-json\/wp\/v2\/tags?post=99275"}],"curies":[{"name":"wp","href":"https:\/\/api.w.org\/{rel}","templated":true}]}}