{"id":99277,"date":"2019-11-28T11:15:03","date_gmt":"2019-11-28T10:15:03","guid":{"rendered":"http:\/\/fr.motocrossmag.be\/?p=99277"},"modified":"2019-11-28T16:16:44","modified_gmt":"2019-11-28T15:16:44","slug":"le-calendrier-motocross-fmb-2020","status":"publish","type":"post","link":"https:\/\/fr.motocrossmag.be\/index.php\/2019\/11\/le-calendrier-motocross-fmb-2020\/","title":{"rendered":"Le calendrier motocross FMB 2020"},"content":{"rendered":"<p><strong>Le calendrier FMB pour la saison MX 2020 est l\u00e0 ! Au niveau national, la f\u00e9d\u00e9ration poursuit les accords pass\u00e9s pour cette saison 2019 avec les f\u00e9d\u00e9rations VLM et MCLB, m\u00eame si cette derni\u00e8re n&rsquo;organisera aucune \u00e9preuve sur le calendrier FMB en 2020. De 8 en 2019, les \u00e9preuves organis\u00e9es par la VLM passent en revanche \u00e0 10 la saison prochaine.L&rsquo;\u00e9preuve de Balen sera elle aussi ouverte aux pilotes VLM, la date \u00e9tant libre sur leur calendrier.<\/strong><\/p>\n<p>Sur le plan international, Lommel recevra deux \u00e9v\u00e9nements : la manche qualificative de la zone nord-ouest pour le championnat d&rsquo;Europe EMX65\/EMX85 en mai puis le round belge du championnat MXGP le premier week-end d&rsquo;ao\u00fbt.<\/p>\n<p>En ce qui concerne le championnat de Belgique Inter, les Belgian Masters, les discussions sont encore en cours avec trois candidats organisateurs et le promoteur.<\/p>\n<p>Enfin, la Belgique pourrait recevoir par deux fois le championnat du monde de side-cross, \u00e0 Lommel et \u00e0 Gooik, mais ceci doit encore \u00eatre confirm\u00e9 par le nouveau promoteur de la discipline.<\/p>\n<p>&nbsp;<\/p>\n<p><span style=\"color: #ff0000;\"><strong>Calendrier Motocross FMB 2020<\/strong><\/span><\/p>\n<table style=\"margin: auto;\" width=\"97%\">\n<tbody>\n<tr>\n<td width=\"80\">22+23\/02<\/td>\n<td width=\"208\">Champ. Bel.<\/td>\n<td width=\"154\">FMB\/JMS\/VLM<\/td>\n<td width=\"208\">Lommel<\/td>\n<\/tr>\n<tr>\n<td>21+22\/03<\/td>\n<td width=\"208\">Champ. Bel.<\/td>\n<td>FMB\/JMS\/VLM<\/td>\n<td>Lummen<\/td>\n<\/tr>\n<tr>\n<td>11+12+13\/04<\/td>\n<td width=\"208\">Champ. Bel.<\/td>\n<td>FMB\/JMS\/VLM<\/td>\n<td>Heusden-Zolder<\/td>\n<\/tr>\n<tr>\n<td>02+03\/05<\/td>\n<td width=\"208\">EMX 65cc\/85cc<\/td>\n<td>GP Limburg<\/td>\n<td>Lommel<\/td>\n<\/tr>\n<tr>\n<td>09+10\/05<\/td>\n<td width=\"208\">Champ. Bel.<\/td>\n<td>FMB\/JMS\/VLM<\/td>\n<td>Olmen<\/td>\n<\/tr>\n<tr>\n<td>16+17\/05<\/td>\n<td width=\"208\">Champ. Bel.<\/td>\n<td>FMB\/JMS\/VLM<\/td>\n<td>Genk<\/td>\n<\/tr>\n<tr>\n<td>31\/05<\/td>\n<td width=\"208\">Champ. Bel.<\/td>\n<td>FMB\/JMS\/VLM<\/td>\n<td>Lommel<\/td>\n<\/tr>\n<tr>\n<td>20+21\/06<\/td>\n<td width=\"208\">Side-car WC<\/td>\n<td>Maasland MS Evts<\/td>\n<td>Lommel &#8211; TBC<\/td>\n<\/tr>\n<tr>\n<td>04+05\/07<\/td>\n<td width=\"208\">Champ. Bel.<\/td>\n<td>FMB\/JMS\/VLM<\/td>\n<td>Tessenderlo<\/td>\n<\/tr>\n<tr>\n<td>25+26\/07<\/td>\n<td width=\"208\">Champ. Bel.<\/td>\n<td>FMB\/JMS\/VLM<\/td>\n<td>Pulderbos<\/td>\n<\/tr>\n<tr>\n<td>01+02\/08<\/td>\n<td width=\"208\">MXGP<\/td>\n<td>GP Limburg<\/td>\n<td>Lommel<\/td>\n<\/tr>\n<tr>\n<td>08+09\/08<\/td>\n<td width=\"208\">Champ. Bel.<\/td>\n<td>KMC Mol<\/td>\n<td>Balen<\/td>\n<\/tr>\n<tr>\n<td>15+16\/08<\/td>\n<td width=\"208\">Champ. Bel.<\/td>\n<td>FMB\/JMS\/VLM<\/td>\n<td>Rijkevorsel<\/td>\n<\/tr>\n<tr>\n<td>22+23\/08<\/td>\n<td width=\"208\">Side-car WC<\/td>\n<td>AMC Dworp<\/td>\n<td>Gooik &#8211; TBC<\/td>\n<\/tr>\n<tr>\n<td width=\"80\">29+30\/08<\/td>\n<td width=\"208\">Champ. Bel. + FPCNA<\/td>\n<td width=\"154\">AMC Orp le Grand<\/td>\n<td width=\"208\">Orp-le-Grand<\/td>\n<\/tr>\n<tr>\n<td>26+27\/09<\/td>\n<td width=\"208\">Champ. Bel.<\/td>\n<td>FMB\/JMS\/VLM<\/td>\n<td>Reet<\/td>\n<\/tr>\n<tr>\n<td>03+04\/10<\/td>\n<td width=\"208\">Coupe de l&rsquo;Avenir<\/td>\n<td width=\"154\">MC Hauts Pays<\/td>\n<td>Baisieux<\/td>\n<\/tr>\n<tr>\n<td>TBA<\/td>\n<td width=\"208\">Ch. Bel + Sides + FPCNA\/MCLB<\/td>\n<td width=\"154\">AMC Evergem<\/td>\n<td width=\"208\">Wachtebeke (tbc)<\/td>\n<\/tr>\n<\/tbody>\n<\/table>\n<div id=\"ConnectiveDocSignExtentionInstalled\" data-extension-version=\"1.0.4\"><\/div>\n","protected":false},"excerpt":{"rendered":"<p>Le calendrier FMB pour la saison MX 2020 est l\u00e0 ! Au niveau national, la f\u00e9d\u00e9ration poursuit les accords pass\u00e9s pour cette saison 2019 avec les f\u00e9d\u00e9rations VLM et MCLB, [&#8230;]<\/p>\n","protected":false},"author":932,"featured_media":94160,"comment_status":"open","ping_status":"closed","sticky":false,"template":"","format":"standard","meta":{"footnotes":""},"categories":[54,57,4,29,5,55,65],"tags":[1163,947],"class_list":["post-99277","post","type-post","status-publish","format-standard","has-post-thumbnail","hentry","category-actualite","category-calendriers","category-motocross","category-fmb","category-news","category-news-actualite","category-slideshow","tag-fmb","tag-motocross"],"yoast_head":"<!-- This site is optimized with the Yoast SEO plugin v27.4 - https:\/\/yoast.com\/product\/yoast-seo-wordpress\/ -->\n<title>Le calendrier motocross FMB 2020 - Motocross - Enduro - Supermoto | MotocrossMag<\/title>\n<meta name=\"robots\" content=\"index, follow, max-snippet:-1, max-image-preview:large, max-video-preview:-1\" \/>\n<link rel=\"canonical\" href=\"https:\/\/fr.motocrossmag.be\/index.php\/2019\/11\/le-calendrier-motocross-fmb-2020\/\" \/>\n<meta property=\"og:locale\" content=\"fr_FR\" \/>\n<meta property=\"og:type\" content=\"article\" \/>\n<meta property=\"og:title\" content=\"Le calendrier motocross FMB 2020 - Motocross - Enduro - Supermoto | MotocrossMag\" \/>\n<meta property=\"og:description\" content=\"Le calendrier FMB pour la saison MX 2020 est l\u00e0 ! Au niveau national, la f\u00e9d\u00e9ration poursuit les accords pass\u00e9s pour cette saison 2019 avec les f\u00e9d\u00e9rations VLM et MCLB, [...]\" \/>\n<meta property=\"og:url\" content=\"https:\/\/fr.motocrossmag.be\/index.php\/2019\/11\/le-calendrier-motocross-fmb-2020\/\" \/>\n<meta property=\"og:site_name\" content=\"Motocross - Enduro - Supermoto | MotocrossMag\" \/>\n<meta property=\"article:published_time\" content=\"2019-11-28T10:15:03+00:00\" \/>\n<meta property=\"article:modified_time\" content=\"2019-11-28T15:16:44+00:00\" \/>\n<meta property=\"og:image\" content=\"https:\/\/fr.motocrossmag.be\/wp-content\/uploads\/2019\/08\/Balen-046.jpg\" \/>\n\t<meta property=\"og:image:width\" content=\"1000\" \/>\n\t<meta property=\"og:image:height\" content=\"666\" \/>\n\t<meta property=\"og:image:type\" content=\"image\/jpeg\" \/>\n<meta name=\"author\" content=\"oliviere\" \/>\n<meta name=\"twitter:card\" content=\"summary_large_image\" \/>\n<meta name=\"twitter:label1\" content=\"\u00c9crit par\" \/>\n\t<meta name=\"twitter:data1\" content=\"oliviere\" \/>\n\t<meta name=\"twitter:label2\" content=\"Dur\u00e9e de lecture estim\u00e9e\" \/>\n\t<meta name=\"twitter:data2\" content=\"1 minute\" \/>\n<script type=\"application\/ld+json\" class=\"yoast-schema-graph\">{\"@context\":\"https:\\\/\\\/schema.org\",\"@graph\":[{\"@type\":\"Article\",\"@id\":\"https:\\\/\\\/fr.motocrossmag.be\\\/index.php\\\/2019\\\/11\\\/le-calendrier-motocross-fmb-2020\\\/#article\",\"isPartOf\":{\"@id\":\"https:\\\/\\\/fr.motocrossmag.be\\\/index.php\\\/2019\\\/11\\\/le-calendrier-motocross-fmb-2020\\\/\"},\"author\":{\"name\":\"oliviere\",\"@id\":\"https:\\\/\\\/fr.motocrossmag.be\\\/#\\\/schema\\\/person\\\/11b47143d9f755babca2c9110e03235c\"},\"headline\":\"Le calendrier motocross FMB 2020\",\"datePublished\":\"2019-11-28T10:15:03+00:00\",\"dateModified\":\"2019-11-28T15:16:44+00:00\",\"mainEntityOfPage\":{\"@id\":\"https:\\\/\\\/fr.motocrossmag.be\\\/index.php\\\/2019\\\/11\\\/le-calendrier-motocross-fmb-2020\\\/\"},\"wordCount\":297,\"commentCount\":0,\"image\":{\"@id\":\"https:\\\/\\\/fr.motocrossmag.be\\\/index.php\\\/2019\\\/11\\\/le-calendrier-motocross-fmb-2020\\\/#primaryimage\"},\"thumbnailUrl\":\"https:\\\/\\\/fr.motocrossmag.be\\\/wp-content\\\/uploads\\\/2019\\\/08\\\/Balen-046.jpg\",\"keywords\":[\"FMB\",\"Motocross\"],\"articleSection\":[\"Actualit\u00e9\",\"Calendriers\",\"Motocross\",\"Motocross FMB\",\"News\",\"News\",\"Slideshow\"],\"inLanguage\":\"fr-FR\",\"potentialAction\":[{\"@type\":\"CommentAction\",\"name\":\"Comment\",\"target\":[\"https:\\\/\\\/fr.motocrossmag.be\\\/index.php\\\/2019\\\/11\\\/le-calendrier-motocross-fmb-2020\\\/#respond\"]}]},{\"@type\":\"WebPage\",\"@id\":\"https:\\\/\\\/fr.motocrossmag.be\\\/index.php\\\/2019\\\/11\\\/le-calendrier-motocross-fmb-2020\\\/\",\"url\":\"https:\\\/\\\/fr.motocrossmag.be\\\/index.php\\\/2019\\\/11\\\/le-calendrier-motocross-fmb-2020\\\/\",\"name\":\"Le calendrier motocross FMB 2020 - Motocross - Enduro - Supermoto | MotocrossMag\",\"isPartOf\":{\"@id\":\"https:\\\/\\\/fr.motocrossmag.be\\\/#website\"},\"primaryImageOfPage\":{\"@id\":\"https:\\\/\\\/fr.motocrossmag.be\\\/index.php\\\/2019\\\/11\\\/le-calendrier-motocross-fmb-2020\\\/#primaryimage\"},\"image\":{\"@id\":\"https:\\\/\\\/fr.motocrossmag.be\\\/index.php\\\/2019\\\/11\\\/le-calendrier-motocross-fmb-2020\\\/#primaryimage\"},\"thumbnailUrl\":\"https:\\\/\\\/fr.motocrossmag.be\\\/wp-content\\\/uploads\\\/2019\\\/08\\\/Balen-046.jpg\",\"datePublished\":\"2019-11-28T10:15:03+00:00\",\"dateModified\":\"2019-11-28T15:16:44+00:00\",\"author\":{\"@id\":\"https:\\\/\\\/fr.motocrossmag.be\\\/#\\\/schema\\\/person\\\/11b47143d9f755babca2c9110e03235c\"},\"breadcrumb\":{\"@id\":\"https:\\\/\\\/fr.motocrossmag.be\\\/index.php\\\/2019\\\/11\\\/le-calendrier-motocross-fmb-2020\\\/#breadcrumb\"},\"inLanguage\":\"fr-FR\",\"potentialAction\":[{\"@type\":\"ReadAction\",\"target\":[\"https:\\\/\\\/fr.motocrossmag.be\\\/index.php\\\/2019\\\/11\\\/le-calendrier-motocross-fmb-2020\\\/\"]}]},{\"@type\":\"ImageObject\",\"inLanguage\":\"fr-FR\",\"@id\":\"https:\\\/\\\/fr.motocrossmag.be\\\/index.php\\\/2019\\\/11\\\/le-calendrier-motocross-fmb-2020\\\/#primaryimage\",\"url\":\"https:\\\/\\\/fr.motocrossmag.be\\\/wp-content\\\/uploads\\\/2019\\\/08\\\/Balen-046.jpg\",\"contentUrl\":\"https:\\\/\\\/fr.motocrossmag.be\\\/wp-content\\\/uploads\\\/2019\\\/08\\\/Balen-046.jpg\",\"width\":1000,\"height\":666},{\"@type\":\"BreadcrumbList\",\"@id\":\"https:\\\/\\\/fr.motocrossmag.be\\\/index.php\\\/2019\\\/11\\\/le-calendrier-motocross-fmb-2020\\\/#breadcrumb\",\"itemListElement\":[{\"@type\":\"ListItem\",\"position\":1,\"name\":\"Accueil\",\"item\":\"https:\\\/\\\/fr.motocrossmag.be\\\/\"},{\"@type\":\"ListItem\",\"position\":2,\"name\":\"Le calendrier motocross FMB 2020\"}]},{\"@type\":\"WebSite\",\"@id\":\"https:\\\/\\\/fr.motocrossmag.be\\\/#website\",\"url\":\"https:\\\/\\\/fr.motocrossmag.be\\\/\",\"name\":\"Motocross - Enduro - Supermoto | MotocrossMag\",\"description\":\"L&#039;actualit\u00e9 du motocross, de l&#039;enduro et du Supermoto en ligne!\",\"potentialAction\":[{\"@type\":\"SearchAction\",\"target\":{\"@type\":\"EntryPoint\",\"urlTemplate\":\"https:\\\/\\\/fr.motocrossmag.be\\\/?s={search_term_string}\"},\"query-input\":{\"@type\":\"PropertyValueSpecification\",\"valueRequired\":true,\"valueName\":\"search_term_string\"}}],\"inLanguage\":\"fr-FR\"},{\"@type\":\"Person\",\"@id\":\"https:\\\/\\\/fr.motocrossmag.be\\\/#\\\/schema\\\/person\\\/11b47143d9f755babca2c9110e03235c\",\"name\":\"oliviere\",\"image\":{\"@type\":\"ImageObject\",\"inLanguage\":\"fr-FR\",\"@id\":\"https:\\\/\\\/secure.gravatar.com\\\/avatar\\\/907069e0b81d119452040469e4a7501da1100f54f7f80180ce77bfab718288f6?s=96&d=mm&r=g\",\"url\":\"https:\\\/\\\/secure.gravatar.com\\\/avatar\\\/907069e0b81d119452040469e4a7501da1100f54f7f80180ce77bfab718288f6?s=96&d=mm&r=g\",\"contentUrl\":\"https:\\\/\\\/secure.gravatar.com\\\/avatar\\\/907069e0b81d119452040469e4a7501da1100f54f7f80180ce77bfab718288f6?s=96&d=mm&r=g\",\"caption\":\"oliviere\"},\"sameAs\":[\"http:\\\/\\\/www.motocrossmag.be\"],\"url\":\"https:\\\/\\\/fr.motocrossmag.be\\\/index.php\\\/author\\\/oliviere\\\/\"}]}<\/script>\n<!-- \/ Yoast SEO plugin. -->","yoast_head_json":{"title":"Le calendrier motocross FMB 2020 - Motocross - Enduro - Supermoto | MotocrossMag","robots":{"index":"index","follow":"follow","max-snippet":"max-snippet:-1","max-image-preview":"max-image-preview:large","max-video-preview":"max-video-preview:-1"},"canonical":"https:\/\/fr.motocrossmag.be\/index.php\/2019\/11\/le-calendrier-motocross-fmb-2020\/","og_locale":"fr_FR","og_type":"article","og_title":"Le calendrier motocross FMB 2020 - Motocross - Enduro - Supermoto | MotocrossMag","og_description":"Le calendrier FMB pour la saison MX 2020 est l\u00e0 ! Au niveau national, la f\u00e9d\u00e9ration poursuit les accords pass\u00e9s pour cette saison 2019 avec les f\u00e9d\u00e9rations VLM et MCLB, [...]","og_url":"https:\/\/fr.motocrossmag.be\/index.php\/2019\/11\/le-calendrier-motocross-fmb-2020\/","og_site_name":"Motocross - Enduro - Supermoto | MotocrossMag","article_published_time":"2019-11-28T10:15:03+00:00","article_modified_time":"2019-11-28T15:16:44+00:00","og_image":[{"width":1000,"height":666,"url":"https:\/\/fr.motocrossmag.be\/wp-content\/uploads\/2019\/08\/Balen-046.jpg","type":"image\/jpeg"}],"author":"oliviere","twitter_card":"summary_large_image","twitter_misc":{"\u00c9crit par":"oliviere","Dur\u00e9e de lecture estim\u00e9e":"1 minute"},"schema":{"@context":"https:\/\/schema.org","@graph":[{"@type":"Article","@id":"https:\/\/fr.motocrossmag.be\/index.php\/2019\/11\/le-calendrier-motocross-fmb-2020\/#article","isPartOf":{"@id":"https:\/\/fr.motocrossmag.be\/index.php\/2019\/11\/le-calendrier-motocross-fmb-2020\/"},"author":{"name":"oliviere","@id":"https:\/\/fr.motocrossmag.be\/#\/schema\/person\/11b47143d9f755babca2c9110e03235c"},"headline":"Le calendrier motocross FMB 2020","datePublished":"2019-11-28T10:15:03+00:00","dateModified":"2019-11-28T15:16:44+00:00","mainEntityOfPage":{"@id":"https:\/\/fr.motocrossmag.be\/index.php\/2019\/11\/le-calendrier-motocross-fmb-2020\/"},"wordCount":297,"commentCount":0,"image":{"@id":"https:\/\/fr.motocrossmag.be\/index.php\/2019\/11\/le-calendrier-motocross-fmb-2020\/#primaryimage"},"thumbnailUrl":"https:\/\/fr.motocrossmag.be\/wp-content\/uploads\/2019\/08\/Balen-046.jpg","keywords":["FMB","Motocross"],"articleSection":["Actualit\u00e9","Calendriers","Motocross","Motocross FMB","News","News","Slideshow"],"inLanguage":"fr-FR","potentialAction":[{"@type":"CommentAction","name":"Comment","target":["https:\/\/fr.motocrossmag.be\/index.php\/2019\/11\/le-calendrier-motocross-fmb-2020\/#respond"]}]},{"@type":"WebPage","@id":"https:\/\/fr.motocrossmag.be\/index.php\/2019\/11\/le-calendrier-motocross-fmb-2020\/","url":"https:\/\/fr.motocrossmag.be\/index.php\/2019\/11\/le-calendrier-motocross-fmb-2020\/","name":"Le calendrier motocross FMB 2020 - Motocross - Enduro - Supermoto | MotocrossMag","isPartOf":{"@id":"https:\/\/fr.motocrossmag.be\/#website"},"primaryImageOfPage":{"@id":"https:\/\/fr.motocrossmag.be\/index.php\/2019\/11\/le-calendrier-motocross-fmb-2020\/#primaryimage"},"image":{"@id":"https:\/\/fr.motocrossmag.be\/index.php\/2019\/11\/le-calendrier-motocross-fmb-2020\/#primaryimage"},"thumbnailUrl":"https:\/\/fr.motocrossmag.be\/wp-content\/uploads\/2019\/08\/Balen-046.jpg","datePublished":"2019-11-28T10:15:03+00:00","dateModified":"2019-11-28T15:16:44+00:00","author":{"@id":"https:\/\/fr.motocrossmag.be\/#\/schema\/person\/11b47143d9f755babca2c9110e03235c"},"breadcrumb":{"@id":"https:\/\/fr.motocrossmag.be\/index.php\/2019\/11\/le-calendrier-motocross-fmb-2020\/#breadcrumb"},"inLanguage":"fr-FR","potentialAction":[{"@type":"ReadAction","target":["https:\/\/fr.motocrossmag.be\/index.php\/2019\/11\/le-calendrier-motocross-fmb-2020\/"]}]},{"@type":"ImageObject","inLanguage":"fr-FR","@id":"https:\/\/fr.motocrossmag.be\/index.php\/2019\/11\/le-calendrier-motocross-fmb-2020\/#primaryimage","url":"https:\/\/fr.motocrossmag.be\/wp-content\/uploads\/2019\/08\/Balen-046.jpg","contentUrl":"https:\/\/fr.motocrossmag.be\/wp-content\/uploads\/2019\/08\/Balen-046.jpg","width":1000,"height":666},{"@type":"BreadcrumbList","@id":"https:\/\/fr.motocrossmag.be\/index.php\/2019\/11\/le-calendrier-motocross-fmb-2020\/#breadcrumb","itemListElement":[{"@type":"ListItem","position":1,"name":"Accueil","item":"https:\/\/fr.motocrossmag.be\/"},{"@type":"ListItem","position":2,"name":"Le calendrier motocross FMB 2020"}]},{"@type":"WebSite","@id":"https:\/\/fr.motocrossmag.be\/#website","url":"https:\/\/fr.motocrossmag.be\/","name":"Motocross - Enduro - Supermoto | MotocrossMag","description":"L&#039;actualit\u00e9 du motocross, de l&#039;enduro et du Supermoto en ligne!","potentialAction":[{"@type":"SearchAction","target":{"@type":"EntryPoint","urlTemplate":"https:\/\/fr.motocrossmag.be\/?s={search_term_string}"},"query-input":{"@type":"PropertyValueSpecification","valueRequired":true,"valueName":"search_term_string"}}],"inLanguage":"fr-FR"},{"@type":"Person","@id":"https:\/\/fr.motocrossmag.be\/#\/schema\/person\/11b47143d9f755babca2c9110e03235c","name":"oliviere","image":{"@type":"ImageObject","inLanguage":"fr-FR","@id":"https:\/\/secure.gravatar.com\/avatar\/907069e0b81d119452040469e4a7501da1100f54f7f80180ce77bfab718288f6?s=96&d=mm&r=g","url":"https:\/\/secure.gravatar.com\/avatar\/907069e0b81d119452040469e4a7501da1100f54f7f80180ce77bfab718288f6?s=96&d=mm&r=g","contentUrl":"https:\/\/secure.gravatar.com\/avatar\/907069e0b81d119452040469e4a7501da1100f54f7f80180ce77bfab718288f6?s=96&d=mm&r=g","caption":"oliviere"},"sameAs":["http:\/\/www.motocrossmag.be"],"url":"https:\/\/fr.motocrossmag.be\/index.php\/author\/oliviere\/"}]}},"_links":{"self":[{"href":"https:\/\/fr.motocrossmag.be\/index.php\/wp-json\/wp\/v2\/posts\/99277","targetHints":{"allow":["GET"]}}],"collection":[{"href":"https:\/\/fr.motocrossmag.be\/index.php\/wp-json\/wp\/v2\/posts"}],"about":[{"href":"https:\/\/fr.motocrossmag.be\/index.php\/wp-json\/wp\/v2\/types\/post"}],"author":[{"embeddable":true,"href":"https:\/\/fr.motocrossmag.be\/index.php\/wp-json\/wp\/v2\/users\/932"}],"replies":[{"embeddable":true,"href":"https:\/\/fr.motocrossmag.be\/index.php\/wp-json\/wp\/v2\/comments?post=99277"}],"version-history":[{"count":0,"href":"https:\/\/fr.motocrossmag.be\/index.php\/wp-json\/wp\/v2\/posts\/99277\/revisions"}],"wp:featuredmedia":[{"embeddable":true,"href":"https:\/\/fr.motocrossmag.be\/index.php\/wp-json\/wp\/v2\/media\/94160"}],"wp:attachment":[{"href":"https:\/\/fr.motocrossmag.be\/index.php\/wp-json\/wp\/v2\/media?parent=99277"}],"wp:term":[{"taxonomy":"category","embeddable":true,"href":"https:\/\/fr.motocrossmag.be\/index.php\/wp-json\/wp\/v2\/categories?post=99277"},{"taxonomy":"post_tag","embeddable":true,"href":"https:\/\/fr.motocrossmag.be\/index.php\/wp-json\/wp\/v2\/tags?post=99277"}],"curies":[{"name":"wp","href":"https:\/\/api.w.org\/{rel}","templated":true}]}}