{"id":99354,"date":"2019-12-06T16:36:35","date_gmt":"2019-12-06T15:36:35","guid":{"rendered":"http:\/\/fr.motocrossmag.be\/?p=99354"},"modified":"2019-12-06T16:36:35","modified_gmt":"2019-12-06T15:36:35","slug":"le-cfs-a-lassaut-de-saint-leger-de-balson","status":"publish","type":"post","link":"https:\/\/fr.motocrossmag.be\/index.php\/2019\/12\/le-cfs-a-lassaut-de-saint-leger-de-balson\/","title":{"rendered":"Le CFS \u00e0 l&rsquo;assaut de Saint-L\u00e9ger-de-Balson"},"content":{"rendered":"<p><strong>Trois semaines apr\u00e8s l\u2019annulation, en raison des fortes pluies, de ce qui devait \u00eatre la 1ere Training Camp Sand Race de Magescq, le peloton du sable retrouve ce week-end un circuit qui lui est familier : celui de l\u2019Endurance des Lagunes de St-L\u00e9ger de Balson. La 4\u00e8me \u00e9tape de la saison\u00a0est forc\u00e9ment redout\u00e9e de tous, tant le labyrinthe pr\u00e9par\u00e9 par les \u00e9quipes du MC Langonnais est \u00e9prouvant pour les pilotes et les machines.\u00a0<\/strong><\/p>\n<p>Vainqueur l\u2019an dernier dans la cat\u00e9gorie Motos, Nathan Watson (KTM), leader du classement g\u00e9n\u00e9ral, revient cette ann\u00e9e dans la position du favori. D\u2019autant que les deux autres pilotes qui accompagnaient l\u2019Anglais sur le podium en 2018 ne sont pas l\u00e0 : Jeffrey Dewulf (KTM), faute de budget, et Milko Potisek (Yamaha), bless\u00e9 il y a dix jours \u00e0 la main et contraint de d\u00e9clarer forfait. Coup dur pour la marque au diapason, d\u00e9j\u00e0 priv\u00e9 de Maxime Sot pour le reste de la saison. Reste quand m\u00eame chez les bleus : Richard Fura, vainqueur ici m\u00eame il y a 2 ans, et Todd Kellett,\u00a0le jeune britannique qui ne cesse de progresser. Honda SR aligne Jeremy Van Horebeek et Stephane Watel, mais aussi, chez les priv\u00e9s de Wonderbike, le revenant Yentel Martens. Ajoutons Daymond Martens et Camille Chapeli\u00e8re, tous les 2 sur KTM, et on tient l\u00e0 les\u00a0principaux favoris de cette endurance de 2h30 (d\u00e9part 13h30 dimanche).<\/p>\n<p>Apr\u00e8s une \u00e9preuve r\u00e9serv\u00e9 aux amateurs samedi matin, les Quads prendront le d\u00e9part \u00e0 14h. Romain Couprie (Yamaha) et J\u00e9r\u00e9mie Warnia (Wedirt Honda) seront certainement aux avant-poste, mais on peut aussi compter sur Sheldon Seal (Yamaha) et J\u00e9r\u00e9my Forestier (Yamaha) pour animer la course. Quant \u00e0\u00a0Keveen Rochereau (KTM Handy Racing), il roulera sous les yeux des membres de son club. Non remis de sa blessure au pied, le n\u00e9erlandais\u00a0Mike Van Grisven (Honda) reste le grand absent de cette cat\u00e9gorie.<\/p>\n<p>Pour les jeunes, changement de programme puisque les deux cat\u00e9gories seront en piste le dimanche matin. Les Espoirs d\u00e8s 9h, dont l\u2019actuel leader Kylian Pr\u00e9vost (KTM) , puis les Juniors \u00e0 10h45, emmen\u00e9 par le vainqueur de Loon-Plage, Bogdan Krajewski (Yamaha).<\/p>\n<p>Photo : X. Leporcher<\/p>\n<div id=\"ConnectiveDocSignExtentionInstalled\" data-extension-version=\"1.0.4\"><\/div>\n","protected":false},"excerpt":{"rendered":"<p>Trois semaines apr\u00e8s l\u2019annulation, en raison des fortes pluies, de ce qui devait \u00eatre la 1ere Training Camp Sand Race de Magescq, le peloton du sable retrouve ce week-end un [&#8230;]<\/p>\n","protected":false},"author":932,"featured_media":99355,"comment_status":"open","ping_status":"closed","sticky":false,"template":"","format":"standard","meta":{"footnotes":""},"categories":[54,1075,32,33,55,65],"tags":[300,490,1178],"class_list":["post-99354","post","type-post","status-publish","format-standard","has-post-thumbnail","hentry","category-actualite","category-courses-de-sable","category-enduro","category-news-enduro","category-news-actualite","category-slideshow","tag-course-sur-sable","tag-france","tag-sable"],"yoast_head":"<!-- This site is optimized with the Yoast SEO plugin v27.4 - https:\/\/yoast.com\/product\/yoast-seo-wordpress\/ -->\n<title>Le CFS \u00e0 l&#039;assaut de Saint-L\u00e9ger-de-Balson - Motocross - Enduro - Supermoto | MotocrossMag<\/title>\n<meta name=\"robots\" content=\"index, follow, max-snippet:-1, max-image-preview:large, max-video-preview:-1\" \/>\n<link rel=\"canonical\" href=\"https:\/\/fr.motocrossmag.be\/index.php\/2019\/12\/le-cfs-a-lassaut-de-saint-leger-de-balson\/\" \/>\n<meta property=\"og:locale\" content=\"fr_FR\" \/>\n<meta property=\"og:type\" content=\"article\" \/>\n<meta property=\"og:title\" content=\"Le CFS \u00e0 l&#039;assaut de Saint-L\u00e9ger-de-Balson - Motocross - Enduro - Supermoto | MotocrossMag\" \/>\n<meta property=\"og:description\" content=\"Trois semaines apr\u00e8s l\u2019annulation, en raison des fortes pluies, de ce qui devait \u00eatre la 1ere Training Camp Sand Race de Magescq, le peloton du sable retrouve ce week-end un [...]\" \/>\n<meta property=\"og:url\" content=\"https:\/\/fr.motocrossmag.be\/index.php\/2019\/12\/le-cfs-a-lassaut-de-saint-leger-de-balson\/\" \/>\n<meta property=\"og:site_name\" content=\"Motocross - Enduro - Supermoto | MotocrossMag\" \/>\n<meta property=\"article:published_time\" content=\"2019-12-06T15:36:35+00:00\" \/>\n<meta property=\"og:image\" content=\"https:\/\/fr.motocrossmag.be\/wp-content\/uploads\/2019\/12\/D\u00e9part-Motos_St-leger_2018-750x502.jpg\" \/>\n\t<meta property=\"og:image:width\" content=\"750\" \/>\n\t<meta property=\"og:image:height\" content=\"502\" \/>\n\t<meta property=\"og:image:type\" content=\"image\/jpeg\" \/>\n<meta name=\"author\" content=\"oliviere\" \/>\n<meta name=\"twitter:card\" content=\"summary_large_image\" \/>\n<meta name=\"twitter:label1\" content=\"\u00c9crit par\" \/>\n\t<meta name=\"twitter:data1\" content=\"oliviere\" \/>\n\t<meta name=\"twitter:label2\" content=\"Dur\u00e9e de lecture estim\u00e9e\" \/>\n\t<meta name=\"twitter:data2\" content=\"2 minutes\" \/>\n<script type=\"application\/ld+json\" class=\"yoast-schema-graph\">{\"@context\":\"https:\\\/\\\/schema.org\",\"@graph\":[{\"@type\":\"Article\",\"@id\":\"https:\\\/\\\/fr.motocrossmag.be\\\/index.php\\\/2019\\\/12\\\/le-cfs-a-lassaut-de-saint-leger-de-balson\\\/#article\",\"isPartOf\":{\"@id\":\"https:\\\/\\\/fr.motocrossmag.be\\\/index.php\\\/2019\\\/12\\\/le-cfs-a-lassaut-de-saint-leger-de-balson\\\/\"},\"author\":{\"name\":\"oliviere\",\"@id\":\"https:\\\/\\\/fr.motocrossmag.be\\\/#\\\/schema\\\/person\\\/11b47143d9f755babca2c9110e03235c\"},\"headline\":\"Le CFS \u00e0 l&rsquo;assaut de Saint-L\u00e9ger-de-Balson\",\"datePublished\":\"2019-12-06T15:36:35+00:00\",\"mainEntityOfPage\":{\"@id\":\"https:\\\/\\\/fr.motocrossmag.be\\\/index.php\\\/2019\\\/12\\\/le-cfs-a-lassaut-de-saint-leger-de-balson\\\/\"},\"wordCount\":386,\"commentCount\":0,\"image\":{\"@id\":\"https:\\\/\\\/fr.motocrossmag.be\\\/index.php\\\/2019\\\/12\\\/le-cfs-a-lassaut-de-saint-leger-de-balson\\\/#primaryimage\"},\"thumbnailUrl\":\"https:\\\/\\\/fr.motocrossmag.be\\\/wp-content\\\/uploads\\\/2019\\\/12\\\/D\u00e9part-Motos_St-leger_2018-750x502.jpg\",\"keywords\":[\"CFS\",\"france\",\"sable\"],\"articleSection\":[\"Actualit\u00e9\",\"Courses de sable\",\"Enduro\",\"News\",\"News\",\"Slideshow\"],\"inLanguage\":\"fr-FR\",\"potentialAction\":[{\"@type\":\"CommentAction\",\"name\":\"Comment\",\"target\":[\"https:\\\/\\\/fr.motocrossmag.be\\\/index.php\\\/2019\\\/12\\\/le-cfs-a-lassaut-de-saint-leger-de-balson\\\/#respond\"]}]},{\"@type\":\"WebPage\",\"@id\":\"https:\\\/\\\/fr.motocrossmag.be\\\/index.php\\\/2019\\\/12\\\/le-cfs-a-lassaut-de-saint-leger-de-balson\\\/\",\"url\":\"https:\\\/\\\/fr.motocrossmag.be\\\/index.php\\\/2019\\\/12\\\/le-cfs-a-lassaut-de-saint-leger-de-balson\\\/\",\"name\":\"Le CFS \u00e0 l'assaut de Saint-L\u00e9ger-de-Balson - Motocross - Enduro - Supermoto | MotocrossMag\",\"isPartOf\":{\"@id\":\"https:\\\/\\\/fr.motocrossmag.be\\\/#website\"},\"primaryImageOfPage\":{\"@id\":\"https:\\\/\\\/fr.motocrossmag.be\\\/index.php\\\/2019\\\/12\\\/le-cfs-a-lassaut-de-saint-leger-de-balson\\\/#primaryimage\"},\"image\":{\"@id\":\"https:\\\/\\\/fr.motocrossmag.be\\\/index.php\\\/2019\\\/12\\\/le-cfs-a-lassaut-de-saint-leger-de-balson\\\/#primaryimage\"},\"thumbnailUrl\":\"https:\\\/\\\/fr.motocrossmag.be\\\/wp-content\\\/uploads\\\/2019\\\/12\\\/D\u00e9part-Motos_St-leger_2018-750x502.jpg\",\"datePublished\":\"2019-12-06T15:36:35+00:00\",\"author\":{\"@id\":\"https:\\\/\\\/fr.motocrossmag.be\\\/#\\\/schema\\\/person\\\/11b47143d9f755babca2c9110e03235c\"},\"breadcrumb\":{\"@id\":\"https:\\\/\\\/fr.motocrossmag.be\\\/index.php\\\/2019\\\/12\\\/le-cfs-a-lassaut-de-saint-leger-de-balson\\\/#breadcrumb\"},\"inLanguage\":\"fr-FR\",\"potentialAction\":[{\"@type\":\"ReadAction\",\"target\":[\"https:\\\/\\\/fr.motocrossmag.be\\\/index.php\\\/2019\\\/12\\\/le-cfs-a-lassaut-de-saint-leger-de-balson\\\/\"]}]},{\"@type\":\"ImageObject\",\"inLanguage\":\"fr-FR\",\"@id\":\"https:\\\/\\\/fr.motocrossmag.be\\\/index.php\\\/2019\\\/12\\\/le-cfs-a-lassaut-de-saint-leger-de-balson\\\/#primaryimage\",\"url\":\"https:\\\/\\\/fr.motocrossmag.be\\\/wp-content\\\/uploads\\\/2019\\\/12\\\/D\u00e9part-Motos_St-leger_2018-750x502.jpg\",\"contentUrl\":\"https:\\\/\\\/fr.motocrossmag.be\\\/wp-content\\\/uploads\\\/2019\\\/12\\\/D\u00e9part-Motos_St-leger_2018-750x502.jpg\",\"width\":750,\"height\":502},{\"@type\":\"BreadcrumbList\",\"@id\":\"https:\\\/\\\/fr.motocrossmag.be\\\/index.php\\\/2019\\\/12\\\/le-cfs-a-lassaut-de-saint-leger-de-balson\\\/#breadcrumb\",\"itemListElement\":[{\"@type\":\"ListItem\",\"position\":1,\"name\":\"Accueil\",\"item\":\"https:\\\/\\\/fr.motocrossmag.be\\\/\"},{\"@type\":\"ListItem\",\"position\":2,\"name\":\"Le CFS \u00e0 l&rsquo;assaut de Saint-L\u00e9ger-de-Balson\"}]},{\"@type\":\"WebSite\",\"@id\":\"https:\\\/\\\/fr.motocrossmag.be\\\/#website\",\"url\":\"https:\\\/\\\/fr.motocrossmag.be\\\/\",\"name\":\"Motocross - Enduro - Supermoto | MotocrossMag\",\"description\":\"L&#039;actualit\u00e9 du motocross, de l&#039;enduro et du Supermoto en ligne!\",\"potentialAction\":[{\"@type\":\"SearchAction\",\"target\":{\"@type\":\"EntryPoint\",\"urlTemplate\":\"https:\\\/\\\/fr.motocrossmag.be\\\/?s={search_term_string}\"},\"query-input\":{\"@type\":\"PropertyValueSpecification\",\"valueRequired\":true,\"valueName\":\"search_term_string\"}}],\"inLanguage\":\"fr-FR\"},{\"@type\":\"Person\",\"@id\":\"https:\\\/\\\/fr.motocrossmag.be\\\/#\\\/schema\\\/person\\\/11b47143d9f755babca2c9110e03235c\",\"name\":\"oliviere\",\"image\":{\"@type\":\"ImageObject\",\"inLanguage\":\"fr-FR\",\"@id\":\"https:\\\/\\\/secure.gravatar.com\\\/avatar\\\/907069e0b81d119452040469e4a7501da1100f54f7f80180ce77bfab718288f6?s=96&d=mm&r=g\",\"url\":\"https:\\\/\\\/secure.gravatar.com\\\/avatar\\\/907069e0b81d119452040469e4a7501da1100f54f7f80180ce77bfab718288f6?s=96&d=mm&r=g\",\"contentUrl\":\"https:\\\/\\\/secure.gravatar.com\\\/avatar\\\/907069e0b81d119452040469e4a7501da1100f54f7f80180ce77bfab718288f6?s=96&d=mm&r=g\",\"caption\":\"oliviere\"},\"sameAs\":[\"http:\\\/\\\/www.motocrossmag.be\"],\"url\":\"https:\\\/\\\/fr.motocrossmag.be\\\/index.php\\\/author\\\/oliviere\\\/\"}]}<\/script>\n<!-- \/ Yoast SEO plugin. -->","yoast_head_json":{"title":"Le CFS \u00e0 l'assaut de Saint-L\u00e9ger-de-Balson - Motocross - Enduro - Supermoto | MotocrossMag","robots":{"index":"index","follow":"follow","max-snippet":"max-snippet:-1","max-image-preview":"max-image-preview:large","max-video-preview":"max-video-preview:-1"},"canonical":"https:\/\/fr.motocrossmag.be\/index.php\/2019\/12\/le-cfs-a-lassaut-de-saint-leger-de-balson\/","og_locale":"fr_FR","og_type":"article","og_title":"Le CFS \u00e0 l'assaut de Saint-L\u00e9ger-de-Balson - Motocross - Enduro - Supermoto | MotocrossMag","og_description":"Trois semaines apr\u00e8s l\u2019annulation, en raison des fortes pluies, de ce qui devait \u00eatre la 1ere Training Camp Sand Race de Magescq, le peloton du sable retrouve ce week-end un [...]","og_url":"https:\/\/fr.motocrossmag.be\/index.php\/2019\/12\/le-cfs-a-lassaut-de-saint-leger-de-balson\/","og_site_name":"Motocross - Enduro - Supermoto | MotocrossMag","article_published_time":"2019-12-06T15:36:35+00:00","og_image":[{"width":750,"height":502,"url":"https:\/\/fr.motocrossmag.be\/wp-content\/uploads\/2019\/12\/D\u00e9part-Motos_St-leger_2018-750x502.jpg","type":"image\/jpeg"}],"author":"oliviere","twitter_card":"summary_large_image","twitter_misc":{"\u00c9crit par":"oliviere","Dur\u00e9e de lecture estim\u00e9e":"2 minutes"},"schema":{"@context":"https:\/\/schema.org","@graph":[{"@type":"Article","@id":"https:\/\/fr.motocrossmag.be\/index.php\/2019\/12\/le-cfs-a-lassaut-de-saint-leger-de-balson\/#article","isPartOf":{"@id":"https:\/\/fr.motocrossmag.be\/index.php\/2019\/12\/le-cfs-a-lassaut-de-saint-leger-de-balson\/"},"author":{"name":"oliviere","@id":"https:\/\/fr.motocrossmag.be\/#\/schema\/person\/11b47143d9f755babca2c9110e03235c"},"headline":"Le CFS \u00e0 l&rsquo;assaut de Saint-L\u00e9ger-de-Balson","datePublished":"2019-12-06T15:36:35+00:00","mainEntityOfPage":{"@id":"https:\/\/fr.motocrossmag.be\/index.php\/2019\/12\/le-cfs-a-lassaut-de-saint-leger-de-balson\/"},"wordCount":386,"commentCount":0,"image":{"@id":"https:\/\/fr.motocrossmag.be\/index.php\/2019\/12\/le-cfs-a-lassaut-de-saint-leger-de-balson\/#primaryimage"},"thumbnailUrl":"https:\/\/fr.motocrossmag.be\/wp-content\/uploads\/2019\/12\/D\u00e9part-Motos_St-leger_2018-750x502.jpg","keywords":["CFS","france","sable"],"articleSection":["Actualit\u00e9","Courses de sable","Enduro","News","News","Slideshow"],"inLanguage":"fr-FR","potentialAction":[{"@type":"CommentAction","name":"Comment","target":["https:\/\/fr.motocrossmag.be\/index.php\/2019\/12\/le-cfs-a-lassaut-de-saint-leger-de-balson\/#respond"]}]},{"@type":"WebPage","@id":"https:\/\/fr.motocrossmag.be\/index.php\/2019\/12\/le-cfs-a-lassaut-de-saint-leger-de-balson\/","url":"https:\/\/fr.motocrossmag.be\/index.php\/2019\/12\/le-cfs-a-lassaut-de-saint-leger-de-balson\/","name":"Le CFS \u00e0 l'assaut de Saint-L\u00e9ger-de-Balson - Motocross - Enduro - Supermoto | MotocrossMag","isPartOf":{"@id":"https:\/\/fr.motocrossmag.be\/#website"},"primaryImageOfPage":{"@id":"https:\/\/fr.motocrossmag.be\/index.php\/2019\/12\/le-cfs-a-lassaut-de-saint-leger-de-balson\/#primaryimage"},"image":{"@id":"https:\/\/fr.motocrossmag.be\/index.php\/2019\/12\/le-cfs-a-lassaut-de-saint-leger-de-balson\/#primaryimage"},"thumbnailUrl":"https:\/\/fr.motocrossmag.be\/wp-content\/uploads\/2019\/12\/D\u00e9part-Motos_St-leger_2018-750x502.jpg","datePublished":"2019-12-06T15:36:35+00:00","author":{"@id":"https:\/\/fr.motocrossmag.be\/#\/schema\/person\/11b47143d9f755babca2c9110e03235c"},"breadcrumb":{"@id":"https:\/\/fr.motocrossmag.be\/index.php\/2019\/12\/le-cfs-a-lassaut-de-saint-leger-de-balson\/#breadcrumb"},"inLanguage":"fr-FR","potentialAction":[{"@type":"ReadAction","target":["https:\/\/fr.motocrossmag.be\/index.php\/2019\/12\/le-cfs-a-lassaut-de-saint-leger-de-balson\/"]}]},{"@type":"ImageObject","inLanguage":"fr-FR","@id":"https:\/\/fr.motocrossmag.be\/index.php\/2019\/12\/le-cfs-a-lassaut-de-saint-leger-de-balson\/#primaryimage","url":"https:\/\/fr.motocrossmag.be\/wp-content\/uploads\/2019\/12\/D\u00e9part-Motos_St-leger_2018-750x502.jpg","contentUrl":"https:\/\/fr.motocrossmag.be\/wp-content\/uploads\/2019\/12\/D\u00e9part-Motos_St-leger_2018-750x502.jpg","width":750,"height":502},{"@type":"BreadcrumbList","@id":"https:\/\/fr.motocrossmag.be\/index.php\/2019\/12\/le-cfs-a-lassaut-de-saint-leger-de-balson\/#breadcrumb","itemListElement":[{"@type":"ListItem","position":1,"name":"Accueil","item":"https:\/\/fr.motocrossmag.be\/"},{"@type":"ListItem","position":2,"name":"Le CFS \u00e0 l&rsquo;assaut de Saint-L\u00e9ger-de-Balson"}]},{"@type":"WebSite","@id":"https:\/\/fr.motocrossmag.be\/#website","url":"https:\/\/fr.motocrossmag.be\/","name":"Motocross - Enduro - Supermoto | MotocrossMag","description":"L&#039;actualit\u00e9 du motocross, de l&#039;enduro et du Supermoto en ligne!","potentialAction":[{"@type":"SearchAction","target":{"@type":"EntryPoint","urlTemplate":"https:\/\/fr.motocrossmag.be\/?s={search_term_string}"},"query-input":{"@type":"PropertyValueSpecification","valueRequired":true,"valueName":"search_term_string"}}],"inLanguage":"fr-FR"},{"@type":"Person","@id":"https:\/\/fr.motocrossmag.be\/#\/schema\/person\/11b47143d9f755babca2c9110e03235c","name":"oliviere","image":{"@type":"ImageObject","inLanguage":"fr-FR","@id":"https:\/\/secure.gravatar.com\/avatar\/907069e0b81d119452040469e4a7501da1100f54f7f80180ce77bfab718288f6?s=96&d=mm&r=g","url":"https:\/\/secure.gravatar.com\/avatar\/907069e0b81d119452040469e4a7501da1100f54f7f80180ce77bfab718288f6?s=96&d=mm&r=g","contentUrl":"https:\/\/secure.gravatar.com\/avatar\/907069e0b81d119452040469e4a7501da1100f54f7f80180ce77bfab718288f6?s=96&d=mm&r=g","caption":"oliviere"},"sameAs":["http:\/\/www.motocrossmag.be"],"url":"https:\/\/fr.motocrossmag.be\/index.php\/author\/oliviere\/"}]}},"_links":{"self":[{"href":"https:\/\/fr.motocrossmag.be\/index.php\/wp-json\/wp\/v2\/posts\/99354","targetHints":{"allow":["GET"]}}],"collection":[{"href":"https:\/\/fr.motocrossmag.be\/index.php\/wp-json\/wp\/v2\/posts"}],"about":[{"href":"https:\/\/fr.motocrossmag.be\/index.php\/wp-json\/wp\/v2\/types\/post"}],"author":[{"embeddable":true,"href":"https:\/\/fr.motocrossmag.be\/index.php\/wp-json\/wp\/v2\/users\/932"}],"replies":[{"embeddable":true,"href":"https:\/\/fr.motocrossmag.be\/index.php\/wp-json\/wp\/v2\/comments?post=99354"}],"version-history":[{"count":0,"href":"https:\/\/fr.motocrossmag.be\/index.php\/wp-json\/wp\/v2\/posts\/99354\/revisions"}],"wp:featuredmedia":[{"embeddable":true,"href":"https:\/\/fr.motocrossmag.be\/index.php\/wp-json\/wp\/v2\/media\/99355"}],"wp:attachment":[{"href":"https:\/\/fr.motocrossmag.be\/index.php\/wp-json\/wp\/v2\/media?parent=99354"}],"wp:term":[{"taxonomy":"category","embeddable":true,"href":"https:\/\/fr.motocrossmag.be\/index.php\/wp-json\/wp\/v2\/categories?post=99354"},{"taxonomy":"post_tag","embeddable":true,"href":"https:\/\/fr.motocrossmag.be\/index.php\/wp-json\/wp\/v2\/tags?post=99354"}],"curies":[{"name":"wp","href":"https:\/\/api.w.org\/{rel}","templated":true}]}}