{"id":99368,"date":"2019-12-08T18:30:15","date_gmt":"2019-12-08T17:30:15","guid":{"rendered":"http:\/\/fr.motocrossmag.be\/?p=99368"},"modified":"2019-12-08T18:30:15","modified_gmt":"2019-12-08T17:30:15","slug":"cfs-nathan-watson-vainqueur-a-saint-leger-de-balson","status":"publish","type":"post","link":"https:\/\/fr.motocrossmag.be\/index.php\/2019\/12\/cfs-nathan-watson-vainqueur-a-saint-leger-de-balson\/","title":{"rendered":"CFS : Nathan Watson vainqueur \u00e0 Saint-L\u00e9ger-de-Balson"},"content":{"rendered":"<p><strong>Le 4\u00e8me round du championnat de France des Sables s&rsquo;est disput\u00e9 ce week-end \u00e0 Saint-L\u00e9ger-de-Balson, pr\u00e8s de Bordeaux, dans le sud-ouest de la France. Nathan Watson y a remport\u00e9 son deuxi\u00e8me succ\u00e8s de la saison et conforte ainsi son leadership au classement provisoire. Une situation dans laquelle Watson m\u00e8ne devant Todd Kellett et Camille Chapeli\u00e8re, soit les deux hommes qui l&rsquo;accompagnent ce dimanche en fin d&rsquo;apr\u00e8s-midi sur le podium de l&rsquo;Endurance des Lagunes.<\/strong><\/p>\n<p>Derri\u00e8re les trois hommes, c&rsquo;est J\u00e9r\u00e9my Van Horebeek qui termine au pied du podium et laisse derri\u00e8re lui le mauvais souvenir de l&rsquo;abandon sur ennuis m\u00e9caniques de Loon Plage. Richard Fura compl\u00e8te le top-5.<\/p>\n<p>Arrive ensuite Ben Watson, le jeune fr\u00e8re de Nathan. Le pilote du mondial MX2 participait pour la 3\u00e8me ann\u00e9e cons\u00e9cutive \u00e0 l&rsquo;\u00e9preuve de Saint-L\u00e9ger et termine \u00e0 une belle 6\u00e8me place devant Daymond Martens et St\u00e9phane Watel.<\/p>\n<p>Alors que chez les favoris on notait les absences de Jeffrey Dewulf qui, faute de budget, a d\u00e9cid\u00e9 de se concentrer sur l&rsquo;Enduropale du Touquet, et de Milko Potisek, bless\u00e9 la semaine pass\u00e9e \u00e0 l&rsquo;entra\u00eenement, Kevin Fors faisait en revanche son entr\u00e9e sur le championnat. Une premi\u00e8re apparition qui se solde pour le Belge par une 16\u00e8me place.<\/p>\n<p>Rayon belge, Matt\u00e9o Puffet termine 24\u00e8me, Killigan Delroeux 32\u00e8me.<\/p>\n<p>Prochain rendez-vous pour les concurrents du championnat de France des Sables \u00e0 Hossegor d\u00e8s le week-end prochain.<\/p>\n<p>&nbsp;<\/p>\n<p><span style=\"color: #800000;\"><strong>R\u00e9sultats<\/strong><\/span><\/p>\n<p>1 WATSON Nathan Moto KTM 16 trs &#8211; 02:30:32.610; 2 KELLETT Todd Yamaha +1:40.600; 3 CHAPELIERE Camille KTM\u00a0 +2:08.580; <strong>4 VAN HOREBEEK Jeremy Honda +2:30.770<\/strong>; 5 FURA Richard Yamaha +5:32.230; 6 WATSON Ben Yamaha +6:27.040; <strong>7 MARTENS Daymond KTM +7:16.920<\/strong>; 8 WATEL Stephane Honda +8:29.830; 9 ROSSIER Victor Yamaha + 1 tr; 10 PREVOT Damien Kawasaki + 1 tr; 11 HAUQUIER Jeremy KTM + 1 tr; 12 BONNEAU Jeremy KTM + 1 tr; 13 MEPLON Marshall Yamaha + 1 tr; 14 HOUZET Dan KTM + 1 tr; 15 FLORIN Timothee Kawasaki + 1 tr; <strong>16 FORS Kevin Husqvarna + 1 tr;&#8230;24 PUFFET Matteo KTM +2 trs;&#8230; 32 DELROEUX Killigan Yamaha + 2 trs;&#8230;<\/strong><\/p>\n<p>CLASSEMENT PROVISOIRE<\/p>\n<p>1 WATSON Nathan 435 pts;2 KELLETT Todd 360 pts; 3 CHAPELIERE Camille 326 pts; 4 FURA Richard 301 pts; <strong>5 MARTENS Daymond 295 pts<\/strong>; 6 WATEL Stephane 270 pts; 7 HAUQUIER Jeremy 268 pts; <strong>8 DEWULF Jeffrey 260 pts<\/strong>; 9 PREVOT Damien 255 pts; 10 FLORIN Timothee 255 pts;&#8230;<\/p>\n<p><span style=\"color: #800000;\"><strong>\u00a0<\/strong><\/span><\/p>\n<div id=\"ConnectiveDocSignExtentionInstalled\" data-extension-version=\"1.0.4\"><\/div>\n","protected":false},"excerpt":{"rendered":"<p>Le 4\u00e8me round du championnat de France des Sables s&rsquo;est disput\u00e9 ce week-end \u00e0 Saint-L\u00e9ger-de-Balson, pr\u00e8s de Bordeaux, dans le sud-ouest de la France. Nathan Watson y a remport\u00e9 son [&#8230;]<\/p>\n","protected":false},"author":932,"featured_media":99369,"comment_status":"open","ping_status":"closed","sticky":false,"template":"","format":"standard","meta":{"footnotes":""},"categories":[54,1075,32,33,55,65],"tags":[300,490,1178],"class_list":["post-99368","post","type-post","status-publish","format-standard","has-post-thumbnail","hentry","category-actualite","category-courses-de-sable","category-enduro","category-news-enduro","category-news-actualite","category-slideshow","tag-course-sur-sable","tag-france","tag-sable"],"yoast_head":"<!-- This site is optimized with the Yoast SEO plugin v27.4 - https:\/\/yoast.com\/product\/yoast-seo-wordpress\/ -->\n<title>CFS : Nathan Watson vainqueur \u00e0 Saint-L\u00e9ger-de-Balson - Motocross - Enduro - Supermoto | MotocrossMag<\/title>\n<meta name=\"robots\" content=\"index, follow, max-snippet:-1, max-image-preview:large, max-video-preview:-1\" \/>\n<link rel=\"canonical\" href=\"https:\/\/fr.motocrossmag.be\/index.php\/2019\/12\/cfs-nathan-watson-vainqueur-a-saint-leger-de-balson\/\" \/>\n<meta property=\"og:locale\" content=\"fr_FR\" \/>\n<meta property=\"og:type\" content=\"article\" \/>\n<meta property=\"og:title\" content=\"CFS : Nathan Watson vainqueur \u00e0 Saint-L\u00e9ger-de-Balson - Motocross - Enduro - Supermoto | MotocrossMag\" \/>\n<meta property=\"og:description\" content=\"Le 4\u00e8me round du championnat de France des Sables s&rsquo;est disput\u00e9 ce week-end \u00e0 Saint-L\u00e9ger-de-Balson, pr\u00e8s de Bordeaux, dans le sud-ouest de la France. Nathan Watson y a remport\u00e9 son [...]\" \/>\n<meta property=\"og:url\" content=\"https:\/\/fr.motocrossmag.be\/index.php\/2019\/12\/cfs-nathan-watson-vainqueur-a-saint-leger-de-balson\/\" \/>\n<meta property=\"og:site_name\" content=\"Motocross - Enduro - Supermoto | MotocrossMag\" \/>\n<meta property=\"article:published_time\" content=\"2019-12-08T17:30:15+00:00\" \/>\n<meta property=\"og:image\" content=\"https:\/\/fr.motocrossmag.be\/wp-content\/uploads\/2019\/12\/cfs-balson-watson.jpg\" \/>\n\t<meta property=\"og:image:width\" content=\"1000\" \/>\n\t<meta property=\"og:image:height\" content=\"666\" \/>\n\t<meta property=\"og:image:type\" content=\"image\/jpeg\" \/>\n<meta name=\"author\" content=\"oliviere\" \/>\n<meta name=\"twitter:card\" content=\"summary_large_image\" \/>\n<meta name=\"twitter:label1\" content=\"\u00c9crit par\" \/>\n\t<meta name=\"twitter:data1\" content=\"oliviere\" \/>\n\t<meta name=\"twitter:label2\" content=\"Dur\u00e9e de lecture estim\u00e9e\" \/>\n\t<meta name=\"twitter:data2\" content=\"2 minutes\" \/>\n<script type=\"application\/ld+json\" class=\"yoast-schema-graph\">{\"@context\":\"https:\\\/\\\/schema.org\",\"@graph\":[{\"@type\":\"Article\",\"@id\":\"https:\\\/\\\/fr.motocrossmag.be\\\/index.php\\\/2019\\\/12\\\/cfs-nathan-watson-vainqueur-a-saint-leger-de-balson\\\/#article\",\"isPartOf\":{\"@id\":\"https:\\\/\\\/fr.motocrossmag.be\\\/index.php\\\/2019\\\/12\\\/cfs-nathan-watson-vainqueur-a-saint-leger-de-balson\\\/\"},\"author\":{\"name\":\"oliviere\",\"@id\":\"https:\\\/\\\/fr.motocrossmag.be\\\/#\\\/schema\\\/person\\\/11b47143d9f755babca2c9110e03235c\"},\"headline\":\"CFS : Nathan Watson vainqueur \u00e0 Saint-L\u00e9ger-de-Balson\",\"datePublished\":\"2019-12-08T17:30:15+00:00\",\"mainEntityOfPage\":{\"@id\":\"https:\\\/\\\/fr.motocrossmag.be\\\/index.php\\\/2019\\\/12\\\/cfs-nathan-watson-vainqueur-a-saint-leger-de-balson\\\/\"},\"wordCount\":366,\"commentCount\":0,\"image\":{\"@id\":\"https:\\\/\\\/fr.motocrossmag.be\\\/index.php\\\/2019\\\/12\\\/cfs-nathan-watson-vainqueur-a-saint-leger-de-balson\\\/#primaryimage\"},\"thumbnailUrl\":\"https:\\\/\\\/fr.motocrossmag.be\\\/wp-content\\\/uploads\\\/2019\\\/12\\\/cfs-balson-watson.jpg\",\"keywords\":[\"CFS\",\"france\",\"sable\"],\"articleSection\":[\"Actualit\u00e9\",\"Courses de sable\",\"Enduro\",\"News\",\"News\",\"Slideshow\"],\"inLanguage\":\"fr-FR\",\"potentialAction\":[{\"@type\":\"CommentAction\",\"name\":\"Comment\",\"target\":[\"https:\\\/\\\/fr.motocrossmag.be\\\/index.php\\\/2019\\\/12\\\/cfs-nathan-watson-vainqueur-a-saint-leger-de-balson\\\/#respond\"]}]},{\"@type\":\"WebPage\",\"@id\":\"https:\\\/\\\/fr.motocrossmag.be\\\/index.php\\\/2019\\\/12\\\/cfs-nathan-watson-vainqueur-a-saint-leger-de-balson\\\/\",\"url\":\"https:\\\/\\\/fr.motocrossmag.be\\\/index.php\\\/2019\\\/12\\\/cfs-nathan-watson-vainqueur-a-saint-leger-de-balson\\\/\",\"name\":\"CFS : Nathan Watson vainqueur \u00e0 Saint-L\u00e9ger-de-Balson - Motocross - Enduro - Supermoto | MotocrossMag\",\"isPartOf\":{\"@id\":\"https:\\\/\\\/fr.motocrossmag.be\\\/#website\"},\"primaryImageOfPage\":{\"@id\":\"https:\\\/\\\/fr.motocrossmag.be\\\/index.php\\\/2019\\\/12\\\/cfs-nathan-watson-vainqueur-a-saint-leger-de-balson\\\/#primaryimage\"},\"image\":{\"@id\":\"https:\\\/\\\/fr.motocrossmag.be\\\/index.php\\\/2019\\\/12\\\/cfs-nathan-watson-vainqueur-a-saint-leger-de-balson\\\/#primaryimage\"},\"thumbnailUrl\":\"https:\\\/\\\/fr.motocrossmag.be\\\/wp-content\\\/uploads\\\/2019\\\/12\\\/cfs-balson-watson.jpg\",\"datePublished\":\"2019-12-08T17:30:15+00:00\",\"author\":{\"@id\":\"https:\\\/\\\/fr.motocrossmag.be\\\/#\\\/schema\\\/person\\\/11b47143d9f755babca2c9110e03235c\"},\"breadcrumb\":{\"@id\":\"https:\\\/\\\/fr.motocrossmag.be\\\/index.php\\\/2019\\\/12\\\/cfs-nathan-watson-vainqueur-a-saint-leger-de-balson\\\/#breadcrumb\"},\"inLanguage\":\"fr-FR\",\"potentialAction\":[{\"@type\":\"ReadAction\",\"target\":[\"https:\\\/\\\/fr.motocrossmag.be\\\/index.php\\\/2019\\\/12\\\/cfs-nathan-watson-vainqueur-a-saint-leger-de-balson\\\/\"]}]},{\"@type\":\"ImageObject\",\"inLanguage\":\"fr-FR\",\"@id\":\"https:\\\/\\\/fr.motocrossmag.be\\\/index.php\\\/2019\\\/12\\\/cfs-nathan-watson-vainqueur-a-saint-leger-de-balson\\\/#primaryimage\",\"url\":\"https:\\\/\\\/fr.motocrossmag.be\\\/wp-content\\\/uploads\\\/2019\\\/12\\\/cfs-balson-watson.jpg\",\"contentUrl\":\"https:\\\/\\\/fr.motocrossmag.be\\\/wp-content\\\/uploads\\\/2019\\\/12\\\/cfs-balson-watson.jpg\",\"width\":1000,\"height\":666},{\"@type\":\"BreadcrumbList\",\"@id\":\"https:\\\/\\\/fr.motocrossmag.be\\\/index.php\\\/2019\\\/12\\\/cfs-nathan-watson-vainqueur-a-saint-leger-de-balson\\\/#breadcrumb\",\"itemListElement\":[{\"@type\":\"ListItem\",\"position\":1,\"name\":\"Accueil\",\"item\":\"https:\\\/\\\/fr.motocrossmag.be\\\/\"},{\"@type\":\"ListItem\",\"position\":2,\"name\":\"CFS : Nathan Watson vainqueur \u00e0 Saint-L\u00e9ger-de-Balson\"}]},{\"@type\":\"WebSite\",\"@id\":\"https:\\\/\\\/fr.motocrossmag.be\\\/#website\",\"url\":\"https:\\\/\\\/fr.motocrossmag.be\\\/\",\"name\":\"Motocross - Enduro - Supermoto | MotocrossMag\",\"description\":\"L&#039;actualit\u00e9 du motocross, de l&#039;enduro et du Supermoto en ligne!\",\"potentialAction\":[{\"@type\":\"SearchAction\",\"target\":{\"@type\":\"EntryPoint\",\"urlTemplate\":\"https:\\\/\\\/fr.motocrossmag.be\\\/?s={search_term_string}\"},\"query-input\":{\"@type\":\"PropertyValueSpecification\",\"valueRequired\":true,\"valueName\":\"search_term_string\"}}],\"inLanguage\":\"fr-FR\"},{\"@type\":\"Person\",\"@id\":\"https:\\\/\\\/fr.motocrossmag.be\\\/#\\\/schema\\\/person\\\/11b47143d9f755babca2c9110e03235c\",\"name\":\"oliviere\",\"image\":{\"@type\":\"ImageObject\",\"inLanguage\":\"fr-FR\",\"@id\":\"https:\\\/\\\/secure.gravatar.com\\\/avatar\\\/907069e0b81d119452040469e4a7501da1100f54f7f80180ce77bfab718288f6?s=96&d=mm&r=g\",\"url\":\"https:\\\/\\\/secure.gravatar.com\\\/avatar\\\/907069e0b81d119452040469e4a7501da1100f54f7f80180ce77bfab718288f6?s=96&d=mm&r=g\",\"contentUrl\":\"https:\\\/\\\/secure.gravatar.com\\\/avatar\\\/907069e0b81d119452040469e4a7501da1100f54f7f80180ce77bfab718288f6?s=96&d=mm&r=g\",\"caption\":\"oliviere\"},\"sameAs\":[\"http:\\\/\\\/www.motocrossmag.be\"],\"url\":\"https:\\\/\\\/fr.motocrossmag.be\\\/index.php\\\/author\\\/oliviere\\\/\"}]}<\/script>\n<!-- \/ Yoast SEO plugin. -->","yoast_head_json":{"title":"CFS : Nathan Watson vainqueur \u00e0 Saint-L\u00e9ger-de-Balson - Motocross - Enduro - Supermoto | MotocrossMag","robots":{"index":"index","follow":"follow","max-snippet":"max-snippet:-1","max-image-preview":"max-image-preview:large","max-video-preview":"max-video-preview:-1"},"canonical":"https:\/\/fr.motocrossmag.be\/index.php\/2019\/12\/cfs-nathan-watson-vainqueur-a-saint-leger-de-balson\/","og_locale":"fr_FR","og_type":"article","og_title":"CFS : Nathan Watson vainqueur \u00e0 Saint-L\u00e9ger-de-Balson - Motocross - Enduro - Supermoto | MotocrossMag","og_description":"Le 4\u00e8me round du championnat de France des Sables s&rsquo;est disput\u00e9 ce week-end \u00e0 Saint-L\u00e9ger-de-Balson, pr\u00e8s de Bordeaux, dans le sud-ouest de la France. Nathan Watson y a remport\u00e9 son [...]","og_url":"https:\/\/fr.motocrossmag.be\/index.php\/2019\/12\/cfs-nathan-watson-vainqueur-a-saint-leger-de-balson\/","og_site_name":"Motocross - Enduro - Supermoto | MotocrossMag","article_published_time":"2019-12-08T17:30:15+00:00","og_image":[{"width":1000,"height":666,"url":"https:\/\/fr.motocrossmag.be\/wp-content\/uploads\/2019\/12\/cfs-balson-watson.jpg","type":"image\/jpeg"}],"author":"oliviere","twitter_card":"summary_large_image","twitter_misc":{"\u00c9crit par":"oliviere","Dur\u00e9e de lecture estim\u00e9e":"2 minutes"},"schema":{"@context":"https:\/\/schema.org","@graph":[{"@type":"Article","@id":"https:\/\/fr.motocrossmag.be\/index.php\/2019\/12\/cfs-nathan-watson-vainqueur-a-saint-leger-de-balson\/#article","isPartOf":{"@id":"https:\/\/fr.motocrossmag.be\/index.php\/2019\/12\/cfs-nathan-watson-vainqueur-a-saint-leger-de-balson\/"},"author":{"name":"oliviere","@id":"https:\/\/fr.motocrossmag.be\/#\/schema\/person\/11b47143d9f755babca2c9110e03235c"},"headline":"CFS : Nathan Watson vainqueur \u00e0 Saint-L\u00e9ger-de-Balson","datePublished":"2019-12-08T17:30:15+00:00","mainEntityOfPage":{"@id":"https:\/\/fr.motocrossmag.be\/index.php\/2019\/12\/cfs-nathan-watson-vainqueur-a-saint-leger-de-balson\/"},"wordCount":366,"commentCount":0,"image":{"@id":"https:\/\/fr.motocrossmag.be\/index.php\/2019\/12\/cfs-nathan-watson-vainqueur-a-saint-leger-de-balson\/#primaryimage"},"thumbnailUrl":"https:\/\/fr.motocrossmag.be\/wp-content\/uploads\/2019\/12\/cfs-balson-watson.jpg","keywords":["CFS","france","sable"],"articleSection":["Actualit\u00e9","Courses de sable","Enduro","News","News","Slideshow"],"inLanguage":"fr-FR","potentialAction":[{"@type":"CommentAction","name":"Comment","target":["https:\/\/fr.motocrossmag.be\/index.php\/2019\/12\/cfs-nathan-watson-vainqueur-a-saint-leger-de-balson\/#respond"]}]},{"@type":"WebPage","@id":"https:\/\/fr.motocrossmag.be\/index.php\/2019\/12\/cfs-nathan-watson-vainqueur-a-saint-leger-de-balson\/","url":"https:\/\/fr.motocrossmag.be\/index.php\/2019\/12\/cfs-nathan-watson-vainqueur-a-saint-leger-de-balson\/","name":"CFS : Nathan Watson vainqueur \u00e0 Saint-L\u00e9ger-de-Balson - Motocross - Enduro - Supermoto | MotocrossMag","isPartOf":{"@id":"https:\/\/fr.motocrossmag.be\/#website"},"primaryImageOfPage":{"@id":"https:\/\/fr.motocrossmag.be\/index.php\/2019\/12\/cfs-nathan-watson-vainqueur-a-saint-leger-de-balson\/#primaryimage"},"image":{"@id":"https:\/\/fr.motocrossmag.be\/index.php\/2019\/12\/cfs-nathan-watson-vainqueur-a-saint-leger-de-balson\/#primaryimage"},"thumbnailUrl":"https:\/\/fr.motocrossmag.be\/wp-content\/uploads\/2019\/12\/cfs-balson-watson.jpg","datePublished":"2019-12-08T17:30:15+00:00","author":{"@id":"https:\/\/fr.motocrossmag.be\/#\/schema\/person\/11b47143d9f755babca2c9110e03235c"},"breadcrumb":{"@id":"https:\/\/fr.motocrossmag.be\/index.php\/2019\/12\/cfs-nathan-watson-vainqueur-a-saint-leger-de-balson\/#breadcrumb"},"inLanguage":"fr-FR","potentialAction":[{"@type":"ReadAction","target":["https:\/\/fr.motocrossmag.be\/index.php\/2019\/12\/cfs-nathan-watson-vainqueur-a-saint-leger-de-balson\/"]}]},{"@type":"ImageObject","inLanguage":"fr-FR","@id":"https:\/\/fr.motocrossmag.be\/index.php\/2019\/12\/cfs-nathan-watson-vainqueur-a-saint-leger-de-balson\/#primaryimage","url":"https:\/\/fr.motocrossmag.be\/wp-content\/uploads\/2019\/12\/cfs-balson-watson.jpg","contentUrl":"https:\/\/fr.motocrossmag.be\/wp-content\/uploads\/2019\/12\/cfs-balson-watson.jpg","width":1000,"height":666},{"@type":"BreadcrumbList","@id":"https:\/\/fr.motocrossmag.be\/index.php\/2019\/12\/cfs-nathan-watson-vainqueur-a-saint-leger-de-balson\/#breadcrumb","itemListElement":[{"@type":"ListItem","position":1,"name":"Accueil","item":"https:\/\/fr.motocrossmag.be\/"},{"@type":"ListItem","position":2,"name":"CFS : Nathan Watson vainqueur \u00e0 Saint-L\u00e9ger-de-Balson"}]},{"@type":"WebSite","@id":"https:\/\/fr.motocrossmag.be\/#website","url":"https:\/\/fr.motocrossmag.be\/","name":"Motocross - Enduro - Supermoto | MotocrossMag","description":"L&#039;actualit\u00e9 du motocross, de l&#039;enduro et du Supermoto en ligne!","potentialAction":[{"@type":"SearchAction","target":{"@type":"EntryPoint","urlTemplate":"https:\/\/fr.motocrossmag.be\/?s={search_term_string}"},"query-input":{"@type":"PropertyValueSpecification","valueRequired":true,"valueName":"search_term_string"}}],"inLanguage":"fr-FR"},{"@type":"Person","@id":"https:\/\/fr.motocrossmag.be\/#\/schema\/person\/11b47143d9f755babca2c9110e03235c","name":"oliviere","image":{"@type":"ImageObject","inLanguage":"fr-FR","@id":"https:\/\/secure.gravatar.com\/avatar\/907069e0b81d119452040469e4a7501da1100f54f7f80180ce77bfab718288f6?s=96&d=mm&r=g","url":"https:\/\/secure.gravatar.com\/avatar\/907069e0b81d119452040469e4a7501da1100f54f7f80180ce77bfab718288f6?s=96&d=mm&r=g","contentUrl":"https:\/\/secure.gravatar.com\/avatar\/907069e0b81d119452040469e4a7501da1100f54f7f80180ce77bfab718288f6?s=96&d=mm&r=g","caption":"oliviere"},"sameAs":["http:\/\/www.motocrossmag.be"],"url":"https:\/\/fr.motocrossmag.be\/index.php\/author\/oliviere\/"}]}},"_links":{"self":[{"href":"https:\/\/fr.motocrossmag.be\/index.php\/wp-json\/wp\/v2\/posts\/99368","targetHints":{"allow":["GET"]}}],"collection":[{"href":"https:\/\/fr.motocrossmag.be\/index.php\/wp-json\/wp\/v2\/posts"}],"about":[{"href":"https:\/\/fr.motocrossmag.be\/index.php\/wp-json\/wp\/v2\/types\/post"}],"author":[{"embeddable":true,"href":"https:\/\/fr.motocrossmag.be\/index.php\/wp-json\/wp\/v2\/users\/932"}],"replies":[{"embeddable":true,"href":"https:\/\/fr.motocrossmag.be\/index.php\/wp-json\/wp\/v2\/comments?post=99368"}],"version-history":[{"count":0,"href":"https:\/\/fr.motocrossmag.be\/index.php\/wp-json\/wp\/v2\/posts\/99368\/revisions"}],"wp:featuredmedia":[{"embeddable":true,"href":"https:\/\/fr.motocrossmag.be\/index.php\/wp-json\/wp\/v2\/media\/99369"}],"wp:attachment":[{"href":"https:\/\/fr.motocrossmag.be\/index.php\/wp-json\/wp\/v2\/media?parent=99368"}],"wp:term":[{"taxonomy":"category","embeddable":true,"href":"https:\/\/fr.motocrossmag.be\/index.php\/wp-json\/wp\/v2\/categories?post=99368"},{"taxonomy":"post_tag","embeddable":true,"href":"https:\/\/fr.motocrossmag.be\/index.php\/wp-json\/wp\/v2\/tags?post=99368"}],"curies":[{"name":"wp","href":"https:\/\/api.w.org\/{rel}","templated":true}]}}