{"id":9943,"date":"2011-02-09T23:13:05","date_gmt":"2011-02-09T22:13:05","guid":{"rendered":"http:\/\/fr.motocrossmag.be\/?p=9943"},"modified":"2011-02-09T23:13:05","modified_gmt":"2011-02-09T22:13:05","slug":"casque-agv-ax-8-tp-199-un-casque-a-limage-de-travis-pastrana","status":"publish","type":"post","link":"https:\/\/fr.motocrossmag.be\/index.php\/2011\/02\/casque-agv-ax-8-tp-199-un-casque-a-limage-de-travis-pastrana\/","title":{"rendered":"Casque AGV AX-8 TP 199 | Un casque \u00e0\u00a0 l&rsquo;image de Travis Pastrana"},"content":{"rendered":"<p>On ne pr\u00e9sente plus Travis Pastrana. Un athl\u00e8te hors du commun, aux facettes multiples, dont les fac\u00e9ties, sur 2 ou 4 roues,\u00a0n&rsquo;ont certainement pas fini de nous surprendre. Lorsqu&rsquo;on sait que Travis a voulu que le nouvel AGV AX-8 TP 199 soit le reflet de sa personnalit\u00e9, de ce qui compte pour lui dans la vie, on comprend plus facilement pourquoi le dernier n\u00e9 de la gamme cross du fabricant italien n&rsquo;est pas un casque comme les autres.<\/p>\n<p><img decoding=\"async\" class=\"lazyload alignnone size-full wp-image-9945\" title=\"Un look radical pour le nouvel AGV AX-8 TP 199!\" src=\"http:\/\/fr.motocrossmag.be\/wp-content\/uploads\/2011\/02\/agv_pastrana_2.jpg\" data-orig-src=\"http:\/\/fr.motocrossmag.be\/wp-content\/uploads\/2011\/02\/agv_pastrana_2.jpg\" alt=\"\" width=\"500\" height=\"160\" srcset=\"data:image\/svg+xml,%3Csvg%20xmlns%3D%27http%3A%2F%2Fwww.w3.org%2F2000%2Fsvg%27%20width%3D%27500%27%20height%3D%27160%27%20viewBox%3D%270%200%20500%20160%27%3E%3Crect%20width%3D%27500%27%20height%3D%27160%27%20fill-opacity%3D%220%22%2F%3E%3C%2Fsvg%3E\" data-srcset=\"https:\/\/fr.motocrossmag.be\/wp-content\/uploads\/2011\/02\/agv_pastrana_2-300x96.jpg 300w, https:\/\/fr.motocrossmag.be\/wp-content\/uploads\/2011\/02\/agv_pastrana_2.jpg 500w\" data-sizes=\"auto\" data-orig-sizes=\"(max-width: 500px) 100vw, 500px\" \/><\/p>\n<p>D&rsquo;ici la fin du mois de mai, c&rsquo;est en effet un int\u00e9gral cross\u00a0 en fibre haut de gamme et\u00a0au look pour le moins inhabituel\u00a0qui viendra s&rsquo;ajouter \u00e0\u00a0 la\u00a0collection AGV. Une d\u00e9co dont la surprenante asym\u00e9trie\u00a0refl\u00e8te \u00e0\u00a0 la perfection toute la complexit\u00e9 de la personnalit\u00e9 de TP et sur laquelle de nombreux \u00e9l\u00e9ments rendent hommage \u00e0\u00a0\u00a0sa carri\u00e8re et \u00e0\u00a0 ses compagnons du Nitro Circus.<\/p>\n<p>Prix conseill\u00e9: 349 \u00e2\u201a\u00ac<\/p>\n<p><strong><span style=\"color: #800000;\">Caract\u00e9ristiques techniques<\/span><\/strong><\/p>\n<p>\u00e2\u20ac\u00a2 Calotte externe en 3 tailles avec stratification SSL (Fibre de verre, Kevlar, Carbone)<br \/>\n\u00e2\u20ac\u00a2 A\u00e9ration IVS (Integrated Ventilation System) avec canalisations m\u00e9nag\u00e9es directement \u00e0\u00a0 l&rsquo;int\u00e9rieur de la calotte pour un flux d&rsquo;air plus efficace \u00e0\u00a0 l&rsquo;int\u00e9rieur du casque et de meilleures performances a\u00e9rodynamiques<br \/>\n\u00e2\u20ac\u00a2 5 prises d&rsquo;air avant, 2 lat\u00e9rales sur la mentonni\u00e8re et 2 extracteurs arri\u00e8re<br \/>\n\u00e2\u20ac\u00a2 Prise d&rsquo;air de la mentonni\u00e8re facilement amovible, rempla\u00e7able sans outils et interchangeable avec celle de l&rsquo;AX-8 Dual<br \/>\n\u00e2\u20ac\u00a2 Parties int\u00e9rieures enti\u00e8rement amovibles et lavables (y compris le rev\u00eatement de la jugulaire) avec coussins de joue con\u00e7us pour l&rsquo;utilisation avec des lunettes cross<br \/>\n\u00e2\u20ac\u00a2 Tissus avec traitement antibact\u00e9rien en Dry-Lex\u00ae La partie fixe des coussins de joue est rev\u00eatue de mati\u00e8re plastique souple facilement lavable<br \/>\n\u00e2\u20ac\u00a2 Casquette r\u00e9glable<br \/>\n\u00e2\u20ac\u00a2 Syst\u00e8me d&rsquo;attache avec jugulaire \u00e0\u00a0 Double D<br \/>\n\u00e2\u20ac\u00a2 Tailles : XXS-XXXL<br \/>\n\u00e2\u20ac\u00a2 Poids. E2205 : 1 150 g +\/- 50 g (taille M)<\/p>\n","protected":false},"excerpt":{"rendered":"<p>On ne pr\u00e9sente plus Travis Pastrana. Un athl\u00e8te hors du commun, aux facettes multiples, dont les fac\u00e9ties, sur 2 ou 4 roues,\u00a0n&rsquo;ont certainement pas fini de nous surprendre. Lorsqu&rsquo;on sait [&#8230;]<\/p>\n","protected":false},"author":932,"featured_media":0,"comment_status":"open","ping_status":"closed","sticky":false,"template":"","format":"standard","meta":{"footnotes":""},"categories":[61],"tags":[],"class_list":["post-9943","post","type-post","status-publish","format-standard","hentry","category-shopping"],"yoast_head":"<!-- This site is optimized with the Yoast SEO plugin v27.4 - https:\/\/yoast.com\/product\/yoast-seo-wordpress\/ -->\n<title>Casque AGV AX-8 TP 199 | Un casque \u00e0\u00a0 l&#039;image de Travis Pastrana - Motocross - Enduro - Supermoto | MotocrossMag<\/title>\n<meta name=\"robots\" content=\"index, follow, max-snippet:-1, max-image-preview:large, max-video-preview:-1\" \/>\n<link rel=\"canonical\" href=\"https:\/\/fr.motocrossmag.be\/index.php\/2011\/02\/casque-agv-ax-8-tp-199-un-casque-a-limage-de-travis-pastrana\/\" \/>\n<meta property=\"og:locale\" content=\"fr_FR\" \/>\n<meta property=\"og:type\" content=\"article\" \/>\n<meta property=\"og:title\" content=\"Casque AGV AX-8 TP 199 | Un casque \u00e0\u00a0 l&#039;image de Travis Pastrana - Motocross - Enduro - Supermoto | MotocrossMag\" \/>\n<meta property=\"og:description\" content=\"On ne pr\u00e9sente plus Travis Pastrana. Un athl\u00e8te hors du commun, aux facettes multiples, dont les fac\u00e9ties, sur 2 ou 4 roues,\u00a0n&rsquo;ont certainement pas fini de nous surprendre. Lorsqu&rsquo;on sait [...]\" \/>\n<meta property=\"og:url\" content=\"https:\/\/fr.motocrossmag.be\/index.php\/2011\/02\/casque-agv-ax-8-tp-199-un-casque-a-limage-de-travis-pastrana\/\" \/>\n<meta property=\"og:site_name\" content=\"Motocross - Enduro - Supermoto | MotocrossMag\" \/>\n<meta property=\"article:published_time\" content=\"2011-02-09T22:13:05+00:00\" \/>\n<meta property=\"og:image\" content=\"http:\/\/fr.motocrossmag.be\/wp-content\/uploads\/2011\/02\/agv_pastrana_2.jpg\" \/>\n<meta name=\"author\" content=\"oliviere\" \/>\n<meta name=\"twitter:card\" content=\"summary_large_image\" \/>\n<meta name=\"twitter:label1\" content=\"\u00c9crit par\" \/>\n\t<meta name=\"twitter:data1\" content=\"oliviere\" \/>\n\t<meta name=\"twitter:label2\" content=\"Dur\u00e9e de lecture estim\u00e9e\" \/>\n\t<meta name=\"twitter:data2\" content=\"2 minutes\" \/>\n<script type=\"application\/ld+json\" class=\"yoast-schema-graph\">{\"@context\":\"https:\\\/\\\/schema.org\",\"@graph\":[{\"@type\":\"Article\",\"@id\":\"https:\\\/\\\/fr.motocrossmag.be\\\/index.php\\\/2011\\\/02\\\/casque-agv-ax-8-tp-199-un-casque-a-limage-de-travis-pastrana\\\/#article\",\"isPartOf\":{\"@id\":\"https:\\\/\\\/fr.motocrossmag.be\\\/index.php\\\/2011\\\/02\\\/casque-agv-ax-8-tp-199-un-casque-a-limage-de-travis-pastrana\\\/\"},\"author\":{\"name\":\"oliviere\",\"@id\":\"https:\\\/\\\/fr.motocrossmag.be\\\/#\\\/schema\\\/person\\\/11b47143d9f755babca2c9110e03235c\"},\"headline\":\"Casque AGV AX-8 TP 199 | Un casque \u00e0\u00a0 l&rsquo;image de Travis Pastrana\",\"datePublished\":\"2011-02-09T22:13:05+00:00\",\"mainEntityOfPage\":{\"@id\":\"https:\\\/\\\/fr.motocrossmag.be\\\/index.php\\\/2011\\\/02\\\/casque-agv-ax-8-tp-199-un-casque-a-limage-de-travis-pastrana\\\/\"},\"wordCount\":327,\"commentCount\":0,\"image\":{\"@id\":\"https:\\\/\\\/fr.motocrossmag.be\\\/index.php\\\/2011\\\/02\\\/casque-agv-ax-8-tp-199-un-casque-a-limage-de-travis-pastrana\\\/#primaryimage\"},\"thumbnailUrl\":\"http:\\\/\\\/fr.motocrossmag.be\\\/wp-content\\\/uploads\\\/2011\\\/02\\\/agv_pastrana_2.jpg\",\"articleSection\":[\"Produits\"],\"inLanguage\":\"fr-FR\",\"potentialAction\":[{\"@type\":\"CommentAction\",\"name\":\"Comment\",\"target\":[\"https:\\\/\\\/fr.motocrossmag.be\\\/index.php\\\/2011\\\/02\\\/casque-agv-ax-8-tp-199-un-casque-a-limage-de-travis-pastrana\\\/#respond\"]}]},{\"@type\":\"WebPage\",\"@id\":\"https:\\\/\\\/fr.motocrossmag.be\\\/index.php\\\/2011\\\/02\\\/casque-agv-ax-8-tp-199-un-casque-a-limage-de-travis-pastrana\\\/\",\"url\":\"https:\\\/\\\/fr.motocrossmag.be\\\/index.php\\\/2011\\\/02\\\/casque-agv-ax-8-tp-199-un-casque-a-limage-de-travis-pastrana\\\/\",\"name\":\"Casque AGV AX-8 TP 199 | Un casque \u00e0\u00a0 l'image de Travis Pastrana - Motocross - Enduro - Supermoto | MotocrossMag\",\"isPartOf\":{\"@id\":\"https:\\\/\\\/fr.motocrossmag.be\\\/#website\"},\"primaryImageOfPage\":{\"@id\":\"https:\\\/\\\/fr.motocrossmag.be\\\/index.php\\\/2011\\\/02\\\/casque-agv-ax-8-tp-199-un-casque-a-limage-de-travis-pastrana\\\/#primaryimage\"},\"image\":{\"@id\":\"https:\\\/\\\/fr.motocrossmag.be\\\/index.php\\\/2011\\\/02\\\/casque-agv-ax-8-tp-199-un-casque-a-limage-de-travis-pastrana\\\/#primaryimage\"},\"thumbnailUrl\":\"http:\\\/\\\/fr.motocrossmag.be\\\/wp-content\\\/uploads\\\/2011\\\/02\\\/agv_pastrana_2.jpg\",\"datePublished\":\"2011-02-09T22:13:05+00:00\",\"author\":{\"@id\":\"https:\\\/\\\/fr.motocrossmag.be\\\/#\\\/schema\\\/person\\\/11b47143d9f755babca2c9110e03235c\"},\"breadcrumb\":{\"@id\":\"https:\\\/\\\/fr.motocrossmag.be\\\/index.php\\\/2011\\\/02\\\/casque-agv-ax-8-tp-199-un-casque-a-limage-de-travis-pastrana\\\/#breadcrumb\"},\"inLanguage\":\"fr-FR\",\"potentialAction\":[{\"@type\":\"ReadAction\",\"target\":[\"https:\\\/\\\/fr.motocrossmag.be\\\/index.php\\\/2011\\\/02\\\/casque-agv-ax-8-tp-199-un-casque-a-limage-de-travis-pastrana\\\/\"]}]},{\"@type\":\"ImageObject\",\"inLanguage\":\"fr-FR\",\"@id\":\"https:\\\/\\\/fr.motocrossmag.be\\\/index.php\\\/2011\\\/02\\\/casque-agv-ax-8-tp-199-un-casque-a-limage-de-travis-pastrana\\\/#primaryimage\",\"url\":\"https:\\\/\\\/fr.motocrossmag.be\\\/wp-content\\\/uploads\\\/2011\\\/02\\\/agv_pastrana_2.jpg\",\"contentUrl\":\"https:\\\/\\\/fr.motocrossmag.be\\\/wp-content\\\/uploads\\\/2011\\\/02\\\/agv_pastrana_2.jpg\",\"width\":500,\"height\":160},{\"@type\":\"BreadcrumbList\",\"@id\":\"https:\\\/\\\/fr.motocrossmag.be\\\/index.php\\\/2011\\\/02\\\/casque-agv-ax-8-tp-199-un-casque-a-limage-de-travis-pastrana\\\/#breadcrumb\",\"itemListElement\":[{\"@type\":\"ListItem\",\"position\":1,\"name\":\"Accueil\",\"item\":\"https:\\\/\\\/fr.motocrossmag.be\\\/\"},{\"@type\":\"ListItem\",\"position\":2,\"name\":\"Casque AGV AX-8 TP 199 | Un casque \u00e0\u00a0 l&rsquo;image de Travis Pastrana\"}]},{\"@type\":\"WebSite\",\"@id\":\"https:\\\/\\\/fr.motocrossmag.be\\\/#website\",\"url\":\"https:\\\/\\\/fr.motocrossmag.be\\\/\",\"name\":\"Motocross - Enduro - Supermoto | MotocrossMag\",\"description\":\"L&#039;actualit\u00e9 du motocross, de l&#039;enduro et du Supermoto en ligne!\",\"potentialAction\":[{\"@type\":\"SearchAction\",\"target\":{\"@type\":\"EntryPoint\",\"urlTemplate\":\"https:\\\/\\\/fr.motocrossmag.be\\\/?s={search_term_string}\"},\"query-input\":{\"@type\":\"PropertyValueSpecification\",\"valueRequired\":true,\"valueName\":\"search_term_string\"}}],\"inLanguage\":\"fr-FR\"},{\"@type\":\"Person\",\"@id\":\"https:\\\/\\\/fr.motocrossmag.be\\\/#\\\/schema\\\/person\\\/11b47143d9f755babca2c9110e03235c\",\"name\":\"oliviere\",\"image\":{\"@type\":\"ImageObject\",\"inLanguage\":\"fr-FR\",\"@id\":\"https:\\\/\\\/secure.gravatar.com\\\/avatar\\\/907069e0b81d119452040469e4a7501da1100f54f7f80180ce77bfab718288f6?s=96&d=mm&r=g\",\"url\":\"https:\\\/\\\/secure.gravatar.com\\\/avatar\\\/907069e0b81d119452040469e4a7501da1100f54f7f80180ce77bfab718288f6?s=96&d=mm&r=g\",\"contentUrl\":\"https:\\\/\\\/secure.gravatar.com\\\/avatar\\\/907069e0b81d119452040469e4a7501da1100f54f7f80180ce77bfab718288f6?s=96&d=mm&r=g\",\"caption\":\"oliviere\"},\"sameAs\":[\"http:\\\/\\\/www.motocrossmag.be\"],\"url\":\"https:\\\/\\\/fr.motocrossmag.be\\\/index.php\\\/author\\\/oliviere\\\/\"}]}<\/script>\n<!-- \/ Yoast SEO plugin. -->","yoast_head_json":{"title":"Casque AGV AX-8 TP 199 | Un casque \u00e0\u00a0 l'image de Travis Pastrana - Motocross - Enduro - Supermoto | MotocrossMag","robots":{"index":"index","follow":"follow","max-snippet":"max-snippet:-1","max-image-preview":"max-image-preview:large","max-video-preview":"max-video-preview:-1"},"canonical":"https:\/\/fr.motocrossmag.be\/index.php\/2011\/02\/casque-agv-ax-8-tp-199-un-casque-a-limage-de-travis-pastrana\/","og_locale":"fr_FR","og_type":"article","og_title":"Casque AGV AX-8 TP 199 | Un casque \u00e0\u00a0 l'image de Travis Pastrana - Motocross - Enduro - Supermoto | MotocrossMag","og_description":"On ne pr\u00e9sente plus Travis Pastrana. Un athl\u00e8te hors du commun, aux facettes multiples, dont les fac\u00e9ties, sur 2 ou 4 roues,\u00a0n&rsquo;ont certainement pas fini de nous surprendre. Lorsqu&rsquo;on sait [...]","og_url":"https:\/\/fr.motocrossmag.be\/index.php\/2011\/02\/casque-agv-ax-8-tp-199-un-casque-a-limage-de-travis-pastrana\/","og_site_name":"Motocross - Enduro - Supermoto | MotocrossMag","article_published_time":"2011-02-09T22:13:05+00:00","og_image":[{"url":"http:\/\/fr.motocrossmag.be\/wp-content\/uploads\/2011\/02\/agv_pastrana_2.jpg","type":"","width":"","height":""}],"author":"oliviere","twitter_card":"summary_large_image","twitter_misc":{"\u00c9crit par":"oliviere","Dur\u00e9e de lecture estim\u00e9e":"2 minutes"},"schema":{"@context":"https:\/\/schema.org","@graph":[{"@type":"Article","@id":"https:\/\/fr.motocrossmag.be\/index.php\/2011\/02\/casque-agv-ax-8-tp-199-un-casque-a-limage-de-travis-pastrana\/#article","isPartOf":{"@id":"https:\/\/fr.motocrossmag.be\/index.php\/2011\/02\/casque-agv-ax-8-tp-199-un-casque-a-limage-de-travis-pastrana\/"},"author":{"name":"oliviere","@id":"https:\/\/fr.motocrossmag.be\/#\/schema\/person\/11b47143d9f755babca2c9110e03235c"},"headline":"Casque AGV AX-8 TP 199 | Un casque \u00e0\u00a0 l&rsquo;image de Travis Pastrana","datePublished":"2011-02-09T22:13:05+00:00","mainEntityOfPage":{"@id":"https:\/\/fr.motocrossmag.be\/index.php\/2011\/02\/casque-agv-ax-8-tp-199-un-casque-a-limage-de-travis-pastrana\/"},"wordCount":327,"commentCount":0,"image":{"@id":"https:\/\/fr.motocrossmag.be\/index.php\/2011\/02\/casque-agv-ax-8-tp-199-un-casque-a-limage-de-travis-pastrana\/#primaryimage"},"thumbnailUrl":"http:\/\/fr.motocrossmag.be\/wp-content\/uploads\/2011\/02\/agv_pastrana_2.jpg","articleSection":["Produits"],"inLanguage":"fr-FR","potentialAction":[{"@type":"CommentAction","name":"Comment","target":["https:\/\/fr.motocrossmag.be\/index.php\/2011\/02\/casque-agv-ax-8-tp-199-un-casque-a-limage-de-travis-pastrana\/#respond"]}]},{"@type":"WebPage","@id":"https:\/\/fr.motocrossmag.be\/index.php\/2011\/02\/casque-agv-ax-8-tp-199-un-casque-a-limage-de-travis-pastrana\/","url":"https:\/\/fr.motocrossmag.be\/index.php\/2011\/02\/casque-agv-ax-8-tp-199-un-casque-a-limage-de-travis-pastrana\/","name":"Casque AGV AX-8 TP 199 | Un casque \u00e0\u00a0 l'image de Travis Pastrana - Motocross - Enduro - Supermoto | MotocrossMag","isPartOf":{"@id":"https:\/\/fr.motocrossmag.be\/#website"},"primaryImageOfPage":{"@id":"https:\/\/fr.motocrossmag.be\/index.php\/2011\/02\/casque-agv-ax-8-tp-199-un-casque-a-limage-de-travis-pastrana\/#primaryimage"},"image":{"@id":"https:\/\/fr.motocrossmag.be\/index.php\/2011\/02\/casque-agv-ax-8-tp-199-un-casque-a-limage-de-travis-pastrana\/#primaryimage"},"thumbnailUrl":"http:\/\/fr.motocrossmag.be\/wp-content\/uploads\/2011\/02\/agv_pastrana_2.jpg","datePublished":"2011-02-09T22:13:05+00:00","author":{"@id":"https:\/\/fr.motocrossmag.be\/#\/schema\/person\/11b47143d9f755babca2c9110e03235c"},"breadcrumb":{"@id":"https:\/\/fr.motocrossmag.be\/index.php\/2011\/02\/casque-agv-ax-8-tp-199-un-casque-a-limage-de-travis-pastrana\/#breadcrumb"},"inLanguage":"fr-FR","potentialAction":[{"@type":"ReadAction","target":["https:\/\/fr.motocrossmag.be\/index.php\/2011\/02\/casque-agv-ax-8-tp-199-un-casque-a-limage-de-travis-pastrana\/"]}]},{"@type":"ImageObject","inLanguage":"fr-FR","@id":"https:\/\/fr.motocrossmag.be\/index.php\/2011\/02\/casque-agv-ax-8-tp-199-un-casque-a-limage-de-travis-pastrana\/#primaryimage","url":"https:\/\/fr.motocrossmag.be\/wp-content\/uploads\/2011\/02\/agv_pastrana_2.jpg","contentUrl":"https:\/\/fr.motocrossmag.be\/wp-content\/uploads\/2011\/02\/agv_pastrana_2.jpg","width":500,"height":160},{"@type":"BreadcrumbList","@id":"https:\/\/fr.motocrossmag.be\/index.php\/2011\/02\/casque-agv-ax-8-tp-199-un-casque-a-limage-de-travis-pastrana\/#breadcrumb","itemListElement":[{"@type":"ListItem","position":1,"name":"Accueil","item":"https:\/\/fr.motocrossmag.be\/"},{"@type":"ListItem","position":2,"name":"Casque AGV AX-8 TP 199 | Un casque \u00e0\u00a0 l&rsquo;image de Travis Pastrana"}]},{"@type":"WebSite","@id":"https:\/\/fr.motocrossmag.be\/#website","url":"https:\/\/fr.motocrossmag.be\/","name":"Motocross - Enduro - Supermoto | MotocrossMag","description":"L&#039;actualit\u00e9 du motocross, de l&#039;enduro et du Supermoto en ligne!","potentialAction":[{"@type":"SearchAction","target":{"@type":"EntryPoint","urlTemplate":"https:\/\/fr.motocrossmag.be\/?s={search_term_string}"},"query-input":{"@type":"PropertyValueSpecification","valueRequired":true,"valueName":"search_term_string"}}],"inLanguage":"fr-FR"},{"@type":"Person","@id":"https:\/\/fr.motocrossmag.be\/#\/schema\/person\/11b47143d9f755babca2c9110e03235c","name":"oliviere","image":{"@type":"ImageObject","inLanguage":"fr-FR","@id":"https:\/\/secure.gravatar.com\/avatar\/907069e0b81d119452040469e4a7501da1100f54f7f80180ce77bfab718288f6?s=96&d=mm&r=g","url":"https:\/\/secure.gravatar.com\/avatar\/907069e0b81d119452040469e4a7501da1100f54f7f80180ce77bfab718288f6?s=96&d=mm&r=g","contentUrl":"https:\/\/secure.gravatar.com\/avatar\/907069e0b81d119452040469e4a7501da1100f54f7f80180ce77bfab718288f6?s=96&d=mm&r=g","caption":"oliviere"},"sameAs":["http:\/\/www.motocrossmag.be"],"url":"https:\/\/fr.motocrossmag.be\/index.php\/author\/oliviere\/"}]}},"_links":{"self":[{"href":"https:\/\/fr.motocrossmag.be\/index.php\/wp-json\/wp\/v2\/posts\/9943","targetHints":{"allow":["GET"]}}],"collection":[{"href":"https:\/\/fr.motocrossmag.be\/index.php\/wp-json\/wp\/v2\/posts"}],"about":[{"href":"https:\/\/fr.motocrossmag.be\/index.php\/wp-json\/wp\/v2\/types\/post"}],"author":[{"embeddable":true,"href":"https:\/\/fr.motocrossmag.be\/index.php\/wp-json\/wp\/v2\/users\/932"}],"replies":[{"embeddable":true,"href":"https:\/\/fr.motocrossmag.be\/index.php\/wp-json\/wp\/v2\/comments?post=9943"}],"version-history":[{"count":0,"href":"https:\/\/fr.motocrossmag.be\/index.php\/wp-json\/wp\/v2\/posts\/9943\/revisions"}],"wp:attachment":[{"href":"https:\/\/fr.motocrossmag.be\/index.php\/wp-json\/wp\/v2\/media?parent=9943"}],"wp:term":[{"taxonomy":"category","embeddable":true,"href":"https:\/\/fr.motocrossmag.be\/index.php\/wp-json\/wp\/v2\/categories?post=9943"},{"taxonomy":"post_tag","embeddable":true,"href":"https:\/\/fr.motocrossmag.be\/index.php\/wp-json\/wp\/v2\/tags?post=9943"}],"curies":[{"name":"wp","href":"https:\/\/api.w.org\/{rel}","templated":true}]}}