{"id":99654,"date":"2019-12-13T14:00:25","date_gmt":"2019-12-13T13:00:25","guid":{"rendered":"http:\/\/fr.motocrossmag.be\/?p=99654"},"modified":"2019-12-13T14:14:33","modified_gmt":"2019-12-13T13:14:33","slug":"tony-bogaert-de-retour-sur-le-championnat-ampl","status":"publish","type":"post","link":"https:\/\/fr.motocrossmag.be\/index.php\/2019\/12\/tony-bogaert-de-retour-sur-le-championnat-ampl\/","title":{"rendered":"Tony Bogaert de retour sur le championnat AMPL"},"content":{"rendered":"<p><strong>Champion Inters MX1 en 2018, Tony Bogaert n&rsquo;a pas d\u00e9fendu son titre cette ann\u00e9e \u00e0 l&rsquo;AMPL. Mais il sera bel et bien de retour en 2020 derri\u00e8re la grille de d\u00e9part de la f\u00e9d\u00e9ration de la province de Luxembourg. <\/strong><\/p>\n<p>Avec le soutien de Damien Anquety et de Kawasaki Belgique, Bogaert pilotera l&rsquo;an prochain une Kawasaki KX250 aux couleurs d&rsquo;Anquety Motor Sports et de ses partenaires XPur Energy et SOS Pneus dans la cat\u00e9gorie Inters MX2 de l&rsquo;AMPL. Un s\u00e9rieux client pour le titre, de toute \u00e9vidence !<\/p><div class=\"nwfmt6a96d971b728c\" ><!-- \/91277017\/Inline-articles-mobile -->\n<div style=\"margin:auto; text-align:center !important\">\n<div id='div-gpt-ad-1784982661365-0' style='min-width: 250px; min-height: 75px;'>\n  <script>\n    googletag.cmd.push(function() { googletag.display('div-gpt-ad-1784982661365-0'); });\n  <\/script>\n<\/div><\/div><\/div><style type=\"text\/css\">\r\n.nwfmt6a96d971b728c {\r\nmargin-bottom:30px;margin-top:20px\r\n}\r\n@media screen and (min-width: 1201px) {\r\n.nwfmt6a96d971b728c {\r\ndisplay: block;\r\n}\r\n}\r\n@media screen and (min-width: 993px) and (max-width: 1200px) {\r\n.nwfmt6a96d971b728c {\r\ndisplay: block;\r\n}\r\n}\r\n@media screen and (min-width: 769px) and (max-width: 992px) {\r\n.nwfmt6a96d971b728c {\r\ndisplay: block;\r\n}\r\n}\r\n@media screen and (min-width: 768px) and (max-width: 768px) {\r\n.nwfmt6a96d971b728c {\r\ndisplay: block;\r\n}\r\n}\r\n@media screen and (max-width: 767px) {\r\n.nwfmt6a96d971b728c {\r\ndisplay: block;\r\n}\r\n}\r\n<\/style>\r\n\n<p>La saison sportive de l&rsquo;AMPL d\u00e9butera \u00e0 libin le week-end des 28 et 29 mars.<\/p>\n<div id=\"ConnectiveDocSignExtentionInstalled\" data-extension-version=\"1.0.4\"><\/div>\n","protected":false},"excerpt":{"rendered":"<p>Champion Inters MX1 en 2018, Tony Bogaert n&rsquo;a pas d\u00e9fendu son titre cette ann\u00e9e \u00e0 l&rsquo;AMPL. Mais il sera bel et bien de retour en 2020 derri\u00e8re la grille de d\u00e9part de la f\u00e9d\u00e9ration de la province de Luxembourg. Avec le soutien de Damien Anquety et de Kawasaki Belgique, Bogaert pilotera l&rsquo;an prochain une Kawasaki [&hellip;]<\/p>\n","protected":false},"author":932,"featured_media":73848,"comment_status":"open","ping_status":"closed","sticky":false,"template":"","format":"standard","meta":{"tdm_status":"","tdm_grid_status":"","footnotes":""},"categories":[54,745,30,4,5,55,65],"tags":[970,947],"class_list":["post-99654","post","type-post","status-publish","format-standard","has-post-thumbnail","category-actualite","category-amateurs","category-ampl","category-motocross","category-news","category-news-actualite","category-slideshow","tag-ampl","tag-motocross"],"yoast_head":"<!-- This site is optimized with the Yoast SEO plugin v28.3 - https:\/\/yoast.com\/product\/yoast-seo-wordpress\/ -->\n<title>Tony Bogaert de retour sur le championnat AMPL - Motocross - Enduro - Supermoto | MotocrossMag<\/title>\n<meta name=\"robots\" content=\"index, follow, max-snippet:-1, max-image-preview:large, max-video-preview:-1\" \/>\n<link rel=\"canonical\" href=\"https:\/\/fr.motocrossmag.be\/index.php\/2019\/12\/tony-bogaert-de-retour-sur-le-championnat-ampl\/\" \/>\n<meta property=\"og:locale\" content=\"fr_FR\" \/>\n<meta property=\"og:type\" content=\"article\" \/>\n<meta property=\"og:title\" content=\"Tony Bogaert de retour sur le championnat AMPL - Motocross - Enduro - Supermoto | MotocrossMag\" \/>\n<meta property=\"og:description\" content=\"Champion Inters MX1 en 2018, Tony Bogaert n&rsquo;a pas d\u00e9fendu son titre cette ann\u00e9e \u00e0 l&rsquo;AMPL. Mais il sera bel et bien de retour en 2020 derri\u00e8re la grille de d\u00e9part de la f\u00e9d\u00e9ration de la province de Luxembourg. Avec le soutien de Damien Anquety et de Kawasaki Belgique, Bogaert pilotera l&rsquo;an prochain une Kawasaki [&hellip;]\" \/>\n<meta property=\"og:url\" content=\"https:\/\/fr.motocrossmag.be\/index.php\/2019\/12\/tony-bogaert-de-retour-sur-le-championnat-ampl\/\" \/>\n<meta property=\"og:site_name\" content=\"Motocross - Enduro - Supermoto | MotocrossMag\" \/>\n<meta property=\"article:published_time\" content=\"2019-12-13T13:00:25+00:00\" \/>\n<meta property=\"article:modified_time\" content=\"2019-12-13T13:14:33+00:00\" \/>\n<meta property=\"og:image\" content=\"https:\/\/fr.motocrossmag.be\/wp-content\/uploads\/2018\/05\/bogaert-tony-podium-winville-ampl.jpg\" \/>\n\t<meta property=\"og:image:width\" content=\"1200\" \/>\n\t<meta property=\"og:image:height\" content=\"792\" \/>\n\t<meta property=\"og:image:type\" content=\"image\/jpeg\" \/>\n<meta name=\"author\" content=\"oliviere\" \/>\n<meta name=\"twitter:card\" content=\"summary_large_image\" \/>\n<meta name=\"twitter:label1\" content=\"\u00c9crit par\" \/>\n\t<meta name=\"twitter:data1\" content=\"oliviere\" \/>\n\t<meta name=\"twitter:label2\" content=\"Dur\u00e9e de lecture estim\u00e9e\" \/>\n\t<meta name=\"twitter:data2\" content=\"1 minute\" \/>\n<script type=\"application\/ld+json\" class=\"yoast-schema-graph\">{\"@context\":\"https:\\\/\\\/schema.org\",\"@graph\":[{\"@type\":\"Article\",\"@id\":\"https:\\\/\\\/fr.motocrossmag.be\\\/index.php\\\/2019\\\/12\\\/tony-bogaert-de-retour-sur-le-championnat-ampl\\\/#article\",\"isPartOf\":{\"@id\":\"https:\\\/\\\/fr.motocrossmag.be\\\/index.php\\\/2019\\\/12\\\/tony-bogaert-de-retour-sur-le-championnat-ampl\\\/\"},\"author\":{\"name\":\"oliviere\",\"@id\":\"https:\\\/\\\/fr.motocrossmag.be\\\/#\\\/schema\\\/person\\\/11b47143d9f755babca2c9110e03235c\"},\"headline\":\"Tony Bogaert de retour sur le championnat AMPL\",\"datePublished\":\"2019-12-13T13:00:25+00:00\",\"dateModified\":\"2019-12-13T13:14:33+00:00\",\"mainEntityOfPage\":{\"@id\":\"https:\\\/\\\/fr.motocrossmag.be\\\/index.php\\\/2019\\\/12\\\/tony-bogaert-de-retour-sur-le-championnat-ampl\\\/\"},\"wordCount\":118,\"commentCount\":0,\"image\":{\"@id\":\"https:\\\/\\\/fr.motocrossmag.be\\\/index.php\\\/2019\\\/12\\\/tony-bogaert-de-retour-sur-le-championnat-ampl\\\/#primaryimage\"},\"thumbnailUrl\":\"https:\\\/\\\/fr.motocrossmag.be\\\/wp-content\\\/uploads\\\/2018\\\/05\\\/bogaert-tony-podium-winville-ampl.jpg\",\"keywords\":[\"ampl\",\"Motocross\"],\"articleSection\":[\"Actualit\u00e9\",\"Amateurs\",\"AMPL\",\"Motocross\",\"News\",\"News\",\"Slideshow\"],\"inLanguage\":\"fr-FR\",\"potentialAction\":[{\"@type\":\"CommentAction\",\"name\":\"Comment\",\"target\":[\"https:\\\/\\\/fr.motocrossmag.be\\\/index.php\\\/2019\\\/12\\\/tony-bogaert-de-retour-sur-le-championnat-ampl\\\/#respond\"]}]},{\"@type\":\"WebPage\",\"@id\":\"https:\\\/\\\/fr.motocrossmag.be\\\/index.php\\\/2019\\\/12\\\/tony-bogaert-de-retour-sur-le-championnat-ampl\\\/\",\"url\":\"https:\\\/\\\/fr.motocrossmag.be\\\/index.php\\\/2019\\\/12\\\/tony-bogaert-de-retour-sur-le-championnat-ampl\\\/\",\"name\":\"Tony Bogaert de retour sur le championnat AMPL - Motocross - Enduro - Supermoto | MotocrossMag\",\"isPartOf\":{\"@id\":\"https:\\\/\\\/fr.motocrossmag.be\\\/#website\"},\"primaryImageOfPage\":{\"@id\":\"https:\\\/\\\/fr.motocrossmag.be\\\/index.php\\\/2019\\\/12\\\/tony-bogaert-de-retour-sur-le-championnat-ampl\\\/#primaryimage\"},\"image\":{\"@id\":\"https:\\\/\\\/fr.motocrossmag.be\\\/index.php\\\/2019\\\/12\\\/tony-bogaert-de-retour-sur-le-championnat-ampl\\\/#primaryimage\"},\"thumbnailUrl\":\"https:\\\/\\\/fr.motocrossmag.be\\\/wp-content\\\/uploads\\\/2018\\\/05\\\/bogaert-tony-podium-winville-ampl.jpg\",\"datePublished\":\"2019-12-13T13:00:25+00:00\",\"dateModified\":\"2019-12-13T13:14:33+00:00\",\"author\":{\"@id\":\"https:\\\/\\\/fr.motocrossmag.be\\\/#\\\/schema\\\/person\\\/11b47143d9f755babca2c9110e03235c\"},\"breadcrumb\":{\"@id\":\"https:\\\/\\\/fr.motocrossmag.be\\\/index.php\\\/2019\\\/12\\\/tony-bogaert-de-retour-sur-le-championnat-ampl\\\/#breadcrumb\"},\"inLanguage\":\"fr-FR\",\"potentialAction\":[{\"@type\":\"ReadAction\",\"target\":[\"https:\\\/\\\/fr.motocrossmag.be\\\/index.php\\\/2019\\\/12\\\/tony-bogaert-de-retour-sur-le-championnat-ampl\\\/\"]}]},{\"@type\":\"ImageObject\",\"inLanguage\":\"fr-FR\",\"@id\":\"https:\\\/\\\/fr.motocrossmag.be\\\/index.php\\\/2019\\\/12\\\/tony-bogaert-de-retour-sur-le-championnat-ampl\\\/#primaryimage\",\"url\":\"https:\\\/\\\/fr.motocrossmag.be\\\/wp-content\\\/uploads\\\/2018\\\/05\\\/bogaert-tony-podium-winville-ampl.jpg\",\"contentUrl\":\"https:\\\/\\\/fr.motocrossmag.be\\\/wp-content\\\/uploads\\\/2018\\\/05\\\/bogaert-tony-podium-winville-ampl.jpg\",\"width\":1200,\"height\":792},{\"@type\":\"BreadcrumbList\",\"@id\":\"https:\\\/\\\/fr.motocrossmag.be\\\/index.php\\\/2019\\\/12\\\/tony-bogaert-de-retour-sur-le-championnat-ampl\\\/#breadcrumb\",\"itemListElement\":[{\"@type\":\"ListItem\",\"position\":1,\"name\":\"Accueil\",\"item\":\"https:\\\/\\\/fr.motocrossmag.be\\\/\"},{\"@type\":\"ListItem\",\"position\":2,\"name\":\"Tony Bogaert de retour sur le championnat AMPL\"}]},{\"@type\":\"WebSite\",\"@id\":\"https:\\\/\\\/fr.motocrossmag.be\\\/#website\",\"url\":\"https:\\\/\\\/fr.motocrossmag.be\\\/\",\"name\":\"Motocross - Enduro - Supermoto | MotocrossMag\",\"description\":\"L&#039;actualit\u00e9 du motocross, de l&#039;enduro et du Supermoto en ligne!\",\"potentialAction\":[{\"@type\":\"SearchAction\",\"target\":{\"@type\":\"EntryPoint\",\"urlTemplate\":\"https:\\\/\\\/fr.motocrossmag.be\\\/?s={search_term_string}\"},\"query-input\":{\"@type\":\"PropertyValueSpecification\",\"valueRequired\":true,\"valueName\":\"search_term_string\"}}],\"inLanguage\":\"fr-FR\"},{\"@type\":\"Person\",\"@id\":\"https:\\\/\\\/fr.motocrossmag.be\\\/#\\\/schema\\\/person\\\/11b47143d9f755babca2c9110e03235c\",\"name\":\"oliviere\",\"image\":{\"@type\":\"ImageObject\",\"inLanguage\":\"fr-FR\",\"@id\":\"https:\\\/\\\/secure.gravatar.com\\\/avatar\\\/907069e0b81d119452040469e4a7501da1100f54f7f80180ce77bfab718288f6?s=96&d=mm&r=g\",\"url\":\"https:\\\/\\\/secure.gravatar.com\\\/avatar\\\/907069e0b81d119452040469e4a7501da1100f54f7f80180ce77bfab718288f6?s=96&d=mm&r=g\",\"contentUrl\":\"https:\\\/\\\/secure.gravatar.com\\\/avatar\\\/907069e0b81d119452040469e4a7501da1100f54f7f80180ce77bfab718288f6?s=96&d=mm&r=g\",\"caption\":\"oliviere\"},\"sameAs\":[\"http:\\\/\\\/www.motocrossmag.be\"],\"url\":\"https:\\\/\\\/fr.motocrossmag.be\\\/index.php\\\/author\\\/oliviere\\\/\"}]}<\/script>\n<!-- \/ Yoast SEO plugin. -->","yoast_head_json":{"title":"Tony Bogaert de retour sur le championnat AMPL - Motocross - Enduro - Supermoto | MotocrossMag","robots":{"index":"index","follow":"follow","max-snippet":"max-snippet:-1","max-image-preview":"max-image-preview:large","max-video-preview":"max-video-preview:-1"},"canonical":"https:\/\/fr.motocrossmag.be\/index.php\/2019\/12\/tony-bogaert-de-retour-sur-le-championnat-ampl\/","og_locale":"fr_FR","og_type":"article","og_title":"Tony Bogaert de retour sur le championnat AMPL - Motocross - Enduro - Supermoto | MotocrossMag","og_description":"Champion Inters MX1 en 2018, Tony Bogaert n&rsquo;a pas d\u00e9fendu son titre cette ann\u00e9e \u00e0 l&rsquo;AMPL. Mais il sera bel et bien de retour en 2020 derri\u00e8re la grille de d\u00e9part de la f\u00e9d\u00e9ration de la province de Luxembourg. Avec le soutien de Damien Anquety et de Kawasaki Belgique, Bogaert pilotera l&rsquo;an prochain une Kawasaki [&hellip;]","og_url":"https:\/\/fr.motocrossmag.be\/index.php\/2019\/12\/tony-bogaert-de-retour-sur-le-championnat-ampl\/","og_site_name":"Motocross - Enduro - Supermoto | MotocrossMag","article_published_time":"2019-12-13T13:00:25+00:00","article_modified_time":"2019-12-13T13:14:33+00:00","og_image":[{"width":1200,"height":792,"url":"https:\/\/fr.motocrossmag.be\/wp-content\/uploads\/2018\/05\/bogaert-tony-podium-winville-ampl.jpg","type":"image\/jpeg"}],"author":"oliviere","twitter_card":"summary_large_image","twitter_misc":{"\u00c9crit par":"oliviere","Dur\u00e9e de lecture estim\u00e9e":"1 minute"},"schema":{"@context":"https:\/\/schema.org","@graph":[{"@type":"Article","@id":"https:\/\/fr.motocrossmag.be\/index.php\/2019\/12\/tony-bogaert-de-retour-sur-le-championnat-ampl\/#article","isPartOf":{"@id":"https:\/\/fr.motocrossmag.be\/index.php\/2019\/12\/tony-bogaert-de-retour-sur-le-championnat-ampl\/"},"author":{"name":"oliviere","@id":"https:\/\/fr.motocrossmag.be\/#\/schema\/person\/11b47143d9f755babca2c9110e03235c"},"headline":"Tony Bogaert de retour sur le championnat AMPL","datePublished":"2019-12-13T13:00:25+00:00","dateModified":"2019-12-13T13:14:33+00:00","mainEntityOfPage":{"@id":"https:\/\/fr.motocrossmag.be\/index.php\/2019\/12\/tony-bogaert-de-retour-sur-le-championnat-ampl\/"},"wordCount":118,"commentCount":0,"image":{"@id":"https:\/\/fr.motocrossmag.be\/index.php\/2019\/12\/tony-bogaert-de-retour-sur-le-championnat-ampl\/#primaryimage"},"thumbnailUrl":"https:\/\/fr.motocrossmag.be\/wp-content\/uploads\/2018\/05\/bogaert-tony-podium-winville-ampl.jpg","keywords":["ampl","Motocross"],"articleSection":["Actualit\u00e9","Amateurs","AMPL","Motocross","News","News","Slideshow"],"inLanguage":"fr-FR","potentialAction":[{"@type":"CommentAction","name":"Comment","target":["https:\/\/fr.motocrossmag.be\/index.php\/2019\/12\/tony-bogaert-de-retour-sur-le-championnat-ampl\/#respond"]}]},{"@type":"WebPage","@id":"https:\/\/fr.motocrossmag.be\/index.php\/2019\/12\/tony-bogaert-de-retour-sur-le-championnat-ampl\/","url":"https:\/\/fr.motocrossmag.be\/index.php\/2019\/12\/tony-bogaert-de-retour-sur-le-championnat-ampl\/","name":"Tony Bogaert de retour sur le championnat AMPL - Motocross - Enduro - Supermoto | MotocrossMag","isPartOf":{"@id":"https:\/\/fr.motocrossmag.be\/#website"},"primaryImageOfPage":{"@id":"https:\/\/fr.motocrossmag.be\/index.php\/2019\/12\/tony-bogaert-de-retour-sur-le-championnat-ampl\/#primaryimage"},"image":{"@id":"https:\/\/fr.motocrossmag.be\/index.php\/2019\/12\/tony-bogaert-de-retour-sur-le-championnat-ampl\/#primaryimage"},"thumbnailUrl":"https:\/\/fr.motocrossmag.be\/wp-content\/uploads\/2018\/05\/bogaert-tony-podium-winville-ampl.jpg","datePublished":"2019-12-13T13:00:25+00:00","dateModified":"2019-12-13T13:14:33+00:00","author":{"@id":"https:\/\/fr.motocrossmag.be\/#\/schema\/person\/11b47143d9f755babca2c9110e03235c"},"breadcrumb":{"@id":"https:\/\/fr.motocrossmag.be\/index.php\/2019\/12\/tony-bogaert-de-retour-sur-le-championnat-ampl\/#breadcrumb"},"inLanguage":"fr-FR","potentialAction":[{"@type":"ReadAction","target":["https:\/\/fr.motocrossmag.be\/index.php\/2019\/12\/tony-bogaert-de-retour-sur-le-championnat-ampl\/"]}]},{"@type":"ImageObject","inLanguage":"fr-FR","@id":"https:\/\/fr.motocrossmag.be\/index.php\/2019\/12\/tony-bogaert-de-retour-sur-le-championnat-ampl\/#primaryimage","url":"https:\/\/fr.motocrossmag.be\/wp-content\/uploads\/2018\/05\/bogaert-tony-podium-winville-ampl.jpg","contentUrl":"https:\/\/fr.motocrossmag.be\/wp-content\/uploads\/2018\/05\/bogaert-tony-podium-winville-ampl.jpg","width":1200,"height":792},{"@type":"BreadcrumbList","@id":"https:\/\/fr.motocrossmag.be\/index.php\/2019\/12\/tony-bogaert-de-retour-sur-le-championnat-ampl\/#breadcrumb","itemListElement":[{"@type":"ListItem","position":1,"name":"Accueil","item":"https:\/\/fr.motocrossmag.be\/"},{"@type":"ListItem","position":2,"name":"Tony Bogaert de retour sur le championnat AMPL"}]},{"@type":"WebSite","@id":"https:\/\/fr.motocrossmag.be\/#website","url":"https:\/\/fr.motocrossmag.be\/","name":"Motocross - Enduro - Supermoto | MotocrossMag","description":"L&#039;actualit\u00e9 du motocross, de l&#039;enduro et du Supermoto en ligne!","potentialAction":[{"@type":"SearchAction","target":{"@type":"EntryPoint","urlTemplate":"https:\/\/fr.motocrossmag.be\/?s={search_term_string}"},"query-input":{"@type":"PropertyValueSpecification","valueRequired":true,"valueName":"search_term_string"}}],"inLanguage":"fr-FR"},{"@type":"Person","@id":"https:\/\/fr.motocrossmag.be\/#\/schema\/person\/11b47143d9f755babca2c9110e03235c","name":"oliviere","image":{"@type":"ImageObject","inLanguage":"fr-FR","@id":"https:\/\/secure.gravatar.com\/avatar\/907069e0b81d119452040469e4a7501da1100f54f7f80180ce77bfab718288f6?s=96&d=mm&r=g","url":"https:\/\/secure.gravatar.com\/avatar\/907069e0b81d119452040469e4a7501da1100f54f7f80180ce77bfab718288f6?s=96&d=mm&r=g","contentUrl":"https:\/\/secure.gravatar.com\/avatar\/907069e0b81d119452040469e4a7501da1100f54f7f80180ce77bfab718288f6?s=96&d=mm&r=g","caption":"oliviere"},"sameAs":["http:\/\/www.motocrossmag.be"],"url":"https:\/\/fr.motocrossmag.be\/index.php\/author\/oliviere\/"}]}},"_links":{"self":[{"href":"https:\/\/fr.motocrossmag.be\/index.php\/wp-json\/wp\/v2\/posts\/99654","targetHints":{"allow":["GET"]}}],"collection":[{"href":"https:\/\/fr.motocrossmag.be\/index.php\/wp-json\/wp\/v2\/posts"}],"about":[{"href":"https:\/\/fr.motocrossmag.be\/index.php\/wp-json\/wp\/v2\/types\/post"}],"author":[{"embeddable":true,"href":"https:\/\/fr.motocrossmag.be\/index.php\/wp-json\/wp\/v2\/users\/932"}],"replies":[{"embeddable":true,"href":"https:\/\/fr.motocrossmag.be\/index.php\/wp-json\/wp\/v2\/comments?post=99654"}],"version-history":[{"count":0,"href":"https:\/\/fr.motocrossmag.be\/index.php\/wp-json\/wp\/v2\/posts\/99654\/revisions"}],"wp:featuredmedia":[{"embeddable":true,"href":"https:\/\/fr.motocrossmag.be\/index.php\/wp-json\/wp\/v2\/media\/73848"}],"wp:attachment":[{"href":"https:\/\/fr.motocrossmag.be\/index.php\/wp-json\/wp\/v2\/media?parent=99654"}],"wp:term":[{"taxonomy":"category","embeddable":true,"href":"https:\/\/fr.motocrossmag.be\/index.php\/wp-json\/wp\/v2\/categories?post=99654"},{"taxonomy":"post_tag","embeddable":true,"href":"https:\/\/fr.motocrossmag.be\/index.php\/wp-json\/wp\/v2\/tags?post=99654"}],"curies":[{"name":"wp","href":"https:\/\/api.w.org\/{rel}","templated":true}]}}