{"id":99663,"date":"2019-12-14T16:23:41","date_gmt":"2019-12-14T15:23:41","guid":{"rendered":"http:\/\/fr.motocrossmag.be\/?p=99663"},"modified":"2019-12-14T18:32:10","modified_gmt":"2019-12-14T17:32:10","slug":"cfs-une-chute-collective-provoque-lannulation-de-la-course-des-quads-video","status":"publish","type":"post","link":"https:\/\/fr.motocrossmag.be\/index.php\/2019\/12\/cfs-une-chute-collective-provoque-lannulation-de-la-course-des-quads-video\/","title":{"rendered":"CFS : une chute collective provoque l&rsquo;annulation de la course des quads (vid\u00e9o)"},"content":{"rendered":"<p><strong>Le championnat de France des Sables est \u00e0 Hossegor, dans le sud du pays, ce week-end pour le 5\u00e8me round de la saison. Ce samedi apr\u00e8s-midi, la course r\u00e9serv\u00e9e aux quads a d\u00fb rapidement \u00eatre arr\u00eat\u00e9e.<\/strong><\/p>\n<p>Une chute peu apr\u00e8s le d\u00e9part vraisemblablement due \u00e0 la casse moteur d&rsquo;un quad en a entra\u00een\u00e9 d&rsquo;autres dans le peloton. L&rsquo;intervention des \u00e9quipes de secours a n\u00e9cessit\u00e9 l&rsquo;interruption de la course. La direction de course a ensuite d\u00e9cid\u00e9 de ne pas relancer la course \u00e9tant donn\u00e9 le temps important n\u00e9cessaire pour l&rsquo;intervention de l&rsquo;\u00e9quipe m\u00e9dicale et \u00e0 la mar\u00e9e qui serait par la suite remont\u00e9e.<\/p>\n<p>Il y a 3 bless\u00e9s qui ont \u00e9t\u00e9 \u00e9vacu\u00e9s dans les h\u00f4pitaux de la r\u00e9gion et dont le pronostic vital n&rsquo;est heureusement pas engag\u00e9.<\/p>\n<p>&nbsp;<\/p>\n<p><iframe class=\"lazyload\" style=\"border: none; overflow: hidden;\" src=\"data:image\/svg+xml,%3Csvg%20xmlns%3D%27http%3A%2F%2Fwww.w3.org%2F2000%2Fsvg%27%20width%3D%27650%27%20height%3D%27366%27%20viewBox%3D%270%200%20650%20366%27%3E%3Crect%20width%3D%27650%27%20height%3D%27366%27%20fill-opacity%3D%220%22%2F%3E%3C%2Fsvg%3E\" data-orig-src=\"https:\/\/www.facebook.com\/plugins\/video.php?href=https%3A%2F%2Fwww.facebook.com%2FCoursesSurSable%2Fvideos%2F982032265516584%2F&amp;show_text=0&amp;width=650\" width=\"650\" height=\"366\" frameborder=\"0\" scrolling=\"no\" allowfullscreen=\"allowfullscreen\"><\/iframe><\/p>\n","protected":false},"excerpt":{"rendered":"<p>Le championnat de France des Sables est \u00e0 Hossegor, dans le sud du pays, ce week-end pour le 5\u00e8me round de la saison. Ce samedi apr\u00e8s-midi, la course r\u00e9serv\u00e9e aux [&#8230;]<\/p>\n","protected":false},"author":932,"featured_media":99664,"comment_status":"open","ping_status":"closed","sticky":false,"template":"","format":"standard","meta":{"footnotes":""},"categories":[54,1075,32,55,65,62],"tags":[300,1195,1178],"class_list":["post-99663","post","type-post","status-publish","format-standard","has-post-thumbnail","hentry","category-actualite","category-courses-de-sable","category-enduro","category-news-actualite","category-slideshow","category-video","tag-course-sur-sable","tag-quads","tag-sable"],"yoast_head":"<!-- This site is optimized with the Yoast SEO plugin v27.4 - https:\/\/yoast.com\/product\/yoast-seo-wordpress\/ -->\n<title>CFS : une chute collective provoque l&#039;annulation de la course des quads (vid\u00e9o) - Motocross - Enduro - Supermoto | MotocrossMag<\/title>\n<meta name=\"robots\" content=\"index, follow, max-snippet:-1, max-image-preview:large, max-video-preview:-1\" \/>\n<link rel=\"canonical\" href=\"https:\/\/fr.motocrossmag.be\/index.php\/2019\/12\/cfs-une-chute-collective-provoque-lannulation-de-la-course-des-quads-video\/\" \/>\n<meta property=\"og:locale\" content=\"fr_FR\" \/>\n<meta property=\"og:type\" content=\"article\" \/>\n<meta property=\"og:title\" content=\"CFS : une chute collective provoque l&#039;annulation de la course des quads (vid\u00e9o) - Motocross - Enduro - Supermoto | MotocrossMag\" \/>\n<meta property=\"og:description\" content=\"Le championnat de France des Sables est \u00e0 Hossegor, dans le sud du pays, ce week-end pour le 5\u00e8me round de la saison. Ce samedi apr\u00e8s-midi, la course r\u00e9serv\u00e9e aux [...]\" \/>\n<meta property=\"og:url\" content=\"https:\/\/fr.motocrossmag.be\/index.php\/2019\/12\/cfs-une-chute-collective-provoque-lannulation-de-la-course-des-quads-video\/\" \/>\n<meta property=\"og:site_name\" content=\"Motocross - Enduro - Supermoto | MotocrossMag\" \/>\n<meta property=\"article:published_time\" content=\"2019-12-14T15:23:41+00:00\" \/>\n<meta property=\"article:modified_time\" content=\"2019-12-14T17:32:10+00:00\" \/>\n<meta property=\"og:image\" content=\"https:\/\/fr.motocrossmag.be\/wp-content\/uploads\/2019\/12\/79340945_1197068230498530_2012509039388262400_o.jpg\" \/>\n\t<meta property=\"og:image:width\" content=\"1000\" \/>\n\t<meta property=\"og:image:height\" content=\"666\" \/>\n\t<meta property=\"og:image:type\" content=\"image\/jpeg\" \/>\n<meta name=\"author\" content=\"oliviere\" \/>\n<meta name=\"twitter:card\" content=\"summary_large_image\" \/>\n<meta name=\"twitter:label1\" content=\"\u00c9crit par\" \/>\n\t<meta name=\"twitter:data1\" content=\"oliviere\" \/>\n\t<meta name=\"twitter:label2\" content=\"Dur\u00e9e de lecture estim\u00e9e\" \/>\n\t<meta name=\"twitter:data2\" content=\"1 minute\" \/>\n<script type=\"application\/ld+json\" class=\"yoast-schema-graph\">{\"@context\":\"https:\\\/\\\/schema.org\",\"@graph\":[{\"@type\":\"Article\",\"@id\":\"https:\\\/\\\/fr.motocrossmag.be\\\/index.php\\\/2019\\\/12\\\/cfs-une-chute-collective-provoque-lannulation-de-la-course-des-quads-video\\\/#article\",\"isPartOf\":{\"@id\":\"https:\\\/\\\/fr.motocrossmag.be\\\/index.php\\\/2019\\\/12\\\/cfs-une-chute-collective-provoque-lannulation-de-la-course-des-quads-video\\\/\"},\"author\":{\"name\":\"oliviere\",\"@id\":\"https:\\\/\\\/fr.motocrossmag.be\\\/#\\\/schema\\\/person\\\/11b47143d9f755babca2c9110e03235c\"},\"headline\":\"CFS : une chute collective provoque l&rsquo;annulation de la course des quads (vid\u00e9o)\",\"datePublished\":\"2019-12-14T15:23:41+00:00\",\"dateModified\":\"2019-12-14T17:32:10+00:00\",\"mainEntityOfPage\":{\"@id\":\"https:\\\/\\\/fr.motocrossmag.be\\\/index.php\\\/2019\\\/12\\\/cfs-une-chute-collective-provoque-lannulation-de-la-course-des-quads-video\\\/\"},\"wordCount\":162,\"commentCount\":0,\"image\":{\"@id\":\"https:\\\/\\\/fr.motocrossmag.be\\\/index.php\\\/2019\\\/12\\\/cfs-une-chute-collective-provoque-lannulation-de-la-course-des-quads-video\\\/#primaryimage\"},\"thumbnailUrl\":\"https:\\\/\\\/fr.motocrossmag.be\\\/wp-content\\\/uploads\\\/2019\\\/12\\\/79340945_1197068230498530_2012509039388262400_o.jpg\",\"keywords\":[\"CFS\",\"quads\",\"sable\"],\"articleSection\":[\"Actualit\u00e9\",\"Courses de sable\",\"Enduro\",\"News\",\"Slideshow\",\"Videos\"],\"inLanguage\":\"fr-FR\",\"potentialAction\":[{\"@type\":\"CommentAction\",\"name\":\"Comment\",\"target\":[\"https:\\\/\\\/fr.motocrossmag.be\\\/index.php\\\/2019\\\/12\\\/cfs-une-chute-collective-provoque-lannulation-de-la-course-des-quads-video\\\/#respond\"]}]},{\"@type\":\"WebPage\",\"@id\":\"https:\\\/\\\/fr.motocrossmag.be\\\/index.php\\\/2019\\\/12\\\/cfs-une-chute-collective-provoque-lannulation-de-la-course-des-quads-video\\\/\",\"url\":\"https:\\\/\\\/fr.motocrossmag.be\\\/index.php\\\/2019\\\/12\\\/cfs-une-chute-collective-provoque-lannulation-de-la-course-des-quads-video\\\/\",\"name\":\"CFS : une chute collective provoque l'annulation de la course des quads (vid\u00e9o) - Motocross - Enduro - Supermoto | MotocrossMag\",\"isPartOf\":{\"@id\":\"https:\\\/\\\/fr.motocrossmag.be\\\/#website\"},\"primaryImageOfPage\":{\"@id\":\"https:\\\/\\\/fr.motocrossmag.be\\\/index.php\\\/2019\\\/12\\\/cfs-une-chute-collective-provoque-lannulation-de-la-course-des-quads-video\\\/#primaryimage\"},\"image\":{\"@id\":\"https:\\\/\\\/fr.motocrossmag.be\\\/index.php\\\/2019\\\/12\\\/cfs-une-chute-collective-provoque-lannulation-de-la-course-des-quads-video\\\/#primaryimage\"},\"thumbnailUrl\":\"https:\\\/\\\/fr.motocrossmag.be\\\/wp-content\\\/uploads\\\/2019\\\/12\\\/79340945_1197068230498530_2012509039388262400_o.jpg\",\"datePublished\":\"2019-12-14T15:23:41+00:00\",\"dateModified\":\"2019-12-14T17:32:10+00:00\",\"author\":{\"@id\":\"https:\\\/\\\/fr.motocrossmag.be\\\/#\\\/schema\\\/person\\\/11b47143d9f755babca2c9110e03235c\"},\"breadcrumb\":{\"@id\":\"https:\\\/\\\/fr.motocrossmag.be\\\/index.php\\\/2019\\\/12\\\/cfs-une-chute-collective-provoque-lannulation-de-la-course-des-quads-video\\\/#breadcrumb\"},\"inLanguage\":\"fr-FR\",\"potentialAction\":[{\"@type\":\"ReadAction\",\"target\":[\"https:\\\/\\\/fr.motocrossmag.be\\\/index.php\\\/2019\\\/12\\\/cfs-une-chute-collective-provoque-lannulation-de-la-course-des-quads-video\\\/\"]}]},{\"@type\":\"ImageObject\",\"inLanguage\":\"fr-FR\",\"@id\":\"https:\\\/\\\/fr.motocrossmag.be\\\/index.php\\\/2019\\\/12\\\/cfs-une-chute-collective-provoque-lannulation-de-la-course-des-quads-video\\\/#primaryimage\",\"url\":\"https:\\\/\\\/fr.motocrossmag.be\\\/wp-content\\\/uploads\\\/2019\\\/12\\\/79340945_1197068230498530_2012509039388262400_o.jpg\",\"contentUrl\":\"https:\\\/\\\/fr.motocrossmag.be\\\/wp-content\\\/uploads\\\/2019\\\/12\\\/79340945_1197068230498530_2012509039388262400_o.jpg\",\"width\":1000,\"height\":666},{\"@type\":\"BreadcrumbList\",\"@id\":\"https:\\\/\\\/fr.motocrossmag.be\\\/index.php\\\/2019\\\/12\\\/cfs-une-chute-collective-provoque-lannulation-de-la-course-des-quads-video\\\/#breadcrumb\",\"itemListElement\":[{\"@type\":\"ListItem\",\"position\":1,\"name\":\"Accueil\",\"item\":\"https:\\\/\\\/fr.motocrossmag.be\\\/\"},{\"@type\":\"ListItem\",\"position\":2,\"name\":\"CFS : une chute collective provoque l&rsquo;annulation de la course des quads (vid\u00e9o)\"}]},{\"@type\":\"WebSite\",\"@id\":\"https:\\\/\\\/fr.motocrossmag.be\\\/#website\",\"url\":\"https:\\\/\\\/fr.motocrossmag.be\\\/\",\"name\":\"Motocross - Enduro - Supermoto | MotocrossMag\",\"description\":\"L&#039;actualit\u00e9 du motocross, de l&#039;enduro et du Supermoto en ligne!\",\"potentialAction\":[{\"@type\":\"SearchAction\",\"target\":{\"@type\":\"EntryPoint\",\"urlTemplate\":\"https:\\\/\\\/fr.motocrossmag.be\\\/?s={search_term_string}\"},\"query-input\":{\"@type\":\"PropertyValueSpecification\",\"valueRequired\":true,\"valueName\":\"search_term_string\"}}],\"inLanguage\":\"fr-FR\"},{\"@type\":\"Person\",\"@id\":\"https:\\\/\\\/fr.motocrossmag.be\\\/#\\\/schema\\\/person\\\/11b47143d9f755babca2c9110e03235c\",\"name\":\"oliviere\",\"image\":{\"@type\":\"ImageObject\",\"inLanguage\":\"fr-FR\",\"@id\":\"https:\\\/\\\/secure.gravatar.com\\\/avatar\\\/907069e0b81d119452040469e4a7501da1100f54f7f80180ce77bfab718288f6?s=96&d=mm&r=g\",\"url\":\"https:\\\/\\\/secure.gravatar.com\\\/avatar\\\/907069e0b81d119452040469e4a7501da1100f54f7f80180ce77bfab718288f6?s=96&d=mm&r=g\",\"contentUrl\":\"https:\\\/\\\/secure.gravatar.com\\\/avatar\\\/907069e0b81d119452040469e4a7501da1100f54f7f80180ce77bfab718288f6?s=96&d=mm&r=g\",\"caption\":\"oliviere\"},\"sameAs\":[\"http:\\\/\\\/www.motocrossmag.be\"],\"url\":\"https:\\\/\\\/fr.motocrossmag.be\\\/index.php\\\/author\\\/oliviere\\\/\"}]}<\/script>\n<!-- \/ Yoast SEO plugin. -->","yoast_head_json":{"title":"CFS : une chute collective provoque l'annulation de la course des quads (vid\u00e9o) - Motocross - Enduro - Supermoto | MotocrossMag","robots":{"index":"index","follow":"follow","max-snippet":"max-snippet:-1","max-image-preview":"max-image-preview:large","max-video-preview":"max-video-preview:-1"},"canonical":"https:\/\/fr.motocrossmag.be\/index.php\/2019\/12\/cfs-une-chute-collective-provoque-lannulation-de-la-course-des-quads-video\/","og_locale":"fr_FR","og_type":"article","og_title":"CFS : une chute collective provoque l'annulation de la course des quads (vid\u00e9o) - Motocross - Enduro - Supermoto | MotocrossMag","og_description":"Le championnat de France des Sables est \u00e0 Hossegor, dans le sud du pays, ce week-end pour le 5\u00e8me round de la saison. Ce samedi apr\u00e8s-midi, la course r\u00e9serv\u00e9e aux [...]","og_url":"https:\/\/fr.motocrossmag.be\/index.php\/2019\/12\/cfs-une-chute-collective-provoque-lannulation-de-la-course-des-quads-video\/","og_site_name":"Motocross - Enduro - Supermoto | MotocrossMag","article_published_time":"2019-12-14T15:23:41+00:00","article_modified_time":"2019-12-14T17:32:10+00:00","og_image":[{"width":1000,"height":666,"url":"https:\/\/fr.motocrossmag.be\/wp-content\/uploads\/2019\/12\/79340945_1197068230498530_2012509039388262400_o.jpg","type":"image\/jpeg"}],"author":"oliviere","twitter_card":"summary_large_image","twitter_misc":{"\u00c9crit par":"oliviere","Dur\u00e9e de lecture estim\u00e9e":"1 minute"},"schema":{"@context":"https:\/\/schema.org","@graph":[{"@type":"Article","@id":"https:\/\/fr.motocrossmag.be\/index.php\/2019\/12\/cfs-une-chute-collective-provoque-lannulation-de-la-course-des-quads-video\/#article","isPartOf":{"@id":"https:\/\/fr.motocrossmag.be\/index.php\/2019\/12\/cfs-une-chute-collective-provoque-lannulation-de-la-course-des-quads-video\/"},"author":{"name":"oliviere","@id":"https:\/\/fr.motocrossmag.be\/#\/schema\/person\/11b47143d9f755babca2c9110e03235c"},"headline":"CFS : une chute collective provoque l&rsquo;annulation de la course des quads (vid\u00e9o)","datePublished":"2019-12-14T15:23:41+00:00","dateModified":"2019-12-14T17:32:10+00:00","mainEntityOfPage":{"@id":"https:\/\/fr.motocrossmag.be\/index.php\/2019\/12\/cfs-une-chute-collective-provoque-lannulation-de-la-course-des-quads-video\/"},"wordCount":162,"commentCount":0,"image":{"@id":"https:\/\/fr.motocrossmag.be\/index.php\/2019\/12\/cfs-une-chute-collective-provoque-lannulation-de-la-course-des-quads-video\/#primaryimage"},"thumbnailUrl":"https:\/\/fr.motocrossmag.be\/wp-content\/uploads\/2019\/12\/79340945_1197068230498530_2012509039388262400_o.jpg","keywords":["CFS","quads","sable"],"articleSection":["Actualit\u00e9","Courses de sable","Enduro","News","Slideshow","Videos"],"inLanguage":"fr-FR","potentialAction":[{"@type":"CommentAction","name":"Comment","target":["https:\/\/fr.motocrossmag.be\/index.php\/2019\/12\/cfs-une-chute-collective-provoque-lannulation-de-la-course-des-quads-video\/#respond"]}]},{"@type":"WebPage","@id":"https:\/\/fr.motocrossmag.be\/index.php\/2019\/12\/cfs-une-chute-collective-provoque-lannulation-de-la-course-des-quads-video\/","url":"https:\/\/fr.motocrossmag.be\/index.php\/2019\/12\/cfs-une-chute-collective-provoque-lannulation-de-la-course-des-quads-video\/","name":"CFS : une chute collective provoque l'annulation de la course des quads (vid\u00e9o) - Motocross - Enduro - Supermoto | MotocrossMag","isPartOf":{"@id":"https:\/\/fr.motocrossmag.be\/#website"},"primaryImageOfPage":{"@id":"https:\/\/fr.motocrossmag.be\/index.php\/2019\/12\/cfs-une-chute-collective-provoque-lannulation-de-la-course-des-quads-video\/#primaryimage"},"image":{"@id":"https:\/\/fr.motocrossmag.be\/index.php\/2019\/12\/cfs-une-chute-collective-provoque-lannulation-de-la-course-des-quads-video\/#primaryimage"},"thumbnailUrl":"https:\/\/fr.motocrossmag.be\/wp-content\/uploads\/2019\/12\/79340945_1197068230498530_2012509039388262400_o.jpg","datePublished":"2019-12-14T15:23:41+00:00","dateModified":"2019-12-14T17:32:10+00:00","author":{"@id":"https:\/\/fr.motocrossmag.be\/#\/schema\/person\/11b47143d9f755babca2c9110e03235c"},"breadcrumb":{"@id":"https:\/\/fr.motocrossmag.be\/index.php\/2019\/12\/cfs-une-chute-collective-provoque-lannulation-de-la-course-des-quads-video\/#breadcrumb"},"inLanguage":"fr-FR","potentialAction":[{"@type":"ReadAction","target":["https:\/\/fr.motocrossmag.be\/index.php\/2019\/12\/cfs-une-chute-collective-provoque-lannulation-de-la-course-des-quads-video\/"]}]},{"@type":"ImageObject","inLanguage":"fr-FR","@id":"https:\/\/fr.motocrossmag.be\/index.php\/2019\/12\/cfs-une-chute-collective-provoque-lannulation-de-la-course-des-quads-video\/#primaryimage","url":"https:\/\/fr.motocrossmag.be\/wp-content\/uploads\/2019\/12\/79340945_1197068230498530_2012509039388262400_o.jpg","contentUrl":"https:\/\/fr.motocrossmag.be\/wp-content\/uploads\/2019\/12\/79340945_1197068230498530_2012509039388262400_o.jpg","width":1000,"height":666},{"@type":"BreadcrumbList","@id":"https:\/\/fr.motocrossmag.be\/index.php\/2019\/12\/cfs-une-chute-collective-provoque-lannulation-de-la-course-des-quads-video\/#breadcrumb","itemListElement":[{"@type":"ListItem","position":1,"name":"Accueil","item":"https:\/\/fr.motocrossmag.be\/"},{"@type":"ListItem","position":2,"name":"CFS : une chute collective provoque l&rsquo;annulation de la course des quads (vid\u00e9o)"}]},{"@type":"WebSite","@id":"https:\/\/fr.motocrossmag.be\/#website","url":"https:\/\/fr.motocrossmag.be\/","name":"Motocross - Enduro - Supermoto | MotocrossMag","description":"L&#039;actualit\u00e9 du motocross, de l&#039;enduro et du Supermoto en ligne!","potentialAction":[{"@type":"SearchAction","target":{"@type":"EntryPoint","urlTemplate":"https:\/\/fr.motocrossmag.be\/?s={search_term_string}"},"query-input":{"@type":"PropertyValueSpecification","valueRequired":true,"valueName":"search_term_string"}}],"inLanguage":"fr-FR"},{"@type":"Person","@id":"https:\/\/fr.motocrossmag.be\/#\/schema\/person\/11b47143d9f755babca2c9110e03235c","name":"oliviere","image":{"@type":"ImageObject","inLanguage":"fr-FR","@id":"https:\/\/secure.gravatar.com\/avatar\/907069e0b81d119452040469e4a7501da1100f54f7f80180ce77bfab718288f6?s=96&d=mm&r=g","url":"https:\/\/secure.gravatar.com\/avatar\/907069e0b81d119452040469e4a7501da1100f54f7f80180ce77bfab718288f6?s=96&d=mm&r=g","contentUrl":"https:\/\/secure.gravatar.com\/avatar\/907069e0b81d119452040469e4a7501da1100f54f7f80180ce77bfab718288f6?s=96&d=mm&r=g","caption":"oliviere"},"sameAs":["http:\/\/www.motocrossmag.be"],"url":"https:\/\/fr.motocrossmag.be\/index.php\/author\/oliviere\/"}]}},"_links":{"self":[{"href":"https:\/\/fr.motocrossmag.be\/index.php\/wp-json\/wp\/v2\/posts\/99663","targetHints":{"allow":["GET"]}}],"collection":[{"href":"https:\/\/fr.motocrossmag.be\/index.php\/wp-json\/wp\/v2\/posts"}],"about":[{"href":"https:\/\/fr.motocrossmag.be\/index.php\/wp-json\/wp\/v2\/types\/post"}],"author":[{"embeddable":true,"href":"https:\/\/fr.motocrossmag.be\/index.php\/wp-json\/wp\/v2\/users\/932"}],"replies":[{"embeddable":true,"href":"https:\/\/fr.motocrossmag.be\/index.php\/wp-json\/wp\/v2\/comments?post=99663"}],"version-history":[{"count":0,"href":"https:\/\/fr.motocrossmag.be\/index.php\/wp-json\/wp\/v2\/posts\/99663\/revisions"}],"wp:featuredmedia":[{"embeddable":true,"href":"https:\/\/fr.motocrossmag.be\/index.php\/wp-json\/wp\/v2\/media\/99664"}],"wp:attachment":[{"href":"https:\/\/fr.motocrossmag.be\/index.php\/wp-json\/wp\/v2\/media?parent=99663"}],"wp:term":[{"taxonomy":"category","embeddable":true,"href":"https:\/\/fr.motocrossmag.be\/index.php\/wp-json\/wp\/v2\/categories?post=99663"},{"taxonomy":"post_tag","embeddable":true,"href":"https:\/\/fr.motocrossmag.be\/index.php\/wp-json\/wp\/v2\/tags?post=99663"}],"curies":[{"name":"wp","href":"https:\/\/api.w.org\/{rel}","templated":true}]}}