{"id":99666,"date":"2019-12-14T21:23:48","date_gmt":"2019-12-14T20:23:48","guid":{"rendered":"http:\/\/fr.motocrossmag.be\/?p=99666"},"modified":"2019-12-14T21:23:48","modified_gmt":"2019-12-14T20:23:48","slug":"le-championnat-de-belgique-de-motocross-fera-t-il-son-retour-a-nismes-lan-prochain","status":"publish","type":"post","link":"https:\/\/fr.motocrossmag.be\/index.php\/2019\/12\/le-championnat-de-belgique-de-motocross-fera-t-il-son-retour-a-nismes-lan-prochain\/","title":{"rendered":"Le championnat de Belgique de motocross fera-t-il son retour \u00e0 Nismes l&rsquo;an prochain ?"},"content":{"rendered":"<p><strong>Dans <a href=\"http:\/\/fr.motocrossmag.be\/index.php\/2019\/11\/le-calendrier-motocross-fmb-2020\/\">le calendrier d\u00e9voil\u00e9 par la FMB<\/a> \u00e0 la fin du mois de novembre, aucune date n&rsquo;est encore attribu\u00e9e en ce qui concerne les \u00e9preuves du championnat Belgian Masters of Motocross. La volont\u00e9 est pourtant bien de faire rena\u00eetre de ses cendres ce qui doit \u00eatre le plus relev\u00e9 des championnats disput\u00e9s en Belgique. La f\u00e9d\u00e9ration a rencontr\u00e9 cette semaine trois candidats organisateurs.<\/strong><\/p>\n<p>Une communication officielle concernant les \u00e9preuves Belgian Masters of Motocross 2020 ne devrait plus tarder. Les dirigeants de la f\u00e9d\u00e9ration nationale ont en effet rencontr\u00e9 r\u00e9cemment trois clubs int\u00e9ress\u00e9s par l&rsquo;organisation d&rsquo;une manche d&rsquo;un championnat d\u00e9sormais chapeaut\u00e9 par le promoteur de la s\u00e9rie hollandaise \u00ab\u00a0Dutch Masters of Motocross\u00a0\u00bb.<\/p>\n<div id=\"attachment_150805\" style=\"width: 700px\" class=\"wp-caption aligncenter\"><img decoding=\"async\" aria-describedby=\"caption-attachment-150805\" class=\"lazyload wp-image-150805 size-full\" src=\"https:\/\/nl.motocrossmag.be\/wp-content\/uploads\/2019\/12\/desalleactionnismes09.jpg\" data-orig-src=\"https:\/\/nl.motocrossmag.be\/wp-content\/uploads\/2019\/12\/desalleactionnismes09.jpg\" data-sizes=\"auto\" data-orig-sizes=\"(max-width: 690px) 100vw, 690px\" srcset=\"data:image\/svg+xml,%3Csvg%20xmlns%3D%27http%3A%2F%2Fwww.w3.org%2F2000%2Fsvg%27%20width%3D%27690%27%20height%3D%27460%27%20viewBox%3D%270%200%20690%20460%27%3E%3Crect%20width%3D%27690%27%20height%3D%27460%27%20fill-opacity%3D%220%22%2F%3E%3C%2Fsvg%3E\" data-srcset=\"https:\/\/nl.motocrossmag.be\/wp-content\/uploads\/2019\/12\/desalleactionnismes09.jpg 690w, https:\/\/nl.motocrossmag.be\/wp-content\/uploads\/2019\/12\/desalleactionnismes09-650x433.jpg 650w\" alt=\"\" width=\"690\" height=\"460\" \/><p id=\"caption-attachment-150805\" class=\"wp-caption-text\">Cl\u00e9ment Desalle avait impos\u00e9 sa Honda lors du dernier passage du championnat de Belgique \u00e0 Nismes. C&rsquo;\u00e9tait en 2009.<\/p><\/div>\n<p>Aux c\u00f4t\u00e9s des deux candidats \u00ab\u00a0attendus\u00a0\u00bb que sont les clubs d&rsquo;Orp-Le-Grand et de Balen, \u00e9tait \u00e9galement pr\u00e9sent mardi dernier autour de la table Claude Danis, le pr\u00e9sident du club de Nismes. Si ce dernier a confirm\u00e9 que le circuit Saint-Joseph accueillerait bien cet \u00e9t\u00e9 comme nous vous l&rsquo;avions d\u00e9voil\u00e9 (<a href=\"http:\/\/fr.motocrossmag.be\/index.php\/2019\/11\/le-mx-master-kids-revient-en-belgique\/\">lire notre article<\/a>) le MX Master Kids, il convoite \u00e9galement une manche du tr\u00e8s relev\u00e9 championnat de Belgique. Un championnat qui ne s&rsquo;est plus rendu sur le circuit namurois depuis 2009. C&rsquo;est alors Cl\u00e9ment Desalle qui s&rsquo;\u00e9tait impos\u00e9 au guidon de sa Honda CRF 450 du team LS Motor. Ces derni\u00e8res ann\u00e9es, c&rsquo;est l&rsquo;AMPL qui avait fait revivre le motocross \u00e0 Nismes, le championnat de la f\u00e9d\u00e9ration amateur y faisant halte en 2018 et 2019.<\/p>\n<p>Quoi qu&rsquo;il en soit, il semble bien que les Belgian Masters of Motocross soient promis \u00e0 un nouveau d\u00e9part en 2020.<\/p>\n<div id=\"ConnectiveDocSignExtentionInstalled\" data-extension-version=\"1.0.4\"><\/div>\n","protected":false},"excerpt":{"rendered":"<p>Dans le calendrier d\u00e9voil\u00e9 par la FMB \u00e0 la fin du mois de novembre, aucune date n&rsquo;est encore attribu\u00e9e en ce qui concerne les \u00e9preuves du championnat Belgian Masters of [&#8230;]<\/p>\n","protected":false},"author":932,"featured_media":99667,"comment_status":"open","ping_status":"closed","sticky":false,"template":"","format":"standard","meta":{"footnotes":""},"categories":[54,4,29,5,55,65],"tags":[947],"class_list":["post-99666","post","type-post","status-publish","format-standard","has-post-thumbnail","hentry","category-actualite","category-motocross","category-fmb","category-news","category-news-actualite","category-slideshow","tag-motocross"],"yoast_head":"<!-- This site is optimized with the Yoast SEO plugin v27.4 - https:\/\/yoast.com\/product\/yoast-seo-wordpress\/ -->\n<title>Le championnat de Belgique de motocross fera-t-il son retour \u00e0 Nismes l&#039;an prochain ? - Motocross - Enduro - Supermoto | MotocrossMag<\/title>\n<meta name=\"robots\" content=\"index, follow, max-snippet:-1, max-image-preview:large, max-video-preview:-1\" \/>\n<link rel=\"canonical\" href=\"https:\/\/fr.motocrossmag.be\/index.php\/2019\/12\/le-championnat-de-belgique-de-motocross-fera-t-il-son-retour-a-nismes-lan-prochain\/\" \/>\n<meta property=\"og:locale\" content=\"fr_FR\" \/>\n<meta property=\"og:type\" content=\"article\" \/>\n<meta property=\"og:title\" content=\"Le championnat de Belgique de motocross fera-t-il son retour \u00e0 Nismes l&#039;an prochain ? - Motocross - Enduro - Supermoto | MotocrossMag\" \/>\n<meta property=\"og:description\" content=\"Dans le calendrier d\u00e9voil\u00e9 par la FMB \u00e0 la fin du mois de novembre, aucune date n&rsquo;est encore attribu\u00e9e en ce qui concerne les \u00e9preuves du championnat Belgian Masters of [...]\" \/>\n<meta property=\"og:url\" content=\"https:\/\/fr.motocrossmag.be\/index.php\/2019\/12\/le-championnat-de-belgique-de-motocross-fera-t-il-son-retour-a-nismes-lan-prochain\/\" \/>\n<meta property=\"og:site_name\" content=\"Motocross - Enduro - Supermoto | MotocrossMag\" \/>\n<meta property=\"article:published_time\" content=\"2019-12-14T20:23:48+00:00\" \/>\n<meta property=\"og:image\" content=\"https:\/\/fr.motocrossmag.be\/wp-content\/uploads\/2019\/12\/nismesstart09.jpg\" \/>\n\t<meta property=\"og:image:width\" content=\"690\" \/>\n\t<meta property=\"og:image:height\" content=\"460\" \/>\n\t<meta property=\"og:image:type\" content=\"image\/jpeg\" \/>\n<meta name=\"author\" content=\"oliviere\" \/>\n<meta name=\"twitter:card\" content=\"summary_large_image\" \/>\n<meta name=\"twitter:label1\" content=\"\u00c9crit par\" \/>\n\t<meta name=\"twitter:data1\" content=\"oliviere\" \/>\n\t<meta name=\"twitter:label2\" content=\"Dur\u00e9e de lecture estim\u00e9e\" \/>\n\t<meta name=\"twitter:data2\" content=\"1 minute\" \/>\n<script type=\"application\/ld+json\" class=\"yoast-schema-graph\">{\"@context\":\"https:\\\/\\\/schema.org\",\"@graph\":[{\"@type\":\"Article\",\"@id\":\"https:\\\/\\\/fr.motocrossmag.be\\\/index.php\\\/2019\\\/12\\\/le-championnat-de-belgique-de-motocross-fera-t-il-son-retour-a-nismes-lan-prochain\\\/#article\",\"isPartOf\":{\"@id\":\"https:\\\/\\\/fr.motocrossmag.be\\\/index.php\\\/2019\\\/12\\\/le-championnat-de-belgique-de-motocross-fera-t-il-son-retour-a-nismes-lan-prochain\\\/\"},\"author\":{\"name\":\"oliviere\",\"@id\":\"https:\\\/\\\/fr.motocrossmag.be\\\/#\\\/schema\\\/person\\\/11b47143d9f755babca2c9110e03235c\"},\"headline\":\"Le championnat de Belgique de motocross fera-t-il son retour \u00e0 Nismes l&rsquo;an prochain ?\",\"datePublished\":\"2019-12-14T20:23:48+00:00\",\"mainEntityOfPage\":{\"@id\":\"https:\\\/\\\/fr.motocrossmag.be\\\/index.php\\\/2019\\\/12\\\/le-championnat-de-belgique-de-motocross-fera-t-il-son-retour-a-nismes-lan-prochain\\\/\"},\"wordCount\":323,\"commentCount\":0,\"image\":{\"@id\":\"https:\\\/\\\/fr.motocrossmag.be\\\/index.php\\\/2019\\\/12\\\/le-championnat-de-belgique-de-motocross-fera-t-il-son-retour-a-nismes-lan-prochain\\\/#primaryimage\"},\"thumbnailUrl\":\"https:\\\/\\\/fr.motocrossmag.be\\\/wp-content\\\/uploads\\\/2019\\\/12\\\/nismesstart09.jpg\",\"keywords\":[\"Motocross\"],\"articleSection\":[\"Actualit\u00e9\",\"Motocross\",\"Motocross FMB\",\"News\",\"News\",\"Slideshow\"],\"inLanguage\":\"fr-FR\",\"potentialAction\":[{\"@type\":\"CommentAction\",\"name\":\"Comment\",\"target\":[\"https:\\\/\\\/fr.motocrossmag.be\\\/index.php\\\/2019\\\/12\\\/le-championnat-de-belgique-de-motocross-fera-t-il-son-retour-a-nismes-lan-prochain\\\/#respond\"]}]},{\"@type\":\"WebPage\",\"@id\":\"https:\\\/\\\/fr.motocrossmag.be\\\/index.php\\\/2019\\\/12\\\/le-championnat-de-belgique-de-motocross-fera-t-il-son-retour-a-nismes-lan-prochain\\\/\",\"url\":\"https:\\\/\\\/fr.motocrossmag.be\\\/index.php\\\/2019\\\/12\\\/le-championnat-de-belgique-de-motocross-fera-t-il-son-retour-a-nismes-lan-prochain\\\/\",\"name\":\"Le championnat de Belgique de motocross fera-t-il son retour \u00e0 Nismes l'an prochain ? - Motocross - Enduro - Supermoto | MotocrossMag\",\"isPartOf\":{\"@id\":\"https:\\\/\\\/fr.motocrossmag.be\\\/#website\"},\"primaryImageOfPage\":{\"@id\":\"https:\\\/\\\/fr.motocrossmag.be\\\/index.php\\\/2019\\\/12\\\/le-championnat-de-belgique-de-motocross-fera-t-il-son-retour-a-nismes-lan-prochain\\\/#primaryimage\"},\"image\":{\"@id\":\"https:\\\/\\\/fr.motocrossmag.be\\\/index.php\\\/2019\\\/12\\\/le-championnat-de-belgique-de-motocross-fera-t-il-son-retour-a-nismes-lan-prochain\\\/#primaryimage\"},\"thumbnailUrl\":\"https:\\\/\\\/fr.motocrossmag.be\\\/wp-content\\\/uploads\\\/2019\\\/12\\\/nismesstart09.jpg\",\"datePublished\":\"2019-12-14T20:23:48+00:00\",\"author\":{\"@id\":\"https:\\\/\\\/fr.motocrossmag.be\\\/#\\\/schema\\\/person\\\/11b47143d9f755babca2c9110e03235c\"},\"breadcrumb\":{\"@id\":\"https:\\\/\\\/fr.motocrossmag.be\\\/index.php\\\/2019\\\/12\\\/le-championnat-de-belgique-de-motocross-fera-t-il-son-retour-a-nismes-lan-prochain\\\/#breadcrumb\"},\"inLanguage\":\"fr-FR\",\"potentialAction\":[{\"@type\":\"ReadAction\",\"target\":[\"https:\\\/\\\/fr.motocrossmag.be\\\/index.php\\\/2019\\\/12\\\/le-championnat-de-belgique-de-motocross-fera-t-il-son-retour-a-nismes-lan-prochain\\\/\"]}]},{\"@type\":\"ImageObject\",\"inLanguage\":\"fr-FR\",\"@id\":\"https:\\\/\\\/fr.motocrossmag.be\\\/index.php\\\/2019\\\/12\\\/le-championnat-de-belgique-de-motocross-fera-t-il-son-retour-a-nismes-lan-prochain\\\/#primaryimage\",\"url\":\"https:\\\/\\\/fr.motocrossmag.be\\\/wp-content\\\/uploads\\\/2019\\\/12\\\/nismesstart09.jpg\",\"contentUrl\":\"https:\\\/\\\/fr.motocrossmag.be\\\/wp-content\\\/uploads\\\/2019\\\/12\\\/nismesstart09.jpg\",\"width\":690,\"height\":460},{\"@type\":\"BreadcrumbList\",\"@id\":\"https:\\\/\\\/fr.motocrossmag.be\\\/index.php\\\/2019\\\/12\\\/le-championnat-de-belgique-de-motocross-fera-t-il-son-retour-a-nismes-lan-prochain\\\/#breadcrumb\",\"itemListElement\":[{\"@type\":\"ListItem\",\"position\":1,\"name\":\"Accueil\",\"item\":\"https:\\\/\\\/fr.motocrossmag.be\\\/\"},{\"@type\":\"ListItem\",\"position\":2,\"name\":\"Le championnat de Belgique de motocross fera-t-il son retour \u00e0 Nismes l&rsquo;an prochain ?\"}]},{\"@type\":\"WebSite\",\"@id\":\"https:\\\/\\\/fr.motocrossmag.be\\\/#website\",\"url\":\"https:\\\/\\\/fr.motocrossmag.be\\\/\",\"name\":\"Motocross - Enduro - Supermoto | MotocrossMag\",\"description\":\"L&#039;actualit\u00e9 du motocross, de l&#039;enduro et du Supermoto en ligne!\",\"potentialAction\":[{\"@type\":\"SearchAction\",\"target\":{\"@type\":\"EntryPoint\",\"urlTemplate\":\"https:\\\/\\\/fr.motocrossmag.be\\\/?s={search_term_string}\"},\"query-input\":{\"@type\":\"PropertyValueSpecification\",\"valueRequired\":true,\"valueName\":\"search_term_string\"}}],\"inLanguage\":\"fr-FR\"},{\"@type\":\"Person\",\"@id\":\"https:\\\/\\\/fr.motocrossmag.be\\\/#\\\/schema\\\/person\\\/11b47143d9f755babca2c9110e03235c\",\"name\":\"oliviere\",\"image\":{\"@type\":\"ImageObject\",\"inLanguage\":\"fr-FR\",\"@id\":\"https:\\\/\\\/secure.gravatar.com\\\/avatar\\\/907069e0b81d119452040469e4a7501da1100f54f7f80180ce77bfab718288f6?s=96&d=mm&r=g\",\"url\":\"https:\\\/\\\/secure.gravatar.com\\\/avatar\\\/907069e0b81d119452040469e4a7501da1100f54f7f80180ce77bfab718288f6?s=96&d=mm&r=g\",\"contentUrl\":\"https:\\\/\\\/secure.gravatar.com\\\/avatar\\\/907069e0b81d119452040469e4a7501da1100f54f7f80180ce77bfab718288f6?s=96&d=mm&r=g\",\"caption\":\"oliviere\"},\"sameAs\":[\"http:\\\/\\\/www.motocrossmag.be\"],\"url\":\"https:\\\/\\\/fr.motocrossmag.be\\\/index.php\\\/author\\\/oliviere\\\/\"}]}<\/script>\n<!-- \/ Yoast SEO plugin. -->","yoast_head_json":{"title":"Le championnat de Belgique de motocross fera-t-il son retour \u00e0 Nismes l'an prochain ? - Motocross - Enduro - Supermoto | MotocrossMag","robots":{"index":"index","follow":"follow","max-snippet":"max-snippet:-1","max-image-preview":"max-image-preview:large","max-video-preview":"max-video-preview:-1"},"canonical":"https:\/\/fr.motocrossmag.be\/index.php\/2019\/12\/le-championnat-de-belgique-de-motocross-fera-t-il-son-retour-a-nismes-lan-prochain\/","og_locale":"fr_FR","og_type":"article","og_title":"Le championnat de Belgique de motocross fera-t-il son retour \u00e0 Nismes l'an prochain ? - Motocross - Enduro - Supermoto | MotocrossMag","og_description":"Dans le calendrier d\u00e9voil\u00e9 par la FMB \u00e0 la fin du mois de novembre, aucune date n&rsquo;est encore attribu\u00e9e en ce qui concerne les \u00e9preuves du championnat Belgian Masters of [...]","og_url":"https:\/\/fr.motocrossmag.be\/index.php\/2019\/12\/le-championnat-de-belgique-de-motocross-fera-t-il-son-retour-a-nismes-lan-prochain\/","og_site_name":"Motocross - Enduro - Supermoto | MotocrossMag","article_published_time":"2019-12-14T20:23:48+00:00","og_image":[{"width":690,"height":460,"url":"https:\/\/fr.motocrossmag.be\/wp-content\/uploads\/2019\/12\/nismesstart09.jpg","type":"image\/jpeg"}],"author":"oliviere","twitter_card":"summary_large_image","twitter_misc":{"\u00c9crit par":"oliviere","Dur\u00e9e de lecture estim\u00e9e":"1 minute"},"schema":{"@context":"https:\/\/schema.org","@graph":[{"@type":"Article","@id":"https:\/\/fr.motocrossmag.be\/index.php\/2019\/12\/le-championnat-de-belgique-de-motocross-fera-t-il-son-retour-a-nismes-lan-prochain\/#article","isPartOf":{"@id":"https:\/\/fr.motocrossmag.be\/index.php\/2019\/12\/le-championnat-de-belgique-de-motocross-fera-t-il-son-retour-a-nismes-lan-prochain\/"},"author":{"name":"oliviere","@id":"https:\/\/fr.motocrossmag.be\/#\/schema\/person\/11b47143d9f755babca2c9110e03235c"},"headline":"Le championnat de Belgique de motocross fera-t-il son retour \u00e0 Nismes l&rsquo;an prochain ?","datePublished":"2019-12-14T20:23:48+00:00","mainEntityOfPage":{"@id":"https:\/\/fr.motocrossmag.be\/index.php\/2019\/12\/le-championnat-de-belgique-de-motocross-fera-t-il-son-retour-a-nismes-lan-prochain\/"},"wordCount":323,"commentCount":0,"image":{"@id":"https:\/\/fr.motocrossmag.be\/index.php\/2019\/12\/le-championnat-de-belgique-de-motocross-fera-t-il-son-retour-a-nismes-lan-prochain\/#primaryimage"},"thumbnailUrl":"https:\/\/fr.motocrossmag.be\/wp-content\/uploads\/2019\/12\/nismesstart09.jpg","keywords":["Motocross"],"articleSection":["Actualit\u00e9","Motocross","Motocross FMB","News","News","Slideshow"],"inLanguage":"fr-FR","potentialAction":[{"@type":"CommentAction","name":"Comment","target":["https:\/\/fr.motocrossmag.be\/index.php\/2019\/12\/le-championnat-de-belgique-de-motocross-fera-t-il-son-retour-a-nismes-lan-prochain\/#respond"]}]},{"@type":"WebPage","@id":"https:\/\/fr.motocrossmag.be\/index.php\/2019\/12\/le-championnat-de-belgique-de-motocross-fera-t-il-son-retour-a-nismes-lan-prochain\/","url":"https:\/\/fr.motocrossmag.be\/index.php\/2019\/12\/le-championnat-de-belgique-de-motocross-fera-t-il-son-retour-a-nismes-lan-prochain\/","name":"Le championnat de Belgique de motocross fera-t-il son retour \u00e0 Nismes l'an prochain ? - Motocross - Enduro - Supermoto | MotocrossMag","isPartOf":{"@id":"https:\/\/fr.motocrossmag.be\/#website"},"primaryImageOfPage":{"@id":"https:\/\/fr.motocrossmag.be\/index.php\/2019\/12\/le-championnat-de-belgique-de-motocross-fera-t-il-son-retour-a-nismes-lan-prochain\/#primaryimage"},"image":{"@id":"https:\/\/fr.motocrossmag.be\/index.php\/2019\/12\/le-championnat-de-belgique-de-motocross-fera-t-il-son-retour-a-nismes-lan-prochain\/#primaryimage"},"thumbnailUrl":"https:\/\/fr.motocrossmag.be\/wp-content\/uploads\/2019\/12\/nismesstart09.jpg","datePublished":"2019-12-14T20:23:48+00:00","author":{"@id":"https:\/\/fr.motocrossmag.be\/#\/schema\/person\/11b47143d9f755babca2c9110e03235c"},"breadcrumb":{"@id":"https:\/\/fr.motocrossmag.be\/index.php\/2019\/12\/le-championnat-de-belgique-de-motocross-fera-t-il-son-retour-a-nismes-lan-prochain\/#breadcrumb"},"inLanguage":"fr-FR","potentialAction":[{"@type":"ReadAction","target":["https:\/\/fr.motocrossmag.be\/index.php\/2019\/12\/le-championnat-de-belgique-de-motocross-fera-t-il-son-retour-a-nismes-lan-prochain\/"]}]},{"@type":"ImageObject","inLanguage":"fr-FR","@id":"https:\/\/fr.motocrossmag.be\/index.php\/2019\/12\/le-championnat-de-belgique-de-motocross-fera-t-il-son-retour-a-nismes-lan-prochain\/#primaryimage","url":"https:\/\/fr.motocrossmag.be\/wp-content\/uploads\/2019\/12\/nismesstart09.jpg","contentUrl":"https:\/\/fr.motocrossmag.be\/wp-content\/uploads\/2019\/12\/nismesstart09.jpg","width":690,"height":460},{"@type":"BreadcrumbList","@id":"https:\/\/fr.motocrossmag.be\/index.php\/2019\/12\/le-championnat-de-belgique-de-motocross-fera-t-il-son-retour-a-nismes-lan-prochain\/#breadcrumb","itemListElement":[{"@type":"ListItem","position":1,"name":"Accueil","item":"https:\/\/fr.motocrossmag.be\/"},{"@type":"ListItem","position":2,"name":"Le championnat de Belgique de motocross fera-t-il son retour \u00e0 Nismes l&rsquo;an prochain ?"}]},{"@type":"WebSite","@id":"https:\/\/fr.motocrossmag.be\/#website","url":"https:\/\/fr.motocrossmag.be\/","name":"Motocross - Enduro - Supermoto | MotocrossMag","description":"L&#039;actualit\u00e9 du motocross, de l&#039;enduro et du Supermoto en ligne!","potentialAction":[{"@type":"SearchAction","target":{"@type":"EntryPoint","urlTemplate":"https:\/\/fr.motocrossmag.be\/?s={search_term_string}"},"query-input":{"@type":"PropertyValueSpecification","valueRequired":true,"valueName":"search_term_string"}}],"inLanguage":"fr-FR"},{"@type":"Person","@id":"https:\/\/fr.motocrossmag.be\/#\/schema\/person\/11b47143d9f755babca2c9110e03235c","name":"oliviere","image":{"@type":"ImageObject","inLanguage":"fr-FR","@id":"https:\/\/secure.gravatar.com\/avatar\/907069e0b81d119452040469e4a7501da1100f54f7f80180ce77bfab718288f6?s=96&d=mm&r=g","url":"https:\/\/secure.gravatar.com\/avatar\/907069e0b81d119452040469e4a7501da1100f54f7f80180ce77bfab718288f6?s=96&d=mm&r=g","contentUrl":"https:\/\/secure.gravatar.com\/avatar\/907069e0b81d119452040469e4a7501da1100f54f7f80180ce77bfab718288f6?s=96&d=mm&r=g","caption":"oliviere"},"sameAs":["http:\/\/www.motocrossmag.be"],"url":"https:\/\/fr.motocrossmag.be\/index.php\/author\/oliviere\/"}]}},"_links":{"self":[{"href":"https:\/\/fr.motocrossmag.be\/index.php\/wp-json\/wp\/v2\/posts\/99666","targetHints":{"allow":["GET"]}}],"collection":[{"href":"https:\/\/fr.motocrossmag.be\/index.php\/wp-json\/wp\/v2\/posts"}],"about":[{"href":"https:\/\/fr.motocrossmag.be\/index.php\/wp-json\/wp\/v2\/types\/post"}],"author":[{"embeddable":true,"href":"https:\/\/fr.motocrossmag.be\/index.php\/wp-json\/wp\/v2\/users\/932"}],"replies":[{"embeddable":true,"href":"https:\/\/fr.motocrossmag.be\/index.php\/wp-json\/wp\/v2\/comments?post=99666"}],"version-history":[{"count":0,"href":"https:\/\/fr.motocrossmag.be\/index.php\/wp-json\/wp\/v2\/posts\/99666\/revisions"}],"wp:featuredmedia":[{"embeddable":true,"href":"https:\/\/fr.motocrossmag.be\/index.php\/wp-json\/wp\/v2\/media\/99667"}],"wp:attachment":[{"href":"https:\/\/fr.motocrossmag.be\/index.php\/wp-json\/wp\/v2\/media?parent=99666"}],"wp:term":[{"taxonomy":"category","embeddable":true,"href":"https:\/\/fr.motocrossmag.be\/index.php\/wp-json\/wp\/v2\/categories?post=99666"},{"taxonomy":"post_tag","embeddable":true,"href":"https:\/\/fr.motocrossmag.be\/index.php\/wp-json\/wp\/v2\/tags?post=99666"}],"curies":[{"name":"wp","href":"https:\/\/api.w.org\/{rel}","templated":true}]}}