{"id":99677,"date":"2019-12-15T16:35:53","date_gmt":"2019-12-15T15:35:53","guid":{"rendered":"http:\/\/fr.motocrossmag.be\/?p=99677"},"modified":"2019-12-15T16:35:53","modified_gmt":"2019-12-15T15:35:53","slug":"hossegor-todd-kellett-simpose-pour-la-premiere-fois","status":"publish","type":"post","link":"https:\/\/fr.motocrossmag.be\/index.php\/2019\/12\/hossegor-todd-kellett-simpose-pour-la-premiere-fois\/","title":{"rendered":"Hossegor : Todd Kellett s&rsquo;impose pour la premi\u00e8re fois"},"content":{"rendered":"<p><strong>Le Britannique Todd Kellett a remport\u00e9 ce dimanche sa premi\u00e8re victoire sur le championnat de France des Sables. Il a remport\u00e9 ce dimanche la 26\u00e8me \u00e9dition de la Ronde des Sables d&rsquo;Hossegor, 5\u00e8me round du championnat fran\u00e7ais.<\/strong><\/p>\n<p>L&rsquo;\u00e9preuve de Saint-L\u00e9ger de Balson avait \u00e9t\u00e9 plac\u00e9e le week-end dernier sous pavillon britannique avec la victoire de Nathan Watson devant son compatriote Todd Kellett. Ce dimanche, ce sont \u00e0 nouveau les deux Britanniques qui ont fait la loi sur la 26\u00e8me Ronde des Sables d&rsquo;Hossegor. Les deux hommes sont s\u00e9par\u00e9s d&rsquo;un peu moins d&rsquo;une minute sous le drapeau \u00e0 damiers mais c&rsquo;est cette fois Todd Kellett qui franchit la ligne d&rsquo;arriv\u00e9e en vainqueur, laissant Watson, victime d&rsquo;un accrochage au d\u00e9part avec Camille Chapeli\u00e8re, se contenter de la seconde place apr\u00e8s une belle remont\u00e9e vers la t\u00eate de la course. L&rsquo;officiel KTM garde cependant les commandes du championnat pour arriver sur les deux derniers rounds de la saison, \u00e0 Grayan puis au Touquet.<\/p>\n<p>Derri\u00e8re les deux hommes, c&rsquo;est finalement Yentel Martens qui signe un retour remarqu\u00e9 sur le podium du championnat de France des Sables. En proie \u00e0 des probl\u00e8mes de lunettes en d\u00e9but de course et pas tr\u00e8s bien parti, le pilote Honda est remont\u00e9 tour apr\u00e8s tour sur les hommes de t\u00eate pour accrocher une 3\u00e8me place finale prometteuse pour la suite du championnat. \u00ab\u00a0Un podium qui sonne comme une victoire ! Je suis vraiment fou de joie\u00a0\u00bb, n&rsquo;a pas h\u00e9sit\u00e9 \u00e0 lancer le Limbourgeois sur la ligne d&rsquo;arriv\u00e9e.<\/p>\n<p>Camille Chapeli\u00e8re termine au pied du podium devant Jeremy Van Horebeek et Daymond Martens, auteur du holeshot et longtemps en lutte pour le podium final.<\/p>\n<p>Matt\u00e9o Puffet place sa KTM 250 SX-F du team Motoland \u00e0 la 24\u00e8me position.<\/p>\n<p>Prochain round du championnat de France des Sables : les 11 et 12 janvier \u00e0 Grayan-et-l&rsquo;H\u00f4pital.<\/p>\n<p>&nbsp;<\/p>\n<p><span style=\"color: #800000;\"><strong>R\u00e9sultats<\/strong><\/span><\/p>\n<p>1 KELLETT Todd &#8211; Yamaha; 2 WATSON Nathan &#8211; KTM +52.710; <strong>3 MARTENS Yentel &#8211; Honda +5:35.120<\/strong>; 4 CHAPELIERE Camille &#8211; KTM +6:59.930; <strong>5 VAN HOREBEEK Jeremy &#8211; Honda +1 Tr.; 6 MARTENS Daymond &#8211; KTM +1 Tr<\/strong>.; 7 HAUQUIER Jeremy &#8211; KTM +1 Tr.; 8 PREVOT Damien &#8211; Kawasaki +1 Tr.; 9 WATEL Stephane &#8211; Honda +1 Tr.; 10 MEPLON Marshall &#8211; Yamaha +2 Tr.;&#8230;<\/p>\n<p>&gt; <a href=\"https:\/\/fr.motocrossmag.be\/index.php\/2019\/12\/ronde-des-sables-a-hossegor-le-classement-complet\/#.XfZLRblKiUk\">Voir le classement complet<\/a><\/p>\n<p>&nbsp;<\/p>\n<div id=\"ConnectiveDocSignExtentionInstalled\" data-extension-version=\"1.0.4\"><\/div>\n","protected":false},"excerpt":{"rendered":"<p>Le Britannique Todd Kellett a remport\u00e9 ce dimanche sa premi\u00e8re victoire sur le championnat de France des Sables. Il a remport\u00e9 ce dimanche la 26\u00e8me \u00e9dition de la Ronde des [&#8230;]<\/p>\n","protected":false},"author":932,"featured_media":99678,"comment_status":"open","ping_status":"closed","sticky":false,"template":"","format":"standard","meta":{"footnotes":""},"categories":[54,1075,32,33,55,65],"tags":[300,490,1178],"class_list":["post-99677","post","type-post","status-publish","format-standard","has-post-thumbnail","hentry","category-actualite","category-courses-de-sable","category-enduro","category-news-enduro","category-news-actualite","category-slideshow","tag-course-sur-sable","tag-france","tag-sable"],"yoast_head":"<!-- This site is optimized with the Yoast SEO plugin v27.4 - https:\/\/yoast.com\/product\/yoast-seo-wordpress\/ -->\n<title>Hossegor : Todd Kellett s&#039;impose pour la premi\u00e8re fois - Motocross - Enduro - Supermoto | MotocrossMag<\/title>\n<meta name=\"robots\" content=\"index, follow, max-snippet:-1, max-image-preview:large, max-video-preview:-1\" \/>\n<link rel=\"canonical\" href=\"https:\/\/fr.motocrossmag.be\/index.php\/2019\/12\/hossegor-todd-kellett-simpose-pour-la-premiere-fois\/\" \/>\n<meta property=\"og:locale\" content=\"fr_FR\" \/>\n<meta property=\"og:type\" content=\"article\" \/>\n<meta property=\"og:title\" content=\"Hossegor : Todd Kellett s&#039;impose pour la premi\u00e8re fois - Motocross - Enduro - Supermoto | MotocrossMag\" \/>\n<meta property=\"og:description\" content=\"Le Britannique Todd Kellett a remport\u00e9 ce dimanche sa premi\u00e8re victoire sur le championnat de France des Sables. Il a remport\u00e9 ce dimanche la 26\u00e8me \u00e9dition de la Ronde des [...]\" \/>\n<meta property=\"og:url\" content=\"https:\/\/fr.motocrossmag.be\/index.php\/2019\/12\/hossegor-todd-kellett-simpose-pour-la-premiere-fois\/\" \/>\n<meta property=\"og:site_name\" content=\"Motocross - Enduro - Supermoto | MotocrossMag\" \/>\n<meta property=\"article:published_time\" content=\"2019-12-15T15:35:53+00:00\" \/>\n<meta property=\"og:image\" content=\"https:\/\/fr.motocrossmag.be\/wp-content\/uploads\/2019\/12\/todd-kellett-portrait-podium.jpg\" \/>\n\t<meta property=\"og:image:width\" content=\"900\" \/>\n\t<meta property=\"og:image:height\" content=\"602\" \/>\n\t<meta property=\"og:image:type\" content=\"image\/jpeg\" \/>\n<meta name=\"author\" content=\"oliviere\" \/>\n<meta name=\"twitter:card\" content=\"summary_large_image\" \/>\n<meta name=\"twitter:label1\" content=\"\u00c9crit par\" \/>\n\t<meta name=\"twitter:data1\" content=\"oliviere\" \/>\n\t<meta name=\"twitter:label2\" content=\"Dur\u00e9e de lecture estim\u00e9e\" \/>\n\t<meta name=\"twitter:data2\" content=\"2 minutes\" \/>\n<script type=\"application\/ld+json\" class=\"yoast-schema-graph\">{\"@context\":\"https:\\\/\\\/schema.org\",\"@graph\":[{\"@type\":\"Article\",\"@id\":\"https:\\\/\\\/fr.motocrossmag.be\\\/index.php\\\/2019\\\/12\\\/hossegor-todd-kellett-simpose-pour-la-premiere-fois\\\/#article\",\"isPartOf\":{\"@id\":\"https:\\\/\\\/fr.motocrossmag.be\\\/index.php\\\/2019\\\/12\\\/hossegor-todd-kellett-simpose-pour-la-premiere-fois\\\/\"},\"author\":{\"name\":\"oliviere\",\"@id\":\"https:\\\/\\\/fr.motocrossmag.be\\\/#\\\/schema\\\/person\\\/11b47143d9f755babca2c9110e03235c\"},\"headline\":\"Hossegor : Todd Kellett s&rsquo;impose pour la premi\u00e8re fois\",\"datePublished\":\"2019-12-15T15:35:53+00:00\",\"mainEntityOfPage\":{\"@id\":\"https:\\\/\\\/fr.motocrossmag.be\\\/index.php\\\/2019\\\/12\\\/hossegor-todd-kellett-simpose-pour-la-premiere-fois\\\/\"},\"wordCount\":393,\"commentCount\":0,\"image\":{\"@id\":\"https:\\\/\\\/fr.motocrossmag.be\\\/index.php\\\/2019\\\/12\\\/hossegor-todd-kellett-simpose-pour-la-premiere-fois\\\/#primaryimage\"},\"thumbnailUrl\":\"https:\\\/\\\/fr.motocrossmag.be\\\/wp-content\\\/uploads\\\/2019\\\/12\\\/todd-kellett-portrait-podium.jpg\",\"keywords\":[\"CFS\",\"france\",\"sable\"],\"articleSection\":[\"Actualit\u00e9\",\"Courses de sable\",\"Enduro\",\"News\",\"News\",\"Slideshow\"],\"inLanguage\":\"fr-FR\",\"potentialAction\":[{\"@type\":\"CommentAction\",\"name\":\"Comment\",\"target\":[\"https:\\\/\\\/fr.motocrossmag.be\\\/index.php\\\/2019\\\/12\\\/hossegor-todd-kellett-simpose-pour-la-premiere-fois\\\/#respond\"]}]},{\"@type\":\"WebPage\",\"@id\":\"https:\\\/\\\/fr.motocrossmag.be\\\/index.php\\\/2019\\\/12\\\/hossegor-todd-kellett-simpose-pour-la-premiere-fois\\\/\",\"url\":\"https:\\\/\\\/fr.motocrossmag.be\\\/index.php\\\/2019\\\/12\\\/hossegor-todd-kellett-simpose-pour-la-premiere-fois\\\/\",\"name\":\"Hossegor : Todd Kellett s'impose pour la premi\u00e8re fois - Motocross - Enduro - Supermoto | MotocrossMag\",\"isPartOf\":{\"@id\":\"https:\\\/\\\/fr.motocrossmag.be\\\/#website\"},\"primaryImageOfPage\":{\"@id\":\"https:\\\/\\\/fr.motocrossmag.be\\\/index.php\\\/2019\\\/12\\\/hossegor-todd-kellett-simpose-pour-la-premiere-fois\\\/#primaryimage\"},\"image\":{\"@id\":\"https:\\\/\\\/fr.motocrossmag.be\\\/index.php\\\/2019\\\/12\\\/hossegor-todd-kellett-simpose-pour-la-premiere-fois\\\/#primaryimage\"},\"thumbnailUrl\":\"https:\\\/\\\/fr.motocrossmag.be\\\/wp-content\\\/uploads\\\/2019\\\/12\\\/todd-kellett-portrait-podium.jpg\",\"datePublished\":\"2019-12-15T15:35:53+00:00\",\"author\":{\"@id\":\"https:\\\/\\\/fr.motocrossmag.be\\\/#\\\/schema\\\/person\\\/11b47143d9f755babca2c9110e03235c\"},\"breadcrumb\":{\"@id\":\"https:\\\/\\\/fr.motocrossmag.be\\\/index.php\\\/2019\\\/12\\\/hossegor-todd-kellett-simpose-pour-la-premiere-fois\\\/#breadcrumb\"},\"inLanguage\":\"fr-FR\",\"potentialAction\":[{\"@type\":\"ReadAction\",\"target\":[\"https:\\\/\\\/fr.motocrossmag.be\\\/index.php\\\/2019\\\/12\\\/hossegor-todd-kellett-simpose-pour-la-premiere-fois\\\/\"]}]},{\"@type\":\"ImageObject\",\"inLanguage\":\"fr-FR\",\"@id\":\"https:\\\/\\\/fr.motocrossmag.be\\\/index.php\\\/2019\\\/12\\\/hossegor-todd-kellett-simpose-pour-la-premiere-fois\\\/#primaryimage\",\"url\":\"https:\\\/\\\/fr.motocrossmag.be\\\/wp-content\\\/uploads\\\/2019\\\/12\\\/todd-kellett-portrait-podium.jpg\",\"contentUrl\":\"https:\\\/\\\/fr.motocrossmag.be\\\/wp-content\\\/uploads\\\/2019\\\/12\\\/todd-kellett-portrait-podium.jpg\",\"width\":900,\"height\":602},{\"@type\":\"BreadcrumbList\",\"@id\":\"https:\\\/\\\/fr.motocrossmag.be\\\/index.php\\\/2019\\\/12\\\/hossegor-todd-kellett-simpose-pour-la-premiere-fois\\\/#breadcrumb\",\"itemListElement\":[{\"@type\":\"ListItem\",\"position\":1,\"name\":\"Accueil\",\"item\":\"https:\\\/\\\/fr.motocrossmag.be\\\/\"},{\"@type\":\"ListItem\",\"position\":2,\"name\":\"Hossegor : Todd Kellett s&rsquo;impose pour la premi\u00e8re fois\"}]},{\"@type\":\"WebSite\",\"@id\":\"https:\\\/\\\/fr.motocrossmag.be\\\/#website\",\"url\":\"https:\\\/\\\/fr.motocrossmag.be\\\/\",\"name\":\"Motocross - Enduro - Supermoto | MotocrossMag\",\"description\":\"L&#039;actualit\u00e9 du motocross, de l&#039;enduro et du Supermoto en ligne!\",\"potentialAction\":[{\"@type\":\"SearchAction\",\"target\":{\"@type\":\"EntryPoint\",\"urlTemplate\":\"https:\\\/\\\/fr.motocrossmag.be\\\/?s={search_term_string}\"},\"query-input\":{\"@type\":\"PropertyValueSpecification\",\"valueRequired\":true,\"valueName\":\"search_term_string\"}}],\"inLanguage\":\"fr-FR\"},{\"@type\":\"Person\",\"@id\":\"https:\\\/\\\/fr.motocrossmag.be\\\/#\\\/schema\\\/person\\\/11b47143d9f755babca2c9110e03235c\",\"name\":\"oliviere\",\"image\":{\"@type\":\"ImageObject\",\"inLanguage\":\"fr-FR\",\"@id\":\"https:\\\/\\\/secure.gravatar.com\\\/avatar\\\/907069e0b81d119452040469e4a7501da1100f54f7f80180ce77bfab718288f6?s=96&d=mm&r=g\",\"url\":\"https:\\\/\\\/secure.gravatar.com\\\/avatar\\\/907069e0b81d119452040469e4a7501da1100f54f7f80180ce77bfab718288f6?s=96&d=mm&r=g\",\"contentUrl\":\"https:\\\/\\\/secure.gravatar.com\\\/avatar\\\/907069e0b81d119452040469e4a7501da1100f54f7f80180ce77bfab718288f6?s=96&d=mm&r=g\",\"caption\":\"oliviere\"},\"sameAs\":[\"http:\\\/\\\/www.motocrossmag.be\"],\"url\":\"https:\\\/\\\/fr.motocrossmag.be\\\/index.php\\\/author\\\/oliviere\\\/\"}]}<\/script>\n<!-- \/ Yoast SEO plugin. -->","yoast_head_json":{"title":"Hossegor : Todd Kellett s'impose pour la premi\u00e8re fois - Motocross - Enduro - Supermoto | MotocrossMag","robots":{"index":"index","follow":"follow","max-snippet":"max-snippet:-1","max-image-preview":"max-image-preview:large","max-video-preview":"max-video-preview:-1"},"canonical":"https:\/\/fr.motocrossmag.be\/index.php\/2019\/12\/hossegor-todd-kellett-simpose-pour-la-premiere-fois\/","og_locale":"fr_FR","og_type":"article","og_title":"Hossegor : Todd Kellett s'impose pour la premi\u00e8re fois - Motocross - Enduro - Supermoto | MotocrossMag","og_description":"Le Britannique Todd Kellett a remport\u00e9 ce dimanche sa premi\u00e8re victoire sur le championnat de France des Sables. Il a remport\u00e9 ce dimanche la 26\u00e8me \u00e9dition de la Ronde des [...]","og_url":"https:\/\/fr.motocrossmag.be\/index.php\/2019\/12\/hossegor-todd-kellett-simpose-pour-la-premiere-fois\/","og_site_name":"Motocross - Enduro - Supermoto | MotocrossMag","article_published_time":"2019-12-15T15:35:53+00:00","og_image":[{"width":900,"height":602,"url":"https:\/\/fr.motocrossmag.be\/wp-content\/uploads\/2019\/12\/todd-kellett-portrait-podium.jpg","type":"image\/jpeg"}],"author":"oliviere","twitter_card":"summary_large_image","twitter_misc":{"\u00c9crit par":"oliviere","Dur\u00e9e de lecture estim\u00e9e":"2 minutes"},"schema":{"@context":"https:\/\/schema.org","@graph":[{"@type":"Article","@id":"https:\/\/fr.motocrossmag.be\/index.php\/2019\/12\/hossegor-todd-kellett-simpose-pour-la-premiere-fois\/#article","isPartOf":{"@id":"https:\/\/fr.motocrossmag.be\/index.php\/2019\/12\/hossegor-todd-kellett-simpose-pour-la-premiere-fois\/"},"author":{"name":"oliviere","@id":"https:\/\/fr.motocrossmag.be\/#\/schema\/person\/11b47143d9f755babca2c9110e03235c"},"headline":"Hossegor : Todd Kellett s&rsquo;impose pour la premi\u00e8re fois","datePublished":"2019-12-15T15:35:53+00:00","mainEntityOfPage":{"@id":"https:\/\/fr.motocrossmag.be\/index.php\/2019\/12\/hossegor-todd-kellett-simpose-pour-la-premiere-fois\/"},"wordCount":393,"commentCount":0,"image":{"@id":"https:\/\/fr.motocrossmag.be\/index.php\/2019\/12\/hossegor-todd-kellett-simpose-pour-la-premiere-fois\/#primaryimage"},"thumbnailUrl":"https:\/\/fr.motocrossmag.be\/wp-content\/uploads\/2019\/12\/todd-kellett-portrait-podium.jpg","keywords":["CFS","france","sable"],"articleSection":["Actualit\u00e9","Courses de sable","Enduro","News","News","Slideshow"],"inLanguage":"fr-FR","potentialAction":[{"@type":"CommentAction","name":"Comment","target":["https:\/\/fr.motocrossmag.be\/index.php\/2019\/12\/hossegor-todd-kellett-simpose-pour-la-premiere-fois\/#respond"]}]},{"@type":"WebPage","@id":"https:\/\/fr.motocrossmag.be\/index.php\/2019\/12\/hossegor-todd-kellett-simpose-pour-la-premiere-fois\/","url":"https:\/\/fr.motocrossmag.be\/index.php\/2019\/12\/hossegor-todd-kellett-simpose-pour-la-premiere-fois\/","name":"Hossegor : Todd Kellett s'impose pour la premi\u00e8re fois - Motocross - Enduro - Supermoto | MotocrossMag","isPartOf":{"@id":"https:\/\/fr.motocrossmag.be\/#website"},"primaryImageOfPage":{"@id":"https:\/\/fr.motocrossmag.be\/index.php\/2019\/12\/hossegor-todd-kellett-simpose-pour-la-premiere-fois\/#primaryimage"},"image":{"@id":"https:\/\/fr.motocrossmag.be\/index.php\/2019\/12\/hossegor-todd-kellett-simpose-pour-la-premiere-fois\/#primaryimage"},"thumbnailUrl":"https:\/\/fr.motocrossmag.be\/wp-content\/uploads\/2019\/12\/todd-kellett-portrait-podium.jpg","datePublished":"2019-12-15T15:35:53+00:00","author":{"@id":"https:\/\/fr.motocrossmag.be\/#\/schema\/person\/11b47143d9f755babca2c9110e03235c"},"breadcrumb":{"@id":"https:\/\/fr.motocrossmag.be\/index.php\/2019\/12\/hossegor-todd-kellett-simpose-pour-la-premiere-fois\/#breadcrumb"},"inLanguage":"fr-FR","potentialAction":[{"@type":"ReadAction","target":["https:\/\/fr.motocrossmag.be\/index.php\/2019\/12\/hossegor-todd-kellett-simpose-pour-la-premiere-fois\/"]}]},{"@type":"ImageObject","inLanguage":"fr-FR","@id":"https:\/\/fr.motocrossmag.be\/index.php\/2019\/12\/hossegor-todd-kellett-simpose-pour-la-premiere-fois\/#primaryimage","url":"https:\/\/fr.motocrossmag.be\/wp-content\/uploads\/2019\/12\/todd-kellett-portrait-podium.jpg","contentUrl":"https:\/\/fr.motocrossmag.be\/wp-content\/uploads\/2019\/12\/todd-kellett-portrait-podium.jpg","width":900,"height":602},{"@type":"BreadcrumbList","@id":"https:\/\/fr.motocrossmag.be\/index.php\/2019\/12\/hossegor-todd-kellett-simpose-pour-la-premiere-fois\/#breadcrumb","itemListElement":[{"@type":"ListItem","position":1,"name":"Accueil","item":"https:\/\/fr.motocrossmag.be\/"},{"@type":"ListItem","position":2,"name":"Hossegor : Todd Kellett s&rsquo;impose pour la premi\u00e8re fois"}]},{"@type":"WebSite","@id":"https:\/\/fr.motocrossmag.be\/#website","url":"https:\/\/fr.motocrossmag.be\/","name":"Motocross - Enduro - Supermoto | MotocrossMag","description":"L&#039;actualit\u00e9 du motocross, de l&#039;enduro et du Supermoto en ligne!","potentialAction":[{"@type":"SearchAction","target":{"@type":"EntryPoint","urlTemplate":"https:\/\/fr.motocrossmag.be\/?s={search_term_string}"},"query-input":{"@type":"PropertyValueSpecification","valueRequired":true,"valueName":"search_term_string"}}],"inLanguage":"fr-FR"},{"@type":"Person","@id":"https:\/\/fr.motocrossmag.be\/#\/schema\/person\/11b47143d9f755babca2c9110e03235c","name":"oliviere","image":{"@type":"ImageObject","inLanguage":"fr-FR","@id":"https:\/\/secure.gravatar.com\/avatar\/907069e0b81d119452040469e4a7501da1100f54f7f80180ce77bfab718288f6?s=96&d=mm&r=g","url":"https:\/\/secure.gravatar.com\/avatar\/907069e0b81d119452040469e4a7501da1100f54f7f80180ce77bfab718288f6?s=96&d=mm&r=g","contentUrl":"https:\/\/secure.gravatar.com\/avatar\/907069e0b81d119452040469e4a7501da1100f54f7f80180ce77bfab718288f6?s=96&d=mm&r=g","caption":"oliviere"},"sameAs":["http:\/\/www.motocrossmag.be"],"url":"https:\/\/fr.motocrossmag.be\/index.php\/author\/oliviere\/"}]}},"_links":{"self":[{"href":"https:\/\/fr.motocrossmag.be\/index.php\/wp-json\/wp\/v2\/posts\/99677","targetHints":{"allow":["GET"]}}],"collection":[{"href":"https:\/\/fr.motocrossmag.be\/index.php\/wp-json\/wp\/v2\/posts"}],"about":[{"href":"https:\/\/fr.motocrossmag.be\/index.php\/wp-json\/wp\/v2\/types\/post"}],"author":[{"embeddable":true,"href":"https:\/\/fr.motocrossmag.be\/index.php\/wp-json\/wp\/v2\/users\/932"}],"replies":[{"embeddable":true,"href":"https:\/\/fr.motocrossmag.be\/index.php\/wp-json\/wp\/v2\/comments?post=99677"}],"version-history":[{"count":0,"href":"https:\/\/fr.motocrossmag.be\/index.php\/wp-json\/wp\/v2\/posts\/99677\/revisions"}],"wp:featuredmedia":[{"embeddable":true,"href":"https:\/\/fr.motocrossmag.be\/index.php\/wp-json\/wp\/v2\/media\/99678"}],"wp:attachment":[{"href":"https:\/\/fr.motocrossmag.be\/index.php\/wp-json\/wp\/v2\/media?parent=99677"}],"wp:term":[{"taxonomy":"category","embeddable":true,"href":"https:\/\/fr.motocrossmag.be\/index.php\/wp-json\/wp\/v2\/categories?post=99677"},{"taxonomy":"post_tag","embeddable":true,"href":"https:\/\/fr.motocrossmag.be\/index.php\/wp-json\/wp\/v2\/tags?post=99677"}],"curies":[{"name":"wp","href":"https:\/\/api.w.org\/{rel}","templated":true}]}}